{"id":10119,"date":"2023-12-10T11:00:07","date_gmt":"2023-12-10T10:00:07","guid":{"rendered":"https:\/\/electriccartour.com\/weihnachtsbeleuchtung-in-malaga\/"},"modified":"2023-12-10T11:49:58","modified_gmt":"2023-12-10T10:49:58","slug":"weihnachtsbeleuchtung-in-malaga","status":"publish","type":"post","link":"https:\/\/electriccartour.com\/de\/weihnachtsbeleuchtung-in-malaga\/","title":{"rendered":"Weihnachtsbeleuchtung in M\u00e1laga"},"content":{"rendered":"\t\t<div data-elementor-type=\"wp-post\" data-elementor-id=\"10119\" class=\"elementor elementor-10119 elementor-10093\" data-elementor-post-type=\"post\">\n\t\t\t\t\t\t<section class=\"elementor-section elementor-top-section elementor-element elementor-element-4b313c9 elementor-section-boxed elementor-section-height-default elementor-section-height-default\" data-id=\"4b313c9\" data-element_type=\"section\" data-e-type=\"section\">\n\t\t\t\t\t\t<div class=\"elementor-container elementor-column-gap-default\">\n\t\t\t\t\t<div class=\"elementor-column elementor-col-100 elementor-top-column elementor-element elementor-element-f038efa\" data-id=\"f038efa\" data-element_type=\"column\" data-e-type=\"column\">\n\t\t\t<div class=\"elementor-widget-wrap elementor-element-populated\">\n\t\t\t\t\t\t<div class=\"elementor-element elementor-element-0463be0 elementor-widget elementor-widget-heading\" data-id=\"0463be0\" data-element_type=\"widget\" data-e-type=\"widget\" data-widget_type=\"heading.default\">\n\t\t\t\t<div class=\"elementor-widget-container\">\n\t\t\t\t\t<h2 class=\"elementor-heading-title elementor-size-default\">Entdecken Sie Weihnachten in M\u00e1laga und seine Weihnachtsbeleuchtung.<\/h2>\t\t\t\t<\/div>\n\t\t\t\t<\/div>\n\t\t\t\t\t<\/div>\n\t\t<\/div>\n\t\t\t\t\t<\/div>\n\t\t<\/section>\n\t\t\t\t<section class=\"elementor-section elementor-top-section elementor-element elementor-element-33db590 elementor-section-boxed elementor-section-height-default elementor-section-height-default\" data-id=\"33db590\" data-element_type=\"section\" data-e-type=\"section\">\n\t\t\t\t\t\t<div class=\"elementor-container elementor-column-gap-default\">\n\t\t\t\t\t<div class=\"elementor-column elementor-col-100 elementor-top-column elementor-element elementor-element-61e0819\" data-id=\"61e0819\" data-element_type=\"column\" data-e-type=\"column\">\n\t\t\t<div class=\"elementor-widget-wrap elementor-element-populated\">\n\t\t\t\t\t\t<div class=\"elementor-element elementor-element-5889307 elementor-widget elementor-widget-text-editor\" data-id=\"5889307\" data-element_type=\"widget\" data-e-type=\"widget\" data-widget_type=\"text-editor.default\">\n\t\t\t\t<div class=\"elementor-widget-container\">\n\t\t\t\t\t\t\t\t\t<p>Weihnachten in der Stadt M\u00e1laga ist seit einigen Jahren eines der beliebtesten in Europa. Und das nicht nur wegen der Atmosph\u00e4re und des Charmes der Stadt. Die Weihnachtsbeleuchtung in M\u00e1laga ist etwas ganz Besonderes im Vergleich zu der in anderen St\u00e4dten, ein festliches Erlebnis, das lokale Traditionen mit einem modernen Touch verbindet.<\/p>\n\t\t\t\t\t\t\t\t<\/div>\n\t\t\t\t<\/div>\n\t\t\t\t\t<\/div>\n\t\t<\/div>\n\t\t\t\t\t<\/div>\n\t\t<\/section>\n\t\t\t\t<section class=\"elementor-section elementor-top-section elementor-element elementor-element-f86f372 elementor-section-boxed elementor-section-height-default elementor-section-height-default\" data-id=\"f86f372\" data-element_type=\"section\" data-e-type=\"section\">\n\t\t\t\t\t\t<div class=\"elementor-container elementor-column-gap-default\">\n\t\t\t\t\t<div class=\"elementor-column elementor-col-100 elementor-top-column elementor-element elementor-element-9dfeda4\" data-id=\"9dfeda4\" data-element_type=\"column\" data-e-type=\"column\">\n\t\t\t<div class=\"elementor-widget-wrap elementor-element-populated\">\n\t\t\t\t\t\t<div class=\"elementor-element elementor-element-b64d0e6 elementor-widget elementor-widget-text-editor\" data-id=\"b64d0e6\" data-element_type=\"widget\" data-e-type=\"widget\" data-widget_type=\"text-editor.default\">\n\t\t\t\t<div class=\"elementor-widget-container\">\n\t\t\t\t\t\t\t\t\t<p><strong>Weihnachtsbeleuchtung:  <\/strong><\/p>\n<p>Die Calle Larios, eine der Hauptverkehrsstra\u00dfen im Zentrum von M\u00e1laga, ist das Zentrum der Feierlichkeiten. Jedes Jahr wird diese Stra\u00dfe mit einer spektakul\u00e4ren Dekoration aus bunten Lichtern und Weihnachtsmotiven geschm\u00fcckt. Die funkelnden Lichter und beleuchteten Installationen schaffen eine magische Atmosph\u00e4re, die Einwohner und Besucher gleicherma\u00dfen anzieht.<\/p>\n<p>Das offizielle Einschalten der Lichter ist in der Regel ein mit Spannung erwartetes Ereignis, das den Beginn der Weihnachtszeit einl\u00e4utet. Neben der Beleuchtung der Calle Larios werden auch andere wichtige Pl\u00e4tze der Stadt festlich geschm\u00fcckt, wie die Plaza de la Constituci\u00f3n und die Alameda Principal.<\/p>\n<p>Neben den Lichtern gibt es in M\u00e1laga zahlreiche weihnachtliche Aktivit\u00e4ten und Veranstaltungen wie Weihnachtsm\u00e4rkte, Konzerte, Theaterauff\u00fchrungen und Paraden. In der Stadt gibt es auch traditionelle Krippen und Ausstellungen, die die reiche kulturelle Tradition von Weihnachten in Spanien widerspiegeln.<\/p>\n\t\t\t\t\t\t\t\t<\/div>\n\t\t\t\t<\/div>\n\t\t\t\t\t<\/div>\n\t\t<\/div>\n\t\t\t\t\t<\/div>\n\t\t<\/section>\n\t\t\t\t<section class=\"elementor-section elementor-top-section elementor-element elementor-element-c7e5617 elementor-section-boxed elementor-section-height-default elementor-section-height-default\" data-id=\"c7e5617\" data-element_type=\"section\" data-e-type=\"section\">\n\t\t\t\t\t\t<div class=\"elementor-container elementor-column-gap-default\">\n\t\t\t\t\t<div class=\"elementor-column elementor-col-100 elementor-top-column elementor-element elementor-element-527dedc\" data-id=\"527dedc\" data-element_type=\"column\" data-e-type=\"column\">\n\t\t\t<div class=\"elementor-widget-wrap elementor-element-populated\">\n\t\t\t\t\t\t<div class=\"elementor-element elementor-element-9f25705 elementor-widget elementor-widget-image\" data-id=\"9f25705\" data-element_type=\"widget\" data-e-type=\"widget\" data-widget_type=\"image.default\">\n\t\t\t\t<div class=\"elementor-widget-container\">\n\t\t\t\t\t\t\t\t\t\t\t\t\t\t\t<img fetchpriority=\"high\" decoding=\"async\" width=\"300\" height=\"200\" src=\"https:\/\/i0.wp.com\/electriccartour.com\/wp-content\/uploads\/2023\/12\/larios-alumbrado-navidad-scaled.webp?fit=300%2C200&amp;ssl=1\" class=\"attachment-medium size-medium wp-image-10099\" alt=\"Alumbrado navide\u00f1o de la calle Larios\" srcset=\"https:\/\/i0.wp.com\/electriccartour.com\/wp-content\/uploads\/2023\/12\/larios-alumbrado-navidad-scaled.webp?w=2560&amp;ssl=1 2560w, https:\/\/i0.wp.com\/electriccartour.com\/wp-content\/uploads\/2023\/12\/larios-alumbrado-navidad-scaled.webp?resize=300%2C200&amp;ssl=1 300w, https:\/\/i0.wp.com\/electriccartour.com\/wp-content\/uploads\/2023\/12\/larios-alumbrado-navidad-scaled.webp?resize=1024%2C683&amp;ssl=1 1024w, https:\/\/i0.wp.com\/electriccartour.com\/wp-content\/uploads\/2023\/12\/larios-alumbrado-navidad-scaled.webp?resize=768%2C512&amp;ssl=1 768w, https:\/\/i0.wp.com\/electriccartour.com\/wp-content\/uploads\/2023\/12\/larios-alumbrado-navidad-scaled.webp?resize=1536%2C1024&amp;ssl=1 1536w, https:\/\/i0.wp.com\/electriccartour.com\/wp-content\/uploads\/2023\/12\/larios-alumbrado-navidad-scaled.webp?resize=2048%2C1365&amp;ssl=1 2048w, https:\/\/i0.wp.com\/electriccartour.com\/wp-content\/uploads\/2023\/12\/larios-alumbrado-navidad-scaled.webp?resize=1568%2C1045&amp;ssl=1 1568w, https:\/\/i0.wp.com\/electriccartour.com\/wp-content\/uploads\/2023\/12\/larios-alumbrado-navidad-scaled.webp?resize=1320%2C880&amp;ssl=1 1320w, https:\/\/i0.wp.com\/electriccartour.com\/wp-content\/uploads\/2023\/12\/larios-alumbrado-navidad-scaled.webp?resize=450%2C300&amp;ssl=1 450w, https:\/\/i0.wp.com\/electriccartour.com\/wp-content\/uploads\/2023\/12\/larios-alumbrado-navidad-scaled.webp?w=1920&amp;ssl=1 1920w\" sizes=\"(max-width: 300px) 100vw, 300px\" \/>\t\t\t\t\t\t\t\t\t\t\t\t\t\t\t<\/div>\n\t\t\t\t<\/div>\n\t\t\t\t\t<\/div>\n\t\t<\/div>\n\t\t\t\t\t<\/div>\n\t\t<\/section>\n\t\t\t\t<section class=\"elementor-section elementor-top-section elementor-element elementor-element-f027476 elementor-section-boxed elementor-section-height-default elementor-section-height-default\" data-id=\"f027476\" data-element_type=\"section\" data-e-type=\"section\">\n\t\t\t\t\t\t<div class=\"elementor-container elementor-column-gap-default\">\n\t\t\t\t\t<div class=\"elementor-column elementor-col-100 elementor-top-column elementor-element elementor-element-029a659\" data-id=\"029a659\" data-element_type=\"column\" data-e-type=\"column\">\n\t\t\t<div class=\"elementor-widget-wrap elementor-element-populated\">\n\t\t\t\t\t\t<div class=\"elementor-element elementor-element-6c0bab6 elementor-widget elementor-widget-text-editor\" data-id=\"6c0bab6\" data-element_type=\"widget\" data-e-type=\"widget\" data-widget_type=\"text-editor.default\">\n\t\t\t\t<div class=\"elementor-widget-container\">\n\t\t\t\t\t\t\t\t\t<p>Bei einem Rundgang durch das Stadtzentrum k\u00f6nnen wir au\u00dferdem verschiedene M\u00f6glichkeiten nutzen, wie zum Beispiel die folgenden:<\/p>\n<p><strong>Krippenausstellungen:<\/strong> M\u00e1laga ist bekannt f\u00fcr die Organisation von Krippenausstellungen, theatralische Darstellungen, die Szenen der Geburt Jesu nachstellen. Diese Krippen werden oft an ikonischen Orten in der Stadt aufgestellt und bieten den Zuschauern ein intensives Erlebnis der Weihnachtsgeschichte. Besonders bekannt ist das im Rathaus von M\u00e1laga ausgestellte Exemplar.<\/p>\n<p><strong>Weihnachtsm\u00e4rkte:<\/strong> W\u00e4hrend der Weihnachtszeit finden in M\u00e1laga festliche M\u00e4rkte statt, auf denen Sie Kunsthandwerk, Geschenke und Weihnachtsschmuck finden. Diese M\u00e4rkte sind beliebte Orte, um einzukaufen und in Weihnachtsstimmung zu kommen.<\/p>\n<p>Die im Park von M\u00e1laga ausgestellte Ausstellung, die zu den traditionellsten geh\u00f6rt, ist sehr bekannt.<\/p>\n\t\t\t\t\t\t\t\t<\/div>\n\t\t\t\t<\/div>\n\t\t\t\t\t<\/div>\n\t\t<\/div>\n\t\t\t\t\t<\/div>\n\t\t<\/section>\n\t\t\t\t<section class=\"elementor-section elementor-top-section elementor-element elementor-element-53d75be elementor-section-boxed elementor-section-height-default elementor-section-height-default\" data-id=\"53d75be\" data-element_type=\"section\" data-e-type=\"section\">\n\t\t\t\t\t\t<div class=\"elementor-container elementor-column-gap-default\">\n\t\t\t\t\t<div class=\"elementor-column elementor-col-100 elementor-top-column elementor-element elementor-element-1c350c3\" data-id=\"1c350c3\" data-element_type=\"column\" data-e-type=\"column\">\n\t\t\t<div class=\"elementor-widget-wrap elementor-element-populated\">\n\t\t\t\t\t\t<div class=\"elementor-element elementor-element-485d720 elementor-widget elementor-widget-image\" data-id=\"485d720\" data-element_type=\"widget\" data-e-type=\"widget\" data-widget_type=\"image.default\">\n\t\t\t\t<div class=\"elementor-widget-container\">\n\t\t\t\t\t\t\t\t\t\t\t\t\t\t\t<img decoding=\"async\" width=\"300\" height=\"226\" src=\"https:\/\/i0.wp.com\/electriccartour.com\/wp-content\/uploads\/2023\/12\/navidad-en-malaga-mercadillos.jpg?fit=300%2C226&amp;ssl=1\" class=\"attachment-medium size-medium wp-image-10103\" alt=\"Mercado Navide\u00f1o en el parque de M\u00e1laga\" srcset=\"https:\/\/i0.wp.com\/electriccartour.com\/wp-content\/uploads\/2023\/12\/navidad-en-malaga-mercadillos.jpg?w=640&amp;ssl=1 640w, https:\/\/i0.wp.com\/electriccartour.com\/wp-content\/uploads\/2023\/12\/navidad-en-malaga-mercadillos.jpg?resize=300%2C226&amp;ssl=1 300w, https:\/\/i0.wp.com\/electriccartour.com\/wp-content\/uploads\/2023\/12\/navidad-en-malaga-mercadillos.jpg?resize=450%2C340&amp;ssl=1 450w\" sizes=\"(max-width: 300px) 100vw, 300px\" \/>\t\t\t\t\t\t\t\t\t\t\t\t\t\t\t<\/div>\n\t\t\t\t<\/div>\n\t\t\t\t\t<\/div>\n\t\t<\/div>\n\t\t\t\t\t<\/div>\n\t\t<\/section>\n\t\t\t\t<section class=\"elementor-section elementor-top-section elementor-element elementor-element-c2120a5 elementor-section-boxed elementor-section-height-default elementor-section-height-default\" data-id=\"c2120a5\" data-element_type=\"section\" data-e-type=\"section\">\n\t\t\t\t\t\t<div class=\"elementor-container elementor-column-gap-default\">\n\t\t\t\t\t<div class=\"elementor-column elementor-col-100 elementor-top-column elementor-element elementor-element-e70a2c5\" data-id=\"e70a2c5\" data-element_type=\"column\" data-e-type=\"column\">\n\t\t\t<div class=\"elementor-widget-wrap elementor-element-populated\">\n\t\t\t\t\t\t<div class=\"elementor-element elementor-element-cdaf380 elementor-widget elementor-widget-text-editor\" data-id=\"cdaf380\" data-element_type=\"widget\" data-e-type=\"widget\" data-widget_type=\"text-editor.default\">\n\t\t\t\t<div class=\"elementor-widget-container\">\n\t\t\t\t\t\t\t\t\t<p><strong>Kulturelle Aktivit\u00e4ten:<\/strong> Die Stadt organisiert in der Weihnachtszeit eine Vielzahl von kulturellen Veranstaltungen, die von Konzerten und Theaterauff\u00fchrungen bis hin zu Kunstausstellungen reichen. Diese Aktivit\u00e4ten tragen zur lebendigen Weihnachtsatmosph\u00e4re M\u00e1lagas bei.<\/p>\n<p><strong>Heiligabend und Weihnachtstag:<\/strong> Heiligabend und Weihnachtstag werden in M\u00e1laga mit Familientreffen und festlichen Abendessen gefeiert. Zu den typischen Mahlzeiten geh\u00f6ren oft traditionelle spanische Gerichte wie Lammfleisch, Meeresfr\u00fcchte und Turrones. Viele Menschen besuchen die Mitternachtsmesse am Abend des 24. Dezember.<\/p>\n<p><strong>Die Parade der Heiligen Drei K\u00f6nige:<\/strong> Die Feierlichkeiten zum Dreik\u00f6nigstag am 6. Januar sind in M\u00e1laga besonders aufregend. Ein gro\u00dfer Umzug zieht durch die Stra\u00dfen der Stadt, wo die Heiligen Drei K\u00f6nige S\u00fc\u00dfigkeiten und kleine Geschenke in die Menge werfen. Dieses Ereignis wird vor allem von den Kindern mit Spannung erwartet.<\/p>\n<p>All diese Traditionen und Veranstaltungen in der Stadt machen ein besonderes Weihnachten in M\u00e1laga zu einer der besten M\u00f6glichkeiten, diese besondere Zeit des Jahres zu genie\u00dfen.<\/p>\n<p>Und wenn Sie sich auch noch f\u00fcr eine unserer Touren mit dem Elektroauto entscheiden, wie z. B. die Tour &#8222;Weihnachtsbeleuchtung bei Sonnenuntergang&#8220;, nehmen Sie das beste Souvenir von M\u00e1laga und seiner Weihnachtsbeleuchtung mit nach Hause.  <\/p>\n<p>Wir warten auf Sie!  <\/p>\n<p><blockquote class=\"wp-embedded-content\" data-secret=\"DJrFjRWDDN\"><a href=\"https:\/\/electriccartour.com\/de\/malaga-nachttour\/\">Tour M\u00e1laga Noche<\/a><\/blockquote><iframe class=\"wp-embedded-content\" sandbox=\"allow-scripts\" security=\"restricted\" style=\"position: absolute; clip: rect(1px, 1px, 1px, 1px);\" title=\"&#8222;Tour M\u00e1laga Noche&#8220; &#8212; \u25b7 Tour en M\u00e1laga - Electric Car Tour \u267b\ufe0f City Tour Eco M\u00e1laga\" src=\"https:\/\/electriccartour.com\/de\/malaga-nachttour\/embed\/#?secret=LbGgzxGk2E#?secret=DJrFjRWDDN\" data-secret=\"DJrFjRWDDN\" width=\"600\" height=\"338\" frameborder=\"0\" marginwidth=\"0\" marginheight=\"0\" scrolling=\"no\"><\/iframe><\/p>\n\t\t\t\t\t\t\t\t<\/div>\n\t\t\t\t<\/div>\n\t\t\t\t\t<\/div>\n\t\t<\/div>\n\t\t\t\t\t<\/div>\n\t\t<\/section>\n\t\t\t\t<section class=\"elementor-section elementor-top-section elementor-element elementor-element-8e1b427 elementor-section-boxed elementor-section-height-default elementor-section-height-default\" data-id=\"8e1b427\" data-element_type=\"section\" data-e-type=\"section\">\n\t\t\t\t\t\t<div class=\"elementor-container elementor-column-gap-default\">\n\t\t\t\t\t<div class=\"elementor-column elementor-col-100 elementor-top-column elementor-element elementor-element-6e7fbe5\" data-id=\"6e7fbe5\" data-element_type=\"column\" data-e-type=\"column\">\n\t\t\t<div class=\"elementor-widget-wrap elementor-element-populated\">\n\t\t\t\t\t\t<div class=\"elementor-element elementor-element-404c554 elementor--h-position-center elementor--v-position-middle elementor-arrows-position-inside elementor-pagination-position-inside elementor-widget elementor-widget-slides\" data-id=\"404c554\" data-element_type=\"widget\" data-e-type=\"widget\" data-settings=\"{&quot;navigation&quot;:&quot;both&quot;,&quot;autoplay&quot;:&quot;yes&quot;,&quot;pause_on_hover&quot;:&quot;yes&quot;,&quot;pause_on_interaction&quot;:&quot;yes&quot;,&quot;autoplay_speed&quot;:5000,&quot;infinite&quot;:&quot;yes&quot;,&quot;transition&quot;:&quot;slide&quot;,&quot;transition_speed&quot;:500}\" data-widget_type=\"slides.default\">\n\t\t\t\t<div class=\"elementor-widget-container\">\n\t\t\t\t\t\t\t\t\t<div class=\"elementor-swiper\">\n\t\t\t\t\t<div class=\"elementor-slides-wrapper elementor-main-swiper swiper\" role=\"region\" aria-roledescription=\"carousel\" aria-label=\"Slider\" dir=\"ltr\" data-animation=\"fadeInUp\">\n\t\t\t\t<div class=\"swiper-wrapper elementor-slides\">\n\t\t\t\t\t\t\t\t\t\t<div class=\"elementor-repeater-item-d9158e2 swiper-slide\" role=\"group\" aria-roledescription=\"slide\"><div class=\"swiper-slide-bg\" role=\"img\" aria-label=\"Luces de Navidad en la calle Larios de M\u00e1laga\"><\/div><div class=\"swiper-slide-inner\" ><div class=\"swiper-slide-contents\"><\/div><\/div><\/div><div class=\"elementor-repeater-item-a6633c7 swiper-slide\" role=\"group\" aria-roledescription=\"slide\"><div class=\"swiper-slide-bg\" role=\"img\" aria-label=\"tour-malaga-luces-navidad\"><\/div><div class=\"swiper-slide-inner\" ><div class=\"swiper-slide-contents\"><\/div><\/div><\/div><div class=\"elementor-repeater-item-9d817bc swiper-slide\" role=\"group\" aria-roledescription=\"slide\"><div class=\"swiper-slide-bg\" role=\"img\" aria-label=\"Luces-Navidad-Alameda-M\u00e1laga\"><\/div><div class=\"swiper-slide-inner\" ><div class=\"swiper-slide-contents\"><\/div><\/div><\/div><div class=\"elementor-repeater-item-5e1048d swiper-slide\" role=\"group\" aria-roledescription=\"slide\"><div class=\"swiper-slide-bg\" role=\"img\" aria-label=\"Alumbrado navide\u00f1o de la calle Larios\"><\/div><div class=\"swiper-slide-inner\" ><div class=\"swiper-slide-contents\"><\/div><\/div><\/div><div class=\"elementor-repeater-item-6f368b2 swiper-slide\" role=\"group\" aria-roledescription=\"slide\"><div class=\"swiper-slide-bg\" role=\"img\" aria-label=\"visita guiada en malaga de noche\"><\/div><div class=\"swiper-slide-inner\" ><div class=\"swiper-slide-contents\"><\/div><\/div><\/div>\t\t\t\t<\/div>\n\t\t\t\t\t\t\t\t\t\t\t\t\t\t\t<div class=\"elementor-swiper-button elementor-swiper-button-prev\" role=\"button\" tabindex=\"0\" aria-label=\"Vorheriger Slide\">\n\t\t\t\t\t\t\t<i aria-hidden=\"true\" class=\"eicon-chevron-left\"><\/i>\t\t\t\t\t\t<\/div>\n\t\t\t\t\t\t<div class=\"elementor-swiper-button elementor-swiper-button-next\" role=\"button\" tabindex=\"0\" aria-label=\"N\u00e4chster Slide\">\n\t\t\t\t\t\t\t<i aria-hidden=\"true\" class=\"eicon-chevron-right\"><\/i>\t\t\t\t\t\t<\/div>\n\t\t\t\t\t\t\t\t\t\t\t\t\t\t\t\t<div class=\"swiper-pagination\"><\/div>\n\t\t\t\t\t\t\t\t\t\t\t\t<\/div>\n\t\t\t\t<\/div>\n\t\t\t\t\t\t\t\t<\/div>\n\t\t\t\t<\/div>\n\t\t\t\t\t<\/div>\n\t\t<\/div>\n\t\t\t\t\t<\/div>\n\t\t<\/section>\n\t\t\t\t<\/div>\n\t\t","protected":false},"excerpt":{"rendered":"<p>Entdecken Sie Weihnachten in M\u00e1laga und seine Weihnachtsbeleuchtung. Weihnachten in der Stadt M\u00e1laga ist seit einigen Jahren eines der beliebtesten in Europa. Und das nicht nur wegen der Atmosph\u00e4re und des Charmes der Stadt. Die Weihnachtsbeleuchtung in M\u00e1laga ist etwas ganz Besonderes im Vergleich zu der in anderen St\u00e4dten, ein festliches Erlebnis, das lokale Traditionen &hellip; <\/p>\n<p class=\"link-more\"><a href=\"https:\/\/electriccartour.com\/de\/weihnachtsbeleuchtung-in-malaga\/\" class=\"more-link\"><span class=\"screen-reader-text\">\u201eWeihnachtsbeleuchtung in M\u00e1laga\u201c <\/span>weiterlesen<\/a><\/p>\n","protected":false},"author":1,"featured_media":10030,"comment_status":"closed","ping_status":"closed","sticky":false,"template":"","format":"standard","meta":{"_jetpack_memberships_contains_paid_content":false,"_joinchat":[],"footnotes":""},"categories":[34],"tags":[],"class_list":["post-10119","post","type-post","status-publish","format-standard","has-post-thumbnail","hentry","category-unkategorisiert","entry"],"yoast_head":"<!-- This site is optimized with the Yoast SEO plugin v27.4 - https:\/\/yoast.com\/product\/yoast-seo-wordpress\/ -->\n<title>Weihnachtsbeleuchtung in M\u00e1laga - Tours en Coche El\u00e9ctrico en M\u00e1laga \u267b\ufe0f | Electric Car Tour<\/title>\n<meta name=\"description\" content=\"Lernen Sie Weihnachten in M\u00e1laga kennen, mit seiner Weihnachtsbeleuchtung und einer besonderen Atmosph\u00e4re im Stadtzentrum. M\u00e1laga mit dem Elektroauto entdecken\" \/>\n<meta name=\"robots\" content=\"index, follow, max-snippet:-1, max-image-preview:large, max-video-preview:-1\" \/>\n<link rel=\"canonical\" href=\"https:\/\/electriccartour.com\/de\/weihnachtsbeleuchtung-in-malaga\/\" \/>\n<meta property=\"og:locale\" content=\"de_DE\" \/>\n<meta property=\"og:type\" content=\"article\" \/>\n<meta property=\"og:title\" content=\"Weihnachtsbeleuchtung in M\u00e1laga - Tours en Coche El\u00e9ctrico en M\u00e1laga \u267b\ufe0f | Electric Car Tour\" \/>\n<meta property=\"og:description\" content=\"Lernen Sie Weihnachten in M\u00e1laga kennen, mit seiner Weihnachtsbeleuchtung und einer besonderen Atmosph\u00e4re im Stadtzentrum. M\u00e1laga mit dem Elektroauto entdecken\" \/>\n<meta property=\"og:url\" content=\"https:\/\/electriccartour.com\/de\/weihnachtsbeleuchtung-in-malaga\/\" \/>\n<meta property=\"og:site_name\" content=\"Tours en Coche El\u00e9ctrico en M\u00e1laga \u267b\ufe0f | Electric Car Tour\" \/>\n<meta property=\"article:publisher\" content=\"https:\/\/www.facebook.com\/Tourenvechiculoselectricos\/\" \/>\n<meta property=\"article:author\" content=\"https:\/\/www.facebook.com\/Tourenvechiculoselectricos\/\" \/>\n<meta property=\"article:published_time\" content=\"2023-12-10T10:00:07+00:00\" \/>\n<meta property=\"article:modified_time\" content=\"2023-12-10T10:49:58+00:00\" \/>\n<meta property=\"og:image\" content=\"https:\/\/i0.wp.com\/electriccartour.com\/wp-content\/uploads\/2023\/11\/alumbrado-calle-larios-navidad-2022-scaled.webp?fit=2560%2C1707&ssl=1\" \/>\n\t<meta property=\"og:image:width\" content=\"2560\" \/>\n\t<meta property=\"og:image:height\" content=\"1707\" \/>\n\t<meta property=\"og:image:type\" content=\"image\/webp\" \/>\n<meta name=\"author\" content=\"electriccartour\" \/>\n<meta name=\"twitter:card\" content=\"summary_large_image\" \/>\n<meta name=\"twitter:creator\" content=\"@https:\/\/twitter.com\/electric_tour\" \/>\n<meta name=\"twitter:site\" content=\"@electric_tour\" \/>\n<meta name=\"twitter:label1\" content=\"Verfasst von\" \/>\n\t<meta name=\"twitter:data1\" content=\"electriccartour\" \/>\n\t<meta name=\"twitter:label2\" content=\"Gesch\u00e4tzte Lesezeit\" \/>\n\t<meta name=\"twitter:data2\" content=\"3\u00a0Minuten\" \/>\n<script type=\"application\/ld+json\" class=\"yoast-schema-graph\">{\"@context\":\"https:\\\/\\\/schema.org\",\"@graph\":[{\"@type\":\"Article\",\"@id\":\"https:\\\/\\\/electriccartour.com\\\/de\\\/weihnachtsbeleuchtung-in-malaga\\\/#article\",\"isPartOf\":{\"@id\":\"https:\\\/\\\/electriccartour.com\\\/de\\\/weihnachtsbeleuchtung-in-malaga\\\/\"},\"author\":{\"name\":\"electriccartour\",\"@id\":\"https:\\\/\\\/electriccartour.com\\\/de\\\/#\\\/schema\\\/person\\\/14020537da6216f7471b49e5e929cba1\"},\"headline\":\"Weihnachtsbeleuchtung in M\u00e1laga\",\"datePublished\":\"2023-12-10T10:00:07+00:00\",\"dateModified\":\"2023-12-10T10:49:58+00:00\",\"mainEntityOfPage\":{\"@id\":\"https:\\\/\\\/electriccartour.com\\\/de\\\/weihnachtsbeleuchtung-in-malaga\\\/\"},\"wordCount\":548,\"publisher\":{\"@id\":\"https:\\\/\\\/electriccartour.com\\\/de\\\/#organization\"},\"image\":{\"@id\":\"https:\\\/\\\/electriccartour.com\\\/de\\\/weihnachtsbeleuchtung-in-malaga\\\/#primaryimage\"},\"thumbnailUrl\":\"https:\\\/\\\/i0.wp.com\\\/electriccartour.com\\\/wp-content\\\/uploads\\\/2023\\\/11\\\/alumbrado-calle-larios-navidad-2022-scaled.webp?fit=2560%2C1707&ssl=1\",\"articleSection\":[\"Unkategorisiert\"],\"inLanguage\":\"de\"},{\"@type\":\"WebPage\",\"@id\":\"https:\\\/\\\/electriccartour.com\\\/de\\\/weihnachtsbeleuchtung-in-malaga\\\/\",\"url\":\"https:\\\/\\\/electriccartour.com\\\/de\\\/weihnachtsbeleuchtung-in-malaga\\\/\",\"name\":\"Weihnachtsbeleuchtung in M\u00e1laga - Tours en Coche El\u00e9ctrico en M\u00e1laga \u267b\ufe0f | Electric Car Tour\",\"isPartOf\":{\"@id\":\"https:\\\/\\\/electriccartour.com\\\/de\\\/#website\"},\"primaryImageOfPage\":{\"@id\":\"https:\\\/\\\/electriccartour.com\\\/de\\\/weihnachtsbeleuchtung-in-malaga\\\/#primaryimage\"},\"image\":{\"@id\":\"https:\\\/\\\/electriccartour.com\\\/de\\\/weihnachtsbeleuchtung-in-malaga\\\/#primaryimage\"},\"thumbnailUrl\":\"https:\\\/\\\/i0.wp.com\\\/electriccartour.com\\\/wp-content\\\/uploads\\\/2023\\\/11\\\/alumbrado-calle-larios-navidad-2022-scaled.webp?fit=2560%2C1707&ssl=1\",\"datePublished\":\"2023-12-10T10:00:07+00:00\",\"dateModified\":\"2023-12-10T10:49:58+00:00\",\"description\":\"Lernen Sie Weihnachten in M\u00e1laga kennen, mit seiner Weihnachtsbeleuchtung und einer besonderen Atmosph\u00e4re im Stadtzentrum. M\u00e1laga mit dem Elektroauto entdecken\",\"breadcrumb\":{\"@id\":\"https:\\\/\\\/electriccartour.com\\\/de\\\/weihnachtsbeleuchtung-in-malaga\\\/#breadcrumb\"},\"inLanguage\":\"de\",\"potentialAction\":[{\"@type\":\"ReadAction\",\"target\":[\"https:\\\/\\\/electriccartour.com\\\/de\\\/weihnachtsbeleuchtung-in-malaga\\\/\"]}]},{\"@type\":\"ImageObject\",\"inLanguage\":\"de\",\"@id\":\"https:\\\/\\\/electriccartour.com\\\/de\\\/weihnachtsbeleuchtung-in-malaga\\\/#primaryimage\",\"url\":\"https:\\\/\\\/i0.wp.com\\\/electriccartour.com\\\/wp-content\\\/uploads\\\/2023\\\/11\\\/alumbrado-calle-larios-navidad-2022-scaled.webp?fit=2560%2C1707&ssl=1\",\"contentUrl\":\"https:\\\/\\\/i0.wp.com\\\/electriccartour.com\\\/wp-content\\\/uploads\\\/2023\\\/11\\\/alumbrado-calle-larios-navidad-2022-scaled.webp?fit=2560%2C1707&ssl=1\",\"width\":2560,\"height\":1707,\"caption\":\"Luces de Navidad en la calle Larios de M\u00e1laga\"},{\"@type\":\"BreadcrumbList\",\"@id\":\"https:\\\/\\\/electriccartour.com\\\/de\\\/weihnachtsbeleuchtung-in-malaga\\\/#breadcrumb\",\"itemListElement\":[{\"@type\":\"ListItem\",\"position\":1,\"name\":\"Portada\",\"item\":\"https:\\\/\\\/electriccartour.com\\\/de\\\/\"},{\"@type\":\"ListItem\",\"position\":2,\"name\":\"Weihnachtsbeleuchtung in M\u00e1laga\"}]},{\"@type\":\"WebSite\",\"@id\":\"https:\\\/\\\/electriccartour.com\\\/de\\\/#website\",\"url\":\"https:\\\/\\\/electriccartour.com\\\/de\\\/\",\"name\":\"Tours en Coche El\u00e9ctrico en M\u00e1laga \u267b\ufe0f | Electric Car Tour\",\"description\":\"Descubre M\u00e1laga de forma sostenible con Electric Car Tour. Disfruta de tours guiados en coche el\u00e9ctrico y explora los principales atractivos tur\u00edsticos de la ciudad.\",\"publisher\":{\"@id\":\"https:\\\/\\\/electriccartour.com\\\/de\\\/#organization\"},\"alternateName\":\"Electric Car Tour - M\u00e1laga\",\"potentialAction\":[{\"@type\":\"SearchAction\",\"target\":{\"@type\":\"EntryPoint\",\"urlTemplate\":\"https:\\\/\\\/electriccartour.com\\\/de\\\/?s={search_term_string}\"},\"query-input\":{\"@type\":\"PropertyValueSpecification\",\"valueRequired\":true,\"valueName\":\"search_term_string\"}}],\"inLanguage\":\"de\"},{\"@type\":\"Organization\",\"@id\":\"https:\\\/\\\/electriccartour.com\\\/de\\\/#organization\",\"name\":\"Electric Car Tour\",\"alternateName\":\"electriccartour\",\"url\":\"https:\\\/\\\/electriccartour.com\\\/de\\\/\",\"logo\":{\"@type\":\"ImageObject\",\"inLanguage\":\"de\",\"@id\":\"https:\\\/\\\/electriccartour.com\\\/de\\\/#\\\/schema\\\/logo\\\/image\\\/\",\"url\":\"https:\\\/\\\/i0.wp.com\\\/electriccartour.com\\\/wp-content\\\/uploads\\\/2021\\\/12\\\/181002_ECT_Logo5389f3-1920w.png?fit=1920%2C462&ssl=1\",\"contentUrl\":\"https:\\\/\\\/i0.wp.com\\\/electriccartour.com\\\/wp-content\\\/uploads\\\/2021\\\/12\\\/181002_ECT_Logo5389f3-1920w.png?fit=1920%2C462&ssl=1\",\"width\":1920,\"height\":462,\"caption\":\"Electric Car Tour\"},\"image\":{\"@id\":\"https:\\\/\\\/electriccartour.com\\\/de\\\/#\\\/schema\\\/logo\\\/image\\\/\"},\"sameAs\":[\"https:\\\/\\\/www.facebook.com\\\/Tourenvechiculoselectricos\\\/\",\"https:\\\/\\\/x.com\\\/electric_tour\",\"https:\\\/\\\/www.youtube.com\\\/channel\\\/UClzjmLNm6Auwdnix5FwnxXw\",\"https:\\\/\\\/www.instagram.com\\\/electriccartour\\\/\",\"https:\\\/\\\/tripadvisor.com\\\/Attraction_Review-g187438-d15198737-Reviews-Electric_Car_Tour-Malaga_Costa_del_Sol_Province_of_Malaga_Andalucia.html\"]},{\"@type\":\"Person\",\"@id\":\"https:\\\/\\\/electriccartour.com\\\/de\\\/#\\\/schema\\\/person\\\/14020537da6216f7471b49e5e929cba1\",\"name\":\"electriccartour\",\"image\":{\"@type\":\"ImageObject\",\"inLanguage\":\"de\",\"@id\":\"https:\\\/\\\/secure.gravatar.com\\\/avatar\\\/fe8515b4ef6ae0fb0465b6ace38c4969d9b25f2d9a0c49eee2553face0582368?s=96&d=mm&r=g\",\"url\":\"https:\\\/\\\/secure.gravatar.com\\\/avatar\\\/fe8515b4ef6ae0fb0465b6ace38c4969d9b25f2d9a0c49eee2553face0582368?s=96&d=mm&r=g\",\"contentUrl\":\"https:\\\/\\\/secure.gravatar.com\\\/avatar\\\/fe8515b4ef6ae0fb0465b6ace38c4969d9b25f2d9a0c49eee2553face0582368?s=96&d=mm&r=g\",\"caption\":\"electriccartour\"},\"sameAs\":[\"http:\\\/\\\/electriccartour.com\",\"https:\\\/\\\/www.facebook.com\\\/Tourenvechiculoselectricos\\\/\",\"https:\\\/\\\/www.instagram.com\\\/electriccartour\\\/\",\"https:\\\/\\\/www.linkedin.com\\\/in\\\/gema-martnez-aa8ab2183\",\"https:\\\/\\\/x.com\\\/https:\\\/\\\/twitter.com\\\/electric_tour\",\"https:\\\/\\\/www.youtube.com\\\/channel\\\/UClzjmLNm6Auwdnix5FwnxXw\"],\"url\":\"https:\\\/\\\/electriccartour.com\\\/de\\\/author\\\/electriccartour\\\/\"}]}<\/script>\n<!-- \/ Yoast SEO plugin. -->","yoast_head_json":{"title":"Weihnachtsbeleuchtung in M\u00e1laga - Tours en Coche El\u00e9ctrico en M\u00e1laga \u267b\ufe0f | Electric Car Tour","description":"Lernen Sie Weihnachten in M\u00e1laga kennen, mit seiner Weihnachtsbeleuchtung und einer besonderen Atmosph\u00e4re im Stadtzentrum. M\u00e1laga mit dem Elektroauto entdecken","robots":{"index":"index","follow":"follow","max-snippet":"max-snippet:-1","max-image-preview":"max-image-preview:large","max-video-preview":"max-video-preview:-1"},"canonical":"https:\/\/electriccartour.com\/de\/weihnachtsbeleuchtung-in-malaga\/","og_locale":"de_DE","og_type":"article","og_title":"Weihnachtsbeleuchtung in M\u00e1laga - Tours en Coche El\u00e9ctrico en M\u00e1laga \u267b\ufe0f | Electric Car Tour","og_description":"Lernen Sie Weihnachten in M\u00e1laga kennen, mit seiner Weihnachtsbeleuchtung und einer besonderen Atmosph\u00e4re im Stadtzentrum. M\u00e1laga mit dem Elektroauto entdecken","og_url":"https:\/\/electriccartour.com\/de\/weihnachtsbeleuchtung-in-malaga\/","og_site_name":"Tours en Coche El\u00e9ctrico en M\u00e1laga \u267b\ufe0f | Electric Car Tour","article_publisher":"https:\/\/www.facebook.com\/Tourenvechiculoselectricos\/","article_author":"https:\/\/www.facebook.com\/Tourenvechiculoselectricos\/","article_published_time":"2023-12-10T10:00:07+00:00","article_modified_time":"2023-12-10T10:49:58+00:00","og_image":[{"width":2560,"height":1707,"url":"https:\/\/i0.wp.com\/electriccartour.com\/wp-content\/uploads\/2023\/11\/alumbrado-calle-larios-navidad-2022-scaled.webp?fit=2560%2C1707&ssl=1","type":"image\/webp"}],"author":"electriccartour","twitter_card":"summary_large_image","twitter_creator":"@https:\/\/twitter.com\/electric_tour","twitter_site":"@electric_tour","twitter_misc":{"Verfasst von":"electriccartour","Gesch\u00e4tzte Lesezeit":"3\u00a0Minuten"},"schema":{"@context":"https:\/\/schema.org","@graph":[{"@type":"Article","@id":"https:\/\/electriccartour.com\/de\/weihnachtsbeleuchtung-in-malaga\/#article","isPartOf":{"@id":"https:\/\/electriccartour.com\/de\/weihnachtsbeleuchtung-in-malaga\/"},"author":{"name":"electriccartour","@id":"https:\/\/electriccartour.com\/de\/#\/schema\/person\/14020537da6216f7471b49e5e929cba1"},"headline":"Weihnachtsbeleuchtung in M\u00e1laga","datePublished":"2023-12-10T10:00:07+00:00","dateModified":"2023-12-10T10:49:58+00:00","mainEntityOfPage":{"@id":"https:\/\/electriccartour.com\/de\/weihnachtsbeleuchtung-in-malaga\/"},"wordCount":548,"publisher":{"@id":"https:\/\/electriccartour.com\/de\/#organization"},"image":{"@id":"https:\/\/electriccartour.com\/de\/weihnachtsbeleuchtung-in-malaga\/#primaryimage"},"thumbnailUrl":"https:\/\/i0.wp.com\/electriccartour.com\/wp-content\/uploads\/2023\/11\/alumbrado-calle-larios-navidad-2022-scaled.webp?fit=2560%2C1707&ssl=1","articleSection":["Unkategorisiert"],"inLanguage":"de"},{"@type":"WebPage","@id":"https:\/\/electriccartour.com\/de\/weihnachtsbeleuchtung-in-malaga\/","url":"https:\/\/electriccartour.com\/de\/weihnachtsbeleuchtung-in-malaga\/","name":"Weihnachtsbeleuchtung in M\u00e1laga - Tours en Coche El\u00e9ctrico en M\u00e1laga \u267b\ufe0f | Electric Car Tour","isPartOf":{"@id":"https:\/\/electriccartour.com\/de\/#website"},"primaryImageOfPage":{"@id":"https:\/\/electriccartour.com\/de\/weihnachtsbeleuchtung-in-malaga\/#primaryimage"},"image":{"@id":"https:\/\/electriccartour.com\/de\/weihnachtsbeleuchtung-in-malaga\/#primaryimage"},"thumbnailUrl":"https:\/\/i0.wp.com\/electriccartour.com\/wp-content\/uploads\/2023\/11\/alumbrado-calle-larios-navidad-2022-scaled.webp?fit=2560%2C1707&ssl=1","datePublished":"2023-12-10T10:00:07+00:00","dateModified":"2023-12-10T10:49:58+00:00","description":"Lernen Sie Weihnachten in M\u00e1laga kennen, mit seiner Weihnachtsbeleuchtung und einer besonderen Atmosph\u00e4re im Stadtzentrum. M\u00e1laga mit dem Elektroauto entdecken","breadcrumb":{"@id":"https:\/\/electriccartour.com\/de\/weihnachtsbeleuchtung-in-malaga\/#breadcrumb"},"inLanguage":"de","potentialAction":[{"@type":"ReadAction","target":["https:\/\/electriccartour.com\/de\/weihnachtsbeleuchtung-in-malaga\/"]}]},{"@type":"ImageObject","inLanguage":"de","@id":"https:\/\/electriccartour.com\/de\/weihnachtsbeleuchtung-in-malaga\/#primaryimage","url":"https:\/\/i0.wp.com\/electriccartour.com\/wp-content\/uploads\/2023\/11\/alumbrado-calle-larios-navidad-2022-scaled.webp?fit=2560%2C1707&ssl=1","contentUrl":"https:\/\/i0.wp.com\/electriccartour.com\/wp-content\/uploads\/2023\/11\/alumbrado-calle-larios-navidad-2022-scaled.webp?fit=2560%2C1707&ssl=1","width":2560,"height":1707,"caption":"Luces de Navidad en la calle Larios de M\u00e1laga"},{"@type":"BreadcrumbList","@id":"https:\/\/electriccartour.com\/de\/weihnachtsbeleuchtung-in-malaga\/#breadcrumb","itemListElement":[{"@type":"ListItem","position":1,"name":"Portada","item":"https:\/\/electriccartour.com\/de\/"},{"@type":"ListItem","position":2,"name":"Weihnachtsbeleuchtung in M\u00e1laga"}]},{"@type":"WebSite","@id":"https:\/\/electriccartour.com\/de\/#website","url":"https:\/\/electriccartour.com\/de\/","name":"Tours en Coche El\u00e9ctrico en M\u00e1laga \u267b\ufe0f | Electric Car Tour","description":"Descubre M\u00e1laga de forma sostenible con Electric Car Tour. Disfruta de tours guiados en coche el\u00e9ctrico y explora los principales atractivos tur\u00edsticos de la ciudad.","publisher":{"@id":"https:\/\/electriccartour.com\/de\/#organization"},"alternateName":"Electric Car Tour - M\u00e1laga","potentialAction":[{"@type":"SearchAction","target":{"@type":"EntryPoint","urlTemplate":"https:\/\/electriccartour.com\/de\/?s={search_term_string}"},"query-input":{"@type":"PropertyValueSpecification","valueRequired":true,"valueName":"search_term_string"}}],"inLanguage":"de"},{"@type":"Organization","@id":"https:\/\/electriccartour.com\/de\/#organization","name":"Electric Car Tour","alternateName":"electriccartour","url":"https:\/\/electriccartour.com\/de\/","logo":{"@type":"ImageObject","inLanguage":"de","@id":"https:\/\/electriccartour.com\/de\/#\/schema\/logo\/image\/","url":"https:\/\/i0.wp.com\/electriccartour.com\/wp-content\/uploads\/2021\/12\/181002_ECT_Logo5389f3-1920w.png?fit=1920%2C462&ssl=1","contentUrl":"https:\/\/i0.wp.com\/electriccartour.com\/wp-content\/uploads\/2021\/12\/181002_ECT_Logo5389f3-1920w.png?fit=1920%2C462&ssl=1","width":1920,"height":462,"caption":"Electric Car Tour"},"image":{"@id":"https:\/\/electriccartour.com\/de\/#\/schema\/logo\/image\/"},"sameAs":["https:\/\/www.facebook.com\/Tourenvechiculoselectricos\/","https:\/\/x.com\/electric_tour","https:\/\/www.youtube.com\/channel\/UClzjmLNm6Auwdnix5FwnxXw","https:\/\/www.instagram.com\/electriccartour\/","https:\/\/tripadvisor.com\/Attraction_Review-g187438-d15198737-Reviews-Electric_Car_Tour-Malaga_Costa_del_Sol_Province_of_Malaga_Andalucia.html"]},{"@type":"Person","@id":"https:\/\/electriccartour.com\/de\/#\/schema\/person\/14020537da6216f7471b49e5e929cba1","name":"electriccartour","image":{"@type":"ImageObject","inLanguage":"de","@id":"https:\/\/secure.gravatar.com\/avatar\/fe8515b4ef6ae0fb0465b6ace38c4969d9b25f2d9a0c49eee2553face0582368?s=96&d=mm&r=g","url":"https:\/\/secure.gravatar.com\/avatar\/fe8515b4ef6ae0fb0465b6ace38c4969d9b25f2d9a0c49eee2553face0582368?s=96&d=mm&r=g","contentUrl":"https:\/\/secure.gravatar.com\/avatar\/fe8515b4ef6ae0fb0465b6ace38c4969d9b25f2d9a0c49eee2553face0582368?s=96&d=mm&r=g","caption":"electriccartour"},"sameAs":["http:\/\/electriccartour.com","https:\/\/www.facebook.com\/Tourenvechiculoselectricos\/","https:\/\/www.instagram.com\/electriccartour\/","https:\/\/www.linkedin.com\/in\/gema-martnez-aa8ab2183","https:\/\/x.com\/https:\/\/twitter.com\/electric_tour","https:\/\/www.youtube.com\/channel\/UClzjmLNm6Auwdnix5FwnxXw"],"url":"https:\/\/electriccartour.com\/de\/author\/electriccartour\/"}]}},"jetpack_featured_media_url":"https:\/\/i0.wp.com\/electriccartour.com\/wp-content\/uploads\/2023\/11\/alumbrado-calle-larios-navidad-2022-scaled.webp?fit=2560%2C1707&ssl=1","jetpack_sharing_enabled":true,"_links":{"self":[{"href":"https:\/\/electriccartour.com\/de\/wp-json\/wp\/v2\/posts\/10119","targetHints":{"allow":["GET"]}}],"collection":[{"href":"https:\/\/electriccartour.com\/de\/wp-json\/wp\/v2\/posts"}],"about":[{"href":"https:\/\/electriccartour.com\/de\/wp-json\/wp\/v2\/types\/post"}],"author":[{"embeddable":true,"href":"https:\/\/electriccartour.com\/de\/wp-json\/wp\/v2\/users\/1"}],"replies":[{"embeddable":true,"href":"https:\/\/electriccartour.com\/de\/wp-json\/wp\/v2\/comments?post=10119"}],"version-history":[{"count":0,"href":"https:\/\/electriccartour.com\/de\/wp-json\/wp\/v2\/posts\/10119\/revisions"}],"wp:featuredmedia":[{"embeddable":true,"href":"https:\/\/electriccartour.com\/de\/wp-json\/wp\/v2\/media\/10030"}],"wp:attachment":[{"href":"https:\/\/electriccartour.com\/de\/wp-json\/wp\/v2\/media?parent=10119"}],"wp:term":[{"taxonomy":"category","embeddable":true,"href":"https:\/\/electriccartour.com\/de\/wp-json\/wp\/v2\/categories?post=10119"},{"taxonomy":"post_tag","embeddable":true,"href":"https:\/\/electriccartour.com\/de\/wp-json\/wp\/v2\/tags?post=10119"}],"curies":[{"name":"wp","href":"https:\/\/api.w.org\/{rel}","templated":true}]}}