{"id":11343,"date":"2024-10-26T09:53:41","date_gmt":"2024-10-26T08:53:41","guid":{"rendered":"https:\/\/electriccartour.com\/%f0%9f%8e%84weihnachten-und-weihnachtsbeleuchtung-in-malaga-2024-die-besten-touren-und-veranstaltungen\/"},"modified":"2024-12-30T21:44:57","modified_gmt":"2024-12-30T20:44:57","slug":"%f0%9f%8e%84weihnachten-und-weihnachtsbeleuchtung-in-malaga-2024-die-besten-touren-und-veranstaltungen","status":"publish","type":"post","link":"https:\/\/electriccartour.com\/de\/%f0%9f%8e%84weihnachten-und-weihnachtsbeleuchtung-in-malaga-2024-die-besten-touren-und-veranstaltungen\/","title":{"rendered":"\ud83c\udf84 Weihnachten in M\u00e1laga 2024: Ein kompletter Leitfaden zum Genie\u00dfen der Feiertage \ud83c\udf1f"},"content":{"rendered":"\t\t<div data-elementor-type=\"wp-post\" data-elementor-id=\"11343\" class=\"elementor elementor-11343 elementor-11163\" data-elementor-post-type=\"post\">\n\t\t\t\t\t\t<section class=\"elementor-section elementor-top-section elementor-element elementor-element-ba1f347 elementor-section-boxed elementor-section-height-default elementor-section-height-default\" data-id=\"ba1f347\" data-element_type=\"section\" data-e-type=\"section\">\n\t\t\t\t\t\t<div class=\"elementor-container elementor-column-gap-default\">\n\t\t\t\t\t<div class=\"elementor-column elementor-col-100 elementor-top-column elementor-element elementor-element-3bf5139\" data-id=\"3bf5139\" data-element_type=\"column\" data-e-type=\"column\">\n\t\t\t<div class=\"elementor-widget-wrap elementor-element-populated\">\n\t\t\t\t\t\t<div class=\"elementor-element elementor-element-e56e9fe elementor-widget elementor-widget-text-editor\" data-id=\"e56e9fe\" data-element_type=\"widget\" data-e-type=\"widget\" data-widget_type=\"text-editor.default\">\n\t\t\t\t<div class=\"elementor-widget-container\">\n\t\t\t\t\t\t\t\t\t<p><strong>Weihnachten in M\u00e1laga ist eine der magischsten Zeiten des Jahres.<\/strong>  Die Stadt verwandelt sich in ein Spektakel aus Lichtern und Farben, das Tausende von Besuchern aus der ganzen Welt anzieht. In diesem Reisef\u00fchrer erfahren Sie alles, was Sie wissen m\u00fcssen, um <strong>Weihnachten 2024 in M\u00e1laga zu erleben:<\/strong> vom Einschalten der ber\u00fchmten Lichter bis hin zu den Weihnachtsm\u00e4rkten und den besten Aktivit\u00e4ten f\u00fcr die ganze Familie. <\/p>\n\t\t\t\t\t\t\t\t<\/div>\n\t\t\t\t<\/div>\n\t\t\t\t\t<\/div>\n\t\t<\/div>\n\t\t\t\t\t<\/div>\n\t\t<\/section>\n\t\t\t\t<section class=\"elementor-section elementor-top-section elementor-element elementor-element-9d08fa3 elementor-section-boxed elementor-section-height-default elementor-section-height-default\" data-id=\"9d08fa3\" data-element_type=\"section\" data-e-type=\"section\">\n\t\t\t\t\t\t<div class=\"elementor-container elementor-column-gap-default\">\n\t\t\t\t\t<div class=\"elementor-column elementor-col-50 elementor-top-column elementor-element elementor-element-4e8289c\" data-id=\"4e8289c\" data-element_type=\"column\" data-e-type=\"column\">\n\t\t\t<div class=\"elementor-widget-wrap elementor-element-populated\">\n\t\t\t\t\t\t<div class=\"elementor-element elementor-element-47255cf elementor-widget elementor-widget-image\" data-id=\"47255cf\" data-element_type=\"widget\" data-e-type=\"widget\" data-widget_type=\"image.default\">\n\t\t\t\t<div class=\"elementor-widget-container\">\n\t\t\t\t\t\t\t\t\t\t\t\t\t\t\t<img fetchpriority=\"high\" decoding=\"async\" width=\"640\" height=\"427\" src=\"https:\/\/i0.wp.com\/electriccartour.com\/wp-content\/uploads\/2024\/10\/luces-navidad-calle-larios-2024-scaled.webp?fit=640%2C427&amp;ssl=1\" class=\"attachment-large size-large wp-image-11779\" alt=\"luces de navidad en calle larios de m\u00e1laga 2024\" srcset=\"https:\/\/i0.wp.com\/electriccartour.com\/wp-content\/uploads\/2024\/10\/luces-navidad-calle-larios-2024-scaled.webp?w=2560&amp;ssl=1 2560w, https:\/\/i0.wp.com\/electriccartour.com\/wp-content\/uploads\/2024\/10\/luces-navidad-calle-larios-2024-scaled.webp?resize=300%2C200&amp;ssl=1 300w, https:\/\/i0.wp.com\/electriccartour.com\/wp-content\/uploads\/2024\/10\/luces-navidad-calle-larios-2024-scaled.webp?resize=1024%2C683&amp;ssl=1 1024w, https:\/\/i0.wp.com\/electriccartour.com\/wp-content\/uploads\/2024\/10\/luces-navidad-calle-larios-2024-scaled.webp?resize=768%2C512&amp;ssl=1 768w, https:\/\/i0.wp.com\/electriccartour.com\/wp-content\/uploads\/2024\/10\/luces-navidad-calle-larios-2024-scaled.webp?resize=1536%2C1024&amp;ssl=1 1536w, https:\/\/i0.wp.com\/electriccartour.com\/wp-content\/uploads\/2024\/10\/luces-navidad-calle-larios-2024-scaled.webp?resize=2048%2C1365&amp;ssl=1 2048w, https:\/\/i0.wp.com\/electriccartour.com\/wp-content\/uploads\/2024\/10\/luces-navidad-calle-larios-2024-scaled.webp?resize=1568%2C1045&amp;ssl=1 1568w, https:\/\/i0.wp.com\/electriccartour.com\/wp-content\/uploads\/2024\/10\/luces-navidad-calle-larios-2024-scaled.webp?resize=1320%2C880&amp;ssl=1 1320w, https:\/\/i0.wp.com\/electriccartour.com\/wp-content\/uploads\/2024\/10\/luces-navidad-calle-larios-2024-scaled.webp?w=1920&amp;ssl=1 1920w\" sizes=\"(max-width: 34.9rem) calc(100vw - 2rem), (max-width: 53rem) calc(8 * (100vw \/ 12)), (min-width: 53rem) calc(6 * (100vw \/ 12)), 100vw\" \/>\t\t\t\t\t\t\t\t\t\t\t\t\t\t\t<\/div>\n\t\t\t\t<\/div>\n\t\t\t\t\t<\/div>\n\t\t<\/div>\n\t\t\t\t<div class=\"elementor-column elementor-col-50 elementor-top-column elementor-element elementor-element-abd4f9e\" data-id=\"abd4f9e\" data-element_type=\"column\" data-e-type=\"column\">\n\t\t\t<div class=\"elementor-widget-wrap elementor-element-populated\">\n\t\t\t\t\t\t<div class=\"elementor-element elementor-element-ad44aa2 elementor-widget elementor-widget-image\" data-id=\"ad44aa2\" data-element_type=\"widget\" data-e-type=\"widget\" data-widget_type=\"image.default\">\n\t\t\t\t<div class=\"elementor-widget-container\">\n\t\t\t\t\t\t\t\t\t\t\t\t\t\t\t<img decoding=\"async\" width=\"640\" height=\"427\" src=\"https:\/\/i0.wp.com\/electriccartour.com\/wp-content\/uploads\/2024\/10\/angel-luces-navidad-malaga-scaled.webp?fit=640%2C427&amp;ssl=1\" class=\"attachment-large size-large wp-image-11783\" alt=\"\u00e1ngel de las luces de Navidad en m\u00e1laga 2024\" srcset=\"https:\/\/i0.wp.com\/electriccartour.com\/wp-content\/uploads\/2024\/10\/angel-luces-navidad-malaga-scaled.webp?w=2560&amp;ssl=1 2560w, https:\/\/i0.wp.com\/electriccartour.com\/wp-content\/uploads\/2024\/10\/angel-luces-navidad-malaga-scaled.webp?resize=300%2C200&amp;ssl=1 300w, https:\/\/i0.wp.com\/electriccartour.com\/wp-content\/uploads\/2024\/10\/angel-luces-navidad-malaga-scaled.webp?resize=1024%2C683&amp;ssl=1 1024w, https:\/\/i0.wp.com\/electriccartour.com\/wp-content\/uploads\/2024\/10\/angel-luces-navidad-malaga-scaled.webp?resize=768%2C512&amp;ssl=1 768w, https:\/\/i0.wp.com\/electriccartour.com\/wp-content\/uploads\/2024\/10\/angel-luces-navidad-malaga-scaled.webp?resize=1536%2C1024&amp;ssl=1 1536w, https:\/\/i0.wp.com\/electriccartour.com\/wp-content\/uploads\/2024\/10\/angel-luces-navidad-malaga-scaled.webp?resize=2048%2C1365&amp;ssl=1 2048w, https:\/\/i0.wp.com\/electriccartour.com\/wp-content\/uploads\/2024\/10\/angel-luces-navidad-malaga-scaled.webp?resize=1568%2C1045&amp;ssl=1 1568w, https:\/\/i0.wp.com\/electriccartour.com\/wp-content\/uploads\/2024\/10\/angel-luces-navidad-malaga-scaled.webp?resize=1320%2C880&amp;ssl=1 1320w, https:\/\/i0.wp.com\/electriccartour.com\/wp-content\/uploads\/2024\/10\/angel-luces-navidad-malaga-scaled.webp?w=1920&amp;ssl=1 1920w\" sizes=\"(max-width: 34.9rem) calc(100vw - 2rem), (max-width: 53rem) calc(8 * (100vw \/ 12)), (min-width: 53rem) calc(6 * (100vw \/ 12)), 100vw\" \/>\t\t\t\t\t\t\t\t\t\t\t\t\t\t\t<\/div>\n\t\t\t\t<\/div>\n\t\t\t\t\t<\/div>\n\t\t<\/div>\n\t\t\t\t\t<\/div>\n\t\t<\/section>\n\t\t\t\t<section class=\"elementor-section elementor-top-section elementor-element elementor-element-423d2d5 elementor-section-boxed elementor-section-height-default elementor-section-height-default\" data-id=\"423d2d5\" data-element_type=\"section\" data-e-type=\"section\">\n\t\t\t\t\t\t<div class=\"elementor-container elementor-column-gap-default\">\n\t\t\t\t\t<div class=\"elementor-column elementor-col-100 elementor-top-column elementor-element elementor-element-ca11b70\" data-id=\"ca11b70\" data-element_type=\"column\" data-e-type=\"column\">\n\t\t\t<div class=\"elementor-widget-wrap elementor-element-populated\">\n\t\t\t\t\t\t<div class=\"elementor-element elementor-element-6c5b2d1 elementor-widget elementor-widget-heading\" data-id=\"6c5b2d1\" data-element_type=\"widget\" data-e-type=\"widget\" data-widget_type=\"heading.default\">\n\t\t\t\t<div class=\"elementor-widget-container\">\n\t\t\t\t\t<h2 class=\"elementor-heading-title elementor-size-default\">1. \u2728 Das Anz\u00fcnden der Lichter in der Calle Larios<\/h2>\t\t\t\t<\/div>\n\t\t\t\t<\/div>\n\t\t\t\t\t<\/div>\n\t\t<\/div>\n\t\t\t\t\t<\/div>\n\t\t<\/section>\n\t\t\t\t<section class=\"elementor-section elementor-top-section elementor-element elementor-element-1b83209 elementor-section-boxed elementor-section-height-default elementor-section-height-default\" data-id=\"1b83209\" data-element_type=\"section\" data-e-type=\"section\">\n\t\t\t\t\t\t<div class=\"elementor-container elementor-column-gap-default\">\n\t\t\t\t\t<div class=\"elementor-column elementor-col-100 elementor-top-column elementor-element elementor-element-dc09fdf\" data-id=\"dc09fdf\" data-element_type=\"column\" data-e-type=\"column\">\n\t\t\t<div class=\"elementor-widget-wrap elementor-element-populated\">\n\t\t\t\t\t\t<div class=\"elementor-element elementor-element-22de32e elementor-widget elementor-widget-text-editor\" data-id=\"22de32e\" data-element_type=\"widget\" data-e-type=\"widget\" data-widget_type=\"text-editor.default\">\n\t\t\t\t<div class=\"elementor-widget-container\">\n\t\t\t\t\t\t\t\t\t<p>Das am meisten erwartete Ereignis ist zweifellos das <strong>Anz\u00fcnden der Lichter in der Calle Larios<\/strong>, das dieses Jahr am <strong>29. November um 18:30 Uhr stattfinden wird. <\/strong>Diese ikonische Stra\u00dfe im Zentrum von M\u00e1laga wird mit ihrer charakteristischen Licht- und Musikshow erstrahlen, bei der die beeindruckenden <strong>16 himmlischen Engel<\/strong> wieder die Hauptrolle spielen werden. Die Show wird w\u00e4hrend der gesamten Weihnachtszeit <strong>dreimal t\u00e4glich<\/strong> wiederholt <strong>, um 18:30, 20:00 und 21:00 Uhr<\/strong>. <\/p>\n\t\t\t\t\t\t\t\t<\/div>\n\t\t\t\t<\/div>\n\t\t\t\t\t<\/div>\n\t\t<\/div>\n\t\t\t\t\t<\/div>\n\t\t<\/section>\n\t\t\t\t<section class=\"elementor-section elementor-top-section elementor-element elementor-element-cd8956b elementor-section-boxed elementor-section-height-default elementor-section-height-default\" data-id=\"cd8956b\" data-element_type=\"section\" data-e-type=\"section\">\n\t\t\t\t\t\t<div class=\"elementor-container elementor-column-gap-default\">\n\t\t\t\t\t<div class=\"elementor-column elementor-col-100 elementor-top-column elementor-element elementor-element-8c9245e\" data-id=\"8c9245e\" data-element_type=\"column\" data-e-type=\"column\">\n\t\t\t<div class=\"elementor-widget-wrap elementor-element-populated\">\n\t\t\t\t\t\t<div class=\"elementor-element elementor-element-34f44a8 elementor-widget elementor-widget-text-editor\" data-id=\"34f44a8\" data-element_type=\"widget\" data-e-type=\"widget\" data-widget_type=\"text-editor.default\">\n\t\t\t\t<div class=\"elementor-widget-container\">\n\t\t\t\t\t\t\t\t\t<p><em><strong>Tipp:<\/strong><\/em> F\u00fcr die beste Aussicht sollten Sie <strong>fr\u00fch kommen<\/strong> und sich einen guten Platz in der <strong>Calle Larios<\/strong> oder auf der <strong>Plaza de la Constituci\u00f3n<\/strong> suchen.<\/p>\n\t\t\t\t\t\t\t\t<\/div>\n\t\t\t\t<\/div>\n\t\t\t\t\t<\/div>\n\t\t<\/div>\n\t\t\t\t\t<\/div>\n\t\t<\/section>\n\t\t\t\t<section class=\"elementor-section elementor-top-section elementor-element elementor-element-acd8c70 elementor-section-boxed elementor-section-height-default elementor-section-height-default\" data-id=\"acd8c70\" data-element_type=\"section\" data-e-type=\"section\">\n\t\t\t\t\t\t<div class=\"elementor-container elementor-column-gap-default\">\n\t\t\t\t\t<div class=\"elementor-column elementor-col-50 elementor-top-column elementor-element elementor-element-2d2a0d0\" data-id=\"2d2a0d0\" data-element_type=\"column\" data-e-type=\"column\">\n\t\t\t<div class=\"elementor-widget-wrap elementor-element-populated\">\n\t\t\t\t\t\t<div class=\"elementor-element elementor-element-c373921 elementor-widget elementor-widget-image\" data-id=\"c373921\" data-element_type=\"widget\" data-e-type=\"widget\" data-widget_type=\"image.default\">\n\t\t\t\t<div class=\"elementor-widget-container\">\n\t\t\t\t\t\t\t\t\t\t\t\t\t\t\t<img decoding=\"async\" width=\"640\" height=\"427\" src=\"https:\/\/i0.wp.com\/electriccartour.com\/wp-content\/uploads\/2024\/10\/alumbrado-navidadeno-calles-malaga-scaled.webp?fit=640%2C427&amp;ssl=1\" class=\"attachment-large size-large wp-image-11787\" alt=\"alumbrado navide\u00f1o en las calles de m\u00e1laga\" srcset=\"https:\/\/i0.wp.com\/electriccartour.com\/wp-content\/uploads\/2024\/10\/alumbrado-navidadeno-calles-malaga-scaled.webp?w=2560&amp;ssl=1 2560w, https:\/\/i0.wp.com\/electriccartour.com\/wp-content\/uploads\/2024\/10\/alumbrado-navidadeno-calles-malaga-scaled.webp?resize=300%2C200&amp;ssl=1 300w, https:\/\/i0.wp.com\/electriccartour.com\/wp-content\/uploads\/2024\/10\/alumbrado-navidadeno-calles-malaga-scaled.webp?resize=1024%2C683&amp;ssl=1 1024w, https:\/\/i0.wp.com\/electriccartour.com\/wp-content\/uploads\/2024\/10\/alumbrado-navidadeno-calles-malaga-scaled.webp?resize=768%2C512&amp;ssl=1 768w, https:\/\/i0.wp.com\/electriccartour.com\/wp-content\/uploads\/2024\/10\/alumbrado-navidadeno-calles-malaga-scaled.webp?resize=1536%2C1024&amp;ssl=1 1536w, https:\/\/i0.wp.com\/electriccartour.com\/wp-content\/uploads\/2024\/10\/alumbrado-navidadeno-calles-malaga-scaled.webp?resize=2048%2C1365&amp;ssl=1 2048w, https:\/\/i0.wp.com\/electriccartour.com\/wp-content\/uploads\/2024\/10\/alumbrado-navidadeno-calles-malaga-scaled.webp?resize=1568%2C1045&amp;ssl=1 1568w, https:\/\/i0.wp.com\/electriccartour.com\/wp-content\/uploads\/2024\/10\/alumbrado-navidadeno-calles-malaga-scaled.webp?resize=1320%2C880&amp;ssl=1 1320w, https:\/\/i0.wp.com\/electriccartour.com\/wp-content\/uploads\/2024\/10\/alumbrado-navidadeno-calles-malaga-scaled.webp?w=1920&amp;ssl=1 1920w\" sizes=\"(max-width: 34.9rem) calc(100vw - 2rem), (max-width: 53rem) calc(8 * (100vw \/ 12)), (min-width: 53rem) calc(6 * (100vw \/ 12)), 100vw\" \/>\t\t\t\t\t\t\t\t\t\t\t\t\t\t\t<\/div>\n\t\t\t\t<\/div>\n\t\t\t\t\t<\/div>\n\t\t<\/div>\n\t\t\t\t<div class=\"elementor-column elementor-col-50 elementor-top-column elementor-element elementor-element-1f38f64\" data-id=\"1f38f64\" data-element_type=\"column\" data-e-type=\"column\">\n\t\t\t<div class=\"elementor-widget-wrap elementor-element-populated\">\n\t\t\t\t\t\t<div class=\"elementor-element elementor-element-432e93c elementor-widget elementor-widget-image\" data-id=\"432e93c\" data-element_type=\"widget\" data-e-type=\"widget\" data-widget_type=\"image.default\">\n\t\t\t\t<div class=\"elementor-widget-container\">\n\t\t\t\t\t\t\t\t\t\t\t\t\t\t\t<img loading=\"lazy\" decoding=\"async\" width=\"200\" height=\"300\" src=\"https:\/\/i0.wp.com\/electriccartour.com\/wp-content\/uploads\/2024\/10\/luces-navidad-malaga-palacio-scaled.webp?fit=200%2C300&amp;ssl=1\" class=\"attachment-medium size-medium wp-image-11791\" alt=\"luces de navidad en el hotel m\u00e1laga palacio de m\u00e1laga\" srcset=\"https:\/\/i0.wp.com\/electriccartour.com\/wp-content\/uploads\/2024\/10\/luces-navidad-malaga-palacio-scaled.webp?w=1707&amp;ssl=1 1707w, https:\/\/i0.wp.com\/electriccartour.com\/wp-content\/uploads\/2024\/10\/luces-navidad-malaga-palacio-scaled.webp?resize=200%2C300&amp;ssl=1 200w, https:\/\/i0.wp.com\/electriccartour.com\/wp-content\/uploads\/2024\/10\/luces-navidad-malaga-palacio-scaled.webp?resize=683%2C1024&amp;ssl=1 683w, https:\/\/i0.wp.com\/electriccartour.com\/wp-content\/uploads\/2024\/10\/luces-navidad-malaga-palacio-scaled.webp?resize=768%2C1152&amp;ssl=1 768w, https:\/\/i0.wp.com\/electriccartour.com\/wp-content\/uploads\/2024\/10\/luces-navidad-malaga-palacio-scaled.webp?resize=1024%2C1536&amp;ssl=1 1024w, https:\/\/i0.wp.com\/electriccartour.com\/wp-content\/uploads\/2024\/10\/luces-navidad-malaga-palacio-scaled.webp?resize=1365%2C2048&amp;ssl=1 1365w, https:\/\/i0.wp.com\/electriccartour.com\/wp-content\/uploads\/2024\/10\/luces-navidad-malaga-palacio-scaled.webp?resize=1568%2C2352&amp;ssl=1 1568w, https:\/\/i0.wp.com\/electriccartour.com\/wp-content\/uploads\/2024\/10\/luces-navidad-malaga-palacio-scaled.webp?resize=1320%2C1980&amp;ssl=1 1320w\" sizes=\"(max-width: 34.9rem) calc(100vw - 2rem), (max-width: 53rem) calc(8 * (100vw \/ 12)), (min-width: 53rem) calc(6 * (100vw \/ 12)), 100vw\" \/>\t\t\t\t\t\t\t\t\t\t\t\t\t\t\t<\/div>\n\t\t\t\t<\/div>\n\t\t\t\t\t<\/div>\n\t\t<\/div>\n\t\t\t\t\t<\/div>\n\t\t<\/section>\n\t\t\t\t<section class=\"elementor-section elementor-top-section elementor-element elementor-element-6073b9c elementor-section-boxed elementor-section-height-default elementor-section-height-default\" data-id=\"6073b9c\" data-element_type=\"section\" data-e-type=\"section\">\n\t\t\t\t\t\t<div class=\"elementor-container elementor-column-gap-default\">\n\t\t\t\t\t<div class=\"elementor-column elementor-col-100 elementor-top-column elementor-element elementor-element-b530919\" data-id=\"b530919\" data-element_type=\"column\" data-e-type=\"column\">\n\t\t\t<div class=\"elementor-widget-wrap elementor-element-populated\">\n\t\t\t\t\t\t<div class=\"elementor-element elementor-element-51a117f elementor-widget elementor-widget-heading\" data-id=\"51a117f\" data-element_type=\"widget\" data-e-type=\"widget\" data-widget_type=\"heading.default\">\n\t\t\t\t<div class=\"elementor-widget-container\">\n\t\t\t\t\t<h2 class=\"elementor-heading-title elementor-size-default\">2. \ud83c\udf85 Weihnachtsm\u00e4rkte, die Sie nicht verpassen d\u00fcrfen<\/h2>\t\t\t\t<\/div>\n\t\t\t\t<\/div>\n\t\t\t\t\t<\/div>\n\t\t<\/div>\n\t\t\t\t\t<\/div>\n\t\t<\/section>\n\t\t\t\t<section class=\"elementor-section elementor-top-section elementor-element elementor-element-a095bb1 elementor-section-boxed elementor-section-height-default elementor-section-height-default\" data-id=\"a095bb1\" data-element_type=\"section\" data-e-type=\"section\">\n\t\t\t\t\t\t<div class=\"elementor-container elementor-column-gap-default\">\n\t\t\t\t\t<div class=\"elementor-column elementor-col-100 elementor-top-column elementor-element elementor-element-32bff7b\" data-id=\"32bff7b\" data-element_type=\"column\" data-e-type=\"column\">\n\t\t\t<div class=\"elementor-widget-wrap elementor-element-populated\">\n\t\t\t\t\t\t<div class=\"elementor-element elementor-element-19a21b0 elementor-widget elementor-widget-text-editor\" data-id=\"19a21b0\" data-element_type=\"widget\" data-e-type=\"widget\" data-widget_type=\"text-editor.default\">\n\t\t\t\t<div class=\"elementor-widget-container\">\n\t\t\t\t\t\t\t\t\t<p>Die <strong>Stra\u00dfenm\u00e4rkte<\/strong> sind ein wesentlicher Bestandteil von Weihnachten in M\u00e1laga. Hier sind die Highlights f\u00fcr 2024: <\/p>\n\t\t\t\t\t\t\t\t<\/div>\n\t\t\t\t<\/div>\n\t\t\t\t\t<\/div>\n\t\t<\/div>\n\t\t\t\t\t<\/div>\n\t\t<\/section>\n\t\t\t\t<section class=\"elementor-section elementor-top-section elementor-element elementor-element-90270a2 elementor-section-boxed elementor-section-height-default elementor-section-height-default\" data-id=\"90270a2\" data-element_type=\"section\" data-e-type=\"section\">\n\t\t\t\t\t\t<div class=\"elementor-container elementor-column-gap-default\">\n\t\t\t\t\t<div class=\"elementor-column elementor-col-100 elementor-top-column elementor-element elementor-element-76c2ec6\" data-id=\"76c2ec6\" data-element_type=\"column\" data-e-type=\"column\">\n\t\t\t<div class=\"elementor-widget-wrap elementor-element-populated\">\n\t\t\t\t\t\t<div class=\"elementor-element elementor-element-9f93d39 elementor-widget elementor-widget-text-editor\" data-id=\"9f93d39\" data-element_type=\"widget\" data-e-type=\"widget\" data-widget_type=\"text-editor.default\">\n\t\t\t\t<div class=\"elementor-widget-container\">\n\t\t\t\t\t\t\t\t\t<ul>\n<li><strong>Der Markt Paseo del Parque in M\u00e1laga:<\/strong> Entlang des Paseo del Parque in M\u00e1laga finden Sie verschiedene St\u00e4nde mit traditionellem Weihnachtshandwerk. S\u00fc\u00dfigkeiten, Nougat, Pralinen und Mantecados erg\u00e4nzen das Angebot dieses Weihnachtsmarktes, der seit mehr als 30 Jahren in der Stadt stattfindet. Sie k\u00f6nnen ihn vom 22. November bis zum 5. Januar besuchen.  <\/li>\n<\/ul>\n\t\t\t\t\t\t\t\t<\/div>\n\t\t\t\t<\/div>\n\t\t\t\t\t<\/div>\n\t\t<\/div>\n\t\t\t\t\t<\/div>\n\t\t<\/section>\n\t\t\t\t<section class=\"elementor-section elementor-top-section elementor-element elementor-element-9ea0ed9 elementor-section-boxed elementor-section-height-default elementor-section-height-default\" data-id=\"9ea0ed9\" data-element_type=\"section\" data-e-type=\"section\">\n\t\t\t\t\t\t<div class=\"elementor-container elementor-column-gap-default\">\n\t\t\t\t\t<div class=\"elementor-column elementor-col-100 elementor-top-column elementor-element elementor-element-a2d71e7\" data-id=\"a2d71e7\" data-element_type=\"column\" data-e-type=\"column\">\n\t\t\t<div class=\"elementor-widget-wrap elementor-element-populated\">\n\t\t\t\t\t\t<div class=\"elementor-element elementor-element-7af35c8 elementor-widget elementor-widget-text-editor\" data-id=\"7af35c8\" data-element_type=\"widget\" data-e-type=\"widget\" data-widget_type=\"text-editor.default\">\n\t\t\t\t<div class=\"elementor-widget-container\">\n\t\t\t\t\t\t\t\t\t<ul>\n<li><a href=\"https:\/\/www.muelleuno.com\/\"><strong>Muelle Uno<\/strong>:<\/a> Dieser Flohmarkt l\u00e4uft bis zum 10. Januar und bietet mehr als 50 St\u00e4nde mit Kunsthandwerk, Gourmetprodukten und einem breiten gastronomischen Angebot. Hier finden Sie auch das Schneedorf und Aktivit\u00e4ten f\u00fcr Kinder, perfekt f\u00fcr einen Nachmittag mit der Familie. <\/li>\n<\/ul>\n\t\t\t\t\t\t\t\t<\/div>\n\t\t\t\t<\/div>\n\t\t\t\t\t<\/div>\n\t\t<\/div>\n\t\t\t\t\t<\/div>\n\t\t<\/section>\n\t\t\t\t<section class=\"elementor-section elementor-top-section elementor-element elementor-element-396d37d elementor-section-boxed elementor-section-height-default elementor-section-height-default\" data-id=\"396d37d\" data-element_type=\"section\" data-e-type=\"section\">\n\t\t\t\t\t\t<div class=\"elementor-container elementor-column-gap-default\">\n\t\t\t\t\t<div class=\"elementor-column elementor-col-100 elementor-top-column elementor-element elementor-element-9d58cfd\" data-id=\"9d58cfd\" data-element_type=\"column\" data-e-type=\"column\">\n\t\t\t<div class=\"elementor-widget-wrap elementor-element-populated\">\n\t\t\t\t\t\t<div class=\"elementor-element elementor-element-b149d1f elementor-widget elementor-widget-image\" data-id=\"b149d1f\" data-element_type=\"widget\" data-e-type=\"widget\" data-widget_type=\"image.default\">\n\t\t\t\t<div class=\"elementor-widget-container\">\n\t\t\t\t\t\t\t\t\t\t\t\t\t\t\t<img loading=\"lazy\" decoding=\"async\" width=\"300\" height=\"226\" src=\"https:\/\/i0.wp.com\/electriccartour.com\/wp-content\/uploads\/2023\/12\/navidad-en-malaga-mercadillos.jpg?fit=300%2C226&amp;ssl=1\" class=\"attachment-medium size-medium wp-image-10103\" alt=\"Mercado Navide\u00f1o en el parque de M\u00e1laga\" srcset=\"https:\/\/i0.wp.com\/electriccartour.com\/wp-content\/uploads\/2023\/12\/navidad-en-malaga-mercadillos.jpg?w=640&amp;ssl=1 640w, https:\/\/i0.wp.com\/electriccartour.com\/wp-content\/uploads\/2023\/12\/navidad-en-malaga-mercadillos.jpg?resize=300%2C226&amp;ssl=1 300w, https:\/\/i0.wp.com\/electriccartour.com\/wp-content\/uploads\/2023\/12\/navidad-en-malaga-mercadillos.jpg?resize=450%2C340&amp;ssl=1 450w\" sizes=\"(max-width: 34.9rem) calc(100vw - 2rem), (max-width: 53rem) calc(8 * (100vw \/ 12)), (min-width: 53rem) calc(6 * (100vw \/ 12)), 100vw\" \/>\t\t\t\t\t\t\t\t\t\t\t\t\t\t\t<\/div>\n\t\t\t\t<\/div>\n\t\t\t\t\t<\/div>\n\t\t<\/div>\n\t\t\t\t\t<\/div>\n\t\t<\/section>\n\t\t\t\t<section class=\"elementor-section elementor-top-section elementor-element elementor-element-f601ece elementor-section-boxed elementor-section-height-default elementor-section-height-default\" data-id=\"f601ece\" data-element_type=\"section\" data-e-type=\"section\">\n\t\t\t\t\t\t<div class=\"elementor-container elementor-column-gap-default\">\n\t\t\t\t\t<div class=\"elementor-column elementor-col-100 elementor-top-column elementor-element elementor-element-8116c4d\" data-id=\"8116c4d\" data-element_type=\"column\" data-e-type=\"column\">\n\t\t\t<div class=\"elementor-widget-wrap elementor-element-populated\">\n\t\t\t\t\t\t<div class=\"elementor-element elementor-element-b6292da elementor-widget elementor-widget-text-editor\" data-id=\"b6292da\" data-element_type=\"widget\" data-e-type=\"widget\" data-widget_type=\"text-editor.default\">\n\t\t\t\t<div class=\"elementor-widget-container\">\n\t\t\t\t\t\t\t\t\t<ul>\n<li><a href=\"https:\/\/www.google.com\/maps\/place\/Plaza+de+la+Merced,+Distrito+Centro,+29012+M%C3%A1laga\/@36.7232806,-4.4200254,603m\/data=!3m2!1e3!4b1!4m6!3m5!1s0xd72f7c06da78cdb:0x37f4bd0885b18c0e!8m2!3d36.7232763!4d-4.4174051!16s%2Fg%2F11xqpy5nq?authuser=0&amp;entry=ttu&amp;g_ep=EgoyMDI0MTEwNS4wIKXMDSoASAFQAw%3D%3D\"><strong>Plaza de la Merced Markt<\/strong>:<\/a> Ein Klassiker im Zentrum, auf dem Sie Weihnachtsartikel, handgemachte Geschenke und traditionelle S\u00fc\u00dfigkeiten kaufen k\u00f6nnen.<\/li>\n<li><a href=\"https:\/\/www.elcorteingles.es\/centroscomerciales\/es\/eci\/centros\/centro-comercial-malaga\/eventos\/disfruta-del-mercadillo-de-navidad\"><strong>El Corte Ingl\u00e9s Weihnachtsmarkt.<\/strong><\/a>  Auch dieses Jahr wieder in der Umgebung des Einkaufszentrums Corte Ingl\u00e9s. Sie k\u00f6nnen einen weiteren traditionellen Weihnachtsmarkt in M\u00e1laga genie\u00dfen. Weihnachtsdekorationen, Geschenke, mit Sorgfalt hergestellte Produkte und S\u00fc\u00dfigkeiten, die Ihren Tisch mit Tradition f\u00fcllen werden.    <strong>Von Donnerstag, 28. November bis 5. Januar.<\/strong><\/li>\n<\/ul>\n\t\t\t\t\t\t\t\t<\/div>\n\t\t\t\t<\/div>\n\t\t\t\t\t<\/div>\n\t\t<\/div>\n\t\t\t\t\t<\/div>\n\t\t<\/section>\n\t\t\t\t<section class=\"elementor-section elementor-top-section elementor-element elementor-element-e58fd7c elementor-section-boxed elementor-section-height-default elementor-section-height-default\" data-id=\"e58fd7c\" data-element_type=\"section\" data-e-type=\"section\">\n\t\t\t\t\t\t<div class=\"elementor-container elementor-column-gap-default\">\n\t\t\t\t\t<div class=\"elementor-column elementor-col-100 elementor-top-column elementor-element elementor-element-1077d1d\" data-id=\"1077d1d\" data-element_type=\"column\" data-e-type=\"column\">\n\t\t\t<div class=\"elementor-widget-wrap elementor-element-populated\">\n\t\t\t\t\t\t<div class=\"elementor-element elementor-element-5a9c33b elementor-widget elementor-widget-text-editor\" data-id=\"5a9c33b\" data-element_type=\"widget\" data-e-type=\"widget\" data-widget_type=\"text-editor.default\">\n\t\t\t\t<div class=\"elementor-widget-container\">\n\t\t\t\t\t\t\t\t\t<p><em><strong>Extra-Tipp:<\/strong><\/em> Besuchen Sie den Pier One Flohmarkt bei Sonnenuntergang und genie\u00dfen Sie den Blick auf den beleuchteten Hafen und die Weihnachtsbeleuchtung, die sich auf dem Wasser spiegelt.<\/p>\n\t\t\t\t\t\t\t\t<\/div>\n\t\t\t\t<\/div>\n\t\t\t\t\t<\/div>\n\t\t<\/div>\n\t\t\t\t\t<\/div>\n\t\t<\/section>\n\t\t\t\t<section class=\"elementor-section elementor-top-section elementor-element elementor-element-bad07a5 elementor-section-boxed elementor-section-height-default elementor-section-height-default\" data-id=\"bad07a5\" data-element_type=\"section\" data-e-type=\"section\">\n\t\t\t\t\t\t<div class=\"elementor-container elementor-column-gap-default\">\n\t\t\t\t\t<div class=\"elementor-column elementor-col-100 elementor-top-column elementor-element elementor-element-339abe8\" data-id=\"339abe8\" data-element_type=\"column\" data-e-type=\"column\">\n\t\t\t<div class=\"elementor-widget-wrap elementor-element-populated\">\n\t\t\t\t\t\t<div class=\"elementor-element elementor-element-fdab333 elementor-widget elementor-widget-heading\" data-id=\"fdab333\" data-element_type=\"widget\" data-e-type=\"widget\" data-widget_type=\"heading.default\">\n\t\t\t\t<div class=\"elementor-widget-container\">\n\t\t\t\t\t<h2 class=\"elementor-heading-title elementor-size-default\">3. \ud83c\udf84 Krippenspiele und Weihnachtstraditionen  <\/h2>\t\t\t\t<\/div>\n\t\t\t\t<\/div>\n\t\t\t\t\t<\/div>\n\t\t<\/div>\n\t\t\t\t\t<\/div>\n\t\t<\/section>\n\t\t\t\t<section class=\"elementor-section elementor-top-section elementor-element elementor-element-5b01419 elementor-section-boxed elementor-section-height-default elementor-section-height-default\" data-id=\"5b01419\" data-element_type=\"section\" data-e-type=\"section\">\n\t\t\t\t\t\t<div class=\"elementor-container elementor-column-gap-default\">\n\t\t\t\t\t<div class=\"elementor-column elementor-col-100 elementor-top-column elementor-element elementor-element-91d0a17\" data-id=\"91d0a17\" data-element_type=\"column\" data-e-type=\"column\">\n\t\t\t<div class=\"elementor-widget-wrap elementor-element-populated\">\n\t\t\t\t\t\t<div class=\"elementor-element elementor-element-c9dabd0 elementor-widget elementor-widget-text-editor\" data-id=\"c9dabd0\" data-element_type=\"widget\" data-e-type=\"widget\" data-widget_type=\"text-editor.default\">\n\t\t\t\t<div class=\"elementor-widget-container\">\n\t\t\t\t\t\t\t\t\t<p>Verpassen Sie nicht <strong>die <a href=\"https:\/\/malagacatedral.com\/\">monumentale Krippe in der Kathedrale von M\u00e1laga<\/a><\/strong>, die in diesem Jahr einen interaktiven Teil f\u00fcr die Kleinen enth\u00e4lt. Weitere <strong>herausragende Krippen<\/strong> sind die in den <strong>Kirchen von San Juan und Santo Domingo<\/strong> sowie die ber\u00fchmte <a href=\"https:\/\/www.elpalo.org\/el-tradicional-belen-de-la-mosca-cumple-su-decimo-aniversario-en-la-montana\/\"><strong>lebende Krippe im Viertel El Palo.<\/strong><\/a> Auch im <a href=\"https:\/\/www.malaga.eu\/\"><strong>Rathaus von M\u00e1laga<\/strong><\/a> k\u00f6nnen Sie eine der wichtigsten und historischsten Krippen der Stadt bewundern. <\/p>\n\t\t\t\t\t\t\t\t<\/div>\n\t\t\t\t<\/div>\n\t\t\t\t\t<\/div>\n\t\t<\/div>\n\t\t\t\t\t<\/div>\n\t\t<\/section>\n\t\t\t\t<section class=\"elementor-section elementor-top-section elementor-element elementor-element-736100f elementor-section-boxed elementor-section-height-default elementor-section-height-default\" data-id=\"736100f\" data-element_type=\"section\" data-e-type=\"section\">\n\t\t\t\t\t\t<div class=\"elementor-container elementor-column-gap-default\">\n\t\t\t\t\t<div class=\"elementor-column elementor-col-50 elementor-top-column elementor-element elementor-element-7eccb70\" data-id=\"7eccb70\" data-element_type=\"column\" data-e-type=\"column\">\n\t\t\t<div class=\"elementor-widget-wrap elementor-element-populated\">\n\t\t\t\t\t\t<div class=\"elementor-element elementor-element-8ef092a elementor-widget elementor-widget-image\" data-id=\"8ef092a\" data-element_type=\"widget\" data-e-type=\"widget\" data-widget_type=\"image.default\">\n\t\t\t\t<div class=\"elementor-widget-container\">\n\t\t\t\t\t\t\t\t\t\t\t\t\t\t\t<img loading=\"lazy\" decoding=\"async\" width=\"640\" height=\"427\" src=\"https:\/\/i0.wp.com\/electriccartour.com\/wp-content\/uploads\/2023\/12\/larios-alumbrado-navidad-scaled.webp?fit=640%2C427&amp;ssl=1\" class=\"attachment-large size-large wp-image-10099\" alt=\"Alumbrado navide\u00f1o de la calle Larios\" srcset=\"https:\/\/i0.wp.com\/electriccartour.com\/wp-content\/uploads\/2023\/12\/larios-alumbrado-navidad-scaled.webp?w=2560&amp;ssl=1 2560w, https:\/\/i0.wp.com\/electriccartour.com\/wp-content\/uploads\/2023\/12\/larios-alumbrado-navidad-scaled.webp?resize=300%2C200&amp;ssl=1 300w, https:\/\/i0.wp.com\/electriccartour.com\/wp-content\/uploads\/2023\/12\/larios-alumbrado-navidad-scaled.webp?resize=1024%2C683&amp;ssl=1 1024w, https:\/\/i0.wp.com\/electriccartour.com\/wp-content\/uploads\/2023\/12\/larios-alumbrado-navidad-scaled.webp?resize=768%2C512&amp;ssl=1 768w, https:\/\/i0.wp.com\/electriccartour.com\/wp-content\/uploads\/2023\/12\/larios-alumbrado-navidad-scaled.webp?resize=1536%2C1024&amp;ssl=1 1536w, https:\/\/i0.wp.com\/electriccartour.com\/wp-content\/uploads\/2023\/12\/larios-alumbrado-navidad-scaled.webp?resize=2048%2C1365&amp;ssl=1 2048w, https:\/\/i0.wp.com\/electriccartour.com\/wp-content\/uploads\/2023\/12\/larios-alumbrado-navidad-scaled.webp?resize=1568%2C1045&amp;ssl=1 1568w, https:\/\/i0.wp.com\/electriccartour.com\/wp-content\/uploads\/2023\/12\/larios-alumbrado-navidad-scaled.webp?resize=1320%2C880&amp;ssl=1 1320w, https:\/\/i0.wp.com\/electriccartour.com\/wp-content\/uploads\/2023\/12\/larios-alumbrado-navidad-scaled.webp?resize=450%2C300&amp;ssl=1 450w, https:\/\/i0.wp.com\/electriccartour.com\/wp-content\/uploads\/2023\/12\/larios-alumbrado-navidad-scaled.webp?w=1920&amp;ssl=1 1920w\" sizes=\"(max-width: 34.9rem) calc(100vw - 2rem), (max-width: 53rem) calc(8 * (100vw \/ 12)), (min-width: 53rem) calc(6 * (100vw \/ 12)), 100vw\" \/>\t\t\t\t\t\t\t\t\t\t\t\t\t\t\t<\/div>\n\t\t\t\t<\/div>\n\t\t\t\t\t<\/div>\n\t\t<\/div>\n\t\t\t\t<div class=\"elementor-column elementor-col-50 elementor-top-column elementor-element elementor-element-4765dae\" data-id=\"4765dae\" data-element_type=\"column\" data-e-type=\"column\">\n\t\t\t<div class=\"elementor-widget-wrap elementor-element-populated\">\n\t\t\t\t\t\t<div class=\"elementor-element elementor-element-c8bb00d elementor-widget elementor-widget-image\" data-id=\"c8bb00d\" data-element_type=\"widget\" data-e-type=\"widget\" data-widget_type=\"image.default\">\n\t\t\t\t<div class=\"elementor-widget-container\">\n\t\t\t\t\t\t\t\t\t\t\t\t\t\t\t<img loading=\"lazy\" decoding=\"async\" width=\"640\" height=\"360\" src=\"https:\/\/i0.wp.com\/electriccartour.com\/wp-content\/uploads\/2024\/10\/espectaculo-luces-navidad-catedral-malaga.webp?fit=640%2C360&amp;ssl=1\" class=\"attachment-large size-large wp-image-11172\" alt=\"espect\u00e1culo-luces-navidad-catedral-m\u00e1laga\" srcset=\"https:\/\/i0.wp.com\/electriccartour.com\/wp-content\/uploads\/2024\/10\/espectaculo-luces-navidad-catedral-malaga.webp?w=1200&amp;ssl=1 1200w, https:\/\/i0.wp.com\/electriccartour.com\/wp-content\/uploads\/2024\/10\/espectaculo-luces-navidad-catedral-malaga.webp?resize=300%2C169&amp;ssl=1 300w, https:\/\/i0.wp.com\/electriccartour.com\/wp-content\/uploads\/2024\/10\/espectaculo-luces-navidad-catedral-malaga.webp?resize=1024%2C576&amp;ssl=1 1024w, https:\/\/i0.wp.com\/electriccartour.com\/wp-content\/uploads\/2024\/10\/espectaculo-luces-navidad-catedral-malaga.webp?resize=768%2C432&amp;ssl=1 768w\" sizes=\"(max-width: 34.9rem) calc(100vw - 2rem), (max-width: 53rem) calc(8 * (100vw \/ 12)), (min-width: 53rem) calc(6 * (100vw \/ 12)), 100vw\" \/>\t\t\t\t\t\t\t\t\t\t\t\t\t\t\t<\/div>\n\t\t\t\t<\/div>\n\t\t\t\t\t<\/div>\n\t\t<\/div>\n\t\t\t\t\t<\/div>\n\t\t<\/section>\n\t\t\t\t<section class=\"elementor-section elementor-top-section elementor-element elementor-element-1eec754 elementor-section-boxed elementor-section-height-default elementor-section-height-default\" data-id=\"1eec754\" data-element_type=\"section\" data-e-type=\"section\">\n\t\t\t\t\t\t<div class=\"elementor-container elementor-column-gap-default\">\n\t\t\t\t\t<div class=\"elementor-column elementor-col-100 elementor-top-column elementor-element elementor-element-b7cf13b\" data-id=\"b7cf13b\" data-element_type=\"column\" data-e-type=\"column\">\n\t\t\t<div class=\"elementor-widget-wrap elementor-element-populated\">\n\t\t\t\t\t\t<div class=\"elementor-element elementor-element-1f35279 elementor-widget elementor-widget-heading\" data-id=\"1f35279\" data-element_type=\"widget\" data-e-type=\"widget\" data-widget_type=\"heading.default\">\n\t\t\t\t<div class=\"elementor-widget-container\">\n\t\t\t\t\t<h2 class=\"elementor-heading-title elementor-size-default\">4. \ud83c\udf89 Aktivit\u00e4ten und Unterhaltung f\u00fcr die ganze Familie<\/h2>\t\t\t\t<\/div>\n\t\t\t\t<\/div>\n\t\t\t\t\t<\/div>\n\t\t<\/div>\n\t\t\t\t\t<\/div>\n\t\t<\/section>\n\t\t\t\t<section class=\"elementor-section elementor-top-section elementor-element elementor-element-89dcb6b elementor-section-boxed elementor-section-height-default elementor-section-height-default\" data-id=\"89dcb6b\" data-element_type=\"section\" data-e-type=\"section\">\n\t\t\t\t\t\t<div class=\"elementor-container elementor-column-gap-default\">\n\t\t\t\t\t<div class=\"elementor-column elementor-col-100 elementor-top-column elementor-element elementor-element-0f17781\" data-id=\"0f17781\" data-element_type=\"column\" data-e-type=\"column\">\n\t\t\t<div class=\"elementor-widget-wrap elementor-element-populated\">\n\t\t\t\t\t\t<div class=\"elementor-element elementor-element-302bfaf elementor-widget elementor-widget-text-editor\" data-id=\"302bfaf\" data-element_type=\"widget\" data-e-type=\"widget\" data-widget_type=\"text-editor.default\">\n\t\t\t\t<div class=\"elementor-widget-container\">\n\t\t\t\t\t\t\t\t\t<p><strong>M\u00e1laga ist voll von weihnachtlichen Aktivit\u00e4ten<\/strong> f\u00fcr alle Altersgruppen. Hier sind ein paar, die Sie nicht verpassen sollten:<\/p>\n\t\t\t\t\t\t\t\t<\/div>\n\t\t\t\t<\/div>\n\t\t\t\t\t<\/div>\n\t\t<\/div>\n\t\t\t\t\t<\/div>\n\t\t<\/section>\n\t\t\t\t<section class=\"elementor-section elementor-top-section elementor-element elementor-element-03f6fd3 elementor-section-boxed elementor-section-height-default elementor-section-height-default\" data-id=\"03f6fd3\" data-element_type=\"section\" data-e-type=\"section\">\n\t\t\t\t\t\t<div class=\"elementor-container elementor-column-gap-default\">\n\t\t\t\t\t<div class=\"elementor-column elementor-col-100 elementor-top-column elementor-element elementor-element-b902ad3\" data-id=\"b902ad3\" data-element_type=\"column\" data-e-type=\"column\">\n\t\t\t<div class=\"elementor-widget-wrap elementor-element-populated\">\n\t\t\t\t\t\t<div class=\"elementor-element elementor-element-19b915c elementor-widget elementor-widget-text-editor\" data-id=\"19b915c\" data-element_type=\"widget\" data-e-type=\"widget\" data-widget_type=\"text-editor.default\">\n\t\t\t\t<div class=\"elementor-widget-container\">\n\t\t\t\t\t\t\t\t\t<ul>\n<li><strong>Weihnachtskonzerte<\/strong> auf der Plaza de la Constituci\u00f3n. Ab dem 29. November, zur Einweihung der Weihnachtsbeleuchtung, beginnen verschiedene Shows und Konzerte mit Weihnachtsmusik. Auf einer B\u00fchne auf der Plaza selbst werden Sie die weihnachtlichste Atmosph\u00e4re der Stadt genie\u00dfen k\u00f6nnen. <a href=\"\"><strong>Auf der offiziellen Website des Rathauses<\/strong><\/a> finden Sie die offizielle Agenda. Besondere Empfehlung der <a href=\"\"><strong>Flamenco-Musikgruppe Ortigosa.<\/strong><\/a>  <\/li>\n<li><strong>Eislaufbahnen<\/strong> im Stadtzentrum und auf dem Paseo del Parque.<\/li>\n<\/ul>\n\t\t\t\t\t\t\t\t<\/div>\n\t\t\t\t<\/div>\n\t\t\t\t\t<\/div>\n\t\t<\/div>\n\t\t\t\t\t<\/div>\n\t\t<\/section>\n\t\t\t\t<section class=\"elementor-section elementor-top-section elementor-element elementor-element-0070614 elementor-section-boxed elementor-section-height-default elementor-section-height-default\" data-id=\"0070614\" data-element_type=\"section\" data-e-type=\"section\">\n\t\t\t\t\t\t<div class=\"elementor-container elementor-column-gap-default\">\n\t\t\t\t\t<div class=\"elementor-column elementor-col-100 elementor-top-column elementor-element elementor-element-5f3a933\" data-id=\"5f3a933\" data-element_type=\"column\" data-e-type=\"column\">\n\t\t\t<div class=\"elementor-widget-wrap elementor-element-populated\">\n\t\t\t\t\t\t<div class=\"elementor-element elementor-element-baca15c elementor-widget elementor-widget-image\" data-id=\"baca15c\" data-element_type=\"widget\" data-e-type=\"widget\" data-widget_type=\"image.default\">\n\t\t\t\t<div class=\"elementor-widget-container\">\n\t\t\t\t\t\t\t\t\t\t\t\t\t\t\t<img loading=\"lazy\" decoding=\"async\" width=\"300\" height=\"168\" src=\"https:\/\/i0.wp.com\/electriccartour.com\/wp-content\/uploads\/2024\/10\/reyes-magos-navidad-malaga.webp?fit=300%2C168&amp;ssl=1\" class=\"attachment-large size-large wp-image-11526\" alt=\"reyes magos de la cabalgata de navidad en m\u00e1laga\" sizes=\"(max-width: 34.9rem) calc(100vw - 2rem), (max-width: 53rem) calc(8 * (100vw \/ 12)), (min-width: 53rem) calc(6 * (100vw \/ 12)), 100vw\" \/>\t\t\t\t\t\t\t\t\t\t\t\t\t\t\t<\/div>\n\t\t\t\t<\/div>\n\t\t\t\t\t<\/div>\n\t\t<\/div>\n\t\t\t\t\t<\/div>\n\t\t<\/section>\n\t\t\t\t<section class=\"elementor-section elementor-top-section elementor-element elementor-element-2f7a528 elementor-section-boxed elementor-section-height-default elementor-section-height-default\" data-id=\"2f7a528\" data-element_type=\"section\" data-e-type=\"section\">\n\t\t\t\t\t\t<div class=\"elementor-container elementor-column-gap-default\">\n\t\t\t\t\t<div class=\"elementor-column elementor-col-100 elementor-top-column elementor-element elementor-element-3603d00\" data-id=\"3603d00\" data-element_type=\"column\" data-e-type=\"column\">\n\t\t\t<div class=\"elementor-widget-wrap elementor-element-populated\">\n\t\t\t\t\t\t<div class=\"elementor-element elementor-element-48c8bae elementor-widget elementor-widget-text-editor\" data-id=\"48c8bae\" data-element_type=\"widget\" data-e-type=\"widget\" data-widget_type=\"text-editor.default\">\n\t\t\t\t<div class=\"elementor-widget-container\">\n\t\t\t\t\t\t\t\t\t<ul>\n<li><strong>Die traditionelle Kavalkade der Heiligen Drei K\u00f6nige am 5. Januar<\/strong>, die durch die Hauptstra\u00dfen M\u00e1lagas zieht und auf der Alameda Principal mit einem gro\u00dfen Spektakel endet. In den <strong>verschiedenen Bezirken und Vierteln<\/strong> der Stadt finden au\u00dferdem weitere <strong>Dreik\u00f6nigsumz\u00fcge<\/strong> statt, an denen die Einwohner der Stadt am 4. Januar teilnehmen.<\/li>\n<li>Genie\u00dfen Sie die <strong>traditionelle Gastronomie dieser Feste.<\/strong> Es ist sehr empfehlenswert, die Churros mit hei\u00dfer Schokolade in den traditionellen Cafeterias zu probieren. <strong><a href=\"http:\/\/www.casa-aranda.net\/\">( Casa Aranda )<\/a><\/strong><\/li>\n<\/ul>\n\t\t\t\t\t\t\t\t<\/div>\n\t\t\t\t<\/div>\n\t\t\t\t\t<\/div>\n\t\t<\/div>\n\t\t\t\t\t<\/div>\n\t\t<\/section>\n\t\t\t\t<section class=\"elementor-section elementor-top-section elementor-element elementor-element-e82bebf elementor-section-boxed elementor-section-height-default elementor-section-height-default\" data-id=\"e82bebf\" data-element_type=\"section\" data-e-type=\"section\">\n\t\t\t\t\t\t<div class=\"elementor-container elementor-column-gap-default\">\n\t\t\t\t\t<div class=\"elementor-column elementor-col-100 elementor-top-column elementor-element elementor-element-e631000\" data-id=\"e631000\" data-element_type=\"column\" data-e-type=\"column\">\n\t\t\t<div class=\"elementor-widget-wrap elementor-element-populated\">\n\t\t\t\t\t\t<div class=\"elementor-element elementor-element-cbb9654 elementor-widget elementor-widget-image\" data-id=\"cbb9654\" data-element_type=\"widget\" data-e-type=\"widget\" data-widget_type=\"image.default\">\n\t\t\t\t<div class=\"elementor-widget-container\">\n\t\t\t\t\t\t\t\t\t\t\t\t\t\t\t<img loading=\"lazy\" decoding=\"async\" width=\"300\" height=\"153\" src=\"https:\/\/i0.wp.com\/electriccartour.com\/wp-content\/uploads\/2024\/10\/churros-con-chocolate-casa-aranda.webp?fit=300%2C153&amp;ssl=1\" class=\"attachment-medium size-medium wp-image-11176\" alt=\"churros-con-chocolate-casa-aranda\" srcset=\"https:\/\/i0.wp.com\/electriccartour.com\/wp-content\/uploads\/2024\/10\/churros-con-chocolate-casa-aranda.webp?w=1220&amp;ssl=1 1220w, https:\/\/i0.wp.com\/electriccartour.com\/wp-content\/uploads\/2024\/10\/churros-con-chocolate-casa-aranda.webp?resize=300%2C153&amp;ssl=1 300w, https:\/\/i0.wp.com\/electriccartour.com\/wp-content\/uploads\/2024\/10\/churros-con-chocolate-casa-aranda.webp?resize=1024%2C521&amp;ssl=1 1024w, https:\/\/i0.wp.com\/electriccartour.com\/wp-content\/uploads\/2024\/10\/churros-con-chocolate-casa-aranda.webp?resize=768%2C391&amp;ssl=1 768w\" sizes=\"(max-width: 34.9rem) calc(100vw - 2rem), (max-width: 53rem) calc(8 * (100vw \/ 12)), (min-width: 53rem) calc(6 * (100vw \/ 12)), 100vw\" \/>\t\t\t\t\t\t\t\t\t\t\t\t\t\t\t<\/div>\n\t\t\t\t<\/div>\n\t\t\t\t\t<\/div>\n\t\t<\/div>\n\t\t\t\t\t<\/div>\n\t\t<\/section>\n\t\t\t\t<section class=\"elementor-section elementor-top-section elementor-element elementor-element-7019ae8 elementor-section-boxed elementor-section-height-default elementor-section-height-default\" data-id=\"7019ae8\" data-element_type=\"section\" data-e-type=\"section\">\n\t\t\t\t\t\t<div class=\"elementor-container elementor-column-gap-default\">\n\t\t\t\t\t<div class=\"elementor-column elementor-col-100 elementor-top-column elementor-element elementor-element-2a8b92e\" data-id=\"2a8b92e\" data-element_type=\"column\" data-e-type=\"column\">\n\t\t\t<div class=\"elementor-widget-wrap elementor-element-populated\">\n\t\t\t\t\t\t<div class=\"elementor-element elementor-element-65f1cc1 elementor-widget elementor-widget-text-editor\" data-id=\"65f1cc1\" data-element_type=\"widget\" data-e-type=\"widget\" data-widget_type=\"text-editor.default\">\n\t\t\t\t<div class=\"elementor-widget-container\">\n\t\t\t\t\t\t\t\t\t<ul>\n<li><a href=\"https:\/\/lucesdelaconcepcion.es\/\"><strong>Lichter von La Concepci\u00f3n<\/strong><\/a>Eine gro\u00dfartige <strong>Lichtshow im Botanischen Garten von La Concepci\u00f3n<\/strong> <strong>vom 29. November bis zum 6. Januar.<\/strong> Inmitten einer majest\u00e4tischen Natur, in der die Landschaften einem M\u00e4rchen entsprungen zu sein scheinen, entsteht ILLUSION, eine Show, die den Alltag hinter sich l\u00e4sst und uns in eine Welt voller Magie und Wunder entf\u00fchrt.<\/li>\n<\/ul>\n\t\t\t\t\t\t\t\t<\/div>\n\t\t\t\t<\/div>\n\t\t\t\t<div class=\"elementor-element elementor-element-8d06ab7 elementor-widget elementor-widget-image\" data-id=\"8d06ab7\" data-element_type=\"widget\" data-e-type=\"widget\" data-widget_type=\"image.default\">\n\t\t\t\t<div class=\"elementor-widget-container\">\n\t\t\t\t\t\t\t\t\t\t\t\t\t\t\t<img loading=\"lazy\" decoding=\"async\" width=\"300\" height=\"225\" src=\"https:\/\/i0.wp.com\/electriccartour.com\/wp-content\/uploads\/2024\/10\/luces-de-la-concepcion.webp?fit=300%2C225&amp;ssl=1\" class=\"attachment-medium size-medium wp-image-11455\" alt=\"luces de navidad en el jard\u00edn bot\u00e1nico de la Concepci\u00f3n\" srcset=\"https:\/\/i0.wp.com\/electriccartour.com\/wp-content\/uploads\/2024\/10\/luces-de-la-concepcion.webp?w=1024&amp;ssl=1 1024w, https:\/\/i0.wp.com\/electriccartour.com\/wp-content\/uploads\/2024\/10\/luces-de-la-concepcion.webp?resize=300%2C225&amp;ssl=1 300w, https:\/\/i0.wp.com\/electriccartour.com\/wp-content\/uploads\/2024\/10\/luces-de-la-concepcion.webp?resize=768%2C576&amp;ssl=1 768w\" sizes=\"(max-width: 34.9rem) calc(100vw - 2rem), (max-width: 53rem) calc(8 * (100vw \/ 12)), (min-width: 53rem) calc(6 * (100vw \/ 12)), 100vw\" \/>\t\t\t\t\t\t\t\t\t\t\t\t\t\t\t<\/div>\n\t\t\t\t<\/div>\n\t\t\t\t\t<\/div>\n\t\t<\/div>\n\t\t\t\t\t<\/div>\n\t\t<\/section>\n\t\t\t\t<section class=\"elementor-section elementor-top-section elementor-element elementor-element-986052f elementor-section-boxed elementor-section-height-default elementor-section-height-default\" data-id=\"986052f\" data-element_type=\"section\" data-e-type=\"section\">\n\t\t\t\t\t\t<div class=\"elementor-container elementor-column-gap-default\">\n\t\t\t\t\t<div class=\"elementor-column elementor-col-100 elementor-top-column elementor-element elementor-element-43c0de4\" data-id=\"43c0de4\" data-element_type=\"column\" data-e-type=\"column\">\n\t\t\t<div class=\"elementor-widget-wrap elementor-element-populated\">\n\t\t\t\t\t\t<div class=\"elementor-element elementor-element-9876fdb elementor-widget elementor-widget-text-editor\" data-id=\"9876fdb\" data-element_type=\"widget\" data-e-type=\"widget\" data-widget_type=\"text-editor.default\">\n\t\t\t\t<div class=\"elementor-widget-container\">\n\t\t\t\t\t\t\t\t\t<ul>\n<li><a href=\"https:\/\/festivaldelaslinternasmalaga.es\/\"><strong>Laternenfest im Parque del Oeste<\/strong>:<\/a> Eine der diesj\u00e4hrigen Neuheiten, mit beleuchteten Laternen, die von der chinesischen Tradition inspiriert sind, <strong>vom 30. November bis zum 15. Februar<\/strong>.<\/li>\n<\/ul>\n\t\t\t\t\t\t\t\t<\/div>\n\t\t\t\t<\/div>\n\t\t\t\t\t<\/div>\n\t\t<\/div>\n\t\t\t\t\t<\/div>\n\t\t<\/section>\n\t\t\t\t<section class=\"elementor-section elementor-top-section elementor-element elementor-element-a524d62 elementor-section-boxed elementor-section-height-default elementor-section-height-default\" data-id=\"a524d62\" data-element_type=\"section\" data-e-type=\"section\">\n\t\t\t\t\t\t<div class=\"elementor-container elementor-column-gap-default\">\n\t\t\t\t\t<div class=\"elementor-column elementor-col-100 elementor-top-column elementor-element elementor-element-497a2bf\" data-id=\"497a2bf\" data-element_type=\"column\" data-e-type=\"column\">\n\t\t\t<div class=\"elementor-widget-wrap elementor-element-populated\">\n\t\t\t\t\t\t<div class=\"elementor-element elementor-element-89a6acc elementor-widget elementor-widget-heading\" data-id=\"89a6acc\" data-element_type=\"widget\" data-e-type=\"widget\" data-widget_type=\"heading.default\">\n\t\t\t\t<div class=\"elementor-widget-container\">\n\t\t\t\t\t<h3 class=\"elementor-heading-title elementor-size-default\">Termine f\u00fcr dieses Wochenende: (30\/12\/2024 - 06\/01\/2025)<\/h3>\t\t\t\t<\/div>\n\t\t\t\t<\/div>\n\t\t\t\t\t<\/div>\n\t\t<\/div>\n\t\t\t\t\t<\/div>\n\t\t<\/section>\n\t\t\t\t<section class=\"elementor-section elementor-top-section elementor-element elementor-element-a0703c8 elementor-section-boxed elementor-section-height-default elementor-section-height-default\" data-id=\"a0703c8\" data-element_type=\"section\" data-e-type=\"section\">\n\t\t\t\t\t\t<div class=\"elementor-container elementor-column-gap-default\">\n\t\t\t\t\t<div class=\"elementor-column elementor-col-100 elementor-top-column elementor-element elementor-element-5789df1\" data-id=\"5789df1\" data-element_type=\"column\" data-e-type=\"column\">\n\t\t\t<div class=\"elementor-widget-wrap elementor-element-populated\">\n\t\t\t\t\t\t<div class=\"elementor-element elementor-element-f0ae2d9 elementor-widget elementor-widget-heading\" data-id=\"f0ae2d9\" data-element_type=\"widget\" data-e-type=\"widget\" data-widget_type=\"heading.default\">\n\t\t\t\t<div class=\"elementor-widget-container\">\n\t\t\t\t\t<h3 class=\"elementor-heading-title elementor-size-default\">Die Gastronomie:  <\/h3>\t\t\t\t<\/div>\n\t\t\t\t<\/div>\n\t\t\t\t\t<\/div>\n\t\t<\/div>\n\t\t\t\t\t<\/div>\n\t\t<\/section>\n\t\t\t\t<section class=\"elementor-section elementor-top-section elementor-element elementor-element-a6aa639 elementor-section-boxed elementor-section-height-default elementor-section-height-default\" data-id=\"a6aa639\" data-element_type=\"section\" data-e-type=\"section\">\n\t\t\t\t\t\t<div class=\"elementor-container elementor-column-gap-default\">\n\t\t\t\t\t<div class=\"elementor-column elementor-col-100 elementor-top-column elementor-element elementor-element-db4b573\" data-id=\"db4b573\" data-element_type=\"column\" data-e-type=\"column\">\n\t\t\t<div class=\"elementor-widget-wrap elementor-element-populated\">\n\t\t\t\t\t\t<div class=\"elementor-element elementor-element-4263fdf elementor-widget elementor-widget-text-editor\" data-id=\"4263fdf\" data-element_type=\"widget\" data-e-type=\"widget\" data-widget_type=\"text-editor.default\">\n\t\t\t\t<div class=\"elementor-widget-container\">\n\t\t\t\t\t\t\t\t\t<ul>\n<li><strong>Weihnachtsm\u00e4rkte auf dem Paseo del Parque und der Muelle Uno sowie auf der Plaza del Centro Comercial El Cortes Ingl\u00e9s.  <\/strong>Mit einer unendlichen Anzahl von Handwerks-, Essens- und Geschenkest\u00e4nden. Ein perfekter Ort, um die weihnachtliche Atmosph\u00e4re zu genie\u00dfen und <strong>traditionelle S\u00fc\u00dfigkeiten<\/strong> zu probieren. <\/li>\n<\/ul>\n\t\t\t\t\t\t\t\t<\/div>\n\t\t\t\t<\/div>\n\t\t\t\t\t<\/div>\n\t\t<\/div>\n\t\t\t\t\t<\/div>\n\t\t<\/section>\n\t\t\t\t<section class=\"elementor-section elementor-top-section elementor-element elementor-element-f82c81a elementor-section-boxed elementor-section-height-default elementor-section-height-default\" data-id=\"f82c81a\" data-element_type=\"section\" data-e-type=\"section\">\n\t\t\t\t\t\t<div class=\"elementor-container elementor-column-gap-default\">\n\t\t\t\t\t<div class=\"elementor-column elementor-col-100 elementor-top-column elementor-element elementor-element-dade244\" data-id=\"dade244\" data-element_type=\"column\" data-e-type=\"column\">\n\t\t\t<div class=\"elementor-widget-wrap elementor-element-populated\">\n\t\t\t\t\t\t<div class=\"elementor-element elementor-element-760339d elementor-widget elementor-widget-text-editor\" data-id=\"760339d\" data-element_type=\"widget\" data-e-type=\"widget\" data-widget_type=\"text-editor.default\">\n\t\t\t\t<div class=\"elementor-widget-container\">\n\t\t\t\t\t\t\t\t\t<ul>\n<li><strong>Weihnachts-Cocktail-Route.  <\/strong>Mehrere Bars und Restaurants im Zentrum von M\u00e1laga nehmen an dieser Route teil und bieten spezielle Cocktails zum Thema Weihnachten an.<\/li>\n<\/ul>\n\t\t\t\t\t\t\t\t<\/div>\n\t\t\t\t<\/div>\n\t\t\t\t\t<\/div>\n\t\t<\/div>\n\t\t\t\t\t<\/div>\n\t\t<\/section>\n\t\t\t\t<section class=\"elementor-section elementor-top-section elementor-element elementor-element-d848b37 elementor-section-boxed elementor-section-height-default elementor-section-height-default\" data-id=\"d848b37\" data-element_type=\"section\" data-e-type=\"section\">\n\t\t\t\t\t\t<div class=\"elementor-container elementor-column-gap-default\">\n\t\t\t\t\t<div class=\"elementor-column elementor-col-100 elementor-top-column elementor-element elementor-element-73c47d7\" data-id=\"73c47d7\" data-element_type=\"column\" data-e-type=\"column\">\n\t\t\t<div class=\"elementor-widget-wrap elementor-element-populated\">\n\t\t\t\t\t\t<div class=\"elementor-element elementor-element-99ba2d0 elementor-widget elementor-widget-text-editor\" data-id=\"99ba2d0\" data-element_type=\"widget\" data-e-type=\"widget\" data-widget_type=\"text-editor.default\">\n\t\t\t\t<div class=\"elementor-widget-container\">\n\t\t\t\t\t\t\t\t\t<ul>\n<li><strong>Chocoland in der Muelle Uno.  <\/strong>Ein Ort f\u00fcr Schokoladenliebhaber, mit St\u00e4nden, die eine Vielzahl von Schokoladenk\u00f6stlichkeiten anbieten.<\/li>\n<\/ul>\n\t\t\t\t\t\t\t\t<\/div>\n\t\t\t\t<\/div>\n\t\t\t\t\t<\/div>\n\t\t<\/div>\n\t\t\t\t\t<\/div>\n\t\t<\/section>\n\t\t\t\t<section class=\"elementor-section elementor-top-section elementor-element elementor-element-625e65a elementor-section-boxed elementor-section-height-default elementor-section-height-default\" data-id=\"625e65a\" data-element_type=\"section\" data-e-type=\"section\">\n\t\t\t\t\t\t<div class=\"elementor-container elementor-column-gap-default\">\n\t\t\t\t\t<div class=\"elementor-column elementor-col-100 elementor-top-column elementor-element elementor-element-ae9dd10\" data-id=\"ae9dd10\" data-element_type=\"column\" data-e-type=\"column\">\n\t\t\t<div class=\"elementor-widget-wrap elementor-element-populated\">\n\t\t\t\t\t\t<div class=\"elementor-element elementor-element-7844cb7 elementor-widget elementor-widget-image\" data-id=\"7844cb7\" data-element_type=\"widget\" data-e-type=\"widget\" data-widget_type=\"image.default\">\n\t\t\t\t<div class=\"elementor-widget-container\">\n\t\t\t\t\t\t\t\t\t\t\t\t\t\t\t<img loading=\"lazy\" decoding=\"async\" width=\"300\" height=\"160\" src=\"https:\/\/i0.wp.com\/electriccartour.com\/wp-content\/uploads\/2024\/10\/zambombas-de-malaga-en-navidad.webp?fit=300%2C160&amp;ssl=1\" class=\"attachment-medium size-medium wp-image-11568\" alt=\"conciertos de m\u00fasica en navidad de m\u00e1laga 2024\" srcset=\"https:\/\/i0.wp.com\/electriccartour.com\/wp-content\/uploads\/2024\/10\/zambombas-de-malaga-en-navidad.webp?w=1500&amp;ssl=1 1500w, https:\/\/i0.wp.com\/electriccartour.com\/wp-content\/uploads\/2024\/10\/zambombas-de-malaga-en-navidad.webp?resize=300%2C160&amp;ssl=1 300w, https:\/\/i0.wp.com\/electriccartour.com\/wp-content\/uploads\/2024\/10\/zambombas-de-malaga-en-navidad.webp?resize=1024%2C546&amp;ssl=1 1024w, https:\/\/i0.wp.com\/electriccartour.com\/wp-content\/uploads\/2024\/10\/zambombas-de-malaga-en-navidad.webp?resize=768%2C410&amp;ssl=1 768w, https:\/\/i0.wp.com\/electriccartour.com\/wp-content\/uploads\/2024\/10\/zambombas-de-malaga-en-navidad.webp?resize=1320%2C704&amp;ssl=1 1320w\" sizes=\"(max-width: 34.9rem) calc(100vw - 2rem), (max-width: 53rem) calc(8 * (100vw \/ 12)), (min-width: 53rem) calc(6 * (100vw \/ 12)), 100vw\" \/>\t\t\t\t\t\t\t\t\t\t\t\t\t\t\t<\/div>\n\t\t\t\t<\/div>\n\t\t\t\t\t<\/div>\n\t\t<\/div>\n\t\t\t\t\t<\/div>\n\t\t<\/section>\n\t\t\t\t<section class=\"elementor-section elementor-top-section elementor-element elementor-element-6d1b2d9 elementor-section-boxed elementor-section-height-default elementor-section-height-default\" data-id=\"6d1b2d9\" data-element_type=\"section\" data-e-type=\"section\">\n\t\t\t\t\t\t<div class=\"elementor-container elementor-column-gap-default\">\n\t\t\t\t\t<div class=\"elementor-column elementor-col-100 elementor-top-column elementor-element elementor-element-d47ee7d\" data-id=\"d47ee7d\" data-element_type=\"column\" data-e-type=\"column\">\n\t\t\t<div class=\"elementor-widget-wrap elementor-element-populated\">\n\t\t\t\t\t\t<div class=\"elementor-element elementor-element-44dbf76 elementor-widget elementor-widget-heading\" data-id=\"44dbf76\" data-element_type=\"widget\" data-e-type=\"widget\" data-widget_type=\"heading.default\">\n\t\t\t\t<div class=\"elementor-widget-container\">\n\t\t\t\t\t<h3 class=\"elementor-heading-title elementor-size-default\">Ereignisse an Silvester (31. Dezember 2024):<\/h3>\t\t\t\t<\/div>\n\t\t\t\t<\/div>\n\t\t\t\t\t<\/div>\n\t\t<\/div>\n\t\t\t\t\t<\/div>\n\t\t<\/section>\n\t\t\t\t<section class=\"elementor-section elementor-top-section elementor-element elementor-element-c9a9548 elementor-section-boxed elementor-section-height-default elementor-section-height-default\" data-id=\"c9a9548\" data-element_type=\"section\" data-e-type=\"section\">\n\t\t\t\t\t\t<div class=\"elementor-container elementor-column-gap-default\">\n\t\t\t\t\t<div class=\"elementor-column elementor-col-100 elementor-top-column elementor-element elementor-element-aac9c22\" data-id=\"aac9c22\" data-element_type=\"column\" data-e-type=\"column\">\n\t\t\t<div class=\"elementor-widget-wrap elementor-element-populated\">\n\t\t\t\t\t\t<div class=\"elementor-element elementor-element-32a79eb elementor-widget elementor-widget-text-editor\" data-id=\"32a79eb\" data-element_type=\"widget\" data-e-type=\"widget\" data-widget_type=\"text-editor.default\">\n\t\t\t\t<div class=\"elementor-widget-container\">\n\t\t\t\t\t\t\t\t\t<p>Konzerte auf der Plaza de la Constituci\u00f3n in M\u00e1laga am kommenden Wochenende, im Rahmen des Zyklus &#8222;Musik zu Weihnachten&#8220;:<\/p>\n\t\t\t\t\t\t\t\t<\/div>\n\t\t\t\t<\/div>\n\t\t\t\t\t<\/div>\n\t\t<\/div>\n\t\t\t\t\t<\/div>\n\t\t<\/section>\n\t\t\t\t<section class=\"elementor-section elementor-top-section elementor-element elementor-element-029e314 elementor-section-boxed elementor-section-height-default elementor-section-height-default\" data-id=\"029e314\" data-element_type=\"section\" data-e-type=\"section\">\n\t\t\t\t\t\t<div class=\"elementor-container elementor-column-gap-default\">\n\t\t\t\t\t<div class=\"elementor-column elementor-col-100 elementor-top-column elementor-element elementor-element-74cbf09\" data-id=\"74cbf09\" data-element_type=\"column\" data-e-type=\"column\">\n\t\t\t<div class=\"elementor-widget-wrap elementor-element-populated\">\n\t\t\t\t\t\t<div class=\"elementor-element elementor-element-d3b92a1 elementor-widget elementor-widget-text-editor\" data-id=\"d3b92a1\" data-element_type=\"widget\" data-e-type=\"widget\" data-widget_type=\"text-editor.default\">\n\t\t\t\t<div class=\"elementor-widget-container\">\n\t\t\t\t\t\t\t\t\t<p><strong>Feierlichkeiten auf der Plaza de la Constituci\u00f3n:<\/strong><\/p>\n<ul>\n<li>Das Rathaus von M\u00e1laga hat <strong>eine besondere Silvesternacht auf der Plaza de la Constituci\u00f3n<\/strong> vorbereitet, um das Jahr 2024 zu verabschieden und das Jahr 2025 willkommen zu hei\u00dfen. Die Party <strong>wird ab neun Uhr abends beginnen<\/strong>. Es wird <strong>5.000 T\u00fcten mit Weintrauben und 5.000 T\u00fcten mit Cotillion geben.<\/strong> Au\u00dferdem gibt es<strong> eine Multimedia-Show und das Orchester S\u00f3tano Sur. <\/strong>   <\/li>\n<\/ul>\n\t\t\t\t\t\t\t\t<\/div>\n\t\t\t\t<\/div>\n\t\t\t\t\t<\/div>\n\t\t<\/div>\n\t\t\t\t\t<\/div>\n\t\t<\/section>\n\t\t\t\t<section class=\"elementor-section elementor-top-section elementor-element elementor-element-4439de2 elementor-section-boxed elementor-section-height-default elementor-section-height-default\" data-id=\"4439de2\" data-element_type=\"section\" data-e-type=\"section\">\n\t\t\t\t\t\t<div class=\"elementor-container elementor-column-gap-default\">\n\t\t\t\t\t<div class=\"elementor-column elementor-col-100 elementor-top-column elementor-element elementor-element-40d38d0\" data-id=\"40d38d0\" data-element_type=\"column\" data-e-type=\"column\">\n\t\t\t<div class=\"elementor-widget-wrap elementor-element-populated\">\n\t\t\t\t\t\t<div class=\"elementor-element elementor-element-00a73b4 elementor-widget elementor-widget-text-editor\" data-id=\"00a73b4\" data-element_type=\"widget\" data-e-type=\"widget\" data-widget_type=\"text-editor.default\">\n\t\t\t\t<div class=\"elementor-widget-container\">\n\t\t\t\t\t\t\t\t\t<p><strong>Partys in Clubs und Diskotheken:<\/strong><\/p>\n<ul>\n<li>Mehrere <strong>Clubs und Diskotheken in M\u00e1laga bieten Abendessen und Themenpartys<\/strong> an, um Silvester zu feiern. Aufgrund der hohen Nachfrage ist es ratsam, sich im Voraus zu informieren und zu reservieren. <\/li>\n<\/ul>\n\t\t\t\t\t\t\t\t<\/div>\n\t\t\t\t<\/div>\n\t\t\t\t\t<\/div>\n\t\t<\/div>\n\t\t\t\t\t<\/div>\n\t\t<\/section>\n\t\t\t\t<section class=\"elementor-section elementor-top-section elementor-element elementor-element-a34a3c4 elementor-section-boxed elementor-section-height-default elementor-section-height-default\" data-id=\"a34a3c4\" data-element_type=\"section\" data-e-type=\"section\">\n\t\t\t\t\t\t<div class=\"elementor-container elementor-column-gap-default\">\n\t\t\t\t\t<div class=\"elementor-column elementor-col-100 elementor-top-column elementor-element elementor-element-9d22dde\" data-id=\"9d22dde\" data-element_type=\"column\" data-e-type=\"column\">\n\t\t\t<div class=\"elementor-widget-wrap elementor-element-populated\">\n\t\t\t\t\t\t<div class=\"elementor-element elementor-element-fe479e0 elementor-widget elementor-widget-heading\" data-id=\"fe479e0\" data-element_type=\"widget\" data-e-type=\"widget\" data-widget_type=\"heading.default\">\n\t\t\t\t<div class=\"elementor-widget-container\">\n\t\t\t\t\t<h3 class=\"elementor-heading-title elementor-size-default\">Veranstaltungen f\u00fcr das n\u00e4chste Wochenende (4. und 5. Januar 2025), Drei-K\u00f6nigs-Parade:<\/h3>\t\t\t\t<\/div>\n\t\t\t\t<\/div>\n\t\t\t\t\t<\/div>\n\t\t<\/div>\n\t\t\t\t\t<\/div>\n\t\t<\/section>\n\t\t\t\t<section class=\"elementor-section elementor-top-section elementor-element elementor-element-ff5bac5 elementor-section-boxed elementor-section-height-default elementor-section-height-default\" data-id=\"ff5bac5\" data-element_type=\"section\" data-e-type=\"section\">\n\t\t\t\t\t\t<div class=\"elementor-container elementor-column-gap-default\">\n\t\t\t\t\t<div class=\"elementor-column elementor-col-100 elementor-top-column elementor-element elementor-element-0e6f6be\" data-id=\"0e6f6be\" data-element_type=\"column\" data-e-type=\"column\">\n\t\t\t<div class=\"elementor-widget-wrap elementor-element-populated\">\n\t\t\t\t\t\t<div class=\"elementor-element elementor-element-db390b3 elementor-widget elementor-widget-text-editor\" data-id=\"db390b3\" data-element_type=\"widget\" data-e-type=\"widget\" data-widget_type=\"text-editor.default\">\n\t\t\t\t<div class=\"elementor-widget-container\">\n\t\t\t\t\t\t\t\t\t<ul>\n<li><strong>5. Januar 2025.<\/strong> Die <strong>traditionelle Kavalkade<\/strong> wird durch die Hauptstra\u00dfen von M\u00e1laga ziehen und dabei Illusionen und S\u00fc\u00dfigkeiten an Kinder und Erwachsene verteilen. Die Route verl\u00e4uft entlang des historischen Zentrums und ab 18:00 Uhr Die genaue Route wird vom <strong><a href=\"https:\/\/www.campamentos.info\/noticias\/cabalgata-de-reyes-magos-recorrido-y-horarios-en-ciudades-de-espana\/Cabalgata-de-Reyes-Magos-en-Malaga#:~:text=Horario%20de%20la%20cabalgata%20de,Ayuntamiento%20de%20M%C3%A1laga\">Rathaus bekannt gegeben. <\/a><\/strong>  <\/li>\n<\/ul>\n\t\t\t\t\t\t\t\t<\/div>\n\t\t\t\t<\/div>\n\t\t\t\t\t<\/div>\n\t\t<\/div>\n\t\t\t\t\t<\/div>\n\t\t<\/section>\n\t\t\t\t<section class=\"elementor-section elementor-top-section elementor-element elementor-element-d4e4de9 elementor-section-boxed elementor-section-height-default elementor-section-height-default\" data-id=\"d4e4de9\" data-element_type=\"section\" data-e-type=\"section\">\n\t\t\t\t\t\t<div class=\"elementor-container elementor-column-gap-default\">\n\t\t\t\t\t<div class=\"elementor-column elementor-col-100 elementor-top-column elementor-element elementor-element-becf341\" data-id=\"becf341\" data-element_type=\"column\" data-e-type=\"column\">\n\t\t\t<div class=\"elementor-widget-wrap elementor-element-populated\">\n\t\t\t\t\t\t<div class=\"elementor-element elementor-element-5d9ac6b elementor-widget elementor-widget-text-editor\" data-id=\"5d9ac6b\" data-element_type=\"widget\" data-e-type=\"widget\" data-widget_type=\"text-editor.default\">\n\t\t\t\t<div class=\"elementor-widget-container\">\n\t\t\t\t\t\t\t\t\t<ul>\n<li><strong>Am 4. Januar 2025<\/strong> wird es auch <strong>in anderen Bezirken verschiedene Paraden geben, wie z.B. im<\/strong> Bezirk Cruz de Humilladero, im Bezirk Miraflores, im Bezirk Puerto de la Torre, in Churriana, el Palo und anderen.  <\/li>\n<\/ul>\n\t\t\t\t\t\t\t\t<\/div>\n\t\t\t\t<\/div>\n\t\t\t\t\t<\/div>\n\t\t<\/div>\n\t\t\t\t\t<\/div>\n\t\t<\/section>\n\t\t\t\t<section class=\"elementor-section elementor-top-section elementor-element elementor-element-01bd5cd elementor-section-boxed elementor-section-height-default elementor-section-height-default\" data-id=\"01bd5cd\" data-element_type=\"section\" data-e-type=\"section\">\n\t\t\t\t\t\t<div class=\"elementor-container elementor-column-gap-default\">\n\t\t\t\t\t<div class=\"elementor-column elementor-col-50 elementor-top-column elementor-element elementor-element-4ee9839\" data-id=\"4ee9839\" data-element_type=\"column\" data-e-type=\"column\">\n\t\t\t<div class=\"elementor-widget-wrap elementor-element-populated\">\n\t\t\t\t\t\t<div class=\"elementor-element elementor-element-2e98675 elementor-widget elementor-widget-image\" data-id=\"2e98675\" data-element_type=\"widget\" data-e-type=\"widget\" data-widget_type=\"image.default\">\n\t\t\t\t<div class=\"elementor-widget-container\">\n\t\t\t\t\t\t\t\t\t\t\t\t\t\t\t<img loading=\"lazy\" decoding=\"async\" width=\"640\" height=\"360\" src=\"https:\/\/i0.wp.com\/electriccartour.com\/wp-content\/uploads\/2024\/10\/esposicion-tesoros-reyes-magos-scaled.webp?fit=640%2C360&amp;ssl=1\" class=\"attachment-large size-large wp-image-11771\" alt=\"exposici\u00f3n tesoros de los reyes magos en navidad de m\u00e1laga\" srcset=\"https:\/\/i0.wp.com\/electriccartour.com\/wp-content\/uploads\/2024\/10\/esposicion-tesoros-reyes-magos-scaled.webp?w=2560&amp;ssl=1 2560w, https:\/\/i0.wp.com\/electriccartour.com\/wp-content\/uploads\/2024\/10\/esposicion-tesoros-reyes-magos-scaled.webp?resize=300%2C169&amp;ssl=1 300w, https:\/\/i0.wp.com\/electriccartour.com\/wp-content\/uploads\/2024\/10\/esposicion-tesoros-reyes-magos-scaled.webp?resize=1024%2C576&amp;ssl=1 1024w, https:\/\/i0.wp.com\/electriccartour.com\/wp-content\/uploads\/2024\/10\/esposicion-tesoros-reyes-magos-scaled.webp?resize=768%2C432&amp;ssl=1 768w, https:\/\/i0.wp.com\/electriccartour.com\/wp-content\/uploads\/2024\/10\/esposicion-tesoros-reyes-magos-scaled.webp?resize=1536%2C864&amp;ssl=1 1536w, https:\/\/i0.wp.com\/electriccartour.com\/wp-content\/uploads\/2024\/10\/esposicion-tesoros-reyes-magos-scaled.webp?resize=2048%2C1152&amp;ssl=1 2048w, https:\/\/i0.wp.com\/electriccartour.com\/wp-content\/uploads\/2024\/10\/esposicion-tesoros-reyes-magos-scaled.webp?resize=1568%2C882&amp;ssl=1 1568w, https:\/\/i0.wp.com\/electriccartour.com\/wp-content\/uploads\/2024\/10\/esposicion-tesoros-reyes-magos-scaled.webp?resize=1320%2C743&amp;ssl=1 1320w, https:\/\/i0.wp.com\/electriccartour.com\/wp-content\/uploads\/2024\/10\/esposicion-tesoros-reyes-magos-scaled.webp?w=1920&amp;ssl=1 1920w\" sizes=\"(max-width: 34.9rem) calc(100vw - 2rem), (max-width: 53rem) calc(8 * (100vw \/ 12)), (min-width: 53rem) calc(6 * (100vw \/ 12)), 100vw\" \/>\t\t\t\t\t\t\t\t\t\t\t\t\t\t\t<\/div>\n\t\t\t\t<\/div>\n\t\t\t\t\t<\/div>\n\t\t<\/div>\n\t\t\t\t<div class=\"elementor-column elementor-col-50 elementor-top-column elementor-element elementor-element-2142e82\" data-id=\"2142e82\" data-element_type=\"column\" data-e-type=\"column\">\n\t\t\t<div class=\"elementor-widget-wrap elementor-element-populated\">\n\t\t\t\t\t\t<div class=\"elementor-element elementor-element-ecabe9f elementor-widget elementor-widget-image\" data-id=\"ecabe9f\" data-element_type=\"widget\" data-e-type=\"widget\" data-widget_type=\"image.default\">\n\t\t\t\t<div class=\"elementor-widget-container\">\n\t\t\t\t\t\t\t\t\t\t\t\t\t\t\t<img loading=\"lazy\" decoding=\"async\" width=\"300\" height=\"225\" src=\"https:\/\/i0.wp.com\/electriccartour.com\/wp-content\/uploads\/2024\/10\/selfie-reyes-magos-de-horiente-scaled.webp?fit=300%2C225&amp;ssl=1\" class=\"attachment-medium size-medium wp-image-11775\" alt=\"foto con los reyes magos de horiente\" srcset=\"https:\/\/i0.wp.com\/electriccartour.com\/wp-content\/uploads\/2024\/10\/selfie-reyes-magos-de-horiente-scaled.webp?w=2560&amp;ssl=1 2560w, https:\/\/i0.wp.com\/electriccartour.com\/wp-content\/uploads\/2024\/10\/selfie-reyes-magos-de-horiente-scaled.webp?resize=300%2C225&amp;ssl=1 300w, https:\/\/i0.wp.com\/electriccartour.com\/wp-content\/uploads\/2024\/10\/selfie-reyes-magos-de-horiente-scaled.webp?resize=1024%2C768&amp;ssl=1 1024w, https:\/\/i0.wp.com\/electriccartour.com\/wp-content\/uploads\/2024\/10\/selfie-reyes-magos-de-horiente-scaled.webp?resize=768%2C576&amp;ssl=1 768w, https:\/\/i0.wp.com\/electriccartour.com\/wp-content\/uploads\/2024\/10\/selfie-reyes-magos-de-horiente-scaled.webp?resize=1536%2C1152&amp;ssl=1 1536w, https:\/\/i0.wp.com\/electriccartour.com\/wp-content\/uploads\/2024\/10\/selfie-reyes-magos-de-horiente-scaled.webp?resize=2048%2C1536&amp;ssl=1 2048w, https:\/\/i0.wp.com\/electriccartour.com\/wp-content\/uploads\/2024\/10\/selfie-reyes-magos-de-horiente-scaled.webp?resize=1568%2C1176&amp;ssl=1 1568w, https:\/\/i0.wp.com\/electriccartour.com\/wp-content\/uploads\/2024\/10\/selfie-reyes-magos-de-horiente-scaled.webp?resize=1320%2C990&amp;ssl=1 1320w, https:\/\/i0.wp.com\/electriccartour.com\/wp-content\/uploads\/2024\/10\/selfie-reyes-magos-de-horiente-scaled.webp?w=1920&amp;ssl=1 1920w\" sizes=\"(max-width: 34.9rem) calc(100vw - 2rem), (max-width: 53rem) calc(8 * (100vw \/ 12)), (min-width: 53rem) calc(6 * (100vw \/ 12)), 100vw\" \/>\t\t\t\t\t\t\t\t\t\t\t\t\t\t\t<\/div>\n\t\t\t\t<\/div>\n\t\t\t\t\t<\/div>\n\t\t<\/div>\n\t\t\t\t\t<\/div>\n\t\t<\/section>\n\t\t\t\t<section class=\"elementor-section elementor-top-section elementor-element elementor-element-2994644 elementor-section-boxed elementor-section-height-default elementor-section-height-default\" data-id=\"2994644\" data-element_type=\"section\" data-e-type=\"section\">\n\t\t\t\t\t\t<div class=\"elementor-container elementor-column-gap-default\">\n\t\t\t\t\t<div class=\"elementor-column elementor-col-100 elementor-top-column elementor-element elementor-element-05ecbfb\" data-id=\"05ecbfb\" data-element_type=\"column\" data-e-type=\"column\">\n\t\t\t<div class=\"elementor-widget-wrap elementor-element-populated\">\n\t\t\t\t\t\t<div class=\"elementor-element elementor-element-4ac1497 elementor-widget elementor-widget-heading\" data-id=\"4ac1497\" data-element_type=\"widget\" data-e-type=\"widget\" data-widget_type=\"heading.default\">\n\t\t\t\t<div class=\"elementor-widget-container\">\n\t\t\t\t\t<h3 class=\"elementor-heading-title elementor-size-default\">H\u00f6hepunkte:<\/h3>\t\t\t\t<\/div>\n\t\t\t\t<\/div>\n\t\t\t\t\t<\/div>\n\t\t<\/div>\n\t\t\t\t\t<\/div>\n\t\t<\/section>\n\t\t\t\t<section class=\"elementor-section elementor-top-section elementor-element elementor-element-5fc3537 elementor-section-boxed elementor-section-height-default elementor-section-height-default\" data-id=\"5fc3537\" data-element_type=\"section\" data-e-type=\"section\">\n\t\t\t\t\t\t<div class=\"elementor-container elementor-column-gap-default\">\n\t\t\t\t\t<div class=\"elementor-column elementor-col-100 elementor-top-column elementor-element elementor-element-74cbd64\" data-id=\"74cbd64\" data-element_type=\"column\" data-e-type=\"column\">\n\t\t\t<div class=\"elementor-widget-wrap elementor-element-populated\">\n\t\t\t\t\t\t<div class=\"elementor-element elementor-element-3520093 elementor-widget elementor-widget-text-editor\" data-id=\"3520093\" data-element_type=\"widget\" data-e-type=\"widget\" data-widget_type=\"text-editor.default\">\n\t\t\t\t<div class=\"elementor-widget-container\">\n\t\t\t\t\t\t\t\t\t<ul>\n<li>\n<div class=\"flex-shrink-0 flex flex-col relative items-end\">\n<div class=\"pt-0\">\n<div class=\"gizmo-bot-avatar flex h-8 w-8 items-center justify-center overflow-hidden rounded-full\">\n<div> <strong> Ausstellung<\/strong> <strong>Sch\u00e4tze der Heiligen Drei K\u00f6nige&#8220;.<\/strong><\/div>\n<div>Pr\u00e4sentiert im Museum der <a href=\"https:\/\/tesorosdelosmagos.com\/\"><strong>Agrupaci\u00f3n de Cofrad\u00edas de M\u00e1laga<\/strong><\/a>Die Ausstellung bietet ein einzigartiges Erlebnis, das die Geschichte und das Verm\u00e4chtnis der Weisen aus dem Morgenland enth\u00fcllt. <strong>Vom 16. November bis zum 28. Januar.<\/strong> Eine au\u00dfergew\u00f6hnliche Gelegenheit, <strong>die Symbolik und den Einfluss der Heiligen Drei K\u00f6nige<\/strong> \u00fcber die Jahrhunderte hinweg <strong>zu erkunden<\/strong>. Es verbindet Kunst, Geschichte und Technologie zu einem <strong>Erlebnis f\u00fcr die ganze Familie.<\/strong> <\/div>\n<\/div>\n<\/div>\n<\/div>\n<\/li>\n<\/ul>\n\t\t\t\t\t\t\t\t<\/div>\n\t\t\t\t<\/div>\n\t\t\t\t\t<\/div>\n\t\t<\/div>\n\t\t\t\t\t<\/div>\n\t\t<\/section>\n\t\t\t\t<section class=\"elementor-section elementor-top-section elementor-element elementor-element-b894e7a elementor-section-boxed elementor-section-height-default elementor-section-height-default\" data-id=\"b894e7a\" data-element_type=\"section\" data-e-type=\"section\">\n\t\t\t\t\t\t<div class=\"elementor-container elementor-column-gap-default\">\n\t\t\t\t\t<div class=\"elementor-column elementor-col-100 elementor-top-column elementor-element elementor-element-11b4891\" data-id=\"11b4891\" data-element_type=\"column\" data-e-type=\"column\">\n\t\t\t<div class=\"elementor-widget-wrap elementor-element-populated\">\n\t\t\t\t\t\t<div class=\"elementor-element elementor-element-80160a1 elementor-widget elementor-widget-text-editor\" data-id=\"80160a1\" data-element_type=\"widget\" data-e-type=\"widget\" data-widget_type=\"text-editor.default\">\n\t\t\t\t<div class=\"elementor-widget-container\">\n\t\t\t\t\t\t\t\t\t<p><a href=\"https:\/\/www.malaga.eu\/la-ciudad\/agenda\/detalle-actividad\/index.html?id=136925\"><strong>Weihnachtsvergn\u00fcgungspark in Teatinos<\/strong><\/a><\/p>\n<ul>\n<li><strong>Datum:<\/strong> Bis 6. Januar<\/li>\n<li><strong>Zeitplan:<\/strong>\n<ul>\n<li>Wochentags: 17:00 bis 20:30 Uhr<\/li>\n<li>Wochenenden und Feiertage: 12:00 bis 13:30 und 17:00 bis 22:00.  <\/li>\n<\/ul>\n<\/li>\n<li>Es gibt musikalische Darbietungen, Workshops, Theater, Attraktionen f\u00fcr Kinder und Essensst\u00e4nde.<\/li>\n<\/ul>\n\t\t\t\t\t\t\t\t<\/div>\n\t\t\t\t<\/div>\n\t\t\t\t\t<\/div>\n\t\t<\/div>\n\t\t\t\t\t<\/div>\n\t\t<\/section>\n\t\t\t\t<section class=\"elementor-section elementor-top-section elementor-element elementor-element-9a0b641 elementor-section-boxed elementor-section-height-default elementor-section-height-default\" data-id=\"9a0b641\" data-element_type=\"section\" data-e-type=\"section\">\n\t\t\t\t\t\t<div class=\"elementor-container elementor-column-gap-default\">\n\t\t\t\t\t<div class=\"elementor-column elementor-col-100 elementor-top-column elementor-element elementor-element-047d4d8\" data-id=\"047d4d8\" data-element_type=\"column\" data-e-type=\"column\">\n\t\t\t<div class=\"elementor-widget-wrap elementor-element-populated\">\n\t\t\t\t\t\t<div class=\"elementor-element elementor-element-38c9489 elementor-widget elementor-widget-text-editor\" data-id=\"38c9489\" data-element_type=\"widget\" data-e-type=\"widget\" data-widget_type=\"text-editor.default\">\n\t\t\t\t<div class=\"elementor-widget-container\">\n\t\t\t\t\t\t\t\t\t<p><strong><a href=\"https:\/\/www.instagram.com\/distrito2malagaeste\/reel\/DDhNonFN_xd\/\">Weihnachtsmanndorf<\/a> im Virginia Beach Park<\/strong><\/p>\n<ul>\n<li><strong>Datum:<\/strong> Samstag, 21. Dezember<\/li>\n<li><strong>\u00d6ffnungszeiten:<\/strong> 11:00 bis 15:00 und 16:00 bis 19:00 Uhr<\/li>\n<li>Ein magischer Ort f\u00fcr die Kleinen mit der Anwesenheit des Weihnachtsmanns und seiner Elfen, H\u00fcpfburgen, Weihnachtsworkshops, Puppentheater, Eisbahn, Weihnachtszug und einem mechanischen Rentier. Virginia Beach, Viertel El Palo. <\/li>\n<\/ul>\n\t\t\t\t\t\t\t\t<\/div>\n\t\t\t\t<\/div>\n\t\t\t\t\t<\/div>\n\t\t<\/div>\n\t\t\t\t\t<\/div>\n\t\t<\/section>\n\t\t\t\t<section class=\"elementor-section elementor-top-section elementor-element elementor-element-667ec14 elementor-section-boxed elementor-section-height-default elementor-section-height-default\" data-id=\"667ec14\" data-element_type=\"section\" data-e-type=\"section\">\n\t\t\t\t\t\t<div class=\"elementor-container elementor-column-gap-default\">\n\t\t\t\t\t<div class=\"elementor-column elementor-col-100 elementor-top-column elementor-element elementor-element-5b8f1e7\" data-id=\"5b8f1e7\" data-element_type=\"column\" data-e-type=\"column\">\n\t\t\t<div class=\"elementor-widget-wrap elementor-element-populated\">\n\t\t\t\t\t\t<div class=\"elementor-element elementor-element-55b339d elementor-widget elementor-widget-image\" data-id=\"55b339d\" data-element_type=\"widget\" data-e-type=\"widget\" data-widget_type=\"image.default\">\n\t\t\t\t<div class=\"elementor-widget-container\">\n\t\t\t\t\t\t\t\t\t\t\t\t\t\t\t<img loading=\"lazy\" decoding=\"async\" width=\"300\" height=\"200\" src=\"https:\/\/i0.wp.com\/electriccartour.com\/wp-content\/uploads\/2022\/12\/tour-malaga-Christmas-scaled.jpg?fit=300%2C200&amp;ssl=1\" class=\"attachment-medium size-medium wp-image-5898\" alt=\"tour m\u00e1laga en navidad\" srcset=\"https:\/\/i0.wp.com\/electriccartour.com\/wp-content\/uploads\/2022\/12\/tour-malaga-Christmas-scaled.jpg?w=2560&amp;ssl=1 2560w, https:\/\/i0.wp.com\/electriccartour.com\/wp-content\/uploads\/2022\/12\/tour-malaga-Christmas-scaled.jpg?resize=300%2C200&amp;ssl=1 300w, https:\/\/i0.wp.com\/electriccartour.com\/wp-content\/uploads\/2022\/12\/tour-malaga-Christmas-scaled.jpg?resize=1024%2C683&amp;ssl=1 1024w, https:\/\/i0.wp.com\/electriccartour.com\/wp-content\/uploads\/2022\/12\/tour-malaga-Christmas-scaled.jpg?resize=768%2C512&amp;ssl=1 768w, https:\/\/i0.wp.com\/electriccartour.com\/wp-content\/uploads\/2022\/12\/tour-malaga-Christmas-scaled.jpg?resize=1536%2C1024&amp;ssl=1 1536w, https:\/\/i0.wp.com\/electriccartour.com\/wp-content\/uploads\/2022\/12\/tour-malaga-Christmas-scaled.jpg?resize=2048%2C1365&amp;ssl=1 2048w, https:\/\/i0.wp.com\/electriccartour.com\/wp-content\/uploads\/2022\/12\/tour-malaga-Christmas-scaled.jpg?resize=1568%2C1045&amp;ssl=1 1568w, https:\/\/i0.wp.com\/electriccartour.com\/wp-content\/uploads\/2022\/12\/tour-malaga-Christmas-scaled.jpg?resize=1320%2C880&amp;ssl=1 1320w, https:\/\/i0.wp.com\/electriccartour.com\/wp-content\/uploads\/2022\/12\/tour-malaga-Christmas-scaled.jpg?resize=450%2C300&amp;ssl=1 450w, https:\/\/i0.wp.com\/electriccartour.com\/wp-content\/uploads\/2022\/12\/tour-malaga-Christmas-scaled.jpg?w=1920&amp;ssl=1 1920w\" sizes=\"(max-width: 34.9rem) calc(100vw - 2rem), (max-width: 53rem) calc(8 * (100vw \/ 12)), (min-width: 53rem) calc(6 * (100vw \/ 12)), 100vw\" \/>\t\t\t\t\t\t\t\t\t\t\t\t\t\t\t<\/div>\n\t\t\t\t<\/div>\n\t\t\t\t\t<\/div>\n\t\t<\/div>\n\t\t\t\t\t<\/div>\n\t\t<\/section>\n\t\t\t\t<section class=\"elementor-section elementor-top-section elementor-element elementor-element-140f8ef elementor-section-boxed elementor-section-height-default elementor-section-height-default\" data-id=\"140f8ef\" data-element_type=\"section\" data-e-type=\"section\">\n\t\t\t\t\t\t<div class=\"elementor-container elementor-column-gap-default\">\n\t\t\t\t\t<div class=\"elementor-column elementor-col-100 elementor-top-column elementor-element elementor-element-bac265a\" data-id=\"bac265a\" data-element_type=\"column\" data-e-type=\"column\">\n\t\t\t<div class=\"elementor-widget-wrap elementor-element-populated\">\n\t\t\t\t\t\t<div class=\"elementor-element elementor-element-ef38c83 elementor-widget elementor-widget-heading\" data-id=\"ef38c83\" data-element_type=\"widget\" data-e-type=\"widget\" data-widget_type=\"heading.default\">\n\t\t\t\t<div class=\"elementor-widget-container\">\n\t\t\t\t\t<h3 class=\"elementor-heading-title elementor-size-default\">5. \ud83d\ude97 Weihnachtstour mit dem Elektroauto<\/h3>\t\t\t\t<\/div>\n\t\t\t\t<\/div>\n\t\t\t\t\t<\/div>\n\t\t<\/div>\n\t\t\t\t\t<\/div>\n\t\t<\/section>\n\t\t\t\t<section class=\"elementor-section elementor-top-section elementor-element elementor-element-6294421 elementor-section-boxed elementor-section-height-default elementor-section-height-default\" data-id=\"6294421\" data-element_type=\"section\" data-e-type=\"section\">\n\t\t\t\t\t\t<div class=\"elementor-container elementor-column-gap-default\">\n\t\t\t\t\t<div class=\"elementor-column elementor-col-100 elementor-top-column elementor-element elementor-element-5007745\" data-id=\"5007745\" data-element_type=\"column\" data-e-type=\"column\">\n\t\t\t<div class=\"elementor-widget-wrap elementor-element-populated\">\n\t\t\t\t\t\t<div class=\"elementor-element elementor-element-1b4ea6a elementor-widget elementor-widget-text-editor\" data-id=\"1b4ea6a\" data-element_type=\"widget\" data-e-type=\"widget\" data-widget_type=\"text-editor.default\">\n\t\t\t\t<div class=\"elementor-widget-container\">\n\t\t\t\t\t\t\t\t\t<p>Wenn Sie <strong>Weihnachten in M\u00e1laga auf einzigartige Weise genie\u00dfen<\/strong> m\u00f6chten, empfehlen wir Ihnen <strong>eine Tour mit dem Elektroauto durch das historische Zentrum<\/strong>. Auf diese Weise k\u00f6nnen Sie die Weihnachtsbeleuchtung aus einem anderen Blickwinkel betrachten, ohne sich Gedanken \u00fcber den Verkehr oder das Parken machen zu m\u00fcssen. Au\u00dferdem erhalten Sie die besten Empfehlungen von unseren \u00f6rtlichen Reisef\u00fchrern. <\/p>\n\t\t\t\t\t\t\t\t<\/div>\n\t\t\t\t<\/div>\n\t\t\t\t\t<\/div>\n\t\t<\/div>\n\t\t\t\t\t<\/div>\n\t\t<\/section>\n\t\t\t\t<section class=\"elementor-section elementor-top-section elementor-element elementor-element-b94c12a elementor-section-boxed elementor-section-height-default elementor-section-height-default\" data-id=\"b94c12a\" data-element_type=\"section\" data-e-type=\"section\">\n\t\t\t\t\t\t<div class=\"elementor-container elementor-column-gap-default\">\n\t\t\t\t\t<div class=\"elementor-column elementor-col-100 elementor-top-column elementor-element elementor-element-e29fc85\" data-id=\"e29fc85\" data-element_type=\"column\" data-e-type=\"column\">\n\t\t\t<div class=\"elementor-widget-wrap elementor-element-populated\">\n\t\t\t\t\t\t<div class=\"elementor-element elementor-element-4f9a119 elementor-widget elementor-widget-image\" data-id=\"4f9a119\" data-element_type=\"widget\" data-e-type=\"widget\" data-widget_type=\"image.default\">\n\t\t\t\t<div class=\"elementor-widget-container\">\n\t\t\t\t\t\t\t\t\t\t\t\t\t\t\t<img loading=\"lazy\" decoding=\"async\" width=\"300\" height=\"200\" src=\"https:\/\/i0.wp.com\/electriccartour.com\/wp-content\/uploads\/2023\/06\/tour-electric-car-malaga-muelle-1-scaled.webp?fit=300%2C200&amp;ssl=1\" class=\"attachment-medium size-medium wp-image-8820\" alt=\"tour m\u00e1laga en coche el\u00e9ctrico por el puerto y paseo mar\u00edtimo\" srcset=\"https:\/\/i0.wp.com\/electriccartour.com\/wp-content\/uploads\/2023\/06\/tour-electric-car-malaga-muelle-1-scaled.webp?w=2560&amp;ssl=1 2560w, https:\/\/i0.wp.com\/electriccartour.com\/wp-content\/uploads\/2023\/06\/tour-electric-car-malaga-muelle-1-scaled.webp?resize=300%2C200&amp;ssl=1 300w, https:\/\/i0.wp.com\/electriccartour.com\/wp-content\/uploads\/2023\/06\/tour-electric-car-malaga-muelle-1-scaled.webp?resize=1024%2C683&amp;ssl=1 1024w, https:\/\/i0.wp.com\/electriccartour.com\/wp-content\/uploads\/2023\/06\/tour-electric-car-malaga-muelle-1-scaled.webp?resize=768%2C512&amp;ssl=1 768w, https:\/\/i0.wp.com\/electriccartour.com\/wp-content\/uploads\/2023\/06\/tour-electric-car-malaga-muelle-1-scaled.webp?resize=1536%2C1024&amp;ssl=1 1536w, https:\/\/i0.wp.com\/electriccartour.com\/wp-content\/uploads\/2023\/06\/tour-electric-car-malaga-muelle-1-scaled.webp?resize=2048%2C1365&amp;ssl=1 2048w, https:\/\/i0.wp.com\/electriccartour.com\/wp-content\/uploads\/2023\/06\/tour-electric-car-malaga-muelle-1-scaled.webp?resize=1568%2C1045&amp;ssl=1 1568w, https:\/\/i0.wp.com\/electriccartour.com\/wp-content\/uploads\/2023\/06\/tour-electric-car-malaga-muelle-1-scaled.webp?resize=1320%2C880&amp;ssl=1 1320w, https:\/\/i0.wp.com\/electriccartour.com\/wp-content\/uploads\/2023\/06\/tour-electric-car-malaga-muelle-1-scaled.webp?resize=450%2C300&amp;ssl=1 450w, https:\/\/i0.wp.com\/electriccartour.com\/wp-content\/uploads\/2023\/06\/tour-electric-car-malaga-muelle-1-scaled.webp?w=1920&amp;ssl=1 1920w\" sizes=\"(max-width: 34.9rem) calc(100vw - 2rem), (max-width: 53rem) calc(8 * (100vw \/ 12)), (min-width: 53rem) calc(6 * (100vw \/ 12)), 100vw\" \/>\t\t\t\t\t\t\t\t\t\t\t\t\t\t\t<\/div>\n\t\t\t\t<\/div>\n\t\t\t\t\t<\/div>\n\t\t<\/div>\n\t\t\t\t\t<\/div>\n\t\t<\/section>\n\t\t\t\t<section class=\"elementor-section elementor-top-section elementor-element elementor-element-ba30f49 elementor-section-boxed elementor-section-height-default elementor-section-height-default\" data-id=\"ba30f49\" data-element_type=\"section\" data-e-type=\"section\">\n\t\t\t\t\t\t<div class=\"elementor-container elementor-column-gap-default\">\n\t\t\t\t\t<div class=\"elementor-column elementor-col-100 elementor-top-column elementor-element elementor-element-dd081c8\" data-id=\"dd081c8\" data-element_type=\"column\" data-e-type=\"column\">\n\t\t\t<div class=\"elementor-widget-wrap elementor-element-populated\">\n\t\t\t\t\t\t<div class=\"elementor-element elementor-element-536182f elementor-widget elementor-widget-heading\" data-id=\"536182f\" data-element_type=\"widget\" data-e-type=\"widget\" data-widget_type=\"heading.default\">\n\t\t\t\t<div class=\"elementor-widget-container\">\n\t\t\t\t\t<h2 class=\"elementor-heading-title elementor-size-default\">6. \ud83c\udf81 Praktische Tipps f\u00fcr einen Besuch in Malaga zu Weihnachten<\/h2>\t\t\t\t<\/div>\n\t\t\t\t<\/div>\n\t\t\t\t\t<\/div>\n\t\t<\/div>\n\t\t\t\t\t<\/div>\n\t\t<\/section>\n\t\t\t\t<section class=\"elementor-section elementor-top-section elementor-element elementor-element-db1d4d9 elementor-section-boxed elementor-section-height-default elementor-section-height-default\" data-id=\"db1d4d9\" data-element_type=\"section\" data-e-type=\"section\">\n\t\t\t\t\t\t<div class=\"elementor-container elementor-column-gap-default\">\n\t\t\t\t\t<div class=\"elementor-column elementor-col-100 elementor-top-column elementor-element elementor-element-731dc1b\" data-id=\"731dc1b\" data-element_type=\"column\" data-e-type=\"column\">\n\t\t\t<div class=\"elementor-widget-wrap elementor-element-populated\">\n\t\t\t\t\t\t<div class=\"elementor-element elementor-element-baafcf6 elementor-widget elementor-widget-text-editor\" data-id=\"baafcf6\" data-element_type=\"widget\" data-e-type=\"widget\" data-widget_type=\"text-editor.default\">\n\t\t\t\t<div class=\"elementor-widget-container\">\n\t\t\t\t\t\t\t\t\t<p>&#8211; <strong> Unterkunft:<\/strong> Buchen Sie Ihr Hotel im Voraus, da sich die Stadt zu diesen Zeiten mit Touristen f\u00fcllt. &#8211;<strong> Transport:<\/strong> Nutzen Sie die \u00f6ffentlichen Verkehrsmittel oder die Fahrrad- und Elektroautovermietung, um die Stadt auf nachhaltige Weise zu erkunden. &#8211;<strong> Klima:<\/strong> Obwohl M\u00e1laga einen milden Winter hat, sollten Sie eine Jacke f\u00fcr die k\u00fchleren N\u00e4chte mitnehmen.<\/p>\n\t\t\t\t\t\t\t\t<\/div>\n\t\t\t\t<\/div>\n\t\t\t\t\t<\/div>\n\t\t<\/div>\n\t\t\t\t\t<\/div>\n\t\t<\/section>\n\t\t\t\t<section class=\"elementor-section elementor-top-section elementor-element elementor-element-78af569 elementor-section-boxed elementor-section-height-default elementor-section-height-default\" data-id=\"78af569\" data-element_type=\"section\" data-e-type=\"section\">\n\t\t\t\t\t\t<div class=\"elementor-container elementor-column-gap-default\">\n\t\t\t\t\t<div class=\"elementor-column elementor-col-100 elementor-top-column elementor-element elementor-element-79307ec\" data-id=\"79307ec\" data-element_type=\"column\" data-e-type=\"column\">\n\t\t\t<div class=\"elementor-widget-wrap elementor-element-populated\">\n\t\t\t\t\t\t<div class=\"elementor-element elementor-element-4370cda elementor-widget elementor-widget-text-editor\" data-id=\"4370cda\" data-element_type=\"widget\" data-e-type=\"widget\" data-widget_type=\"text-editor.default\">\n\t\t\t\t<div class=\"elementor-widget-container\">\n\t\t\t\t\t\t\t\t\t<p><strong>Entdecken Sie M\u00e1laga auf einer elektrischen und \u00f6kologischen Tour.<\/strong>  Unsere Tour f\u00fchrt Sie zu den wichtigsten Sehensw\u00fcrdigkeiten und beleuchteten Orten der Stadt. Genie\u00dfen Sie den Zauber M\u00e1lagas auf eine einzigartige und nachhaltige Weise.   <a href=\"https:\/\/electriccartour.com\/de\/malaga-weihnachtslichter-tour\/\"><strong>Buchen Sie jetzt Ihre Tour und erleben Sie ein unvergessliches Weihnachten in M\u00e1laga!<\/strong><\/a><\/p>\n\t\t\t\t\t\t\t\t<\/div>\n\t\t\t\t<\/div>\n\t\t\t\t\t<\/div>\n\t\t<\/div>\n\t\t\t\t\t<\/div>\n\t\t<\/section>\n\t\t\t\t<section class=\"elementor-section elementor-top-section elementor-element elementor-element-fc2365a elementor-section-boxed elementor-section-height-default elementor-section-height-default\" data-id=\"fc2365a\" data-element_type=\"section\" data-e-type=\"section\">\n\t\t\t\t\t\t<div class=\"elementor-container elementor-column-gap-default\">\n\t\t\t\t\t<div class=\"elementor-column elementor-col-100 elementor-top-column elementor-element elementor-element-8cf0792\" data-id=\"8cf0792\" data-element_type=\"column\" data-e-type=\"column\">\n\t\t\t<div class=\"elementor-widget-wrap elementor-element-populated\">\n\t\t\t\t\t\t<div class=\"elementor-element elementor-element-809ddde elementor-widget elementor-widget-heading\" data-id=\"809ddde\" data-element_type=\"widget\" data-e-type=\"widget\" data-widget_type=\"heading.default\">\n\t\t\t\t<div class=\"elementor-widget-container\">\n\t\t\t\t\t<h3 class=\"elementor-heading-title elementor-size-default\">Aktualisiert 30 \/ Dezember \/2024<\/h3>\t\t\t\t<\/div>\n\t\t\t\t<\/div>\n\t\t\t\t\t<\/div>\n\t\t<\/div>\n\t\t\t\t\t<\/div>\n\t\t<\/section>\n\t\t\t\t<\/div>\n\t\t","protected":false},"excerpt":{"rendered":"<p>Weihnachten in M\u00e1laga ist eine der magischsten Zeiten des Jahres. Die Stadt verwandelt sich in ein Spektakel aus Lichtern und Farben, das Tausende von Besuchern aus der ganzen Welt anzieht. In diesem Reisef\u00fchrer erfahren Sie alles, was Sie wissen m\u00fcssen, um Weihnachten 2024 in M\u00e1laga zu erleben: vom Einschalten der ber\u00fchmten Lichter bis hin zu &hellip; <\/p>\n<p class=\"link-more\"><a href=\"https:\/\/electriccartour.com\/de\/%f0%9f%8e%84weihnachten-und-weihnachtsbeleuchtung-in-malaga-2024-die-besten-touren-und-veranstaltungen\/\" class=\"more-link\"><span class=\"screen-reader-text\">\u201e\ud83c\udf84 Weihnachten in M\u00e1laga 2024: Ein kompletter Leitfaden zum Genie\u00dfen der Feiertage \ud83c\udf1f\u201c <\/span>weiterlesen<\/a><\/p>\n","protected":false},"author":1,"featured_media":11167,"comment_status":"closed","ping_status":"closed","sticky":false,"template":"","format":"standard","meta":{"_jetpack_memberships_contains_paid_content":false,"_joinchat":[],"footnotes":""},"categories":[34],"tags":[],"class_list":["post-11343","post","type-post","status-publish","format-standard","has-post-thumbnail","hentry","category-unkategorisiert","entry"],"yoast_head":"<!-- This site is optimized with the Yoast SEO plugin v27.4 - https:\/\/yoast.com\/product\/yoast-seo-wordpress\/ -->\n<title>Weihnachten in Malaga 2024: Vollst\u00e4ndiger Reisef\u00fchrer, beste Touren und Veranstaltungen<\/title>\n<meta name=\"description\" content=\"Entdecken Sie das weihnachtliche M\u00e1laga mit seinen Traditionen und Auff\u00fchrungen und genie\u00dfen Sie die Weihnachtsbeleuchtung bei einer Tour mit dem Elektroauto.\" \/>\n<meta name=\"robots\" content=\"index, follow, max-snippet:-1, max-image-preview:large, max-video-preview:-1\" \/>\n<link rel=\"canonical\" href=\"https:\/\/electriccartour.com\/de\/%f0%9f%8e%84weihnachten-und-weihnachtsbeleuchtung-in-malaga-2024-die-besten-touren-und-veranstaltungen\/\" \/>\n<meta property=\"og:locale\" content=\"de_DE\" \/>\n<meta property=\"og:type\" content=\"article\" \/>\n<meta property=\"og:title\" content=\"Weihnachten in Malaga 2024: Vollst\u00e4ndiger Reisef\u00fchrer, beste Touren und Veranstaltungen\" \/>\n<meta property=\"og:description\" content=\"Entdecken Sie das weihnachtliche M\u00e1laga mit seinen Traditionen und Auff\u00fchrungen und genie\u00dfen Sie die Weihnachtsbeleuchtung bei einer Tour mit dem Elektroauto.\" \/>\n<meta property=\"og:url\" content=\"https:\/\/electriccartour.com\/de\/%f0%9f%8e%84weihnachten-und-weihnachtsbeleuchtung-in-malaga-2024-die-besten-touren-und-veranstaltungen\/\" \/>\n<meta property=\"og:site_name\" content=\"Tours en Coche El\u00e9ctrico en M\u00e1laga \u267b\ufe0f | Electric Car Tour\" \/>\n<meta property=\"article:publisher\" content=\"https:\/\/www.facebook.com\/Tourenvechiculoselectricos\/\" \/>\n<meta property=\"article:author\" content=\"https:\/\/www.facebook.com\/Tourenvechiculoselectricos\/\" \/>\n<meta property=\"article:published_time\" content=\"2024-10-26T08:53:41+00:00\" \/>\n<meta property=\"article:modified_time\" content=\"2024-12-30T20:44:57+00:00\" \/>\n<meta property=\"og:image\" content=\"https:\/\/i0.wp.com\/electriccartour.com\/wp-content\/uploads\/2024\/10\/alumbrado-calle-larios-navidad-2024-scaled.webp?fit=2560%2C1707&ssl=1\" \/>\n\t<meta property=\"og:image:width\" content=\"2560\" \/>\n\t<meta property=\"og:image:height\" content=\"1707\" \/>\n\t<meta property=\"og:image:type\" content=\"image\/webp\" \/>\n<meta name=\"author\" content=\"electriccartour\" \/>\n<meta name=\"twitter:card\" content=\"summary_large_image\" \/>\n<meta name=\"twitter:creator\" content=\"@https:\/\/twitter.com\/electric_tour\" \/>\n<meta name=\"twitter:site\" content=\"@electric_tour\" \/>\n<meta name=\"twitter:label1\" content=\"Verfasst von\" \/>\n\t<meta name=\"twitter:data1\" content=\"electriccartour\" \/>\n\t<meta name=\"twitter:label2\" content=\"Gesch\u00e4tzte Lesezeit\" \/>\n\t<meta name=\"twitter:data2\" content=\"7\u00a0Minuten\" \/>\n<script type=\"application\/ld+json\" class=\"yoast-schema-graph\">{\"@context\":\"https:\\\/\\\/schema.org\",\"@graph\":[{\"@type\":\"Article\",\"@id\":\"https:\\\/\\\/electriccartour.com\\\/de\\\/%f0%9f%8e%84weihnachten-und-weihnachtsbeleuchtung-in-malaga-2024-die-besten-touren-und-veranstaltungen\\\/#article\",\"isPartOf\":{\"@id\":\"https:\\\/\\\/electriccartour.com\\\/de\\\/%f0%9f%8e%84weihnachten-und-weihnachtsbeleuchtung-in-malaga-2024-die-besten-touren-und-veranstaltungen\\\/\"},\"author\":{\"name\":\"electriccartour\",\"@id\":\"https:\\\/\\\/electriccartour.com\\\/de\\\/#\\\/schema\\\/person\\\/14020537da6216f7471b49e5e929cba1\"},\"headline\":\"\ud83c\udf84 Weihnachten in M\u00e1laga 2024: Ein kompletter Leitfaden zum Genie\u00dfen der Feiertage \ud83c\udf1f\",\"datePublished\":\"2024-10-26T08:53:41+00:00\",\"dateModified\":\"2024-12-30T20:44:57+00:00\",\"mainEntityOfPage\":{\"@id\":\"https:\\\/\\\/electriccartour.com\\\/de\\\/%f0%9f%8e%84weihnachten-und-weihnachtsbeleuchtung-in-malaga-2024-die-besten-touren-und-veranstaltungen\\\/\"},\"wordCount\":1412,\"publisher\":{\"@id\":\"https:\\\/\\\/electriccartour.com\\\/de\\\/#organization\"},\"image\":{\"@id\":\"https:\\\/\\\/electriccartour.com\\\/de\\\/%f0%9f%8e%84weihnachten-und-weihnachtsbeleuchtung-in-malaga-2024-die-besten-touren-und-veranstaltungen\\\/#primaryimage\"},\"thumbnailUrl\":\"https:\\\/\\\/i0.wp.com\\\/electriccartour.com\\\/wp-content\\\/uploads\\\/2024\\\/10\\\/alumbrado-calle-larios-navidad-2024-scaled.webp?fit=2560%2C1707&ssl=1\",\"articleSection\":[\"Unkategorisiert\"],\"inLanguage\":\"de\"},{\"@type\":\"WebPage\",\"@id\":\"https:\\\/\\\/electriccartour.com\\\/de\\\/%f0%9f%8e%84weihnachten-und-weihnachtsbeleuchtung-in-malaga-2024-die-besten-touren-und-veranstaltungen\\\/\",\"url\":\"https:\\\/\\\/electriccartour.com\\\/de\\\/%f0%9f%8e%84weihnachten-und-weihnachtsbeleuchtung-in-malaga-2024-die-besten-touren-und-veranstaltungen\\\/\",\"name\":\"Weihnachten in Malaga 2024: Vollst\u00e4ndiger Reisef\u00fchrer, beste Touren und Veranstaltungen\",\"isPartOf\":{\"@id\":\"https:\\\/\\\/electriccartour.com\\\/de\\\/#website\"},\"primaryImageOfPage\":{\"@id\":\"https:\\\/\\\/electriccartour.com\\\/de\\\/%f0%9f%8e%84weihnachten-und-weihnachtsbeleuchtung-in-malaga-2024-die-besten-touren-und-veranstaltungen\\\/#primaryimage\"},\"image\":{\"@id\":\"https:\\\/\\\/electriccartour.com\\\/de\\\/%f0%9f%8e%84weihnachten-und-weihnachtsbeleuchtung-in-malaga-2024-die-besten-touren-und-veranstaltungen\\\/#primaryimage\"},\"thumbnailUrl\":\"https:\\\/\\\/i0.wp.com\\\/electriccartour.com\\\/wp-content\\\/uploads\\\/2024\\\/10\\\/alumbrado-calle-larios-navidad-2024-scaled.webp?fit=2560%2C1707&ssl=1\",\"datePublished\":\"2024-10-26T08:53:41+00:00\",\"dateModified\":\"2024-12-30T20:44:57+00:00\",\"description\":\"Entdecken Sie das weihnachtliche M\u00e1laga mit seinen Traditionen und Auff\u00fchrungen und genie\u00dfen Sie die Weihnachtsbeleuchtung bei einer Tour mit dem Elektroauto.\",\"breadcrumb\":{\"@id\":\"https:\\\/\\\/electriccartour.com\\\/de\\\/%f0%9f%8e%84weihnachten-und-weihnachtsbeleuchtung-in-malaga-2024-die-besten-touren-und-veranstaltungen\\\/#breadcrumb\"},\"inLanguage\":\"de\",\"potentialAction\":[{\"@type\":\"ReadAction\",\"target\":[\"https:\\\/\\\/electriccartour.com\\\/de\\\/%f0%9f%8e%84weihnachten-und-weihnachtsbeleuchtung-in-malaga-2024-die-besten-touren-und-veranstaltungen\\\/\"]}]},{\"@type\":\"ImageObject\",\"inLanguage\":\"de\",\"@id\":\"https:\\\/\\\/electriccartour.com\\\/de\\\/%f0%9f%8e%84weihnachten-und-weihnachtsbeleuchtung-in-malaga-2024-die-besten-touren-und-veranstaltungen\\\/#primaryimage\",\"url\":\"https:\\\/\\\/i0.wp.com\\\/electriccartour.com\\\/wp-content\\\/uploads\\\/2024\\\/10\\\/alumbrado-calle-larios-navidad-2024-scaled.webp?fit=2560%2C1707&ssl=1\",\"contentUrl\":\"https:\\\/\\\/i0.wp.com\\\/electriccartour.com\\\/wp-content\\\/uploads\\\/2024\\\/10\\\/alumbrado-calle-larios-navidad-2024-scaled.webp?fit=2560%2C1707&ssl=1\",\"width\":2560,\"height\":1707,\"caption\":\"alumbrado de Navidad 2024 en calle Larios de M\u00e1laga\"},{\"@type\":\"BreadcrumbList\",\"@id\":\"https:\\\/\\\/electriccartour.com\\\/de\\\/%f0%9f%8e%84weihnachten-und-weihnachtsbeleuchtung-in-malaga-2024-die-besten-touren-und-veranstaltungen\\\/#breadcrumb\",\"itemListElement\":[{\"@type\":\"ListItem\",\"position\":1,\"name\":\"Portada\",\"item\":\"https:\\\/\\\/electriccartour.com\\\/de\\\/\"},{\"@type\":\"ListItem\",\"position\":2,\"name\":\"\ud83c\udf84 Weihnachten in M\u00e1laga 2024: Ein kompletter Leitfaden zum Genie\u00dfen der Feiertage \ud83c\udf1f\"}]},{\"@type\":\"WebSite\",\"@id\":\"https:\\\/\\\/electriccartour.com\\\/de\\\/#website\",\"url\":\"https:\\\/\\\/electriccartour.com\\\/de\\\/\",\"name\":\"Tours en Coche El\u00e9ctrico en M\u00e1laga \u267b\ufe0f | Electric Car Tour\",\"description\":\"Descubre M\u00e1laga de forma sostenible con Electric Car Tour. Disfruta de tours guiados en coche el\u00e9ctrico y explora los principales atractivos tur\u00edsticos de la ciudad.\",\"publisher\":{\"@id\":\"https:\\\/\\\/electriccartour.com\\\/de\\\/#organization\"},\"alternateName\":\"Electric Car Tour - M\u00e1laga\",\"potentialAction\":[{\"@type\":\"SearchAction\",\"target\":{\"@type\":\"EntryPoint\",\"urlTemplate\":\"https:\\\/\\\/electriccartour.com\\\/de\\\/?s={search_term_string}\"},\"query-input\":{\"@type\":\"PropertyValueSpecification\",\"valueRequired\":true,\"valueName\":\"search_term_string\"}}],\"inLanguage\":\"de\"},{\"@type\":\"Organization\",\"@id\":\"https:\\\/\\\/electriccartour.com\\\/de\\\/#organization\",\"name\":\"Electric Car Tour\",\"alternateName\":\"electriccartour\",\"url\":\"https:\\\/\\\/electriccartour.com\\\/de\\\/\",\"logo\":{\"@type\":\"ImageObject\",\"inLanguage\":\"de\",\"@id\":\"https:\\\/\\\/electriccartour.com\\\/de\\\/#\\\/schema\\\/logo\\\/image\\\/\",\"url\":\"https:\\\/\\\/i0.wp.com\\\/electriccartour.com\\\/wp-content\\\/uploads\\\/2021\\\/12\\\/181002_ECT_Logo5389f3-1920w.png?fit=1920%2C462&ssl=1\",\"contentUrl\":\"https:\\\/\\\/i0.wp.com\\\/electriccartour.com\\\/wp-content\\\/uploads\\\/2021\\\/12\\\/181002_ECT_Logo5389f3-1920w.png?fit=1920%2C462&ssl=1\",\"width\":1920,\"height\":462,\"caption\":\"Electric Car Tour\"},\"image\":{\"@id\":\"https:\\\/\\\/electriccartour.com\\\/de\\\/#\\\/schema\\\/logo\\\/image\\\/\"},\"sameAs\":[\"https:\\\/\\\/www.facebook.com\\\/Tourenvechiculoselectricos\\\/\",\"https:\\\/\\\/x.com\\\/electric_tour\",\"https:\\\/\\\/www.youtube.com\\\/channel\\\/UClzjmLNm6Auwdnix5FwnxXw\",\"https:\\\/\\\/www.instagram.com\\\/electriccartour\\\/\",\"https:\\\/\\\/tripadvisor.com\\\/Attraction_Review-g187438-d15198737-Reviews-Electric_Car_Tour-Malaga_Costa_del_Sol_Province_of_Malaga_Andalucia.html\"]},{\"@type\":\"Person\",\"@id\":\"https:\\\/\\\/electriccartour.com\\\/de\\\/#\\\/schema\\\/person\\\/14020537da6216f7471b49e5e929cba1\",\"name\":\"electriccartour\",\"image\":{\"@type\":\"ImageObject\",\"inLanguage\":\"de\",\"@id\":\"https:\\\/\\\/secure.gravatar.com\\\/avatar\\\/fe8515b4ef6ae0fb0465b6ace38c4969d9b25f2d9a0c49eee2553face0582368?s=96&d=mm&r=g\",\"url\":\"https:\\\/\\\/secure.gravatar.com\\\/avatar\\\/fe8515b4ef6ae0fb0465b6ace38c4969d9b25f2d9a0c49eee2553face0582368?s=96&d=mm&r=g\",\"contentUrl\":\"https:\\\/\\\/secure.gravatar.com\\\/avatar\\\/fe8515b4ef6ae0fb0465b6ace38c4969d9b25f2d9a0c49eee2553face0582368?s=96&d=mm&r=g\",\"caption\":\"electriccartour\"},\"sameAs\":[\"http:\\\/\\\/electriccartour.com\",\"https:\\\/\\\/www.facebook.com\\\/Tourenvechiculoselectricos\\\/\",\"https:\\\/\\\/www.instagram.com\\\/electriccartour\\\/\",\"https:\\\/\\\/www.linkedin.com\\\/in\\\/gema-martnez-aa8ab2183\",\"https:\\\/\\\/x.com\\\/https:\\\/\\\/twitter.com\\\/electric_tour\",\"https:\\\/\\\/www.youtube.com\\\/channel\\\/UClzjmLNm6Auwdnix5FwnxXw\"],\"url\":\"https:\\\/\\\/electriccartour.com\\\/de\\\/author\\\/electriccartour\\\/\"}]}<\/script>\n<!-- \/ Yoast SEO plugin. -->","yoast_head_json":{"title":"Weihnachten in Malaga 2024: Vollst\u00e4ndiger Reisef\u00fchrer, beste Touren und Veranstaltungen","description":"Entdecken Sie das weihnachtliche M\u00e1laga mit seinen Traditionen und Auff\u00fchrungen und genie\u00dfen Sie die Weihnachtsbeleuchtung bei einer Tour mit dem Elektroauto.","robots":{"index":"index","follow":"follow","max-snippet":"max-snippet:-1","max-image-preview":"max-image-preview:large","max-video-preview":"max-video-preview:-1"},"canonical":"https:\/\/electriccartour.com\/de\/%f0%9f%8e%84weihnachten-und-weihnachtsbeleuchtung-in-malaga-2024-die-besten-touren-und-veranstaltungen\/","og_locale":"de_DE","og_type":"article","og_title":"Weihnachten in Malaga 2024: Vollst\u00e4ndiger Reisef\u00fchrer, beste Touren und Veranstaltungen","og_description":"Entdecken Sie das weihnachtliche M\u00e1laga mit seinen Traditionen und Auff\u00fchrungen und genie\u00dfen Sie die Weihnachtsbeleuchtung bei einer Tour mit dem Elektroauto.","og_url":"https:\/\/electriccartour.com\/de\/%f0%9f%8e%84weihnachten-und-weihnachtsbeleuchtung-in-malaga-2024-die-besten-touren-und-veranstaltungen\/","og_site_name":"Tours en Coche El\u00e9ctrico en M\u00e1laga \u267b\ufe0f | Electric Car Tour","article_publisher":"https:\/\/www.facebook.com\/Tourenvechiculoselectricos\/","article_author":"https:\/\/www.facebook.com\/Tourenvechiculoselectricos\/","article_published_time":"2024-10-26T08:53:41+00:00","article_modified_time":"2024-12-30T20:44:57+00:00","og_image":[{"width":2560,"height":1707,"url":"https:\/\/i0.wp.com\/electriccartour.com\/wp-content\/uploads\/2024\/10\/alumbrado-calle-larios-navidad-2024-scaled.webp?fit=2560%2C1707&ssl=1","type":"image\/webp"}],"author":"electriccartour","twitter_card":"summary_large_image","twitter_creator":"@https:\/\/twitter.com\/electric_tour","twitter_site":"@electric_tour","twitter_misc":{"Verfasst von":"electriccartour","Gesch\u00e4tzte Lesezeit":"7\u00a0Minuten"},"schema":{"@context":"https:\/\/schema.org","@graph":[{"@type":"Article","@id":"https:\/\/electriccartour.com\/de\/%f0%9f%8e%84weihnachten-und-weihnachtsbeleuchtung-in-malaga-2024-die-besten-touren-und-veranstaltungen\/#article","isPartOf":{"@id":"https:\/\/electriccartour.com\/de\/%f0%9f%8e%84weihnachten-und-weihnachtsbeleuchtung-in-malaga-2024-die-besten-touren-und-veranstaltungen\/"},"author":{"name":"electriccartour","@id":"https:\/\/electriccartour.com\/de\/#\/schema\/person\/14020537da6216f7471b49e5e929cba1"},"headline":"\ud83c\udf84 Weihnachten in M\u00e1laga 2024: Ein kompletter Leitfaden zum Genie\u00dfen der Feiertage \ud83c\udf1f","datePublished":"2024-10-26T08:53:41+00:00","dateModified":"2024-12-30T20:44:57+00:00","mainEntityOfPage":{"@id":"https:\/\/electriccartour.com\/de\/%f0%9f%8e%84weihnachten-und-weihnachtsbeleuchtung-in-malaga-2024-die-besten-touren-und-veranstaltungen\/"},"wordCount":1412,"publisher":{"@id":"https:\/\/electriccartour.com\/de\/#organization"},"image":{"@id":"https:\/\/electriccartour.com\/de\/%f0%9f%8e%84weihnachten-und-weihnachtsbeleuchtung-in-malaga-2024-die-besten-touren-und-veranstaltungen\/#primaryimage"},"thumbnailUrl":"https:\/\/i0.wp.com\/electriccartour.com\/wp-content\/uploads\/2024\/10\/alumbrado-calle-larios-navidad-2024-scaled.webp?fit=2560%2C1707&ssl=1","articleSection":["Unkategorisiert"],"inLanguage":"de"},{"@type":"WebPage","@id":"https:\/\/electriccartour.com\/de\/%f0%9f%8e%84weihnachten-und-weihnachtsbeleuchtung-in-malaga-2024-die-besten-touren-und-veranstaltungen\/","url":"https:\/\/electriccartour.com\/de\/%f0%9f%8e%84weihnachten-und-weihnachtsbeleuchtung-in-malaga-2024-die-besten-touren-und-veranstaltungen\/","name":"Weihnachten in Malaga 2024: Vollst\u00e4ndiger Reisef\u00fchrer, beste Touren und Veranstaltungen","isPartOf":{"@id":"https:\/\/electriccartour.com\/de\/#website"},"primaryImageOfPage":{"@id":"https:\/\/electriccartour.com\/de\/%f0%9f%8e%84weihnachten-und-weihnachtsbeleuchtung-in-malaga-2024-die-besten-touren-und-veranstaltungen\/#primaryimage"},"image":{"@id":"https:\/\/electriccartour.com\/de\/%f0%9f%8e%84weihnachten-und-weihnachtsbeleuchtung-in-malaga-2024-die-besten-touren-und-veranstaltungen\/#primaryimage"},"thumbnailUrl":"https:\/\/i0.wp.com\/electriccartour.com\/wp-content\/uploads\/2024\/10\/alumbrado-calle-larios-navidad-2024-scaled.webp?fit=2560%2C1707&ssl=1","datePublished":"2024-10-26T08:53:41+00:00","dateModified":"2024-12-30T20:44:57+00:00","description":"Entdecken Sie das weihnachtliche M\u00e1laga mit seinen Traditionen und Auff\u00fchrungen und genie\u00dfen Sie die Weihnachtsbeleuchtung bei einer Tour mit dem Elektroauto.","breadcrumb":{"@id":"https:\/\/electriccartour.com\/de\/%f0%9f%8e%84weihnachten-und-weihnachtsbeleuchtung-in-malaga-2024-die-besten-touren-und-veranstaltungen\/#breadcrumb"},"inLanguage":"de","potentialAction":[{"@type":"ReadAction","target":["https:\/\/electriccartour.com\/de\/%f0%9f%8e%84weihnachten-und-weihnachtsbeleuchtung-in-malaga-2024-die-besten-touren-und-veranstaltungen\/"]}]},{"@type":"ImageObject","inLanguage":"de","@id":"https:\/\/electriccartour.com\/de\/%f0%9f%8e%84weihnachten-und-weihnachtsbeleuchtung-in-malaga-2024-die-besten-touren-und-veranstaltungen\/#primaryimage","url":"https:\/\/i0.wp.com\/electriccartour.com\/wp-content\/uploads\/2024\/10\/alumbrado-calle-larios-navidad-2024-scaled.webp?fit=2560%2C1707&ssl=1","contentUrl":"https:\/\/i0.wp.com\/electriccartour.com\/wp-content\/uploads\/2024\/10\/alumbrado-calle-larios-navidad-2024-scaled.webp?fit=2560%2C1707&ssl=1","width":2560,"height":1707,"caption":"alumbrado de Navidad 2024 en calle Larios de M\u00e1laga"},{"@type":"BreadcrumbList","@id":"https:\/\/electriccartour.com\/de\/%f0%9f%8e%84weihnachten-und-weihnachtsbeleuchtung-in-malaga-2024-die-besten-touren-und-veranstaltungen\/#breadcrumb","itemListElement":[{"@type":"ListItem","position":1,"name":"Portada","item":"https:\/\/electriccartour.com\/de\/"},{"@type":"ListItem","position":2,"name":"\ud83c\udf84 Weihnachten in M\u00e1laga 2024: Ein kompletter Leitfaden zum Genie\u00dfen der Feiertage \ud83c\udf1f"}]},{"@type":"WebSite","@id":"https:\/\/electriccartour.com\/de\/#website","url":"https:\/\/electriccartour.com\/de\/","name":"Tours en Coche El\u00e9ctrico en M\u00e1laga \u267b\ufe0f | Electric Car Tour","description":"Descubre M\u00e1laga de forma sostenible con Electric Car Tour. Disfruta de tours guiados en coche el\u00e9ctrico y explora los principales atractivos tur\u00edsticos de la ciudad.","publisher":{"@id":"https:\/\/electriccartour.com\/de\/#organization"},"alternateName":"Electric Car Tour - M\u00e1laga","potentialAction":[{"@type":"SearchAction","target":{"@type":"EntryPoint","urlTemplate":"https:\/\/electriccartour.com\/de\/?s={search_term_string}"},"query-input":{"@type":"PropertyValueSpecification","valueRequired":true,"valueName":"search_term_string"}}],"inLanguage":"de"},{"@type":"Organization","@id":"https:\/\/electriccartour.com\/de\/#organization","name":"Electric Car Tour","alternateName":"electriccartour","url":"https:\/\/electriccartour.com\/de\/","logo":{"@type":"ImageObject","inLanguage":"de","@id":"https:\/\/electriccartour.com\/de\/#\/schema\/logo\/image\/","url":"https:\/\/i0.wp.com\/electriccartour.com\/wp-content\/uploads\/2021\/12\/181002_ECT_Logo5389f3-1920w.png?fit=1920%2C462&ssl=1","contentUrl":"https:\/\/i0.wp.com\/electriccartour.com\/wp-content\/uploads\/2021\/12\/181002_ECT_Logo5389f3-1920w.png?fit=1920%2C462&ssl=1","width":1920,"height":462,"caption":"Electric Car Tour"},"image":{"@id":"https:\/\/electriccartour.com\/de\/#\/schema\/logo\/image\/"},"sameAs":["https:\/\/www.facebook.com\/Tourenvechiculoselectricos\/","https:\/\/x.com\/electric_tour","https:\/\/www.youtube.com\/channel\/UClzjmLNm6Auwdnix5FwnxXw","https:\/\/www.instagram.com\/electriccartour\/","https:\/\/tripadvisor.com\/Attraction_Review-g187438-d15198737-Reviews-Electric_Car_Tour-Malaga_Costa_del_Sol_Province_of_Malaga_Andalucia.html"]},{"@type":"Person","@id":"https:\/\/electriccartour.com\/de\/#\/schema\/person\/14020537da6216f7471b49e5e929cba1","name":"electriccartour","image":{"@type":"ImageObject","inLanguage":"de","@id":"https:\/\/secure.gravatar.com\/avatar\/fe8515b4ef6ae0fb0465b6ace38c4969d9b25f2d9a0c49eee2553face0582368?s=96&d=mm&r=g","url":"https:\/\/secure.gravatar.com\/avatar\/fe8515b4ef6ae0fb0465b6ace38c4969d9b25f2d9a0c49eee2553face0582368?s=96&d=mm&r=g","contentUrl":"https:\/\/secure.gravatar.com\/avatar\/fe8515b4ef6ae0fb0465b6ace38c4969d9b25f2d9a0c49eee2553face0582368?s=96&d=mm&r=g","caption":"electriccartour"},"sameAs":["http:\/\/electriccartour.com","https:\/\/www.facebook.com\/Tourenvechiculoselectricos\/","https:\/\/www.instagram.com\/electriccartour\/","https:\/\/www.linkedin.com\/in\/gema-martnez-aa8ab2183","https:\/\/x.com\/https:\/\/twitter.com\/electric_tour","https:\/\/www.youtube.com\/channel\/UClzjmLNm6Auwdnix5FwnxXw"],"url":"https:\/\/electriccartour.com\/de\/author\/electriccartour\/"}]}},"jetpack_featured_media_url":"https:\/\/i0.wp.com\/electriccartour.com\/wp-content\/uploads\/2024\/10\/alumbrado-calle-larios-navidad-2024-scaled.webp?fit=2560%2C1707&ssl=1","jetpack_sharing_enabled":true,"_links":{"self":[{"href":"https:\/\/electriccartour.com\/de\/wp-json\/wp\/v2\/posts\/11343","targetHints":{"allow":["GET"]}}],"collection":[{"href":"https:\/\/electriccartour.com\/de\/wp-json\/wp\/v2\/posts"}],"about":[{"href":"https:\/\/electriccartour.com\/de\/wp-json\/wp\/v2\/types\/post"}],"author":[{"embeddable":true,"href":"https:\/\/electriccartour.com\/de\/wp-json\/wp\/v2\/users\/1"}],"replies":[{"embeddable":true,"href":"https:\/\/electriccartour.com\/de\/wp-json\/wp\/v2\/comments?post=11343"}],"version-history":[{"count":0,"href":"https:\/\/electriccartour.com\/de\/wp-json\/wp\/v2\/posts\/11343\/revisions"}],"wp:featuredmedia":[{"embeddable":true,"href":"https:\/\/electriccartour.com\/de\/wp-json\/wp\/v2\/media\/11167"}],"wp:attachment":[{"href":"https:\/\/electriccartour.com\/de\/wp-json\/wp\/v2\/media?parent=11343"}],"wp:term":[{"taxonomy":"category","embeddable":true,"href":"https:\/\/electriccartour.com\/de\/wp-json\/wp\/v2\/categories?post=11343"},{"taxonomy":"post_tag","embeddable":true,"href":"https:\/\/electriccartour.com\/de\/wp-json\/wp\/v2\/tags?post=11343"}],"curies":[{"name":"wp","href":"https:\/\/api.w.org\/{rel}","templated":true}]}}