{"id":14658,"date":"2026-04-06T19:51:10","date_gmt":"2026-04-06T18:51:10","guid":{"rendered":"https:\/\/electriccartour.com\/messe-malaga-2026-vollstaendiger-fuehrer-mit-lokalen-tipps\/"},"modified":"2026-04-19T16:38:47","modified_gmt":"2026-04-19T15:38:47","slug":"messe-malaga-2026-vollstaendiger-fuehrer-mit-lokalen-tipps","status":"publish","type":"post","link":"https:\/\/electriccartour.com\/de\/messe-malaga-2026-vollstaendiger-fuehrer-mit-lokalen-tipps\/","title":{"rendered":"Messe M\u00e1laga 2026: Vollst\u00e4ndiger F\u00fchrer mit lokalen Tipps"},"content":{"rendered":"\t\t<div data-elementor-type=\"wp-post\" data-elementor-id=\"14658\" class=\"elementor elementor-14658 elementor-14602\" data-elementor-post-type=\"post\">\n\t\t\t\t\t\t<section class=\"elementor-section elementor-top-section elementor-element elementor-element-a11f6a4 elementor-section-boxed elementor-section-height-default elementor-section-height-default\" data-id=\"a11f6a4\" data-element_type=\"section\" data-e-type=\"section\">\n\t\t\t\t\t\t<div class=\"elementor-container elementor-column-gap-default\">\n\t\t\t\t\t<div class=\"elementor-column elementor-col-100 elementor-top-column elementor-element elementor-element-1f424d2\" data-id=\"1f424d2\" data-element_type=\"column\" data-e-type=\"column\">\n\t\t\t<div class=\"elementor-widget-wrap elementor-element-populated\">\n\t\t\t\t\t\t<div class=\"elementor-element elementor-element-258d284 elementor-widget elementor-widget-heading\" data-id=\"258d284\" data-element_type=\"widget\" data-e-type=\"widget\" data-widget_type=\"heading.default\">\n\t\t\t\t<div class=\"elementor-widget-container\">\n\t\t\t\t\t<h2 class=\"elementor-heading-title elementor-size-default\">Wann findet die Messe Malaga 2026 statt? Daten und Dauer <\/h2>\t\t\t\t<\/div>\n\t\t\t\t<\/div>\n\t\t\t\t\t<\/div>\n\t\t<\/div>\n\t\t\t\t\t<\/div>\n\t\t<\/section>\n\t\t\t\t<section class=\"elementor-section elementor-top-section elementor-element elementor-element-ecba563 elementor-section-boxed elementor-section-height-default elementor-section-height-default\" data-id=\"ecba563\" data-element_type=\"section\" data-e-type=\"section\">\n\t\t\t\t\t\t<div class=\"elementor-container elementor-column-gap-default\">\n\t\t\t\t\t<div class=\"elementor-column elementor-col-100 elementor-top-column elementor-element elementor-element-fbf16b8\" data-id=\"fbf16b8\" data-element_type=\"column\" data-e-type=\"column\">\n\t\t\t<div class=\"elementor-widget-wrap elementor-element-populated\">\n\t\t\t\t\t\t<div class=\"elementor-element elementor-element-51dc910 elementor-widget elementor-widget-text-editor\" data-id=\"51dc910\" data-element_type=\"widget\" data-e-type=\"widget\" data-widget_type=\"text-editor.default\">\n\t\t\t\t<div class=\"elementor-widget-container\">\n\t\t\t\t\t\t\t\t\t<p data-start=\"247\" data-end=\"564\">Die <strong>Messe M\u00e1laga 2026<\/strong> findet <strong>vom 15. bis zum 22. August<\/strong> statt <strong>und<\/strong> folgt damit der Tradition, mitten im Sommer abgehalten zu werden. Die Messe beginnt mit einem <strong>Feuerwerk<\/strong> am Strand<strong> (Freitag, 14. August, nachts<\/strong> um 00:00 Uhr) und dauert eine Woche voller Atmosph\u00e4re, Musik und Aktivit\u00e4ten sowohl im historischen Zentrum als auch auf dem Messegel\u00e4nde. <\/p>\t\t\t\t\t\t\t\t<\/div>\n\t\t\t\t<\/div>\n\t\t\t\t\t<\/div>\n\t\t<\/div>\n\t\t\t\t\t<\/div>\n\t\t<\/section>\n\t\t\t\t<section class=\"elementor-section elementor-top-section elementor-element elementor-element-da24e46 elementor-section-boxed elementor-section-height-default elementor-section-height-default\" data-id=\"da24e46\" data-element_type=\"section\" data-e-type=\"section\">\n\t\t\t\t\t\t<div class=\"elementor-container elementor-column-gap-default\">\n\t\t\t\t\t<div class=\"elementor-column elementor-col-100 elementor-top-column elementor-element elementor-element-caad24b\" data-id=\"caad24b\" data-element_type=\"column\" data-e-type=\"column\">\n\t\t\t<div class=\"elementor-widget-wrap elementor-element-populated\">\n\t\t\t\t\t\t<div class=\"elementor-element elementor-element-bedfd45 elementor-widget elementor-widget-text-editor\" data-id=\"bedfd45\" data-element_type=\"widget\" data-e-type=\"widget\" data-widget_type=\"text-editor.default\">\n\t\t\t\t<div class=\"elementor-widget-container\">\n\t\t\t\t\t\t\t\t\t<p>Es ist einer der am meisten erwarteten Momente des Jahres in M\u00e1laga und zieht Tausende von Besuchern an, die die einzigartige Atmosph\u00e4re genie\u00dfen wollen.<\/p><ul><li>\ud83d\udcc5 <strong data-start=\"961\" data-end=\"974\">Dauer:<\/strong> 8 Ausstellungstage<\/li><\/ul>\t\t\t\t\t\t\t\t<\/div>\n\t\t\t\t<\/div>\n\t\t\t\t\t<\/div>\n\t\t<\/div>\n\t\t\t\t\t<\/div>\n\t\t<\/section>\n\t\t\t\t<section class=\"elementor-section elementor-top-section elementor-element elementor-element-3209ca1 elementor-section-boxed elementor-section-height-default elementor-section-height-default\" data-id=\"3209ca1\" data-element_type=\"section\" data-e-type=\"section\">\n\t\t\t\t\t\t<div class=\"elementor-container elementor-column-gap-default\">\n\t\t\t\t\t<div class=\"elementor-column elementor-col-100 elementor-top-column elementor-element elementor-element-f407fef\" data-id=\"f407fef\" data-element_type=\"column\" data-e-type=\"column\">\n\t\t\t<div class=\"elementor-widget-wrap elementor-element-populated\">\n\t\t\t\t\t\t<div class=\"elementor-element elementor-element-25a3a29 elementor-widget elementor-widget-heading\" data-id=\"25a3a29\" data-element_type=\"widget\" data-e-type=\"widget\" data-widget_type=\"heading.default\">\n\t\t\t\t<div class=\"elementor-widget-container\">\n\t\t\t\t\t<h2 class=\"elementor-heading-title elementor-size-default\">Tagesmesse im historischen Zentrum von M\u00e1laga<\/h2>\t\t\t\t<\/div>\n\t\t\t\t<\/div>\n\t\t\t\t\t<\/div>\n\t\t<\/div>\n\t\t\t\t\t<\/div>\n\t\t<\/section>\n\t\t\t\t<section class=\"elementor-section elementor-top-section elementor-element elementor-element-b70b342 elementor-section-boxed elementor-section-height-default elementor-section-height-default\" data-id=\"b70b342\" data-element_type=\"section\" data-e-type=\"section\">\n\t\t\t\t\t\t<div class=\"elementor-container elementor-column-gap-default\">\n\t\t\t\t\t<div class=\"elementor-column elementor-col-100 elementor-top-column elementor-element elementor-element-79b7f54\" data-id=\"79b7f54\" data-element_type=\"column\" data-e-type=\"column\">\n\t\t\t<div class=\"elementor-widget-wrap elementor-element-populated\">\n\t\t\t\t\t\t<div class=\"elementor-element elementor-element-ba18421 elementor-widget elementor-widget-text-editor\" data-id=\"ba18421\" data-element_type=\"widget\" data-e-type=\"widget\" data-widget_type=\"text-editor.default\">\n\t\t\t\t<div class=\"elementor-widget-container\">\n\t\t\t\t\t\t\t\t\t<p>Die <strong>Messe von M\u00e1laga findet tags\u00fcber im historischen Zentrum statt<\/strong>, wo die Stra\u00dfen ab Mittag mit Musik, Tanz und einer lebhaften Atmosph\u00e4re gef\u00fcllt sind. Gegenden wie die<strong> Calle Larios, die Plaza de la Constituci\u00f3n<\/strong> und die umliegenden Gebiete werden zum Epizentrum des Jahrmarkts, wo sich die Menschen im Rhythmus von traditioneller und moderner Musik am\u00fcsieren, tanzen und etwas trinken. <\/p>\t\t\t\t\t\t\t\t<\/div>\n\t\t\t\t<\/div>\n\t\t\t\t\t<\/div>\n\t\t<\/div>\n\t\t\t\t\t<\/div>\n\t\t<\/section>\n\t\t\t\t<section class=\"elementor-section elementor-top-section elementor-element elementor-element-2ff02be elementor-section-boxed elementor-section-height-default elementor-section-height-default\" data-id=\"2ff02be\" data-element_type=\"section\" data-e-type=\"section\">\n\t\t\t\t\t\t<div class=\"elementor-container elementor-column-gap-default\">\n\t\t\t\t\t<div class=\"elementor-column elementor-col-100 elementor-top-column elementor-element elementor-element-5f3b70a\" data-id=\"5f3b70a\" data-element_type=\"column\" data-e-type=\"column\">\n\t\t\t<div class=\"elementor-widget-wrap elementor-element-populated\">\n\t\t\t\t\t\t<div class=\"elementor-element elementor-element-1620c69 elementor-widget elementor-widget-text-editor\" data-id=\"1620c69\" data-element_type=\"widget\" data-e-type=\"widget\" data-widget_type=\"text-editor.default\">\n\t\t\t\t<div class=\"elementor-widget-container\">\n\t\t\t\t\t\t\t\t\t<p>Es ist der perfekte Ort f\u00fcr diejenigen, die eine offene und zug\u00e4ngliche Atmosph\u00e4re suchen, ideal zum Flanieren, um Ecken der Stadt zu entdecken und die Messe und ihre Traditionen auf eine n\u00e4here und spontanere Weise zu erleben.<\/p>\t\t\t\t\t\t\t\t<\/div>\n\t\t\t\t<\/div>\n\t\t\t\t\t<\/div>\n\t\t<\/div>\n\t\t\t\t\t<\/div>\n\t\t<\/section>\n\t\t\t\t<section class=\"elementor-section elementor-top-section elementor-element elementor-element-7d04b0e elementor-section-boxed elementor-section-height-default elementor-section-height-default\" data-id=\"7d04b0e\" data-element_type=\"section\" data-e-type=\"section\">\n\t\t\t\t\t\t<div class=\"elementor-container elementor-column-gap-default\">\n\t\t\t\t\t<div class=\"elementor-column elementor-col-100 elementor-top-column elementor-element elementor-element-52b5f40\" data-id=\"52b5f40\" data-element_type=\"column\" data-e-type=\"column\">\n\t\t\t<div class=\"elementor-widget-wrap elementor-element-populated\">\n\t\t\t\t\t\t<div class=\"elementor-element elementor-element-60d65b7 elementor-widget elementor-widget-image\" data-id=\"60d65b7\" data-element_type=\"widget\" data-e-type=\"widget\" data-widget_type=\"image.default\">\n\t\t\t\t<div class=\"elementor-widget-container\">\n\t\t\t\t\t\t\t\t\t\t\t\t\t\t\t<img fetchpriority=\"high\" decoding=\"async\" width=\"640\" height=\"427\" src=\"https:\/\/i0.wp.com\/electriccartour.com\/wp-content\/uploads\/2026\/04\/feria-malaga-calle-larios.webp?fit=640%2C427&amp;ssl=1\" class=\"attachment-medium_large size-medium_large wp-image-14666\" alt=\"Calle Larios durante la Feria de M\u00e1laga con decoraci\u00f3n festiva y gran afluencia de personas paseando bajo toldos y guirnaldas\" srcset=\"https:\/\/i0.wp.com\/electriccartour.com\/wp-content\/uploads\/2026\/04\/feria-malaga-calle-larios.webp?w=1536&amp;ssl=1 1536w, https:\/\/i0.wp.com\/electriccartour.com\/wp-content\/uploads\/2026\/04\/feria-malaga-calle-larios.webp?resize=300%2C200&amp;ssl=1 300w, https:\/\/i0.wp.com\/electriccartour.com\/wp-content\/uploads\/2026\/04\/feria-malaga-calle-larios.webp?resize=1024%2C683&amp;ssl=1 1024w, https:\/\/i0.wp.com\/electriccartour.com\/wp-content\/uploads\/2026\/04\/feria-malaga-calle-larios.webp?resize=768%2C512&amp;ssl=1 768w, https:\/\/i0.wp.com\/electriccartour.com\/wp-content\/uploads\/2026\/04\/feria-malaga-calle-larios.webp?w=1280&amp;ssl=1 1280w\" sizes=\"(max-width: 640px) 100vw, 640px\" \/>\t\t\t\t\t\t\t\t\t\t\t\t\t\t\t<\/div>\n\t\t\t\t<\/div>\n\t\t\t\t\t<\/div>\n\t\t<\/div>\n\t\t\t\t\t<\/div>\n\t\t<\/section>\n\t\t\t\t<section class=\"elementor-section elementor-top-section elementor-element elementor-element-e1b90cb elementor-section-boxed elementor-section-height-default elementor-section-height-default\" data-id=\"e1b90cb\" data-element_type=\"section\" data-e-type=\"section\">\n\t\t\t\t\t\t<div class=\"elementor-container elementor-column-gap-default\">\n\t\t\t\t\t<div class=\"elementor-column elementor-col-100 elementor-top-column elementor-element elementor-element-609b994\" data-id=\"609b994\" data-element_type=\"column\" data-e-type=\"column\">\n\t\t\t<div class=\"elementor-widget-wrap elementor-element-populated\">\n\t\t\t\t\t\t<div class=\"elementor-element elementor-element-392b000 elementor-widget elementor-widget-heading\" data-id=\"392b000\" data-element_type=\"widget\" data-e-type=\"widget\" data-widget_type=\"heading.default\">\n\t\t\t\t<div class=\"elementor-widget-container\">\n\t\t\t\t\t<h2 class=\"elementor-heading-title elementor-size-default\">Die Wallfahrt der Virgen de la Victoria: der Beginn der Messe von Malaga<\/h2>\t\t\t\t<\/div>\n\t\t\t\t<\/div>\n\t\t\t\t\t<\/div>\n\t\t<\/div>\n\t\t\t\t\t<\/div>\n\t\t<\/section>\n\t\t\t\t<section class=\"elementor-section elementor-top-section elementor-element elementor-element-3e44e7d elementor-section-boxed elementor-section-height-default elementor-section-height-default\" data-id=\"3e44e7d\" data-element_type=\"section\" data-e-type=\"section\">\n\t\t\t\t\t\t<div class=\"elementor-container elementor-column-gap-default\">\n\t\t\t\t\t<div class=\"elementor-column elementor-col-100 elementor-top-column elementor-element elementor-element-49a1408\" data-id=\"49a1408\" data-element_type=\"column\" data-e-type=\"column\">\n\t\t\t<div class=\"elementor-widget-wrap elementor-element-populated\">\n\t\t\t\t\t\t<div class=\"elementor-element elementor-element-2ccef94 elementor-widget elementor-widget-text-editor\" data-id=\"2ccef94\" data-element_type=\"widget\" data-e-type=\"widget\" data-widget_type=\"text-editor.default\">\n\t\t\t\t<div class=\"elementor-widget-container\">\n\t\t\t\t\t\t\t\t\t<p>Die <strong>Messe von M\u00e1laga beginnt<\/strong> <strong>offiziell mit<\/strong> einem ihrer ganz besonderen Momente: der <strong>Wallfahrt der Virgen de la Victoria, der<\/strong> <strong>Schutzpatronin der Stadt<\/strong>. Dieses Ereignis findet am Samstag vor Beginn der Messe statt und markiert den Beginn der Feierlichkeiten. <\/p>\t\t\t\t\t\t\t\t<\/div>\n\t\t\t\t<\/div>\n\t\t\t\t\t<\/div>\n\t\t<\/div>\n\t\t\t\t\t<\/div>\n\t\t<\/section>\n\t\t\t\t<section class=\"elementor-section elementor-top-section elementor-element elementor-element-ba784d3 elementor-section-boxed elementor-section-height-default elementor-section-height-default\" data-id=\"ba784d3\" data-element_type=\"section\" data-e-type=\"section\">\n\t\t\t\t\t\t<div class=\"elementor-container elementor-column-gap-default\">\n\t\t\t\t\t<div class=\"elementor-column elementor-col-100 elementor-top-column elementor-element elementor-element-9a158bc\" data-id=\"9a158bc\" data-element_type=\"column\" data-e-type=\"column\">\n\t\t\t<div class=\"elementor-widget-wrap elementor-element-populated\">\n\t\t\t\t\t\t<div class=\"elementor-element elementor-element-3e5b033 elementor-widget elementor-widget-text-editor\" data-id=\"3e5b033\" data-element_type=\"widget\" data-e-type=\"widget\" data-widget_type=\"text-editor.default\">\n\t\t\t\t<div class=\"elementor-widget-container\">\n\t\t\t\t\t\t\t\t\t<p><strong>W\u00e4hrend der Wallfahrt begleiten die Einwohner von M\u00e1laga die Jungfrau<\/strong> vom Stadtzentrum zum Santuario de la Victoria, in einer <strong>Reise voller Tradition, Musik<\/strong> und festlicher Atmosph\u00e4re. Es ist ein lang erwarteter Moment f\u00fcr die Einheimischen, bei dem sich Andacht und Feier in einer einzigartigen Atmosph\u00e4re vermischen. <\/p>\t\t\t\t\t\t\t\t<\/div>\n\t\t\t\t<\/div>\n\t\t\t\t\t<\/div>\n\t\t<\/div>\n\t\t\t\t\t<\/div>\n\t\t<\/section>\n\t\t\t\t<section class=\"elementor-section elementor-top-section elementor-element elementor-element-bcc1b7e elementor-section-boxed elementor-section-height-default elementor-section-height-default\" data-id=\"bcc1b7e\" data-element_type=\"section\" data-e-type=\"section\">\n\t\t\t\t\t\t<div class=\"elementor-container elementor-column-gap-default\">\n\t\t\t\t\t<div class=\"elementor-column elementor-col-100 elementor-top-column elementor-element elementor-element-27c5ad9\" data-id=\"27c5ad9\" data-element_type=\"column\" data-e-type=\"column\">\n\t\t\t<div class=\"elementor-widget-wrap elementor-element-populated\">\n\t\t\t\t\t\t<div class=\"elementor-element elementor-element-b3dad60 elementor-widget elementor-widget-text-editor\" data-id=\"b3dad60\" data-element_type=\"widget\" data-e-type=\"widget\" data-widget_type=\"text-editor.default\">\n\t\t\t\t<div class=\"elementor-widget-container\">\n\t\t\t\t\t\t\t\t\t<p><strong>Die Virgen de la Victoria ist seit dem 15. Jahrhundert die Schutzheilige M\u00e1lagas<\/strong> und eine sehr wichtige Figur f\u00fcr die Stadt. <strong>Ihre Geschichte ist mit der Eroberung M\u00e1lagas durch die Katholischen K\u00f6nige verbunden<\/strong>. Seitdem ist sie f\u00fcr die Menschen in M\u00e1laga ein Symbol f\u00fcr Identit\u00e4t und Tradition geworden.<\/p>\t\t\t\t\t\t\t\t<\/div>\n\t\t\t\t<\/div>\n\t\t\t\t\t<\/div>\n\t\t<\/div>\n\t\t\t\t\t<\/div>\n\t\t<\/section>\n\t\t\t\t<section class=\"elementor-section elementor-top-section elementor-element elementor-element-f7467d8 elementor-section-boxed elementor-section-height-default elementor-section-height-default\" data-id=\"f7467d8\" data-element_type=\"section\" data-e-type=\"section\">\n\t\t\t\t\t\t<div class=\"elementor-container elementor-column-gap-default\">\n\t\t\t\t\t<div class=\"elementor-column elementor-col-100 elementor-top-column elementor-element elementor-element-bf06639\" data-id=\"bf06639\" data-element_type=\"column\" data-e-type=\"column\">\n\t\t\t<div class=\"elementor-widget-wrap elementor-element-populated\">\n\t\t\t\t\t\t<div class=\"elementor-element elementor-element-88eb3af elementor-widget elementor-widget-image\" data-id=\"88eb3af\" data-element_type=\"widget\" data-e-type=\"widget\" data-widget_type=\"image.default\">\n\t\t\t\t<div class=\"elementor-widget-container\">\n\t\t\t\t\t\t\t\t\t\t\t\t\t\t\t<img decoding=\"async\" width=\"300\" height=\"192\" src=\"https:\/\/i0.wp.com\/electriccartour.com\/wp-content\/uploads\/2026\/04\/virgen-de-la-victoria-patrona-de-malaga.webp?fit=300%2C192&amp;ssl=1\" class=\"attachment-medium size-medium wp-image-14615\" alt=\"Virgen de la Victoria patrona de M\u00e1laga en su santuario durante la romer\u00eda\" srcset=\"https:\/\/i0.wp.com\/electriccartour.com\/wp-content\/uploads\/2026\/04\/virgen-de-la-victoria-patrona-de-malaga.webp?w=1170&amp;ssl=1 1170w, https:\/\/i0.wp.com\/electriccartour.com\/wp-content\/uploads\/2026\/04\/virgen-de-la-victoria-patrona-de-malaga.webp?resize=300%2C192&amp;ssl=1 300w, https:\/\/i0.wp.com\/electriccartour.com\/wp-content\/uploads\/2026\/04\/virgen-de-la-victoria-patrona-de-malaga.webp?resize=1024%2C656&amp;ssl=1 1024w, https:\/\/i0.wp.com\/electriccartour.com\/wp-content\/uploads\/2026\/04\/virgen-de-la-victoria-patrona-de-malaga.webp?resize=768%2C492&amp;ssl=1 768w\" sizes=\"(max-width: 300px) 100vw, 300px\" \/>\t\t\t\t\t\t\t\t\t\t\t\t\t\t\t<\/div>\n\t\t\t\t<\/div>\n\t\t\t\t\t<\/div>\n\t\t<\/div>\n\t\t\t\t\t<\/div>\n\t\t<\/section>\n\t\t\t\t<section class=\"elementor-section elementor-top-section elementor-element elementor-element-550b011 elementor-section-boxed elementor-section-height-default elementor-section-height-default\" data-id=\"550b011\" data-element_type=\"section\" data-e-type=\"section\">\n\t\t\t\t\t\t<div class=\"elementor-container elementor-column-gap-default\">\n\t\t\t\t\t<div class=\"elementor-column elementor-col-100 elementor-top-column elementor-element elementor-element-34aed72\" data-id=\"34aed72\" data-element_type=\"column\" data-e-type=\"column\">\n\t\t\t<div class=\"elementor-widget-wrap elementor-element-populated\">\n\t\t\t\t\t\t<div class=\"elementor-element elementor-element-37474dc elementor-widget elementor-widget-text-editor\" data-id=\"37474dc\" data-element_type=\"widget\" data-e-type=\"widget\" data-widget_type=\"text-editor.default\">\n\t\t\t\t<div class=\"elementor-widget-container\">\n\t\t\t\t\t\t\t\t\t<p>Obwohl es sich um eine Veranstaltung mit einer starken <strong>religi\u00f6sen Komponente<\/strong> handelt <strong>, hat die Wallfahrt auch einen festlichen Charakter<\/strong> und ist eine gute Gelegenheit, einen authentischen Teil der Messe von M\u00e1laga kennenzulernen.<\/p>\t\t\t\t\t\t\t\t<\/div>\n\t\t\t\t<\/div>\n\t\t\t\t\t<\/div>\n\t\t<\/div>\n\t\t\t\t\t<\/div>\n\t\t<\/section>\n\t\t\t\t<section class=\"elementor-section elementor-top-section elementor-element elementor-element-a1a930a elementor-section-boxed elementor-section-height-default elementor-section-height-default\" data-id=\"a1a930a\" data-element_type=\"section\" data-e-type=\"section\">\n\t\t\t\t\t\t<div class=\"elementor-container elementor-column-gap-default\">\n\t\t\t\t\t<div class=\"elementor-column elementor-col-100 elementor-top-column elementor-element elementor-element-d8f012a\" data-id=\"d8f012a\" data-element_type=\"column\" data-e-type=\"column\">\n\t\t\t<div class=\"elementor-widget-wrap elementor-element-populated\">\n\t\t\t\t\t\t<div class=\"elementor-element elementor-element-66fab54 elementor-widget elementor-widget-text-editor\" data-id=\"66fab54\" data-element_type=\"widget\" data-e-type=\"widget\" data-widget_type=\"text-editor.default\">\n\t\t\t\t<div class=\"elementor-widget-container\">\n\t\t\t\t\t\t\t\t\t<p><strong>Wenn Sie an diesem Tag in M\u00e1laga sind, lohnt es sich, diesen besonderen Moment<\/strong> vor Beginn der Messe <strong>mitzuerleben<\/strong>.<\/p>\t\t\t\t\t\t\t\t<\/div>\n\t\t\t\t<\/div>\n\t\t\t\t\t<\/div>\n\t\t<\/div>\n\t\t\t\t\t<\/div>\n\t\t<\/section>\n\t\t\t\t<section class=\"elementor-section elementor-top-section elementor-element elementor-element-1cf7e6d elementor-section-boxed elementor-section-height-default elementor-section-height-default\" data-id=\"1cf7e6d\" data-element_type=\"section\" data-e-type=\"section\">\n\t\t\t\t\t\t<div class=\"elementor-container elementor-column-gap-default\">\n\t\t\t\t\t<div class=\"elementor-column elementor-col-100 elementor-top-column elementor-element elementor-element-0fae745\" data-id=\"0fae745\" data-element_type=\"column\" data-e-type=\"column\">\n\t\t\t<div class=\"elementor-widget-wrap elementor-element-populated\">\n\t\t\t\t\t\t<div class=\"elementor-element elementor-element-bfa2f3c elementor-widget elementor-widget-heading\" data-id=\"bfa2f3c\" data-element_type=\"widget\" data-e-type=\"widget\" data-widget_type=\"heading.default\">\n\t\t\t\t<div class=\"elementor-widget-container\">\n\t\t\t\t\t<h2 class=\"elementor-heading-title elementor-size-default\">N\u00e4chtlicher Jahrmarkt auf dem Messegel\u00e4nde (Cortijo de Torres)<\/h2>\t\t\t\t<\/div>\n\t\t\t\t<\/div>\n\t\t\t\t\t<\/div>\n\t\t<\/div>\n\t\t\t\t\t<\/div>\n\t\t<\/section>\n\t\t\t\t<section class=\"elementor-section elementor-top-section elementor-element elementor-element-11d1080 elementor-section-boxed elementor-section-height-default elementor-section-height-default\" data-id=\"11d1080\" data-element_type=\"section\" data-e-type=\"section\">\n\t\t\t\t\t\t<div class=\"elementor-container elementor-column-gap-default\">\n\t\t\t\t\t<div class=\"elementor-column elementor-col-100 elementor-top-column elementor-element elementor-element-78695bc\" data-id=\"78695bc\" data-element_type=\"column\" data-e-type=\"column\">\n\t\t\t<div class=\"elementor-widget-wrap elementor-element-populated\">\n\t\t\t\t\t\t<div class=\"elementor-element elementor-element-e6c1b1e elementor-widget elementor-widget-text-editor\" data-id=\"e6c1b1e\" data-element_type=\"widget\" data-e-type=\"widget\" data-widget_type=\"text-editor.default\">\n\t\t\t\t<div class=\"elementor-widget-container\">\n\t\t\t\t\t\t\t\t\t<p>Im Gegensatz zum Tagesmarkt im Zentrum <strong>ist der Rummelplatz besser organisiert und verf\u00fcgt \u00fcber gro\u00dfe Fl\u00e4chen, auf denen sich Musik, Tanz und Gastronomie mischen.<\/strong> Es ist der perfekte Ort f\u00fcr diejenigen, die ein intensiveres und festlicheres Erlebnis suchen, mit Optionen f\u00fcr jeden Geschmack. <\/p>\t\t\t\t\t\t\t\t<\/div>\n\t\t\t\t<\/div>\n\t\t\t\t\t<\/div>\n\t\t<\/div>\n\t\t\t\t\t<\/div>\n\t\t<\/section>\n\t\t\t\t<section class=\"elementor-section elementor-top-section elementor-element elementor-element-2f71454 elementor-section-boxed elementor-section-height-default elementor-section-height-default\" data-id=\"2f71454\" data-element_type=\"section\" data-e-type=\"section\">\n\t\t\t\t\t\t<div class=\"elementor-container elementor-column-gap-default\">\n\t\t\t\t\t<div class=\"elementor-column elementor-col-100 elementor-top-column elementor-element elementor-element-4551976\" data-id=\"4551976\" data-element_type=\"column\" data-e-type=\"column\">\n\t\t\t<div class=\"elementor-widget-wrap elementor-element-populated\">\n\t\t\t\t\t\t<div class=\"elementor-element elementor-element-af5601f elementor-widget elementor-widget-text-editor\" data-id=\"af5601f\" data-element_type=\"widget\" data-e-type=\"widget\" data-widget_type=\"text-editor.default\">\n\t\t\t\t<div class=\"elementor-widget-container\">\n\t\t\t\t\t\t\t\t\t<p><strong>Tags\u00fcber<\/strong> hat der Rummelplatz von Cortijo de Torres auch seine eigene Atmosph\u00e4re, die ruhiger und traditioneller ist. Es ist \u00fcblich, <strong>Einheimische<\/strong> zu sehen, die <strong>in typischen Jahrmarktskost\u00fcmen auf Pferden oder in Pferdekutschen umherreiten und<\/strong> eine sehr charakteristische Szene schaffen. Es ist auch eine gute Zeit, um durch die St\u00e4nde zu schlendern und die lokale Gastronomie in einer entspannten Umgebung zu genie\u00dfen.  <\/p>\t\t\t\t\t\t\t\t<\/div>\n\t\t\t\t<\/div>\n\t\t\t\t\t<\/div>\n\t\t<\/div>\n\t\t\t\t\t<\/div>\n\t\t<\/section>\n\t\t\t\t<section class=\"elementor-section elementor-top-section elementor-element elementor-element-2cba7b7 elementor-section-boxed elementor-section-height-default elementor-section-height-default\" data-id=\"2cba7b7\" data-element_type=\"section\" data-e-type=\"section\">\n\t\t\t\t\t\t<div class=\"elementor-container elementor-column-gap-default\">\n\t\t\t\t\t<div class=\"elementor-column elementor-col-100 elementor-top-column elementor-element elementor-element-5109066\" data-id=\"5109066\" data-element_type=\"column\" data-e-type=\"column\">\n\t\t\t<div class=\"elementor-widget-wrap elementor-element-populated\">\n\t\t\t\t\t\t<div class=\"elementor-element elementor-element-a54b5e4 elementor-widget elementor-widget-image\" data-id=\"a54b5e4\" data-element_type=\"widget\" data-e-type=\"widget\" data-widget_type=\"image.default\">\n\t\t\t\t<div class=\"elementor-widget-container\">\n\t\t\t\t\t\t\t\t\t\t\t\t\t\t\t<img decoding=\"async\" width=\"300\" height=\"200\" src=\"https:\/\/i0.wp.com\/electriccartour.com\/wp-content\/uploads\/2026\/04\/programa-feria-de-malaga-atracciones.webp?fit=300%2C200&amp;ssl=1\" class=\"attachment-medium size-medium wp-image-14619\" alt=\"Atracciones y luces en el recinto ferial durante la Feria de M\u00e1laga de noche\" srcset=\"https:\/\/i0.wp.com\/electriccartour.com\/wp-content\/uploads\/2026\/04\/programa-feria-de-malaga-atracciones.webp?w=736&amp;ssl=1 736w, https:\/\/i0.wp.com\/electriccartour.com\/wp-content\/uploads\/2026\/04\/programa-feria-de-malaga-atracciones.webp?resize=300%2C200&amp;ssl=1 300w\" sizes=\"(max-width: 300px) 100vw, 300px\" \/>\t\t\t\t\t\t\t\t\t\t\t\t\t\t\t<\/div>\n\t\t\t\t<\/div>\n\t\t\t\t\t<\/div>\n\t\t<\/div>\n\t\t\t\t\t<\/div>\n\t\t<\/section>\n\t\t\t\t<section class=\"elementor-section elementor-top-section elementor-element elementor-element-6b432bd elementor-section-boxed elementor-section-height-default elementor-section-height-default\" data-id=\"6b432bd\" data-element_type=\"section\" data-e-type=\"section\">\n\t\t\t\t\t\t<div class=\"elementor-container elementor-column-gap-default\">\n\t\t\t\t\t<div class=\"elementor-column elementor-col-100 elementor-top-column elementor-element elementor-element-036afc7\" data-id=\"036afc7\" data-element_type=\"column\" data-e-type=\"column\">\n\t\t\t<div class=\"elementor-widget-wrap elementor-element-populated\">\n\t\t\t\t\t\t<div class=\"elementor-element elementor-element-8fe2bbe elementor-widget elementor-widget-text-editor\" data-id=\"8fe2bbe\" data-element_type=\"widget\" data-e-type=\"widget\" data-widget_type=\"text-editor.default\">\n\t\t\t\t<div class=\"elementor-widget-container\">\n\t\t\t\t\t\t\t\t\t<p><strong>Nachts<\/strong><strong> zieht die Messe von M\u00e1laga auf das Messegel\u00e4nde von Cortijo de Torres um, wo sich die Atmosph\u00e4re v\u00f6llig ver\u00e4ndert.<\/strong> Dies ist der ideale Ort, um die Messe bis in die fr\u00fchen Morgenstunden zu genie\u00dfen.<\/p>\t\t\t\t\t\t\t\t<\/div>\n\t\t\t\t<\/div>\n\t\t\t\t\t<\/div>\n\t\t<\/div>\n\t\t\t\t\t<\/div>\n\t\t<\/section>\n\t\t\t\t<section class=\"elementor-section elementor-top-section elementor-element elementor-element-45f73e7 elementor-section-boxed elementor-section-height-default elementor-section-height-default\" data-id=\"45f73e7\" data-element_type=\"section\" data-e-type=\"section\">\n\t\t\t\t\t\t<div class=\"elementor-container elementor-column-gap-default\">\n\t\t\t\t\t<div class=\"elementor-column elementor-col-100 elementor-top-column elementor-element elementor-element-4c9e055\" data-id=\"4c9e055\" data-element_type=\"column\" data-e-type=\"column\">\n\t\t\t<div class=\"elementor-widget-wrap elementor-element-populated\">\n\t\t\t\t\t\t<div class=\"elementor-element elementor-element-d56a7a8 elementor-widget elementor-widget-text-editor\" data-id=\"d56a7a8\" data-element_type=\"widget\" data-e-type=\"widget\" data-widget_type=\"text-editor.default\">\n\t\t\t\t<div class=\"elementor-widget-container\">\n\t\t\t\t\t\t\t\t\t<p><strong>Der Ort bietet traditionelle St\u00e4nde, Restaurants und Attraktionen,<\/strong> so dass er auch f\u00fcr Gruppen oder sogar Familien eine gute Option ist, besonders am fr\u00fchen Abend.<\/p>\t\t\t\t\t\t\t\t<\/div>\n\t\t\t\t<\/div>\n\t\t\t\t\t<\/div>\n\t\t<\/div>\n\t\t\t\t\t<\/div>\n\t\t<\/section>\n\t\t\t\t<section class=\"elementor-section elementor-top-section elementor-element elementor-element-3fda6cf elementor-section-boxed elementor-section-height-default elementor-section-height-default\" data-id=\"3fda6cf\" data-element_type=\"section\" data-e-type=\"section\">\n\t\t\t\t\t\t<div class=\"elementor-container elementor-column-gap-default\">\n\t\t\t\t\t<div class=\"elementor-column elementor-col-100 elementor-top-column elementor-element elementor-element-e6b9ca5\" data-id=\"e6b9ca5\" data-element_type=\"column\" data-e-type=\"column\">\n\t\t\t<div class=\"elementor-widget-wrap elementor-element-populated\">\n\t\t\t\t\t\t<div class=\"elementor-element elementor-element-2d5e049 elementor-widget elementor-widget-heading\" data-id=\"2d5e049\" data-element_type=\"widget\" data-e-type=\"widget\" data-widget_type=\"heading.default\">\n\t\t\t\t<div class=\"elementor-widget-container\">\n\t\t\t\t\t<h2 class=\"elementor-heading-title elementor-size-default\">Wie Sie sich w\u00e4hrend der Messe Malaga fortbewegen<\/h2>\t\t\t\t<\/div>\n\t\t\t\t<\/div>\n\t\t\t\t\t<\/div>\n\t\t<\/div>\n\t\t\t\t\t<\/div>\n\t\t<\/section>\n\t\t\t\t<section class=\"elementor-section elementor-top-section elementor-element elementor-element-69fc558 elementor-section-boxed elementor-section-height-default elementor-section-height-default\" data-id=\"69fc558\" data-element_type=\"section\" data-e-type=\"section\">\n\t\t\t\t\t\t<div class=\"elementor-container elementor-column-gap-default\">\n\t\t\t\t\t<div class=\"elementor-column elementor-col-100 elementor-top-column elementor-element elementor-element-bf4d08f\" data-id=\"bf4d08f\" data-element_type=\"column\" data-e-type=\"column\">\n\t\t\t<div class=\"elementor-widget-wrap elementor-element-populated\">\n\t\t\t\t\t\t<div class=\"elementor-element elementor-element-0613751 elementor-widget elementor-widget-text-editor\" data-id=\"0613751\" data-element_type=\"widget\" data-e-type=\"widget\" data-widget_type=\"text-editor.default\">\n\t\t\t\t<div class=\"elementor-widget-container\">\n\t\t\t\t\t\t\t\t\t<p><strong>W\u00e4hrend der Messe von M\u00e1laga<\/strong> <strong>kann die Fortbewegung in der Stadt<\/strong> aufgrund des gro\u00dfen Zustroms von Menschen und der Verkehrsbehinderungen im Stadtzentrum <strong>eine ziemliche Herausforderung darstellen<\/strong>. Deshalb ist es wichtig, Ihre Fahrten gut zu planen, vor allem wenn Sie die Messe tags\u00fcber oder nachts besuchen m\u00f6chten. <\/p>\t\t\t\t\t\t\t\t<\/div>\n\t\t\t\t<\/div>\n\t\t\t\t\t<\/div>\n\t\t<\/div>\n\t\t\t\t\t<\/div>\n\t\t<\/section>\n\t\t\t\t<section class=\"elementor-section elementor-top-section elementor-element elementor-element-6fb4720 elementor-section-boxed elementor-section-height-default elementor-section-height-default\" data-id=\"6fb4720\" data-element_type=\"section\" data-e-type=\"section\">\n\t\t\t\t\t\t<div class=\"elementor-container elementor-column-gap-default\">\n\t\t\t\t\t<div class=\"elementor-column elementor-col-100 elementor-top-column elementor-element elementor-element-84ec984\" data-id=\"84ec984\" data-element_type=\"column\" data-e-type=\"column\">\n\t\t\t<div class=\"elementor-widget-wrap elementor-element-populated\">\n\t\t\t\t\t\t<div class=\"elementor-element elementor-element-f41ab3d elementor-widget elementor-widget-text-editor\" data-id=\"f41ab3d\" data-element_type=\"widget\" data-e-type=\"widget\" data-widget_type=\"text-editor.default\">\n\t\t\t\t<div class=\"elementor-widget-container\">\n\t\t\t\t\t\t\t\t\t<p><strong>Eine der empfehlenswertesten Optionen ist die Nutzung der \u00f6ffentlichen Verkehrsmittel<\/strong>, da das Rathaus w\u00e4hrend dieser Tage <strong>die Buslinien verst\u00e4rkt<\/strong>, mit <strong>h\u00e4ufigen Verbindungen zwischen dem Zentrum und dem Messegel\u00e4nde<\/strong> Cortijo de Torres.<\/p>\t\t\t\t\t\t\t\t<\/div>\n\t\t\t\t<\/div>\n\t\t\t\t\t<\/div>\n\t\t<\/div>\n\t\t\t\t\t<\/div>\n\t\t<\/section>\n\t\t\t\t<section class=\"elementor-section elementor-top-section elementor-element elementor-element-de327f6 elementor-section-boxed elementor-section-height-default elementor-section-height-default\" data-id=\"de327f6\" data-element_type=\"section\" data-e-type=\"section\">\n\t\t\t\t\t\t<div class=\"elementor-container elementor-column-gap-default\">\n\t\t\t\t\t<div class=\"elementor-column elementor-col-100 elementor-top-column elementor-element elementor-element-3eb9926\" data-id=\"3eb9926\" data-element_type=\"column\" data-e-type=\"column\">\n\t\t\t<div class=\"elementor-widget-wrap elementor-element-populated\">\n\t\t\t\t\t\t<div class=\"elementor-element elementor-element-3b5bb96 elementor-widget elementor-widget-image\" data-id=\"3b5bb96\" data-element_type=\"widget\" data-e-type=\"widget\" data-widget_type=\"image.default\">\n\t\t\t\t<div class=\"elementor-widget-container\">\n\t\t\t\t\t\t\t\t\t\t\t\t\t\t\t<img loading=\"lazy\" decoding=\"async\" width=\"300\" height=\"200\" src=\"https:\/\/i0.wp.com\/electriccartour.com\/wp-content\/uploads\/2026\/02\/fan-trip-malaga-tour-coche-electrico.webp?fit=300%2C200&amp;ssl=1\" class=\"attachment-medium size-medium wp-image-14366\" alt=\"Grupo de amigos durante un fan trip en tour guiado en coche el\u00e9ctrico por M\u00e1laga.\" srcset=\"https:\/\/i0.wp.com\/electriccartour.com\/wp-content\/uploads\/2026\/02\/fan-trip-malaga-tour-coche-electrico.webp?w=1536&amp;ssl=1 1536w, https:\/\/i0.wp.com\/electriccartour.com\/wp-content\/uploads\/2026\/02\/fan-trip-malaga-tour-coche-electrico.webp?resize=300%2C200&amp;ssl=1 300w, https:\/\/i0.wp.com\/electriccartour.com\/wp-content\/uploads\/2026\/02\/fan-trip-malaga-tour-coche-electrico.webp?resize=1024%2C683&amp;ssl=1 1024w, https:\/\/i0.wp.com\/electriccartour.com\/wp-content\/uploads\/2026\/02\/fan-trip-malaga-tour-coche-electrico.webp?resize=768%2C512&amp;ssl=1 768w, https:\/\/i0.wp.com\/electriccartour.com\/wp-content\/uploads\/2026\/02\/fan-trip-malaga-tour-coche-electrico.webp?w=1280&amp;ssl=1 1280w\" sizes=\"(max-width: 300px) 100vw, 300px\" \/>\t\t\t\t\t\t\t\t\t\t\t\t\t\t\t<\/div>\n\t\t\t\t<\/div>\n\t\t\t\t\t<\/div>\n\t\t<\/div>\n\t\t\t\t\t<\/div>\n\t\t<\/section>\n\t\t\t\t<section class=\"elementor-section elementor-top-section elementor-element elementor-element-f59d98a elementor-section-boxed elementor-section-height-default elementor-section-height-default\" data-id=\"f59d98a\" data-element_type=\"section\" data-e-type=\"section\">\n\t\t\t\t\t\t<div class=\"elementor-container elementor-column-gap-default\">\n\t\t\t\t\t<div class=\"elementor-column elementor-col-100 elementor-top-column elementor-element elementor-element-552e467\" data-id=\"552e467\" data-element_type=\"column\" data-e-type=\"column\">\n\t\t\t<div class=\"elementor-widget-wrap elementor-element-populated\">\n\t\t\t\t\t\t<div class=\"elementor-element elementor-element-e0aa9ac elementor-widget elementor-widget-text-editor\" data-id=\"e0aa9ac\" data-element_type=\"widget\" data-e-type=\"widget\" data-widget_type=\"text-editor.default\">\n\t\t\t\t<div class=\"elementor-widget-container\">\n\t\t\t\t\t\t\t\t\t<p><strong>Taxis und private Transportdienste sind ebenfalls weit verbreitet<\/strong>, obwohl zu Spitzenzeiten die Nachfrage recht hoch sein kann. Wenn Sie mit dem Auto anreisen, sollten Sie sich im Voraus informieren, wo Sie parken k\u00f6nnen, denn viele Stra\u00dfen im Stadtzentrum sind gesperrt. <\/p>\t\t\t\t\t\t\t\t<\/div>\n\t\t\t\t<\/div>\n\t\t\t\t\t<\/div>\n\t\t<\/div>\n\t\t\t\t\t<\/div>\n\t\t<\/section>\n\t\t\t\t<section class=\"elementor-section elementor-top-section elementor-element elementor-element-eda68e4 elementor-section-boxed elementor-section-height-default elementor-section-height-default\" data-id=\"eda68e4\" data-element_type=\"section\" data-e-type=\"section\">\n\t\t\t\t\t\t<div class=\"elementor-container elementor-column-gap-default\">\n\t\t\t\t\t<div class=\"elementor-column elementor-col-100 elementor-top-column elementor-element elementor-element-46b6bcf\" data-id=\"46b6bcf\" data-element_type=\"column\" data-e-type=\"column\">\n\t\t\t<div class=\"elementor-widget-wrap elementor-element-populated\">\n\t\t\t\t\t\t<div class=\"elementor-element elementor-element-56b47e5 elementor-widget elementor-widget-text-editor\" data-id=\"56b47e5\" data-element_type=\"widget\" data-e-type=\"widget\" data-widget_type=\"text-editor.default\">\n\t\t\t\t<div class=\"elementor-widget-container\">\n\t\t\t\t\t\t\t\t\t<p>F\u00fcr diejenigen, die <strong>eine bequemere und andere Option bevorzugen, gibt es auch gef\u00fchrte Erlebnisse durch die Stadt<\/strong>, die es Ihnen erm\u00f6glichen, <strong>M\u00e1laga auf eine entspanntere Art und Weise kennenzulernen<\/strong>, bevor Sie die Messe genie\u00dfen und dabei Verkehrs- und Parkplatzprobleme vermeiden.<\/p>\t\t\t\t\t\t\t\t<\/div>\n\t\t\t\t<\/div>\n\t\t\t\t\t<\/div>\n\t\t<\/div>\n\t\t\t\t\t<\/div>\n\t\t<\/section>\n\t\t\t\t<section class=\"elementor-section elementor-top-section elementor-element elementor-element-839bd5d elementor-section-boxed elementor-section-height-default elementor-section-height-default\" data-id=\"839bd5d\" data-element_type=\"section\" data-e-type=\"section\">\n\t\t\t\t\t\t<div class=\"elementor-container elementor-column-gap-default\">\n\t\t\t\t\t<div class=\"elementor-column elementor-col-100 elementor-top-column elementor-element elementor-element-7d626b6\" data-id=\"7d626b6\" data-element_type=\"column\" data-e-type=\"column\">\n\t\t\t<div class=\"elementor-widget-wrap elementor-element-populated\">\n\t\t\t\t\t\t<div class=\"elementor-element elementor-element-57c58c7 elementor-widget elementor-widget-text-editor\" data-id=\"57c58c7\" data-element_type=\"widget\" data-e-type=\"widget\" data-widget_type=\"text-editor.default\">\n\t\t\t\t<div class=\"elementor-widget-container\">\n\t\t\t\t\t\t\t\t\t<p><strong>Entdecken Sie M\u00e1laga auf bequeme und sorglose Weise, bevor Sie die Messe genie\u00dfen, mit einer Tour im Elektroauto:<\/strong><\/p>\t\t\t\t\t\t\t\t<\/div>\n\t\t\t\t<\/div>\n\t\t\t\t\t<\/div>\n\t\t<\/div>\n\t\t\t\t\t<\/div>\n\t\t<\/section>\n\t\t\t\t<section class=\"elementor-section elementor-top-section elementor-element elementor-element-49808c0 elementor-section-boxed elementor-section-height-default elementor-section-height-default\" data-id=\"49808c0\" data-element_type=\"section\" data-e-type=\"section\">\n\t\t\t\t\t\t<div class=\"elementor-container elementor-column-gap-default\">\n\t\t\t\t\t<div class=\"elementor-column elementor-col-100 elementor-top-column elementor-element elementor-element-2081c59\" data-id=\"2081c59\" data-element_type=\"column\" data-e-type=\"column\">\n\t\t\t<div class=\"elementor-widget-wrap elementor-element-populated\">\n\t\t\t\t\t\t<div class=\"elementor-element elementor-element-dfbd883 elementor-align-center elementor-widget elementor-widget-button\" data-id=\"dfbd883\" data-element_type=\"widget\" data-e-type=\"widget\" data-widget_type=\"button.default\">\n\t\t\t\t<div class=\"elementor-widget-container\">\n\t\t\t\t\t\t\t\t\t<div class=\"elementor-button-wrapper\">\n\t\t\t\t\t<a class=\"elementor-button elementor-button-link elementor-size-sm\" href=\"https:\/\/electriccartour.com\/de\/alle-touren\/\">\n\t\t\t\t\t\t<span class=\"elementor-button-content-wrapper\">\n\t\t\t\t\t\t\t\t\t<span class=\"elementor-button-text\">Buchen Sie eine Tour in M\u00e1laga<\/span>\n\t\t\t\t\t<\/span>\n\t\t\t\t\t<\/a>\n\t\t\t\t<\/div>\n\t\t\t\t\t\t\t\t<\/div>\n\t\t\t\t<\/div>\n\t\t\t\t\t<\/div>\n\t\t<\/div>\n\t\t\t\t\t<\/div>\n\t\t<\/section>\n\t\t\t\t<section class=\"elementor-section elementor-top-section elementor-element elementor-element-3336cbb elementor-section-boxed elementor-section-height-default elementor-section-height-default\" data-id=\"3336cbb\" data-element_type=\"section\" data-e-type=\"section\">\n\t\t\t\t\t\t<div class=\"elementor-container elementor-column-gap-default\">\n\t\t\t\t\t<div class=\"elementor-column elementor-col-100 elementor-top-column elementor-element elementor-element-ddcae66\" data-id=\"ddcae66\" data-element_type=\"column\" data-e-type=\"column\">\n\t\t\t<div class=\"elementor-widget-wrap elementor-element-populated\">\n\t\t\t\t\t\t<div class=\"elementor-element elementor-element-4666947 elementor-widget elementor-widget-heading\" data-id=\"4666947\" data-element_type=\"widget\" data-e-type=\"widget\" data-widget_type=\"heading.default\">\n\t\t\t\t<div class=\"elementor-widget-container\">\n\t\t\t\t\t<h2 class=\"elementor-heading-title elementor-size-default\">Lokale Tipps f\u00fcr die Messe in Malaga<\/h2>\t\t\t\t<\/div>\n\t\t\t\t<\/div>\n\t\t\t\t\t<\/div>\n\t\t<\/div>\n\t\t\t\t\t<\/div>\n\t\t<\/section>\n\t\t\t\t<section class=\"elementor-section elementor-top-section elementor-element elementor-element-138389e elementor-section-boxed elementor-section-height-default elementor-section-height-default\" data-id=\"138389e\" data-element_type=\"section\" data-e-type=\"section\">\n\t\t\t\t\t\t<div class=\"elementor-container elementor-column-gap-default\">\n\t\t\t\t\t<div class=\"elementor-column elementor-col-100 elementor-top-column elementor-element elementor-element-75a4c48\" data-id=\"75a4c48\" data-element_type=\"column\" data-e-type=\"column\">\n\t\t\t<div class=\"elementor-widget-wrap elementor-element-populated\">\n\t\t\t\t\t\t<div class=\"elementor-element elementor-element-796e421 elementor-widget elementor-widget-text-editor\" data-id=\"796e421\" data-element_type=\"widget\" data-e-type=\"widget\" data-widget_type=\"text-editor.default\">\n\t\t\t\t<div class=\"elementor-widget-container\">\n\t\t\t\t\t\t\t\t\t<p data-start=\"327\" data-end=\"499\">Wenn Sie <strong>die Messe von M\u00e1laga wie ein echter Einheimischer genie\u00dfen<\/strong> m\u00f6chten, gibt es ein paar Tipps, die den Unterschied ausmachen und Ihnen helfen, das Beste aus Ihrem Erlebnis zu machen.<\/p>\t\t\t\t\t\t\t\t<\/div>\n\t\t\t\t<\/div>\n\t\t\t\t\t<\/div>\n\t\t<\/div>\n\t\t\t\t\t<\/div>\n\t\t<\/section>\n\t\t\t\t<section class=\"elementor-section elementor-top-section elementor-element elementor-element-ea9a25a elementor-section-boxed elementor-section-height-default elementor-section-height-default\" data-id=\"ea9a25a\" data-element_type=\"section\" data-e-type=\"section\">\n\t\t\t\t\t\t<div class=\"elementor-container elementor-column-gap-default\">\n\t\t\t\t\t<div class=\"elementor-column elementor-col-100 elementor-top-column elementor-element elementor-element-22f9591\" data-id=\"22f9591\" data-element_type=\"column\" data-e-type=\"column\">\n\t\t\t<div class=\"elementor-widget-wrap elementor-element-populated\">\n\t\t\t\t\t\t<div class=\"elementor-element elementor-element-4f82194 elementor-widget elementor-widget-text-editor\" data-id=\"4f82194\" data-element_type=\"widget\" data-e-type=\"widget\" data-widget_type=\"text-editor.default\">\n\t\t\t\t<div class=\"elementor-widget-container\">\n\t\t\t\t\t\t\t\t\t<ul><li data-start=\"506\" data-end=\"657\"><strong data-start=\"506\" data-end=\"535\">Gehen Sie fr\u00fch ins Zentrum:<\/strong> Tags\u00fcber wird es ab Mittag lebhaft, aber nach einer bestimmten Stunde kann es sehr voll werden.<\/li><li data-start=\"664\" data-end=\"813\"><strong data-start=\"664\" data-end=\"702\">W\u00e4hlen Sie zwischen dem Stadtzentrum und dem Messegel\u00e4nde:<\/strong> Die Messe am Tag ist offener und zug\u00e4nglicher, w\u00e4hrend die Abendmesse auf dem Messegel\u00e4nde intensiver und festlicher ist.<\/li><\/ul>\t\t\t\t\t\t\t\t<\/div>\n\t\t\t\t<\/div>\n\t\t\t\t\t<\/div>\n\t\t<\/div>\n\t\t\t\t\t<\/div>\n\t\t<\/section>\n\t\t\t\t<section class=\"elementor-section elementor-top-section elementor-element elementor-element-b948689 elementor-section-boxed elementor-section-height-default elementor-section-height-default\" data-id=\"b948689\" data-element_type=\"section\" data-e-type=\"section\">\n\t\t\t\t\t\t<div class=\"elementor-container elementor-column-gap-default\">\n\t\t\t\t\t<div class=\"elementor-column elementor-col-100 elementor-top-column elementor-element elementor-element-4db8751\" data-id=\"4db8751\" data-element_type=\"column\" data-e-type=\"column\">\n\t\t\t<div class=\"elementor-widget-wrap elementor-element-populated\">\n\t\t\t\t\t\t<div class=\"elementor-element elementor-element-caa53f9 elementor-widget elementor-widget-text-editor\" data-id=\"caa53f9\" data-element_type=\"widget\" data-e-type=\"widget\" data-widget_type=\"text-editor.default\">\n\t\t\t\t<div class=\"elementor-widget-container\">\n\t\t\t\t\t\t\t\t\t<ul><li data-start=\"820\" data-end=\"942\"><strong data-start=\"820\" data-end=\"866\">Benutzen Sie, wann immer m\u00f6glich, \u00f6ffentliche Verkehrsmittel: So<\/strong> vermeiden Sie Staus und Parkplatzprobleme, vor allem nachts.<\/li><li data-start=\"949\" data-end=\"1084\"><strong data-start=\"949\" data-end=\"985\">Bleiben Sie hydriert und sch\u00fctzen Sie sich vor der Hitze:<\/strong> Im August kann es in M\u00e1laga sehr hei\u00df werden, daher ist es wichtig, dass Sie Wasser mitbringen und sich vor der Sonne sch\u00fctzen.<\/li><\/ul>\t\t\t\t\t\t\t\t<\/div>\n\t\t\t\t<\/div>\n\t\t\t\t\t<\/div>\n\t\t<\/div>\n\t\t\t\t\t<\/div>\n\t\t<\/section>\n\t\t\t\t<section class=\"elementor-section elementor-top-section elementor-element elementor-element-686404f elementor-section-boxed elementor-section-height-default elementor-section-height-default\" data-id=\"686404f\" data-element_type=\"section\" data-e-type=\"section\">\n\t\t\t\t\t\t<div class=\"elementor-container elementor-column-gap-default\">\n\t\t\t\t\t<div class=\"elementor-column elementor-col-100 elementor-top-column elementor-element elementor-element-37acad7\" data-id=\"37acad7\" data-element_type=\"column\" data-e-type=\"column\">\n\t\t\t<div class=\"elementor-widget-wrap elementor-element-populated\">\n\t\t\t\t\t\t<div class=\"elementor-element elementor-element-4d300ad elementor-widget elementor-widget-image\" data-id=\"4d300ad\" data-element_type=\"widget\" data-e-type=\"widget\" data-widget_type=\"image.default\">\n\t\t\t\t<div class=\"elementor-widget-container\">\n\t\t\t\t\t\t\t\t\t\t\t\t\t\t\t<img loading=\"lazy\" decoding=\"async\" width=\"300\" height=\"225\" src=\"https:\/\/i0.wp.com\/electriccartour.com\/wp-content\/uploads\/2025\/02\/surtido-tapas-tour-tapas-scaled.webp?fit=300%2C225&amp;ssl=1\" class=\"attachment-medium size-medium wp-image-12643\" alt=\"Plato con un surtido de tapas malague\u00f1as: tostas con boquerones y pimientos asados, queso curado con frutos secos y croquetas caseras, acompa\u00f1ado de dos cervezas fr\u00edas, con vistas al mar en una terraza\" srcset=\"https:\/\/i0.wp.com\/electriccartour.com\/wp-content\/uploads\/2025\/02\/surtido-tapas-tour-tapas-scaled.webp?w=2560&amp;ssl=1 2560w, https:\/\/i0.wp.com\/electriccartour.com\/wp-content\/uploads\/2025\/02\/surtido-tapas-tour-tapas-scaled.webp?resize=300%2C225&amp;ssl=1 300w, https:\/\/i0.wp.com\/electriccartour.com\/wp-content\/uploads\/2025\/02\/surtido-tapas-tour-tapas-scaled.webp?resize=1024%2C768&amp;ssl=1 1024w, https:\/\/i0.wp.com\/electriccartour.com\/wp-content\/uploads\/2025\/02\/surtido-tapas-tour-tapas-scaled.webp?resize=768%2C576&amp;ssl=1 768w, https:\/\/i0.wp.com\/electriccartour.com\/wp-content\/uploads\/2025\/02\/surtido-tapas-tour-tapas-scaled.webp?resize=1536%2C1152&amp;ssl=1 1536w, https:\/\/i0.wp.com\/electriccartour.com\/wp-content\/uploads\/2025\/02\/surtido-tapas-tour-tapas-scaled.webp?resize=2048%2C1536&amp;ssl=1 2048w, https:\/\/i0.wp.com\/electriccartour.com\/wp-content\/uploads\/2025\/02\/surtido-tapas-tour-tapas-scaled.webp?resize=1568%2C1176&amp;ssl=1 1568w, https:\/\/i0.wp.com\/electriccartour.com\/wp-content\/uploads\/2025\/02\/surtido-tapas-tour-tapas-scaled.webp?resize=1320%2C990&amp;ssl=1 1320w, https:\/\/i0.wp.com\/electriccartour.com\/wp-content\/uploads\/2025\/02\/surtido-tapas-tour-tapas-scaled.webp?w=1920&amp;ssl=1 1920w\" sizes=\"(max-width: 300px) 100vw, 300px\" \/>\t\t\t\t\t\t\t\t\t\t\t\t\t\t\t<\/div>\n\t\t\t\t<\/div>\n\t\t\t\t\t<\/div>\n\t\t<\/div>\n\t\t\t\t\t<\/div>\n\t\t<\/section>\n\t\t\t\t<section class=\"elementor-section elementor-top-section elementor-element elementor-element-1faed97 elementor-section-boxed elementor-section-height-default elementor-section-height-default\" data-id=\"1faed97\" data-element_type=\"section\" data-e-type=\"section\">\n\t\t\t\t\t\t<div class=\"elementor-container elementor-column-gap-default\">\n\t\t\t\t\t<div class=\"elementor-column elementor-col-100 elementor-top-column elementor-element elementor-element-c95864a\" data-id=\"c95864a\" data-element_type=\"column\" data-e-type=\"column\">\n\t\t\t<div class=\"elementor-widget-wrap elementor-element-populated\">\n\t\t\t\t\t\t<div class=\"elementor-element elementor-element-114d4c2 elementor-widget elementor-widget-text-editor\" data-id=\"114d4c2\" data-element_type=\"widget\" data-e-type=\"widget\" data-widget_type=\"text-editor.default\">\n\t\t\t\t<div class=\"elementor-widget-container\">\n\t\t\t\t\t\t\t\t\t<ul><li><strong data-start=\"1091\" data-end=\"1128\">Genie\u00dfen Sie die lokale Gastronomie:<\/strong> Gehen Sie nicht weg, ohne einige der typischen Spezialit\u00e4ten an den St\u00e4nden zu probieren.<\/li><\/ul>\t\t\t\t\t\t\t\t<\/div>\n\t\t\t\t<\/div>\n\t\t\t\t\t<\/div>\n\t\t<\/div>\n\t\t\t\t\t<\/div>\n\t\t<\/section>\n\t\t\t\t<section class=\"elementor-section elementor-top-section elementor-element elementor-element-2d14563 elementor-section-boxed elementor-section-height-default elementor-section-height-default\" data-id=\"2d14563\" data-element_type=\"section\" data-e-type=\"section\">\n\t\t\t\t\t\t<div class=\"elementor-container elementor-column-gap-default\">\n\t\t\t\t\t<div class=\"elementor-column elementor-col-100 elementor-top-column elementor-element elementor-element-a17eaa8\" data-id=\"a17eaa8\" data-element_type=\"column\" data-e-type=\"column\">\n\t\t\t<div class=\"elementor-widget-wrap elementor-element-populated\">\n\t\t\t\t\t\t<div class=\"elementor-element elementor-element-26dc4f2 elementor-widget elementor-widget-heading\" data-id=\"26dc4f2\" data-element_type=\"widget\" data-e-type=\"widget\" data-widget_type=\"heading.default\">\n\t\t\t\t<div class=\"elementor-widget-container\">\n\t\t\t\t\t<h2 class=\"elementor-heading-title elementor-size-default\">H\u00e4ufig gestellte Fragen zur Messe Malaga<\/h2>\t\t\t\t<\/div>\n\t\t\t\t<\/div>\n\t\t\t\t\t<\/div>\n\t\t<\/div>\n\t\t\t\t\t<\/div>\n\t\t<\/section>\n\t\t\t\t<section class=\"elementor-section elementor-top-section elementor-element elementor-element-1cabccb elementor-section-boxed elementor-section-height-default elementor-section-height-default\" data-id=\"1cabccb\" data-element_type=\"section\" data-e-type=\"section\">\n\t\t\t\t\t\t<div class=\"elementor-container elementor-column-gap-default\">\n\t\t\t\t\t<div class=\"elementor-column elementor-col-100 elementor-top-column elementor-element elementor-element-2491499\" data-id=\"2491499\" data-element_type=\"column\" data-e-type=\"column\">\n\t\t\t<div class=\"elementor-widget-wrap elementor-element-populated\">\n\t\t\t\t\t\t<div class=\"elementor-element elementor-element-7527264 elementor-widget elementor-widget-heading\" data-id=\"7527264\" data-element_type=\"widget\" data-e-type=\"widget\" data-widget_type=\"heading.default\">\n\t\t\t\t<div class=\"elementor-widget-container\">\n\t\t\t\t\t<h3 class=\"elementor-heading-title elementor-size-default\">Wann findet die Messe Malaga 2026 statt?<\/h3>\t\t\t\t<\/div>\n\t\t\t\t<\/div>\n\t\t\t\t\t<\/div>\n\t\t<\/div>\n\t\t\t\t\t<\/div>\n\t\t<\/section>\n\t\t\t\t<section class=\"elementor-section elementor-top-section elementor-element elementor-element-06bdd09 elementor-section-boxed elementor-section-height-default elementor-section-height-default\" data-id=\"06bdd09\" data-element_type=\"section\" data-e-type=\"section\">\n\t\t\t\t\t\t<div class=\"elementor-container elementor-column-gap-default\">\n\t\t\t\t\t<div class=\"elementor-column elementor-col-100 elementor-top-column elementor-element elementor-element-1c0b510\" data-id=\"1c0b510\" data-element_type=\"column\" data-e-type=\"column\">\n\t\t\t<div class=\"elementor-widget-wrap elementor-element-populated\">\n\t\t\t\t\t\t<div class=\"elementor-element elementor-element-cb4511c elementor-widget elementor-widget-text-editor\" data-id=\"cb4511c\" data-element_type=\"widget\" data-e-type=\"widget\" data-widget_type=\"text-editor.default\">\n\t\t\t\t<div class=\"elementor-widget-container\">\n\t\t\t\t\t\t\t\t\t<p><strong>Die Messe M\u00e1laga 2026 findet vom 15. bis 22. August statt und<\/strong> dauert etwa acht Tage voller Aktivit\u00e4ten und einer festlichen Atmosph\u00e4re.<\/p>\t\t\t\t\t\t\t\t<\/div>\n\t\t\t\t<\/div>\n\t\t\t\t\t<\/div>\n\t\t<\/div>\n\t\t\t\t\t<\/div>\n\t\t<\/section>\n\t\t\t\t<section class=\"elementor-section elementor-top-section elementor-element elementor-element-c4c4352 elementor-section-boxed elementor-section-height-default elementor-section-height-default\" data-id=\"c4c4352\" data-element_type=\"section\" data-e-type=\"section\">\n\t\t\t\t\t\t<div class=\"elementor-container elementor-column-gap-default\">\n\t\t\t\t\t<div class=\"elementor-column elementor-col-100 elementor-top-column elementor-element elementor-element-94fa3cb\" data-id=\"94fa3cb\" data-element_type=\"column\" data-e-type=\"column\">\n\t\t\t<div class=\"elementor-widget-wrap elementor-element-populated\">\n\t\t\t\t\t\t<div class=\"elementor-element elementor-element-283af1e elementor-widget elementor-widget-heading\" data-id=\"283af1e\" data-element_type=\"widget\" data-e-type=\"widget\" data-widget_type=\"heading.default\">\n\t\t\t\t<div class=\"elementor-widget-container\">\n\t\t\t\t\t<h3 class=\"elementor-heading-title elementor-size-default\">Wo findet die Messe von Malaga statt?<\/h3>\t\t\t\t<\/div>\n\t\t\t\t<\/div>\n\t\t\t\t\t<\/div>\n\t\t<\/div>\n\t\t\t\t\t<\/div>\n\t\t<\/section>\n\t\t\t\t<section class=\"elementor-section elementor-top-section elementor-element elementor-element-9cd4e09 elementor-section-boxed elementor-section-height-default elementor-section-height-default\" data-id=\"9cd4e09\" data-element_type=\"section\" data-e-type=\"section\">\n\t\t\t\t\t\t<div class=\"elementor-container elementor-column-gap-default\">\n\t\t\t\t\t<div class=\"elementor-column elementor-col-100 elementor-top-column elementor-element elementor-element-df18753\" data-id=\"df18753\" data-element_type=\"column\" data-e-type=\"column\">\n\t\t\t<div class=\"elementor-widget-wrap elementor-element-populated\">\n\t\t\t\t\t\t<div class=\"elementor-element elementor-element-ec96318 elementor-widget elementor-widget-text-editor\" data-id=\"ec96318\" data-element_type=\"widget\" data-e-type=\"widget\" data-widget_type=\"text-editor.default\">\n\t\t\t\t<div class=\"elementor-widget-container\">\n\t\t\t\t\t\t\t\t\t<p>Die Messe <strong>ist in zwei Hauptbereiche unterteilt: das historische Zentrum,<\/strong> wo die Messe tags\u00fcber stattfindet, und das <strong>Messegel\u00e4nde Cortijo de Torres,<\/strong> wo die n\u00e4chtliche Messe abgehalten wird <strong>.<\/strong> <\/p>\t\t\t\t\t\t\t\t<\/div>\n\t\t\t\t<\/div>\n\t\t\t\t\t<\/div>\n\t\t<\/div>\n\t\t\t\t\t<\/div>\n\t\t<\/section>\n\t\t\t\t<section class=\"elementor-section elementor-top-section elementor-element elementor-element-a1e0323 elementor-section-boxed elementor-section-height-default elementor-section-height-default\" data-id=\"a1e0323\" data-element_type=\"section\" data-e-type=\"section\">\n\t\t\t\t\t\t<div class=\"elementor-container elementor-column-gap-default\">\n\t\t\t\t\t<div class=\"elementor-column elementor-col-100 elementor-top-column elementor-element elementor-element-fca7168\" data-id=\"fca7168\" data-element_type=\"column\" data-e-type=\"column\">\n\t\t\t<div class=\"elementor-widget-wrap elementor-element-populated\">\n\t\t\t\t\t\t<div class=\"elementor-element elementor-element-c37e07f elementor-widget elementor-widget-heading\" data-id=\"c37e07f\" data-element_type=\"widget\" data-e-type=\"widget\" data-widget_type=\"heading.default\">\n\t\t\t\t<div class=\"elementor-widget-container\">\n\t\t\t\t\t<h3 class=\"elementor-heading-title elementor-size-default\">\u2753 Ist die Messe tags\u00fcber oder nachts besser?<\/h3>\t\t\t\t<\/div>\n\t\t\t\t<\/div>\n\t\t\t\t\t<\/div>\n\t\t<\/div>\n\t\t\t\t\t<\/div>\n\t\t<\/section>\n\t\t\t\t<section class=\"elementor-section elementor-top-section elementor-element elementor-element-1f3f95a elementor-section-boxed elementor-section-height-default elementor-section-height-default\" data-id=\"1f3f95a\" data-element_type=\"section\" data-e-type=\"section\">\n\t\t\t\t\t\t<div class=\"elementor-container elementor-column-gap-default\">\n\t\t\t\t\t<div class=\"elementor-column elementor-col-100 elementor-top-column elementor-element elementor-element-06dd8c2\" data-id=\"06dd8c2\" data-element_type=\"column\" data-e-type=\"column\">\n\t\t\t<div class=\"elementor-widget-wrap elementor-element-populated\">\n\t\t\t\t\t\t<div class=\"elementor-element elementor-element-fd29045 elementor-widget elementor-widget-text-editor\" data-id=\"fd29045\" data-element_type=\"widget\" data-e-type=\"widget\" data-widget_type=\"text-editor.default\">\n\t\t\t\t<div class=\"elementor-widget-container\">\n\t\t\t\t\t\t\t\t\t<p>Das h\u00e4ngt davon ab, wonach Sie suchen. <strong>Die Tagesmesse im Zentrum ist offener und zug\u00e4nglicher<\/strong>, w\u00e4hrend <strong>die Nachtmesse auf dem Messegel\u00e4nde eine intensivere Atmosph\u00e4re<\/strong> mit St\u00e4nden, Musik und Attraktionen <strong>bietet<\/strong>.<\/p>\t\t\t\t\t\t\t\t<\/div>\n\t\t\t\t<\/div>\n\t\t\t\t\t<\/div>\n\t\t<\/div>\n\t\t\t\t\t<\/div>\n\t\t<\/section>\n\t\t\t\t<section class=\"elementor-section elementor-top-section elementor-element elementor-element-67f8b90 elementor-section-boxed elementor-section-height-default elementor-section-height-default\" data-id=\"67f8b90\" data-element_type=\"section\" data-e-type=\"section\">\n\t\t\t\t\t\t<div class=\"elementor-container elementor-column-gap-default\">\n\t\t\t\t\t<div class=\"elementor-column elementor-col-100 elementor-top-column elementor-element elementor-element-159ccb4\" data-id=\"159ccb4\" data-element_type=\"column\" data-e-type=\"column\">\n\t\t\t<div class=\"elementor-widget-wrap elementor-element-populated\">\n\t\t\t\t\t\t<div class=\"elementor-element elementor-element-e5c9add elementor-widget elementor-widget-heading\" data-id=\"e5c9add\" data-element_type=\"widget\" data-e-type=\"widget\" data-widget_type=\"heading.default\">\n\t\t\t\t<div class=\"elementor-widget-container\">\n\t\t\t\t\t<h3 class=\"elementor-heading-title elementor-size-default\">Wie komme ich zum Messegel\u00e4nde von M\u00e1laga?<\/h3>\t\t\t\t<\/div>\n\t\t\t\t<\/div>\n\t\t\t\t\t<\/div>\n\t\t<\/div>\n\t\t\t\t\t<\/div>\n\t\t<\/section>\n\t\t\t\t<section class=\"elementor-section elementor-top-section elementor-element elementor-element-9430407 elementor-section-boxed elementor-section-height-default elementor-section-height-default\" data-id=\"9430407\" data-element_type=\"section\" data-e-type=\"section\">\n\t\t\t\t\t\t<div class=\"elementor-container elementor-column-gap-default\">\n\t\t\t\t\t<div class=\"elementor-column elementor-col-100 elementor-top-column elementor-element elementor-element-d992909\" data-id=\"d992909\" data-element_type=\"column\" data-e-type=\"column\">\n\t\t\t<div class=\"elementor-widget-wrap elementor-element-populated\">\n\t\t\t\t\t\t<div class=\"elementor-element elementor-element-5e04635 elementor-widget elementor-widget-text-editor\" data-id=\"5e04635\" data-element_type=\"widget\" data-e-type=\"widget\" data-widget_type=\"text-editor.default\">\n\t\t\t\t<div class=\"elementor-widget-container\">\n\t\t\t\t\t\t\t\t\t<p data-start=\"973\" data-end=\"1182\"><strong>Am besten nutzen Sie die \u00f6ffentlichen Verkehrsmittel<\/strong>, denn w\u00e4hrend der Messe werden die Buslinien, die das Stadtzentrum mit dem Messegel\u00e4nde verbinden, verst\u00e4rkt. Sie k\u00f6nnen sich auch f\u00fcr Taxis oder private Verkehrsmittel entscheiden. <\/p>\t\t\t\t\t\t\t\t<\/div>\n\t\t\t\t<\/div>\n\t\t\t\t\t<\/div>\n\t\t<\/div>\n\t\t\t\t\t<\/div>\n\t\t<\/section>\n\t\t\t\t<section class=\"elementor-section elementor-top-section elementor-element elementor-element-2addff8 elementor-section-boxed elementor-section-height-default elementor-section-height-default\" data-id=\"2addff8\" data-element_type=\"section\" data-e-type=\"section\">\n\t\t\t\t\t\t<div class=\"elementor-container elementor-column-gap-default\">\n\t\t\t\t\t<div class=\"elementor-column elementor-col-100 elementor-top-column elementor-element elementor-element-93cc5d2\" data-id=\"93cc5d2\" data-element_type=\"column\" data-e-type=\"column\">\n\t\t\t<div class=\"elementor-widget-wrap elementor-element-populated\">\n\t\t\t\t\t\t<div class=\"elementor-element elementor-element-b18bc19 elementor-widget elementor-widget-heading\" data-id=\"b18bc19\" data-element_type=\"widget\" data-e-type=\"widget\" data-widget_type=\"heading.default\">\n\t\t\t\t<div class=\"elementor-widget-container\">\n\t\t\t\t\t<h3 class=\"elementor-heading-title elementor-size-default\">K\u00f6nnen Sie die Messe in Malaga mit Kindern besuchen?<\/h3>\t\t\t\t<\/div>\n\t\t\t\t<\/div>\n\t\t\t\t\t<\/div>\n\t\t<\/div>\n\t\t\t\t\t<\/div>\n\t\t<\/section>\n\t\t\t\t<section class=\"elementor-section elementor-top-section elementor-element elementor-element-c718c72 elementor-section-boxed elementor-section-height-default elementor-section-height-default\" data-id=\"c718c72\" data-element_type=\"section\" data-e-type=\"section\">\n\t\t\t\t\t\t<div class=\"elementor-container elementor-column-gap-default\">\n\t\t\t\t\t<div class=\"elementor-column elementor-col-100 elementor-top-column elementor-element elementor-element-881a7a5\" data-id=\"881a7a5\" data-element_type=\"column\" data-e-type=\"column\">\n\t\t\t<div class=\"elementor-widget-wrap elementor-element-populated\">\n\t\t\t\t\t\t<div class=\"elementor-element elementor-element-b4f81f2 elementor-widget elementor-widget-text-editor\" data-id=\"b4f81f2\" data-element_type=\"widget\" data-e-type=\"widget\" data-widget_type=\"text-editor.default\">\n\t\t\t\t<div class=\"elementor-widget-container\">\n\t\t\t\t\t\t\t\t\t<p>Ja, <strong>die Messe ist f\u00fcr jeden geeignet.<\/strong> Tags\u00fcber herrscht eine ruhigere Atmosph\u00e4re im Zentrum und auf dem Messegel\u00e4nde, w\u00e4hrend am Abend mehr Gedr\u00e4nge herrschen kann, aber besonders am Abend gibt es Fahrgesch\u00e4fte f\u00fcr Kinder.  <\/p>\t\t\t\t\t\t\t\t<\/div>\n\t\t\t\t<\/div>\n\t\t\t\t\t<\/div>\n\t\t<\/div>\n\t\t\t\t\t<\/div>\n\t\t<\/section>\n\t\t\t\t<section class=\"elementor-section elementor-top-section elementor-element elementor-element-5ac7b21 elementor-section-boxed elementor-section-height-default elementor-section-height-default\" data-id=\"5ac7b21\" data-element_type=\"section\" data-e-type=\"section\">\n\t\t\t\t\t\t<div class=\"elementor-container elementor-column-gap-default\">\n\t\t\t\t\t<div class=\"elementor-column elementor-col-100 elementor-top-column elementor-element elementor-element-b7991e0\" data-id=\"b7991e0\" data-element_type=\"column\" data-e-type=\"column\">\n\t\t\t<div class=\"elementor-widget-wrap elementor-element-populated\">\n\t\t\t\t\t\t<div class=\"elementor-element elementor-element-4fa5994 elementor-widget elementor-widget-text-editor\" data-id=\"4fa5994\" data-element_type=\"widget\" data-e-type=\"widget\" data-widget_type=\"text-editor.default\">\n\t\t\t\t<div class=\"elementor-widget-container\">\n\t\t\t\t\t\t\t\t\t<p><strong>Die Messe von M\u00e1laga ist eines der wichtigsten Feste der Stadt,<\/strong> eine einzigartige Gelegenheit, um die Traditionen, die Atmosph\u00e4re und die lokale Gastronomie kennenzulernen.<strong> Wenn Sie das Erlebnis vervollst\u00e4ndigen m\u00f6chten, ist es eine gute Idee, die Stadt mit einer Tour mit dem Elektroauto zu entdecken,<\/strong> eine andere, bequeme und unterhaltsame Art, M\u00e1laga kennenzulernen.<\/p>\t\t\t\t\t\t\t\t<\/div>\n\t\t\t\t<\/div>\n\t\t\t\t\t<\/div>\n\t\t<\/div>\n\t\t\t\t\t<\/div>\n\t\t<\/section>\n\t\t\t\t<section class=\"elementor-section elementor-top-section elementor-element elementor-element-12a31ed elementor-section-boxed elementor-section-height-default elementor-section-height-default\" data-id=\"12a31ed\" data-element_type=\"section\" data-e-type=\"section\">\n\t\t\t\t\t\t<div class=\"elementor-container elementor-column-gap-default\">\n\t\t\t\t\t<div class=\"elementor-column elementor-col-100 elementor-top-column elementor-element elementor-element-8552b47\" data-id=\"8552b47\" data-element_type=\"column\" data-e-type=\"column\">\n\t\t\t<div class=\"elementor-widget-wrap elementor-element-populated\">\n\t\t\t\t\t\t<div class=\"elementor-element elementor-element-db9e294 elementor-align-center elementor-widget elementor-widget-button\" data-id=\"db9e294\" data-element_type=\"widget\" data-e-type=\"widget\" data-widget_type=\"button.default\">\n\t\t\t\t<div class=\"elementor-widget-container\">\n\t\t\t\t\t\t\t\t\t<div class=\"elementor-button-wrapper\">\n\t\t\t\t\t<a class=\"elementor-button elementor-button-link elementor-size-sm\" href=\"https:\/\/electriccartour.com\/de\/alle-touren\/\">\n\t\t\t\t\t\t<span class=\"elementor-button-content-wrapper\">\n\t\t\t\t\t\t\t\t\t<span class=\"elementor-button-text\">Entdecken Sie M\u00e1laga mit dem Elektroauto<\/span>\n\t\t\t\t\t<\/span>\n\t\t\t\t\t<\/a>\n\t\t\t\t<\/div>\n\t\t\t\t\t\t\t\t<\/div>\n\t\t\t\t<\/div>\n\t\t\t\t\t<\/div>\n\t\t<\/div>\n\t\t\t\t\t<\/div>\n\t\t<\/section>\n\t\t\t\t<section class=\"elementor-section elementor-top-section elementor-element elementor-element-3383ade elementor-section-boxed elementor-section-height-default elementor-section-height-default\" data-id=\"3383ade\" data-element_type=\"section\" data-e-type=\"section\">\n\t\t\t\t\t\t<div class=\"elementor-container elementor-column-gap-default\">\n\t\t\t\t\t<div class=\"elementor-column elementor-col-33 elementor-top-column elementor-element elementor-element-5120830\" data-id=\"5120830\" data-element_type=\"column\" data-e-type=\"column\">\n\t\t\t<div class=\"elementor-widget-wrap elementor-element-populated\">\n\t\t\t\t\t\t<div class=\"elementor-element elementor-element-609fc7c elementor-widget elementor-widget-image\" data-id=\"609fc7c\" data-element_type=\"widget\" data-e-type=\"widget\" data-widget_type=\"image.default\">\n\t\t\t\t<div class=\"elementor-widget-container\">\n\t\t\t\t\t\t\t\t\t\t\t\t\t\t\t<img loading=\"lazy\" decoding=\"async\" width=\"640\" height=\"427\" src=\"https:\/\/i0.wp.com\/electriccartour.com\/wp-content\/uploads\/2026\/01\/plaza-toros-malagueta-electric-car-scaled.webp?fit=640%2C427&amp;ssl=1\" class=\"attachment-large size-large wp-image-14188\" alt=\"Veh\u00edculos el\u00e9ctricos del tour frente a la Plaza de Toros de La Malagueta en M\u00e1laga\" srcset=\"https:\/\/i0.wp.com\/electriccartour.com\/wp-content\/uploads\/2026\/01\/plaza-toros-malagueta-electric-car-scaled.webp?w=2560&amp;ssl=1 2560w, https:\/\/i0.wp.com\/electriccartour.com\/wp-content\/uploads\/2026\/01\/plaza-toros-malagueta-electric-car-scaled.webp?resize=300%2C200&amp;ssl=1 300w, https:\/\/i0.wp.com\/electriccartour.com\/wp-content\/uploads\/2026\/01\/plaza-toros-malagueta-electric-car-scaled.webp?resize=1024%2C683&amp;ssl=1 1024w, https:\/\/i0.wp.com\/electriccartour.com\/wp-content\/uploads\/2026\/01\/plaza-toros-malagueta-electric-car-scaled.webp?resize=768%2C512&amp;ssl=1 768w, https:\/\/i0.wp.com\/electriccartour.com\/wp-content\/uploads\/2026\/01\/plaza-toros-malagueta-electric-car-scaled.webp?resize=1536%2C1024&amp;ssl=1 1536w, https:\/\/i0.wp.com\/electriccartour.com\/wp-content\/uploads\/2026\/01\/plaza-toros-malagueta-electric-car-scaled.webp?resize=2048%2C1365&amp;ssl=1 2048w, https:\/\/i0.wp.com\/electriccartour.com\/wp-content\/uploads\/2026\/01\/plaza-toros-malagueta-electric-car-scaled.webp?resize=1568%2C1045&amp;ssl=1 1568w, https:\/\/i0.wp.com\/electriccartour.com\/wp-content\/uploads\/2026\/01\/plaza-toros-malagueta-electric-car-scaled.webp?resize=1320%2C880&amp;ssl=1 1320w, https:\/\/i0.wp.com\/electriccartour.com\/wp-content\/uploads\/2026\/01\/plaza-toros-malagueta-electric-car-scaled.webp?w=1920&amp;ssl=1 1920w\" sizes=\"(max-width: 640px) 100vw, 640px\" \/>\t\t\t\t\t\t\t\t\t\t\t\t\t\t\t<\/div>\n\t\t\t\t<\/div>\n\t\t\t\t\t<\/div>\n\t\t<\/div>\n\t\t\t\t<div class=\"elementor-column elementor-col-33 elementor-top-column elementor-element elementor-element-3fe41a3\" data-id=\"3fe41a3\" data-element_type=\"column\" data-e-type=\"column\">\n\t\t\t<div class=\"elementor-widget-wrap elementor-element-populated\">\n\t\t\t\t\t\t<div class=\"elementor-element elementor-element-ebda452 elementor-widget elementor-widget-image\" data-id=\"ebda452\" data-element_type=\"widget\" data-e-type=\"widget\" data-widget_type=\"image.default\">\n\t\t\t\t<div class=\"elementor-widget-container\">\n\t\t\t\t\t\t\t\t\t\t\t\t\t\t\t<img loading=\"lazy\" decoding=\"async\" width=\"640\" height=\"427\" src=\"https:\/\/i0.wp.com\/electriccartour.com\/wp-content\/uploads\/2026\/01\/mirador-muelle-uno.webp?fit=640%2C427&amp;ssl=1\" class=\"attachment-large size-large wp-image-14172\" alt=\"Veh\u00edculos el\u00e9ctricos del tour recorriendo el puerto de M\u00e1laga junto al Muelle Uno\" srcset=\"https:\/\/i0.wp.com\/electriccartour.com\/wp-content\/uploads\/2026\/01\/mirador-muelle-uno.webp?w=960&amp;ssl=1 960w, https:\/\/i0.wp.com\/electriccartour.com\/wp-content\/uploads\/2026\/01\/mirador-muelle-uno.webp?resize=300%2C200&amp;ssl=1 300w, https:\/\/i0.wp.com\/electriccartour.com\/wp-content\/uploads\/2026\/01\/mirador-muelle-uno.webp?resize=768%2C512&amp;ssl=1 768w\" sizes=\"(max-width: 640px) 100vw, 640px\" \/>\t\t\t\t\t\t\t\t\t\t\t\t\t\t\t<\/div>\n\t\t\t\t<\/div>\n\t\t\t\t\t<\/div>\n\t\t<\/div>\n\t\t\t\t<div class=\"elementor-column elementor-col-33 elementor-top-column elementor-element elementor-element-7753dd9\" data-id=\"7753dd9\" data-element_type=\"column\" data-e-type=\"column\">\n\t\t\t<div class=\"elementor-widget-wrap elementor-element-populated\">\n\t\t\t\t\t\t<div class=\"elementor-element elementor-element-23a15e2 elementor-widget elementor-widget-image\" data-id=\"23a15e2\" data-element_type=\"widget\" data-e-type=\"widget\" data-widget_type=\"image.default\">\n\t\t\t\t<div class=\"elementor-widget-container\">\n\t\t\t\t\t\t\t\t\t\t\t\t\t\t\t<img loading=\"lazy\" decoding=\"async\" width=\"640\" height=\"427\" src=\"https:\/\/i0.wp.com\/electriccartour.com\/wp-content\/uploads\/2024\/11\/tour-malaga-citroen-ami-amigos-scaled.webp?fit=640%2C427&amp;ssl=1\" class=\"attachment-large size-large wp-image-11395\" alt=\"tour m\u00e1laga citroen Ami grupo de amigos\" srcset=\"https:\/\/i0.wp.com\/electriccartour.com\/wp-content\/uploads\/2024\/11\/tour-malaga-citroen-ami-amigos-scaled.webp?w=2560&amp;ssl=1 2560w, https:\/\/i0.wp.com\/electriccartour.com\/wp-content\/uploads\/2024\/11\/tour-malaga-citroen-ami-amigos-scaled.webp?resize=300%2C200&amp;ssl=1 300w, https:\/\/i0.wp.com\/electriccartour.com\/wp-content\/uploads\/2024\/11\/tour-malaga-citroen-ami-amigos-scaled.webp?resize=1024%2C683&amp;ssl=1 1024w, https:\/\/i0.wp.com\/electriccartour.com\/wp-content\/uploads\/2024\/11\/tour-malaga-citroen-ami-amigos-scaled.webp?resize=768%2C512&amp;ssl=1 768w, https:\/\/i0.wp.com\/electriccartour.com\/wp-content\/uploads\/2024\/11\/tour-malaga-citroen-ami-amigos-scaled.webp?resize=1536%2C1024&amp;ssl=1 1536w, https:\/\/i0.wp.com\/electriccartour.com\/wp-content\/uploads\/2024\/11\/tour-malaga-citroen-ami-amigos-scaled.webp?resize=2048%2C1365&amp;ssl=1 2048w, https:\/\/i0.wp.com\/electriccartour.com\/wp-content\/uploads\/2024\/11\/tour-malaga-citroen-ami-amigos-scaled.webp?resize=1568%2C1045&amp;ssl=1 1568w, https:\/\/i0.wp.com\/electriccartour.com\/wp-content\/uploads\/2024\/11\/tour-malaga-citroen-ami-amigos-scaled.webp?resize=1320%2C880&amp;ssl=1 1320w, https:\/\/i0.wp.com\/electriccartour.com\/wp-content\/uploads\/2024\/11\/tour-malaga-citroen-ami-amigos-scaled.webp?w=1920&amp;ssl=1 1920w\" sizes=\"(max-width: 640px) 100vw, 640px\" \/>\t\t\t\t\t\t\t\t\t\t\t\t\t\t\t<\/div>\n\t\t\t\t<\/div>\n\t\t\t\t\t<\/div>\n\t\t<\/div>\n\t\t\t\t\t<\/div>\n\t\t<\/section>\n\t\t\t\t<\/div>\n\t\t","protected":false},"excerpt":{"rendered":"<p>Wann findet die Messe Malaga 2026 statt? Daten und Dauer Die Messe M\u00e1laga 2026 findet vom 15. bis zum 22. August statt und folgt damit der Tradition, mitten im Sommer abgehalten zu werden. Die Messe beginnt mit einem Feuerwerk am Strand (Freitag, 14. August, nachts um 00:00 Uhr) und dauert eine Woche voller Atmosph\u00e4re, Musik &hellip; <\/p>\n<p class=\"link-more\"><a href=\"https:\/\/electriccartour.com\/de\/messe-malaga-2026-vollstaendiger-fuehrer-mit-lokalen-tipps\/\" class=\"more-link\"><span class=\"screen-reader-text\">\u201eMesse M\u00e1laga 2026: Vollst\u00e4ndiger F\u00fchrer mit lokalen Tipps\u201c <\/span>weiterlesen<\/a><\/p>\n","protected":false},"author":1,"featured_media":14611,"comment_status":"closed","ping_status":"closed","sticky":false,"template":"","format":"standard","meta":{"_jetpack_memberships_contains_paid_content":false,"_joinchat":[],"footnotes":""},"categories":[1,34],"tags":[],"class_list":["post-14658","post","type-post","status-publish","format-standard","has-post-thumbnail","hentry","category-sin-categorizar","category-unkategorisiert","entry"],"yoast_head":"<!-- This site is optimized with the Yoast SEO plugin v27.4 - https:\/\/yoast.com\/product\/yoast-seo-wordpress\/ -->\n<title>Messe Malaga 2026: Vollst\u00e4ndiger Reisef\u00fchrer + Tipps vor Ort<\/title>\n<meta name=\"description\" content=\"Entdecken Sie die Messe M\u00e1laga 2026: Daten, Zeiten, Bereiche und Tipps, um die Messe in vollen Z\u00fcgen zu genie\u00dfen. Vollst\u00e4ndiger Leitfaden zum Erleben der Messe.\" \/>\n<meta name=\"robots\" content=\"index, follow, max-snippet:-1, max-image-preview:large, max-video-preview:-1\" \/>\n<link rel=\"canonical\" href=\"https:\/\/electriccartour.com\/de\/messe-malaga-2026-vollstaendiger-fuehrer-mit-lokalen-tipps\/\" \/>\n<meta property=\"og:locale\" content=\"de_DE\" \/>\n<meta property=\"og:type\" content=\"article\" \/>\n<meta property=\"og:title\" content=\"Messe Malaga 2026: Vollst\u00e4ndiger Reisef\u00fchrer + Tipps vor Ort\" \/>\n<meta property=\"og:description\" content=\"Entdecken Sie die Messe M\u00e1laga 2026: Daten, Zeiten, Bereiche und Tipps, um die Messe in vollen Z\u00fcgen zu genie\u00dfen. Vollst\u00e4ndiger Leitfaden zum Erleben der Messe.\" \/>\n<meta property=\"og:url\" content=\"https:\/\/electriccartour.com\/de\/messe-malaga-2026-vollstaendiger-fuehrer-mit-lokalen-tipps\/\" \/>\n<meta property=\"og:site_name\" content=\"Tours en Coche El\u00e9ctrico en M\u00e1laga \u267b\ufe0f | Electric Car Tour\" \/>\n<meta property=\"article:publisher\" content=\"https:\/\/www.facebook.com\/Tourenvechiculoselectricos\/\" \/>\n<meta property=\"article:author\" content=\"https:\/\/www.facebook.com\/Tourenvechiculoselectricos\/\" \/>\n<meta property=\"article:published_time\" content=\"2026-04-06T18:51:10+00:00\" \/>\n<meta property=\"article:modified_time\" content=\"2026-04-19T15:38:47+00:00\" \/>\n<meta property=\"og:image\" content=\"https:\/\/electriccartour.com\/wp-content\/uploads\/2026\/04\/ambiente-tradicional-con-caballos-en-la-Feria-de-Malaga.webp\" \/>\n\t<meta property=\"og:image:width\" content=\"1536\" \/>\n\t<meta property=\"og:image:height\" content=\"1024\" \/>\n\t<meta property=\"og:image:type\" content=\"image\/webp\" \/>\n<meta name=\"author\" content=\"electriccartour\" \/>\n<meta name=\"twitter:card\" content=\"summary_large_image\" \/>\n<meta name=\"twitter:creator\" content=\"@https:\/\/twitter.com\/electric_tour\" \/>\n<meta name=\"twitter:site\" content=\"@electric_tour\" \/>\n<meta name=\"twitter:label1\" content=\"Verfasst von\" \/>\n\t<meta name=\"twitter:data1\" content=\"electriccartour\" \/>\n\t<meta name=\"twitter:label2\" content=\"Gesch\u00e4tzte Lesezeit\" \/>\n\t<meta name=\"twitter:data2\" content=\"6\u00a0Minuten\" \/>\n<script type=\"application\/ld+json\" class=\"yoast-schema-graph\">{\"@context\":\"https:\\\/\\\/schema.org\",\"@graph\":[{\"@type\":\"Article\",\"@id\":\"https:\\\/\\\/electriccartour.com\\\/de\\\/messe-malaga-2026-vollstaendiger-fuehrer-mit-lokalen-tipps\\\/#article\",\"isPartOf\":{\"@id\":\"https:\\\/\\\/electriccartour.com\\\/de\\\/messe-malaga-2026-vollstaendiger-fuehrer-mit-lokalen-tipps\\\/\"},\"author\":{\"name\":\"electriccartour\",\"@id\":\"https:\\\/\\\/electriccartour.com\\\/de\\\/#\\\/schema\\\/person\\\/14020537da6216f7471b49e5e929cba1\"},\"headline\":\"Messe M\u00e1laga 2026: Vollst\u00e4ndiger F\u00fchrer mit lokalen Tipps\",\"datePublished\":\"2026-04-06T18:51:10+00:00\",\"dateModified\":\"2026-04-19T15:38:47+00:00\",\"mainEntityOfPage\":{\"@id\":\"https:\\\/\\\/electriccartour.com\\\/de\\\/messe-malaga-2026-vollstaendiger-fuehrer-mit-lokalen-tipps\\\/\"},\"wordCount\":1283,\"publisher\":{\"@id\":\"https:\\\/\\\/electriccartour.com\\\/de\\\/#organization\"},\"image\":{\"@id\":\"https:\\\/\\\/electriccartour.com\\\/de\\\/messe-malaga-2026-vollstaendiger-fuehrer-mit-lokalen-tipps\\\/#primaryimage\"},\"thumbnailUrl\":\"https:\\\/\\\/i0.wp.com\\\/electriccartour.com\\\/wp-content\\\/uploads\\\/2026\\\/04\\\/ambiente-tradicional-con-caballos-en-la-Feria-de-Malaga.webp?fit=1536%2C1024&ssl=1\",\"articleSection\":[\"Sin categorizar\",\"Unkategorisiert\"],\"inLanguage\":\"de\"},{\"@type\":\"WebPage\",\"@id\":\"https:\\\/\\\/electriccartour.com\\\/de\\\/messe-malaga-2026-vollstaendiger-fuehrer-mit-lokalen-tipps\\\/\",\"url\":\"https:\\\/\\\/electriccartour.com\\\/de\\\/messe-malaga-2026-vollstaendiger-fuehrer-mit-lokalen-tipps\\\/\",\"name\":\"Messe Malaga 2026: Vollst\u00e4ndiger Reisef\u00fchrer + Tipps vor Ort\",\"isPartOf\":{\"@id\":\"https:\\\/\\\/electriccartour.com\\\/de\\\/#website\"},\"primaryImageOfPage\":{\"@id\":\"https:\\\/\\\/electriccartour.com\\\/de\\\/messe-malaga-2026-vollstaendiger-fuehrer-mit-lokalen-tipps\\\/#primaryimage\"},\"image\":{\"@id\":\"https:\\\/\\\/electriccartour.com\\\/de\\\/messe-malaga-2026-vollstaendiger-fuehrer-mit-lokalen-tipps\\\/#primaryimage\"},\"thumbnailUrl\":\"https:\\\/\\\/i0.wp.com\\\/electriccartour.com\\\/wp-content\\\/uploads\\\/2026\\\/04\\\/ambiente-tradicional-con-caballos-en-la-Feria-de-Malaga.webp?fit=1536%2C1024&ssl=1\",\"datePublished\":\"2026-04-06T18:51:10+00:00\",\"dateModified\":\"2026-04-19T15:38:47+00:00\",\"description\":\"Entdecken Sie die Messe M\u00e1laga 2026: Daten, Zeiten, Bereiche und Tipps, um die Messe in vollen Z\u00fcgen zu genie\u00dfen. Vollst\u00e4ndiger Leitfaden zum Erleben der Messe.\",\"breadcrumb\":{\"@id\":\"https:\\\/\\\/electriccartour.com\\\/de\\\/messe-malaga-2026-vollstaendiger-fuehrer-mit-lokalen-tipps\\\/#breadcrumb\"},\"inLanguage\":\"de\",\"potentialAction\":[{\"@type\":\"ReadAction\",\"target\":[\"https:\\\/\\\/electriccartour.com\\\/de\\\/messe-malaga-2026-vollstaendiger-fuehrer-mit-lokalen-tipps\\\/\"]}]},{\"@type\":\"ImageObject\",\"inLanguage\":\"de\",\"@id\":\"https:\\\/\\\/electriccartour.com\\\/de\\\/messe-malaga-2026-vollstaendiger-fuehrer-mit-lokalen-tipps\\\/#primaryimage\",\"url\":\"https:\\\/\\\/i0.wp.com\\\/electriccartour.com\\\/wp-content\\\/uploads\\\/2026\\\/04\\\/ambiente-tradicional-con-caballos-en-la-Feria-de-Malaga.webp?fit=1536%2C1024&ssl=1\",\"contentUrl\":\"https:\\\/\\\/i0.wp.com\\\/electriccartour.com\\\/wp-content\\\/uploads\\\/2026\\\/04\\\/ambiente-tradicional-con-caballos-en-la-Feria-de-Malaga.webp?fit=1536%2C1024&ssl=1\",\"width\":1536,\"height\":1024,\"caption\":\"Coches de caballos y trajes t\u00edpicos en la Feria de M\u00e1laga\"},{\"@type\":\"BreadcrumbList\",\"@id\":\"https:\\\/\\\/electriccartour.com\\\/de\\\/messe-malaga-2026-vollstaendiger-fuehrer-mit-lokalen-tipps\\\/#breadcrumb\",\"itemListElement\":[{\"@type\":\"ListItem\",\"position\":1,\"name\":\"Portada\",\"item\":\"https:\\\/\\\/electriccartour.com\\\/de\\\/\"},{\"@type\":\"ListItem\",\"position\":2,\"name\":\"Messe M\u00e1laga 2026: Vollst\u00e4ndiger F\u00fchrer mit lokalen Tipps\"}]},{\"@type\":\"WebSite\",\"@id\":\"https:\\\/\\\/electriccartour.com\\\/de\\\/#website\",\"url\":\"https:\\\/\\\/electriccartour.com\\\/de\\\/\",\"name\":\"Tours en Coche El\u00e9ctrico en M\u00e1laga \u267b\ufe0f | Electric Car Tour\",\"description\":\"Descubre M\u00e1laga de forma sostenible con Electric Car Tour. Disfruta de tours guiados en coche el\u00e9ctrico y explora los principales atractivos tur\u00edsticos de la ciudad.\",\"publisher\":{\"@id\":\"https:\\\/\\\/electriccartour.com\\\/de\\\/#organization\"},\"alternateName\":\"Electric Car Tour - M\u00e1laga\",\"potentialAction\":[{\"@type\":\"SearchAction\",\"target\":{\"@type\":\"EntryPoint\",\"urlTemplate\":\"https:\\\/\\\/electriccartour.com\\\/de\\\/?s={search_term_string}\"},\"query-input\":{\"@type\":\"PropertyValueSpecification\",\"valueRequired\":true,\"valueName\":\"search_term_string\"}}],\"inLanguage\":\"de\"},{\"@type\":\"Organization\",\"@id\":\"https:\\\/\\\/electriccartour.com\\\/de\\\/#organization\",\"name\":\"Electric Car Tour\",\"alternateName\":\"electriccartour\",\"url\":\"https:\\\/\\\/electriccartour.com\\\/de\\\/\",\"logo\":{\"@type\":\"ImageObject\",\"inLanguage\":\"de\",\"@id\":\"https:\\\/\\\/electriccartour.com\\\/de\\\/#\\\/schema\\\/logo\\\/image\\\/\",\"url\":\"https:\\\/\\\/i0.wp.com\\\/electriccartour.com\\\/wp-content\\\/uploads\\\/2021\\\/12\\\/181002_ECT_Logo5389f3-1920w.png?fit=1920%2C462&ssl=1\",\"contentUrl\":\"https:\\\/\\\/i0.wp.com\\\/electriccartour.com\\\/wp-content\\\/uploads\\\/2021\\\/12\\\/181002_ECT_Logo5389f3-1920w.png?fit=1920%2C462&ssl=1\",\"width\":1920,\"height\":462,\"caption\":\"Electric Car Tour\"},\"image\":{\"@id\":\"https:\\\/\\\/electriccartour.com\\\/de\\\/#\\\/schema\\\/logo\\\/image\\\/\"},\"sameAs\":[\"https:\\\/\\\/www.facebook.com\\\/Tourenvechiculoselectricos\\\/\",\"https:\\\/\\\/x.com\\\/electric_tour\",\"https:\\\/\\\/www.youtube.com\\\/channel\\\/UClzjmLNm6Auwdnix5FwnxXw\",\"https:\\\/\\\/www.instagram.com\\\/electriccartour\\\/\",\"https:\\\/\\\/tripadvisor.com\\\/Attraction_Review-g187438-d15198737-Reviews-Electric_Car_Tour-Malaga_Costa_del_Sol_Province_of_Malaga_Andalucia.html\"]},{\"@type\":\"Person\",\"@id\":\"https:\\\/\\\/electriccartour.com\\\/de\\\/#\\\/schema\\\/person\\\/14020537da6216f7471b49e5e929cba1\",\"name\":\"electriccartour\",\"image\":{\"@type\":\"ImageObject\",\"inLanguage\":\"de\",\"@id\":\"https:\\\/\\\/secure.gravatar.com\\\/avatar\\\/fe8515b4ef6ae0fb0465b6ace38c4969d9b25f2d9a0c49eee2553face0582368?s=96&d=mm&r=g\",\"url\":\"https:\\\/\\\/secure.gravatar.com\\\/avatar\\\/fe8515b4ef6ae0fb0465b6ace38c4969d9b25f2d9a0c49eee2553face0582368?s=96&d=mm&r=g\",\"contentUrl\":\"https:\\\/\\\/secure.gravatar.com\\\/avatar\\\/fe8515b4ef6ae0fb0465b6ace38c4969d9b25f2d9a0c49eee2553face0582368?s=96&d=mm&r=g\",\"caption\":\"electriccartour\"},\"sameAs\":[\"http:\\\/\\\/electriccartour.com\",\"https:\\\/\\\/www.facebook.com\\\/Tourenvechiculoselectricos\\\/\",\"https:\\\/\\\/www.instagram.com\\\/electriccartour\\\/\",\"https:\\\/\\\/www.linkedin.com\\\/in\\\/gema-martnez-aa8ab2183\",\"https:\\\/\\\/x.com\\\/https:\\\/\\\/twitter.com\\\/electric_tour\",\"https:\\\/\\\/www.youtube.com\\\/channel\\\/UClzjmLNm6Auwdnix5FwnxXw\"],\"url\":\"https:\\\/\\\/electriccartour.com\\\/de\\\/author\\\/electriccartour\\\/\"}]}<\/script>\n<!-- \/ Yoast SEO plugin. -->","yoast_head_json":{"title":"Messe Malaga 2026: Vollst\u00e4ndiger Reisef\u00fchrer + Tipps vor Ort","description":"Entdecken Sie die Messe M\u00e1laga 2026: Daten, Zeiten, Bereiche und Tipps, um die Messe in vollen Z\u00fcgen zu genie\u00dfen. Vollst\u00e4ndiger Leitfaden zum Erleben der Messe.","robots":{"index":"index","follow":"follow","max-snippet":"max-snippet:-1","max-image-preview":"max-image-preview:large","max-video-preview":"max-video-preview:-1"},"canonical":"https:\/\/electriccartour.com\/de\/messe-malaga-2026-vollstaendiger-fuehrer-mit-lokalen-tipps\/","og_locale":"de_DE","og_type":"article","og_title":"Messe Malaga 2026: Vollst\u00e4ndiger Reisef\u00fchrer + Tipps vor Ort","og_description":"Entdecken Sie die Messe M\u00e1laga 2026: Daten, Zeiten, Bereiche und Tipps, um die Messe in vollen Z\u00fcgen zu genie\u00dfen. Vollst\u00e4ndiger Leitfaden zum Erleben der Messe.","og_url":"https:\/\/electriccartour.com\/de\/messe-malaga-2026-vollstaendiger-fuehrer-mit-lokalen-tipps\/","og_site_name":"Tours en Coche El\u00e9ctrico en M\u00e1laga \u267b\ufe0f | Electric Car Tour","article_publisher":"https:\/\/www.facebook.com\/Tourenvechiculoselectricos\/","article_author":"https:\/\/www.facebook.com\/Tourenvechiculoselectricos\/","article_published_time":"2026-04-06T18:51:10+00:00","article_modified_time":"2026-04-19T15:38:47+00:00","og_image":[{"width":1536,"height":1024,"url":"https:\/\/electriccartour.com\/wp-content\/uploads\/2026\/04\/ambiente-tradicional-con-caballos-en-la-Feria-de-Malaga.webp","type":"image\/webp"}],"author":"electriccartour","twitter_card":"summary_large_image","twitter_creator":"@https:\/\/twitter.com\/electric_tour","twitter_site":"@electric_tour","twitter_misc":{"Verfasst von":"electriccartour","Gesch\u00e4tzte Lesezeit":"6\u00a0Minuten"},"schema":{"@context":"https:\/\/schema.org","@graph":[{"@type":"Article","@id":"https:\/\/electriccartour.com\/de\/messe-malaga-2026-vollstaendiger-fuehrer-mit-lokalen-tipps\/#article","isPartOf":{"@id":"https:\/\/electriccartour.com\/de\/messe-malaga-2026-vollstaendiger-fuehrer-mit-lokalen-tipps\/"},"author":{"name":"electriccartour","@id":"https:\/\/electriccartour.com\/de\/#\/schema\/person\/14020537da6216f7471b49e5e929cba1"},"headline":"Messe M\u00e1laga 2026: Vollst\u00e4ndiger F\u00fchrer mit lokalen Tipps","datePublished":"2026-04-06T18:51:10+00:00","dateModified":"2026-04-19T15:38:47+00:00","mainEntityOfPage":{"@id":"https:\/\/electriccartour.com\/de\/messe-malaga-2026-vollstaendiger-fuehrer-mit-lokalen-tipps\/"},"wordCount":1283,"publisher":{"@id":"https:\/\/electriccartour.com\/de\/#organization"},"image":{"@id":"https:\/\/electriccartour.com\/de\/messe-malaga-2026-vollstaendiger-fuehrer-mit-lokalen-tipps\/#primaryimage"},"thumbnailUrl":"https:\/\/i0.wp.com\/electriccartour.com\/wp-content\/uploads\/2026\/04\/ambiente-tradicional-con-caballos-en-la-Feria-de-Malaga.webp?fit=1536%2C1024&ssl=1","articleSection":["Sin categorizar","Unkategorisiert"],"inLanguage":"de"},{"@type":"WebPage","@id":"https:\/\/electriccartour.com\/de\/messe-malaga-2026-vollstaendiger-fuehrer-mit-lokalen-tipps\/","url":"https:\/\/electriccartour.com\/de\/messe-malaga-2026-vollstaendiger-fuehrer-mit-lokalen-tipps\/","name":"Messe Malaga 2026: Vollst\u00e4ndiger Reisef\u00fchrer + Tipps vor Ort","isPartOf":{"@id":"https:\/\/electriccartour.com\/de\/#website"},"primaryImageOfPage":{"@id":"https:\/\/electriccartour.com\/de\/messe-malaga-2026-vollstaendiger-fuehrer-mit-lokalen-tipps\/#primaryimage"},"image":{"@id":"https:\/\/electriccartour.com\/de\/messe-malaga-2026-vollstaendiger-fuehrer-mit-lokalen-tipps\/#primaryimage"},"thumbnailUrl":"https:\/\/i0.wp.com\/electriccartour.com\/wp-content\/uploads\/2026\/04\/ambiente-tradicional-con-caballos-en-la-Feria-de-Malaga.webp?fit=1536%2C1024&ssl=1","datePublished":"2026-04-06T18:51:10+00:00","dateModified":"2026-04-19T15:38:47+00:00","description":"Entdecken Sie die Messe M\u00e1laga 2026: Daten, Zeiten, Bereiche und Tipps, um die Messe in vollen Z\u00fcgen zu genie\u00dfen. Vollst\u00e4ndiger Leitfaden zum Erleben der Messe.","breadcrumb":{"@id":"https:\/\/electriccartour.com\/de\/messe-malaga-2026-vollstaendiger-fuehrer-mit-lokalen-tipps\/#breadcrumb"},"inLanguage":"de","potentialAction":[{"@type":"ReadAction","target":["https:\/\/electriccartour.com\/de\/messe-malaga-2026-vollstaendiger-fuehrer-mit-lokalen-tipps\/"]}]},{"@type":"ImageObject","inLanguage":"de","@id":"https:\/\/electriccartour.com\/de\/messe-malaga-2026-vollstaendiger-fuehrer-mit-lokalen-tipps\/#primaryimage","url":"https:\/\/i0.wp.com\/electriccartour.com\/wp-content\/uploads\/2026\/04\/ambiente-tradicional-con-caballos-en-la-Feria-de-Malaga.webp?fit=1536%2C1024&ssl=1","contentUrl":"https:\/\/i0.wp.com\/electriccartour.com\/wp-content\/uploads\/2026\/04\/ambiente-tradicional-con-caballos-en-la-Feria-de-Malaga.webp?fit=1536%2C1024&ssl=1","width":1536,"height":1024,"caption":"Coches de caballos y trajes t\u00edpicos en la Feria de M\u00e1laga"},{"@type":"BreadcrumbList","@id":"https:\/\/electriccartour.com\/de\/messe-malaga-2026-vollstaendiger-fuehrer-mit-lokalen-tipps\/#breadcrumb","itemListElement":[{"@type":"ListItem","position":1,"name":"Portada","item":"https:\/\/electriccartour.com\/de\/"},{"@type":"ListItem","position":2,"name":"Messe M\u00e1laga 2026: Vollst\u00e4ndiger F\u00fchrer mit lokalen Tipps"}]},{"@type":"WebSite","@id":"https:\/\/electriccartour.com\/de\/#website","url":"https:\/\/electriccartour.com\/de\/","name":"Tours en Coche El\u00e9ctrico en M\u00e1laga \u267b\ufe0f | Electric Car Tour","description":"Descubre M\u00e1laga de forma sostenible con Electric Car Tour. Disfruta de tours guiados en coche el\u00e9ctrico y explora los principales atractivos tur\u00edsticos de la ciudad.","publisher":{"@id":"https:\/\/electriccartour.com\/de\/#organization"},"alternateName":"Electric Car Tour - M\u00e1laga","potentialAction":[{"@type":"SearchAction","target":{"@type":"EntryPoint","urlTemplate":"https:\/\/electriccartour.com\/de\/?s={search_term_string}"},"query-input":{"@type":"PropertyValueSpecification","valueRequired":true,"valueName":"search_term_string"}}],"inLanguage":"de"},{"@type":"Organization","@id":"https:\/\/electriccartour.com\/de\/#organization","name":"Electric Car Tour","alternateName":"electriccartour","url":"https:\/\/electriccartour.com\/de\/","logo":{"@type":"ImageObject","inLanguage":"de","@id":"https:\/\/electriccartour.com\/de\/#\/schema\/logo\/image\/","url":"https:\/\/i0.wp.com\/electriccartour.com\/wp-content\/uploads\/2021\/12\/181002_ECT_Logo5389f3-1920w.png?fit=1920%2C462&ssl=1","contentUrl":"https:\/\/i0.wp.com\/electriccartour.com\/wp-content\/uploads\/2021\/12\/181002_ECT_Logo5389f3-1920w.png?fit=1920%2C462&ssl=1","width":1920,"height":462,"caption":"Electric Car Tour"},"image":{"@id":"https:\/\/electriccartour.com\/de\/#\/schema\/logo\/image\/"},"sameAs":["https:\/\/www.facebook.com\/Tourenvechiculoselectricos\/","https:\/\/x.com\/electric_tour","https:\/\/www.youtube.com\/channel\/UClzjmLNm6Auwdnix5FwnxXw","https:\/\/www.instagram.com\/electriccartour\/","https:\/\/tripadvisor.com\/Attraction_Review-g187438-d15198737-Reviews-Electric_Car_Tour-Malaga_Costa_del_Sol_Province_of_Malaga_Andalucia.html"]},{"@type":"Person","@id":"https:\/\/electriccartour.com\/de\/#\/schema\/person\/14020537da6216f7471b49e5e929cba1","name":"electriccartour","image":{"@type":"ImageObject","inLanguage":"de","@id":"https:\/\/secure.gravatar.com\/avatar\/fe8515b4ef6ae0fb0465b6ace38c4969d9b25f2d9a0c49eee2553face0582368?s=96&d=mm&r=g","url":"https:\/\/secure.gravatar.com\/avatar\/fe8515b4ef6ae0fb0465b6ace38c4969d9b25f2d9a0c49eee2553face0582368?s=96&d=mm&r=g","contentUrl":"https:\/\/secure.gravatar.com\/avatar\/fe8515b4ef6ae0fb0465b6ace38c4969d9b25f2d9a0c49eee2553face0582368?s=96&d=mm&r=g","caption":"electriccartour"},"sameAs":["http:\/\/electriccartour.com","https:\/\/www.facebook.com\/Tourenvechiculoselectricos\/","https:\/\/www.instagram.com\/electriccartour\/","https:\/\/www.linkedin.com\/in\/gema-martnez-aa8ab2183","https:\/\/x.com\/https:\/\/twitter.com\/electric_tour","https:\/\/www.youtube.com\/channel\/UClzjmLNm6Auwdnix5FwnxXw"],"url":"https:\/\/electriccartour.com\/de\/author\/electriccartour\/"}]}},"jetpack_featured_media_url":"https:\/\/i0.wp.com\/electriccartour.com\/wp-content\/uploads\/2026\/04\/ambiente-tradicional-con-caballos-en-la-Feria-de-Malaga.webp?fit=1536%2C1024&ssl=1","jetpack_sharing_enabled":true,"_links":{"self":[{"href":"https:\/\/electriccartour.com\/de\/wp-json\/wp\/v2\/posts\/14658","targetHints":{"allow":["GET"]}}],"collection":[{"href":"https:\/\/electriccartour.com\/de\/wp-json\/wp\/v2\/posts"}],"about":[{"href":"https:\/\/electriccartour.com\/de\/wp-json\/wp\/v2\/types\/post"}],"author":[{"embeddable":true,"href":"https:\/\/electriccartour.com\/de\/wp-json\/wp\/v2\/users\/1"}],"replies":[{"embeddable":true,"href":"https:\/\/electriccartour.com\/de\/wp-json\/wp\/v2\/comments?post=14658"}],"version-history":[{"count":3,"href":"https:\/\/electriccartour.com\/de\/wp-json\/wp\/v2\/posts\/14658\/revisions"}],"predecessor-version":[{"id":14670,"href":"https:\/\/electriccartour.com\/de\/wp-json\/wp\/v2\/posts\/14658\/revisions\/14670"}],"wp:featuredmedia":[{"embeddable":true,"href":"https:\/\/electriccartour.com\/de\/wp-json\/wp\/v2\/media\/14611"}],"wp:attachment":[{"href":"https:\/\/electriccartour.com\/de\/wp-json\/wp\/v2\/media?parent=14658"}],"wp:term":[{"taxonomy":"category","embeddable":true,"href":"https:\/\/electriccartour.com\/de\/wp-json\/wp\/v2\/categories?post=14658"},{"taxonomy":"post_tag","embeddable":true,"href":"https:\/\/electriccartour.com\/de\/wp-json\/wp\/v2\/tags?post=14658"}],"curies":[{"name":"wp","href":"https:\/\/api.w.org\/{rel}","templated":true}]}}