{"id":6476,"date":"2022-07-13T18:07:05","date_gmt":"2022-07-13T17:07:05","guid":{"rendered":"https:\/\/electriccartour.com\/andalusien-wird-zurueckkehren-malaga-wird-zurueckkehren\/"},"modified":"2025-02-16T21:52:58","modified_gmt":"2025-02-16T20:52:58","slug":"andalusien-wird-zurueckkehren-malaga-wird-zurueckkehren","status":"publish","type":"post","link":"https:\/\/electriccartour.com\/de\/andalusien-wird-zurueckkehren-malaga-wird-zurueckkehren\/","title":{"rendered":"Andalusien wird zur\u00fcckkehren, M\u00e1laga wird zur\u00fcckkehren."},"content":{"rendered":"\t\t<div data-elementor-type=\"wp-post\" data-elementor-id=\"6476\" class=\"elementor elementor-6476 elementor-4551\" data-elementor-post-type=\"post\">\n\t\t\t\t\t\t<section class=\"elementor-section elementor-top-section elementor-element elementor-element-ccea1ba elementor-section-boxed elementor-section-height-default elementor-section-height-default\" data-id=\"ccea1ba\" data-element_type=\"section\" data-e-type=\"section\">\n\t\t\t\t\t\t<div class=\"elementor-container elementor-column-gap-default\">\n\t\t\t\t\t<div class=\"elementor-column elementor-col-100 elementor-top-column elementor-element elementor-element-0b0f633\" data-id=\"0b0f633\" data-element_type=\"column\" data-e-type=\"column\">\n\t\t\t<div class=\"elementor-widget-wrap elementor-element-populated\">\n\t\t\t\t\t\t<div class=\"elementor-element elementor-element-40c8c50 elementor-widget elementor-widget-heading\" data-id=\"40c8c50\" data-element_type=\"widget\" data-e-type=\"widget\" data-widget_type=\"heading.default\">\n\t\t\t\t<div class=\"elementor-widget-container\">\n\t\t\t\t\t<h2 class=\"elementor-heading-title elementor-size-default\">Als ich die Stra\u00dfe entlangging, sah ich dich... ich sah dich und verliebte mich in dich...  <\/h2>\t\t\t\t<\/div>\n\t\t\t\t<\/div>\n\t\t\t\t\t<\/div>\n\t\t<\/div>\n\t\t\t\t\t<\/div>\n\t\t<\/section>\n\t\t\t\t<section class=\"elementor-section elementor-top-section elementor-element elementor-element-2e6b66a elementor-section-boxed elementor-section-height-default elementor-section-height-default\" data-id=\"2e6b66a\" data-element_type=\"section\" data-e-type=\"section\">\n\t\t\t\t\t\t<div class=\"elementor-container elementor-column-gap-default\">\n\t\t\t\t\t<div class=\"elementor-column elementor-col-100 elementor-top-column elementor-element elementor-element-038df02\" data-id=\"038df02\" data-element_type=\"column\" data-e-type=\"column\">\n\t\t\t<div class=\"elementor-widget-wrap elementor-element-populated\">\n\t\t\t\t\t\t<div class=\"elementor-element elementor-element-1febdb9 elementor-widget elementor-widget-text-editor\" data-id=\"1febdb9\" data-element_type=\"widget\" data-e-type=\"widget\" data-widget_type=\"text-editor.default\">\n\t\t\t\t<div class=\"elementor-widget-container\">\n\t\t\t\t\t\t\t\t\t<p><strong> &#8222;Hallo noch einmal, liebe Mitreisende. <\/strong><br \/><strong>Der heutige Artikel ist eine Anspielung auf unsere alte Website. Ich habe ihn w\u00e4hrend der Gefangenschaft in der Pandemie &#8222;Covid 19&#8220; geschrieben, und zwar mit gro\u00dfer Zuneigung zu unserer Stadt und der Arbeit, die wir f\u00fcr sie leisten, und deshalb m\u00f6chte ich nicht, dass Sie diesen Beitrag verpassen.<\/strong> <\/p>\n<p>Ich m\u00f6chte auch unseren lieben \u00f6rtlichen Reisef\u00fchrer (Mario von <a href=\"https:\/\/holalolatours.com\/\">Hola Lola<\/a> ) erw\u00e4hnen und ihm daf\u00fcr danken, dass er weiterhin jeden Tag mit uns zusammenarbeitet, um unsere sch\u00f6ne Stadt bekannt zu machen.<\/p>\n<p>Vergessen Sie nicht, dass nach dem Sturm immer die Sonne aufgeht&#8230; &#8222;<\/p>\n\t\t\t\t\t\t\t\t<\/div>\n\t\t\t\t<\/div>\n\t\t\t\t\t<\/div>\n\t\t<\/div>\n\t\t\t\t\t<\/div>\n\t\t<\/section>\n\t\t\t\t<section class=\"elementor-section elementor-top-section elementor-element elementor-element-3eb8297 elementor-section-boxed elementor-section-height-default elementor-section-height-default\" data-id=\"3eb8297\" data-element_type=\"section\" data-e-type=\"section\">\n\t\t\t\t\t\t<div class=\"elementor-container elementor-column-gap-default\">\n\t\t\t\t\t<div class=\"elementor-column elementor-col-100 elementor-top-column elementor-element elementor-element-0421b17\" data-id=\"0421b17\" data-element_type=\"column\" data-e-type=\"column\">\n\t\t\t<div class=\"elementor-widget-wrap elementor-element-populated\">\n\t\t\t\t\t\t<div class=\"elementor-element elementor-element-963c5d7 elementor-widget elementor-widget-image\" data-id=\"963c5d7\" data-element_type=\"widget\" data-e-type=\"widget\" data-widget_type=\"image.default\">\n\t\t\t\t<div class=\"elementor-widget-container\">\n\t\t\t\t\t\t\t\t\t\t\t\t\t\t\t<img fetchpriority=\"high\" decoding=\"async\" width=\"300\" height=\"199\" src=\"https:\/\/i0.wp.com\/electriccartour.com\/wp-content\/uploads\/2022\/05\/malaga-vistas-gibralfaro-scaled.webp?fit=300%2C199&amp;ssl=1\" class=\"attachment-medium size-medium wp-image-2064\" alt=\"vistas desde el mirador de gibralfaro\" srcset=\"https:\/\/i0.wp.com\/electriccartour.com\/wp-content\/uploads\/2022\/05\/malaga-vistas-gibralfaro-scaled.webp?w=2560&amp;ssl=1 2560w, https:\/\/i0.wp.com\/electriccartour.com\/wp-content\/uploads\/2022\/05\/malaga-vistas-gibralfaro-scaled.webp?resize=300%2C199&amp;ssl=1 300w, https:\/\/i0.wp.com\/electriccartour.com\/wp-content\/uploads\/2022\/05\/malaga-vistas-gibralfaro-scaled.webp?resize=1024%2C680&amp;ssl=1 1024w, https:\/\/i0.wp.com\/electriccartour.com\/wp-content\/uploads\/2022\/05\/malaga-vistas-gibralfaro-scaled.webp?resize=768%2C510&amp;ssl=1 768w, https:\/\/i0.wp.com\/electriccartour.com\/wp-content\/uploads\/2022\/05\/malaga-vistas-gibralfaro-scaled.webp?resize=1536%2C1020&amp;ssl=1 1536w, https:\/\/i0.wp.com\/electriccartour.com\/wp-content\/uploads\/2022\/05\/malaga-vistas-gibralfaro-scaled.webp?resize=2048%2C1359&amp;ssl=1 2048w, https:\/\/i0.wp.com\/electriccartour.com\/wp-content\/uploads\/2022\/05\/malaga-vistas-gibralfaro-scaled.webp?resize=1568%2C1041&amp;ssl=1 1568w, https:\/\/i0.wp.com\/electriccartour.com\/wp-content\/uploads\/2022\/05\/malaga-vistas-gibralfaro-scaled.webp?resize=1320%2C876&amp;ssl=1 1320w, https:\/\/i0.wp.com\/electriccartour.com\/wp-content\/uploads\/2022\/05\/malaga-vistas-gibralfaro-scaled.webp?resize=450%2C299&amp;ssl=1 450w, https:\/\/i0.wp.com\/electriccartour.com\/wp-content\/uploads\/2022\/05\/malaga-vistas-gibralfaro-scaled.webp?w=1920&amp;ssl=1 1920w\" sizes=\"(max-width: 300px) 100vw, 300px\" \/>\t\t\t\t\t\t\t\t\t\t\t\t\t\t\t<\/div>\n\t\t\t\t<\/div>\n\t\t\t\t\t<\/div>\n\t\t<\/div>\n\t\t\t\t\t<\/div>\n\t\t<\/section>\n\t\t\t\t<section class=\"elementor-section elementor-top-section elementor-element elementor-element-c4c6af1 elementor-section-boxed elementor-section-height-default elementor-section-height-default\" data-id=\"c4c6af1\" data-element_type=\"section\" data-e-type=\"section\">\n\t\t\t\t\t\t<div class=\"elementor-container elementor-column-gap-default\">\n\t\t\t\t\t<div class=\"elementor-column elementor-col-100 elementor-top-column elementor-element elementor-element-540ea71\" data-id=\"540ea71\" data-element_type=\"column\" data-e-type=\"column\">\n\t\t\t<div class=\"elementor-widget-wrap elementor-element-populated\">\n\t\t\t\t\t\t<div class=\"elementor-element elementor-element-fdc3ae6 elementor-widget elementor-widget-text-editor\" data-id=\"fdc3ae6\" data-element_type=\"widget\" data-e-type=\"widget\" data-widget_type=\"text-editor.default\">\n\t\t\t\t<div class=\"elementor-widget-container\">\n\t\t\t\t\t\t\t\t\t<p>Der heutige Protagonist, unsere sch\u00f6ne Stadt, <b><br \/>\n  <a href=\"https:\/\/goo.gl\/maps\/7fBk4TXwvagVJyDz6\" target=\"_blank\" rel=\"noopener\">Malaga<\/a><br \/>\n<\/b>. Wie schon im vorigen Beitrag kann ich nicht genug betonen, dass M\u00e1laga ein Reiseziel ist, das viel zu bieten hat, nicht nur wegen seines Klimas, seiner Str\u00e4nde, seines Kultur- und Freizeitangebots; M\u00e1laga hat einen besonderen Charme, den man in seiner Atmosph\u00e4re einatmet, wenn man durch seine Stra\u00dfen geht.<\/p>\n<div>Als gro\u00dfer Autoliebhaber liebte ich es in meinen Anf\u00e4ngen, mich in mein Auto zu setzen und zu meinen Lieblingsorten zu fahren, zu den Str\u00e4nden von <b><a href=\"https:\/\/goo.gl\/maps\/zq4AtEyBqvVSikwZ6\" target=\"_blank\" rel=\"noopener\">Str\u00e4nde von Huelin<\/a><\/b> y <a href=\"https:\/\/goo.gl\/maps\/usm7fxE7duzcchwy7\" target=\"_blank\" rel=\"noopener\"><b>Sacaba Strand<\/b><\/a>Auf der Motorhaube des Autos zu sitzen und das ruhige Meer zu beobachten, war die beste Art, den Kopf frei zu bekommen und die Zukunft zu planen.  <\/div>\n<div>Die Fahrt entlang der Kurven der schmalen Stra\u00dfe des <b><br \/>\n  <a href=\"http:\/\/www.juntadeandalucia.es\/medioambiente\/servtc5\/ventana\/mostrarFicha.do?idEspacio=7425\" target=\"_blank\" rel=\"noopener\">Naturpark Montes de M\u00e1laga<\/a><br \/>\n<\/b>um die Venta del Mirador zu erreichen und die unglaubliche Aussicht auf die K\u00fcste zu genie\u00dfen, im Westen die <b><a href=\"http:\/\/www.malagaturismo.com\/es\/secciones\/paraje-natural-desembocadura-del-guadalhorce\/57\" target=\"_blank\" rel=\"noopener\">M\u00fcndung des Guadalhorce-Flusses<\/a><\/b> oder im Osten die <b><br \/>\n  <a href=\"https:\/\/goo.gl\/maps\/C4VktJTCS9inhzQe6\" target=\"_blank\" rel=\"noopener\">Pe\u00f1on del Cuervo<\/a><br \/>\n<\/b>. Der Alltag, das Studium, die Arbeit und die unendlichen Verpflichtungen, die mit dem \u00dcberschreiten der Zwanzigj\u00e4hrigen-Grenze einhergehen, haben diese Zeit hinter sich gelassen und vergessen?<\/div>\n\t\t\t\t\t\t\t\t<\/div>\n\t\t\t\t<\/div>\n\t\t\t\t\t<\/div>\n\t\t<\/div>\n\t\t\t\t\t<\/div>\n\t\t<\/section>\n\t\t\t\t<section class=\"elementor-section elementor-top-section elementor-element elementor-element-cfabfbd elementor-section-boxed elementor-section-height-default elementor-section-height-default\" data-id=\"cfabfbd\" data-element_type=\"section\" data-e-type=\"section\">\n\t\t\t\t\t\t<div class=\"elementor-container elementor-column-gap-default\">\n\t\t\t\t\t<div class=\"elementor-column elementor-col-100 elementor-top-column elementor-element elementor-element-df7d281\" data-id=\"df7d281\" data-element_type=\"column\" data-e-type=\"column\">\n\t\t\t<div class=\"elementor-widget-wrap elementor-element-populated\">\n\t\t\t\t\t\t<div class=\"elementor-element elementor-element-91c0b0b elementor-widget elementor-widget-image\" data-id=\"91c0b0b\" data-element_type=\"widget\" data-e-type=\"widget\" data-widget_type=\"image.default\">\n\t\t\t\t<div class=\"elementor-widget-container\">\n\t\t\t\t\t\t\t\t\t\t\t\t\t\t\t<img decoding=\"async\" width=\"200\" height=\"300\" src=\"https:\/\/i0.wp.com\/electriccartour.com\/wp-content\/uploads\/2022\/05\/tour-in-malaga-electric-car-scaled.webp?fit=200%2C300&amp;ssl=1\" class=\"attachment-medium size-medium wp-image-1937\" alt=\"Tour en M\u00e1laga en coche el\u00e9ctrico recorriendo el centro hist\u00f3rico\" srcset=\"https:\/\/i0.wp.com\/electriccartour.com\/wp-content\/uploads\/2022\/05\/tour-in-malaga-electric-car-scaled.webp?w=1707&amp;ssl=1 1707w, https:\/\/i0.wp.com\/electriccartour.com\/wp-content\/uploads\/2022\/05\/tour-in-malaga-electric-car-scaled.webp?resize=200%2C300&amp;ssl=1 200w, https:\/\/i0.wp.com\/electriccartour.com\/wp-content\/uploads\/2022\/05\/tour-in-malaga-electric-car-scaled.webp?resize=683%2C1024&amp;ssl=1 683w, https:\/\/i0.wp.com\/electriccartour.com\/wp-content\/uploads\/2022\/05\/tour-in-malaga-electric-car-scaled.webp?resize=768%2C1152&amp;ssl=1 768w, https:\/\/i0.wp.com\/electriccartour.com\/wp-content\/uploads\/2022\/05\/tour-in-malaga-electric-car-scaled.webp?resize=1024%2C1536&amp;ssl=1 1024w, https:\/\/i0.wp.com\/electriccartour.com\/wp-content\/uploads\/2022\/05\/tour-in-malaga-electric-car-scaled.webp?resize=1365%2C2048&amp;ssl=1 1365w, https:\/\/i0.wp.com\/electriccartour.com\/wp-content\/uploads\/2022\/05\/tour-in-malaga-electric-car-scaled.webp?resize=1568%2C2352&amp;ssl=1 1568w, https:\/\/i0.wp.com\/electriccartour.com\/wp-content\/uploads\/2022\/05\/tour-in-malaga-electric-car-scaled.webp?resize=1320%2C1980&amp;ssl=1 1320w, https:\/\/i0.wp.com\/electriccartour.com\/wp-content\/uploads\/2022\/05\/tour-in-malaga-electric-car-scaled.webp?resize=450%2C675&amp;ssl=1 450w\" sizes=\"(max-width: 200px) 100vw, 200px\" \/>\t\t\t\t\t\t\t\t\t\t\t\t\t\t\t<\/div>\n\t\t\t\t<\/div>\n\t\t\t\t\t<\/div>\n\t\t<\/div>\n\t\t\t\t\t<\/div>\n\t\t<\/section>\n\t\t\t\t<section class=\"elementor-section elementor-top-section elementor-element elementor-element-07fc22a elementor-section-boxed elementor-section-height-default elementor-section-height-default\" data-id=\"07fc22a\" data-element_type=\"section\" data-e-type=\"section\">\n\t\t\t\t\t\t<div class=\"elementor-container elementor-column-gap-default\">\n\t\t\t\t\t<div class=\"elementor-column elementor-col-100 elementor-top-column elementor-element elementor-element-65d6846\" data-id=\"65d6846\" data-element_type=\"column\" data-e-type=\"column\">\n\t\t\t<div class=\"elementor-widget-wrap elementor-element-populated\">\n\t\t\t\t\t\t<div class=\"elementor-element elementor-element-a0de485 elementor-widget elementor-widget-text-editor\" data-id=\"a0de485\" data-element_type=\"widget\" data-e-type=\"widget\" data-widget_type=\"text-editor.default\">\n\t\t\t\t<div class=\"elementor-widget-container\">\n\t\t\t\t\t\t\t\t\t<p>Nach einigen Jahren mit einer wunderbaren Familie und den beruflichen Ambitionen eines Unternehmers, kreuzte ein <b>TWIZY<\/b> unser Leben und ich fand den Charme meiner Stadt wieder.<\/p>\n<p>Ich werde nie die erste Nacht vergessen, in der Gema und ich sagten, dass wir mit unserem kleinen <b>Twizy<\/b> (dem &#8222;Uno&#8220;, wie wir ihn nennen) einen Ausflug machen w\u00fcrden. Wir schlugen vor, die f\u00fcr k\u00fcnftige Touren vorgesehene Route zu fahren, und das taten wir auch. Wir beginnen am <a href=\"https:\/\/goo.gl\/maps\/w8i63cfpvUvUSmrW6\" target=\"_blank\" rel=\"noopener\"><b>Paseo del Parque<\/b><\/a> mit seinen zahlreichen exotischen Pflanzen, die ihn zu einem der wichtigsten \u00f6ffentlichen Parks in <b>Europa<\/b> machen <b>, dem<\/b> <b><a href=\"https:\/\/www.marriott.com\/hotels\/travel\/agpmg-ac-hotel-malaga-palacio\/\" target=\"_blank\" rel=\"noopener\">Hotel Malaga Palacio<\/a>, der <a href=\"https:\/\/malagacatedral.com\/\" target=\"_blank\" rel=\"noopener\">Kathedrale von Malaga<\/a><\/b>, genannt <b>&#8222;La Manquita&#8220;<\/b>, einem unserer Juwelen, dem <b><a href=\"http:\/\/www.museosdeandalucia.es\/web\/museodemalaga\" target=\"_blank\" rel=\"noopener\">Museum von Malaga<\/a>, dem <a href=\"http:\/\/www.malaga.eu\/\" target=\"_blank\" rel=\"noopener\">Rathaus<\/a>&#8230;<\/b> und dann mit herrlichem Blick auf <b><a href=\"https:\/\/goo.gl\/maps\/QcauRTh49RHPVBX97\" target=\"_blank\" rel=\"noopener\">&#8222;La Coracha<\/a><\/b> auf <a href=\"http:\/\/www.malagaturismo.com\/es\/recursos-turisticos\/detalle\/alcazaba\/6\" target=\"_blank\" rel=\"noopener\"><b>Die Alcazaba<\/b><\/a>kommen die Emotionen an die Oberfl\u00e4che. Wir setzen unsere Reise fort zu <b><br \/>\n  <a href=\"https:\/\/www.muelleuno.com\/\" target=\"_blank\" rel=\"noopener\">Pier Eins<\/a><br \/>\n<\/b> drehend durch <a href=\"http:\/\/www.malagaturismo.com\/es\/recursos-turisticos\/detalle\/fuente-de-las-tres-gracias\/490\" target=\"_blank\" rel=\"noopener\"><br \/>\n  <b>Der Brunnen der drei Gnaden<\/b><br \/>\n<\/a> ein Tribut an die Fruchtbarkeit, sobald wir durch die <b><br \/>\n  <a href=\"https:\/\/goo.gl\/maps\/18P2r3F7dbW3EeDT9\" target=\"_blank\" rel=\"noopener\">Promenade de la Farola<\/a><br \/>\n<\/b> Mit dem Coloured Cube <b>( <a href=\"https:\/\/centrepompidou-malaga.eu\/\" target=\"_blank\" rel=\"noopener\">Mus\u00e9e Pompidou<\/a> )<\/b> beginnt der Blick auf das Meer und den Yachthafen.<\/p>\n<p>Im Hintergrund: <b><br \/>\n  <a href=\"http:\/\/www.malagaturismo.com\/es\/recursos-turisticos\/detalle\/la-farola\/420\" target=\"_blank\" rel=\"noopener\">La Farola<\/a><br \/>\n<\/b> (&#8222;pummelig und st\u00e4mmig&#8220;) zieht mit seinem Leitfeuer die Aufmerksamkeit auf sich, und sobald wir rechts an ihm vorbeigehen, machen wir unseren ersten Halt am <b>Mirador del Muelle Uno<\/b>. Wir nennen den Ort die <b>&#8222;Skyline von M\u00e1laga&#8220;, einen<\/b> \u00fcberw\u00e4ltigenden Blick auf die Stadt, von dem aus wir die ganze Pracht <b>M\u00e1lagas<\/b> bewundern k\u00f6nnen, und in diesem Moment wurde uns bewusst, wie gl\u00fccklich wir <b>Malague\u00f1os<\/b> uns sch\u00e4tzen k\u00f6nnen, in dieser Stadt zu leben.  <\/p>\n\t\t\t\t\t\t\t\t<\/div>\n\t\t\t\t<\/div>\n\t\t\t\t\t<\/div>\n\t\t<\/div>\n\t\t\t\t\t<\/div>\n\t\t<\/section>\n\t\t\t\t<section class=\"elementor-section elementor-top-section elementor-element elementor-element-e103834 elementor-section-boxed elementor-section-height-default elementor-section-height-default\" data-id=\"e103834\" data-element_type=\"section\" data-e-type=\"section\">\n\t\t\t\t\t\t<div class=\"elementor-container elementor-column-gap-default\">\n\t\t\t\t\t<div class=\"elementor-column elementor-col-100 elementor-top-column elementor-element elementor-element-e8f825c\" data-id=\"e8f825c\" data-element_type=\"column\" data-e-type=\"column\">\n\t\t\t<div class=\"elementor-widget-wrap elementor-element-populated\">\n\t\t\t\t\t\t<div class=\"elementor-element elementor-element-64c7a95 elementor-widget elementor-widget-image\" data-id=\"64c7a95\" data-element_type=\"widget\" data-e-type=\"widget\" data-widget_type=\"image.default\">\n\t\t\t\t<div class=\"elementor-widget-container\">\n\t\t\t\t\t\t\t\t\t\t\t\t\t\t\t<img decoding=\"async\" width=\"300\" height=\"225\" src=\"https:\/\/i0.wp.com\/electriccartour.com\/wp-content\/uploads\/2022\/07\/tour-por-malaga-pareja-scaled.webp?fit=300%2C225&amp;ssl=1\" class=\"attachment-medium size-medium wp-image-4568\" alt=\"tour por malaga parejas\" srcset=\"https:\/\/i0.wp.com\/electriccartour.com\/wp-content\/uploads\/2022\/07\/tour-por-malaga-pareja-scaled.webp?w=2560&amp;ssl=1 2560w, https:\/\/i0.wp.com\/electriccartour.com\/wp-content\/uploads\/2022\/07\/tour-por-malaga-pareja-scaled.webp?resize=300%2C225&amp;ssl=1 300w, https:\/\/i0.wp.com\/electriccartour.com\/wp-content\/uploads\/2022\/07\/tour-por-malaga-pareja-scaled.webp?resize=1024%2C768&amp;ssl=1 1024w, https:\/\/i0.wp.com\/electriccartour.com\/wp-content\/uploads\/2022\/07\/tour-por-malaga-pareja-scaled.webp?resize=768%2C576&amp;ssl=1 768w, https:\/\/i0.wp.com\/electriccartour.com\/wp-content\/uploads\/2022\/07\/tour-por-malaga-pareja-scaled.webp?resize=1536%2C1152&amp;ssl=1 1536w, https:\/\/i0.wp.com\/electriccartour.com\/wp-content\/uploads\/2022\/07\/tour-por-malaga-pareja-scaled.webp?resize=2048%2C1536&amp;ssl=1 2048w, https:\/\/i0.wp.com\/electriccartour.com\/wp-content\/uploads\/2022\/07\/tour-por-malaga-pareja-scaled.webp?resize=1568%2C1176&amp;ssl=1 1568w, https:\/\/i0.wp.com\/electriccartour.com\/wp-content\/uploads\/2022\/07\/tour-por-malaga-pareja-scaled.webp?resize=1320%2C990&amp;ssl=1 1320w, https:\/\/i0.wp.com\/electriccartour.com\/wp-content\/uploads\/2022\/07\/tour-por-malaga-pareja-scaled.webp?resize=450%2C338&amp;ssl=1 450w, https:\/\/i0.wp.com\/electriccartour.com\/wp-content\/uploads\/2022\/07\/tour-por-malaga-pareja-scaled.webp?w=1920&amp;ssl=1 1920w\" sizes=\"(max-width: 300px) 100vw, 300px\" \/>\t\t\t\t\t\t\t\t\t\t\t\t\t\t\t<\/div>\n\t\t\t\t<\/div>\n\t\t\t\t\t<\/div>\n\t\t<\/div>\n\t\t\t\t\t<\/div>\n\t\t<\/section>\n\t\t\t\t<section class=\"elementor-section elementor-top-section elementor-element elementor-element-77f8fdb elementor-section-boxed elementor-section-height-default elementor-section-height-default\" data-id=\"77f8fdb\" data-element_type=\"section\" data-e-type=\"section\">\n\t\t\t\t\t\t<div class=\"elementor-container elementor-column-gap-default\">\n\t\t\t\t\t<div class=\"elementor-column elementor-col-100 elementor-top-column elementor-element elementor-element-0cf2219\" data-id=\"0cf2219\" data-element_type=\"column\" data-e-type=\"column\">\n\t\t\t<div class=\"elementor-widget-wrap elementor-element-populated\">\n\t\t\t\t\t\t<div class=\"elementor-element elementor-element-0e972bd elementor-widget elementor-widget-text-editor\" data-id=\"0e972bd\" data-element_type=\"widget\" data-e-type=\"widget\" data-widget_type=\"text-editor.default\">\n\t\t\t\t<div class=\"elementor-widget-container\">\n\t\t\t\t\t\t\t\t\t<p>Nach ein paar Minuten fuhren wir wieder mit unserem kleinen Elektroauto los, das uns an diesem Juniabend mit seinen Eindr\u00fccken begeisterte. Als wir unseren Spaziergang entlang der <b><a href=\"https:\/\/goo.gl\/maps\/WdwwriC13zakhTTr5\" target=\"_blank\" rel=\"noopener\">Promenade von Pablo Ruiz Picasso<\/a><\/b> fortsetzten, sahen wir die Strandbars fast voll mit Menschen und dieser besondere Geruch lie\u00df uns denken, dass es der ideale Zeitpunkt war, um unsere M\u00fcnder mit einigen <b><a href=\"https:\/\/g.co\/kgs\/ScpQPF\" target=\"_blank\" rel=\"noopener\"> Espetitos de Sardinas<\/a><\/b>&#8220; zu \u00f6ffnen. <\/p>\n<p>Der n\u00e4chste Halt war eine Bar im <b><a href=\"https:\/\/goo.gl\/maps\/vj175nRoLGEvpLNZA\" target=\"_blank\" rel=\"noopener\">Barrio del Palo <\/a>. &#8222;Pescaito frito&#8220;<\/b>, ein <b>&#8222;tomatito picao&#8220;<\/b> und ein paar Bier &#8222;0,0&#8220; waren die beste Option des Abends.  <\/p>\n<div>Zur\u00fcck an diesem wunderbaren Abend, vorbei an <b><br \/>\n  <a href=\"http:\/\/www.malagaturismo.com\/es\/recursos-turisticos\/detalle\/playa-los-banos-del-carmen\/741\" target=\"_blank\" rel=\"noopener\">Los Ba\u00f1os del Carmen<\/a><br \/>\n<\/b> Zur\u00fcck auf dem <b>Paseo Mar\u00edtimo<\/b> ist es der Moment, in dem die Sch\u00f6nheiten beim Anblick der <b>K\u00fcste M\u00e1lagas<\/b> in dieser Sommernacht erschaudern. Das Licht, <a href=\"http:\/\/www.malagaturismo.com\/es\/recursos-turisticos\/detalle\/la-farola\/420\" target=\"_blank\" rel=\"noopener\"><br \/>\n  <b>La Farola<\/b><br \/>\n<\/a> mit seinem Licht, dem Geruch des Meeres und der Fahrt in der <a href=\"https:\/\/www.tahermo.com\/\" target=\"_blank\" rel=\"noopener\"><br \/>\n  <b>Renault Twizy<\/b><br \/>\n<\/a> mit der Brise der Nacht, war der letzte <b>Schliff<\/b> zur Erinnerung an den Moment, als <b>M\u00e1laga in unser Leben zur\u00fcckkehrte<\/b>. <\/div>\n<div>Weil&#8230; <b class=\"font-size-18 lh-1\">#wirwerdenzur\u00fcckMalaga<\/b><\/div>\n<div> <b class=\"font-size-18 lh-1\"><br \/>\n  <a href=\"https:\/\/www.instagram.com\/explore\/tags\/volver%C3%A1andaluc%C3%ADa\/\" target=\"_blank\" rel=\"noopener\">#WirdAndalusien zur\u00fcckkehren?<\/a><br \/>\n<\/b> so wie bei uns in dieser Nacht.<\/div>\n\t\t\t\t\t\t\t\t<\/div>\n\t\t\t\t<\/div>\n\t\t\t\t\t<\/div>\n\t\t<\/div>\n\t\t\t\t\t<\/div>\n\t\t<\/section>\n\t\t\t\t<section class=\"elementor-section elementor-top-section elementor-element elementor-element-729a80c elementor-section-boxed elementor-section-height-default elementor-section-height-default\" data-id=\"729a80c\" data-element_type=\"section\" data-e-type=\"section\">\n\t\t\t\t\t\t<div class=\"elementor-container elementor-column-gap-default\">\n\t\t\t\t\t<div class=\"elementor-column elementor-col-100 elementor-top-column elementor-element elementor-element-4eddf06\" data-id=\"4eddf06\" data-element_type=\"column\" data-e-type=\"column\">\n\t\t\t<div class=\"elementor-widget-wrap elementor-element-populated\">\n\t\t\t\t\t\t<div class=\"elementor-element elementor-element-80e8b81 elementor-widget elementor-widget-text-editor\" data-id=\"80e8b81\" data-element_type=\"widget\" data-e-type=\"widget\" data-widget_type=\"text-editor.default\">\n\t\t\t\t<div class=\"elementor-widget-container\">\n\t\t\t\t\t\t\t\t\t<p><b class=\"font-size-18 lh-1\"><span class=\"font-size-20 lh-1\">Fahren durch die Stra\u00dfen  <\/span><\/b><\/p>\n<div><b class=\"lh-1 font-size-20\">  Ich sah dich<\/b><\/div>\n<div><b class=\"lh-1 font-size-20\">  Dass ich mich eines Tages verliebte  <\/b><\/div>\n<div><b class=\"lh-1 font-size-20\">  von dir&#8230;<\/b><\/div>\n<div><b class=\"lh-1 font-size-20\">  Malaga!<\/b><\/div>\n\t\t\t\t\t\t\t\t<\/div>\n\t\t\t\t<\/div>\n\t\t\t\t\t<\/div>\n\t\t<\/div>\n\t\t\t\t\t<\/div>\n\t\t<\/section>\n\t\t\t\t<section class=\"elementor-section elementor-top-section elementor-element elementor-element-c045d1a elementor-section-boxed elementor-section-height-default elementor-section-height-default\" data-id=\"c045d1a\" data-element_type=\"section\" data-e-type=\"section\">\n\t\t\t\t\t\t<div class=\"elementor-container elementor-column-gap-default\">\n\t\t\t\t\t<div class=\"elementor-column elementor-col-100 elementor-top-column elementor-element elementor-element-1fa6b37\" data-id=\"1fa6b37\" data-element_type=\"column\" data-e-type=\"column\">\n\t\t\t<div class=\"elementor-widget-wrap elementor-element-populated\">\n\t\t\t\t\t\t<div class=\"elementor-element elementor-element-78c7bb2 elementor-widget elementor-widget-text-editor\" data-id=\"78c7bb2\" data-element_type=\"widget\" data-e-type=\"widget\" data-widget_type=\"text-editor.default\">\n\t\t\t\t<div class=\"elementor-widget-container\">\n\t\t\t\t\t\t\t\t\t<p>Dank an <b>Natalia Guidoni<span class=\"font-size-18 lh-1\"> <\/span>von der <a href=\"http:\/\/cuevasdeandalucia.org\/\" target=\"_blank\" rel=\"noopener\">Asociaci\u00f3n Cuevas de Andaluc\u00eda<\/a>,<\/b> f\u00fcr die Initiative <b>#volver\u00e1Andalucia<\/b>, <\/p>\n<p>weil Andalusien all dies und mehr verdient?  <\/p>\n<div>A <span class=\"font-size-18 lh-1\"><br \/>\n  <b><a href=\"http:\/\/www.andalucialab.org\/\" target=\"_blank\" rel=\"noopener\">Andaluc\u00edalab<\/a><span class=\"font-size-15 lh-1\"> f\u00fcr die Arbeit und die Aufmerksamkeit, die sie uns widmen; <\/span> ihrem Mentorenteam, das sowohl menschlich als auch fachlich gro\u00dfartig ist; und insbesondere Vivianne Quill f\u00fcr ihre Bem\u00fchungen und ihre kontinuierliche Arbeit mit uns. <\/b><br \/>\n<\/span><b><br \/>\n  <span class=\"font-size-15 lh-1\"> ihrem Mentorenteam, das sowohl menschlich als auch fachlich gro\u00dfartig ist, und insbesondere Vivianne Quill f\u00fcr ihren Einsatz und ihre kontinuierliche Arbeit mit uns. <\/span><br \/>\n<\/b> <\/div>\n<div><b class=\"font-size-18 lh-1\">Ich danke Ihnen aus tiefstem Herzen&#8230;<\/b><\/div>\n<div><b class=\"font-size-18 lh-1\"> <\/b><\/div>\n<div><b class=\"font-size-18 lh-1\">Alejandro Acosta.<\/b><\/div>\n\t\t\t\t\t\t\t\t<\/div>\n\t\t\t\t<\/div>\n\t\t\t\t\t<\/div>\n\t\t<\/div>\n\t\t\t\t\t<\/div>\n\t\t<\/section>\n\t\t\t\t<section class=\"elementor-section elementor-top-section elementor-element elementor-element-445abb4 elementor-section-boxed elementor-section-height-default elementor-section-height-default\" data-id=\"445abb4\" data-element_type=\"section\" data-e-type=\"section\">\n\t\t\t\t\t\t<div class=\"elementor-container elementor-column-gap-default\">\n\t\t\t\t\t<div class=\"elementor-column elementor-col-100 elementor-top-column elementor-element elementor-element-8a79353\" data-id=\"8a79353\" data-element_type=\"column\" data-e-type=\"column\">\n\t\t\t<div class=\"elementor-widget-wrap elementor-element-populated\">\n\t\t\t\t\t\t<div class=\"elementor-element elementor-element-c09f963 elementor-align-center elementor-widget elementor-widget-button\" data-id=\"c09f963\" data-element_type=\"widget\" data-e-type=\"widget\" data-widget_type=\"button.default\">\n\t\t\t\t<div class=\"elementor-widget-container\">\n\t\t\t\t\t\t\t\t\t<div class=\"elementor-button-wrapper\">\n\t\t\t\t\t<a class=\"elementor-button elementor-button-link elementor-size-sm\" href=\"https:\/\/electriccartour.com\/de\/alle-touren\/\">\n\t\t\t\t\t\t<span class=\"elementor-button-content-wrapper\">\n\t\t\t\t\t\t\t\t\t<span class=\"elementor-button-text\">Buchen Sie Ihre Tour in M\u00e1laga und erleben Sie eine einzigartige Erfahrung.<\/span>\n\t\t\t\t\t<\/span>\n\t\t\t\t\t<\/a>\n\t\t\t\t<\/div>\n\t\t\t\t\t\t\t\t<\/div>\n\t\t\t\t<\/div>\n\t\t\t\t\t<\/div>\n\t\t<\/div>\n\t\t\t\t\t<\/div>\n\t\t<\/section>\n\t\t\t\t<section class=\"elementor-section elementor-top-section elementor-element elementor-element-320a8bc elementor-section-boxed elementor-section-height-default elementor-section-height-default\" data-id=\"320a8bc\" data-element_type=\"section\" data-e-type=\"section\">\n\t\t\t\t\t\t<div class=\"elementor-container elementor-column-gap-default\">\n\t\t\t\t\t<div class=\"elementor-column elementor-col-100 elementor-top-column elementor-element elementor-element-a2d735d\" data-id=\"a2d735d\" data-element_type=\"column\" data-e-type=\"column\">\n\t\t\t<div class=\"elementor-widget-wrap elementor-element-populated\">\n\t\t\t\t\t\t<div class=\"elementor-element elementor-element-9b38a66 elementor-widget elementor-widget-image\" data-id=\"9b38a66\" data-element_type=\"widget\" data-e-type=\"widget\" data-widget_type=\"image.default\">\n\t\t\t\t<div class=\"elementor-widget-container\">\n\t\t\t\t\t\t\t\t\t\t\t\t\t\t\t<img loading=\"lazy\" decoding=\"async\" width=\"640\" height=\"425\" src=\"https:\/\/i0.wp.com\/electriccartour.com\/wp-content\/uploads\/2022\/05\/tour-in-malaga-scaled.webp?fit=640%2C425&amp;ssl=1\" class=\"attachment-medium_large size-medium_large wp-image-1968\" alt=\"\" srcset=\"https:\/\/i0.wp.com\/electriccartour.com\/wp-content\/uploads\/2022\/05\/tour-in-malaga-scaled.webp?w=2560&amp;ssl=1 2560w, https:\/\/i0.wp.com\/electriccartour.com\/wp-content\/uploads\/2022\/05\/tour-in-malaga-scaled.webp?resize=300%2C199&amp;ssl=1 300w, https:\/\/i0.wp.com\/electriccartour.com\/wp-content\/uploads\/2022\/05\/tour-in-malaga-scaled.webp?resize=1024%2C680&amp;ssl=1 1024w, https:\/\/i0.wp.com\/electriccartour.com\/wp-content\/uploads\/2022\/05\/tour-in-malaga-scaled.webp?resize=768%2C510&amp;ssl=1 768w, https:\/\/i0.wp.com\/electriccartour.com\/wp-content\/uploads\/2022\/05\/tour-in-malaga-scaled.webp?resize=1536%2C1020&amp;ssl=1 1536w, https:\/\/i0.wp.com\/electriccartour.com\/wp-content\/uploads\/2022\/05\/tour-in-malaga-scaled.webp?resize=2048%2C1359&amp;ssl=1 2048w, https:\/\/i0.wp.com\/electriccartour.com\/wp-content\/uploads\/2022\/05\/tour-in-malaga-scaled.webp?resize=1568%2C1041&amp;ssl=1 1568w, https:\/\/i0.wp.com\/electriccartour.com\/wp-content\/uploads\/2022\/05\/tour-in-malaga-scaled.webp?resize=1320%2C876&amp;ssl=1 1320w, https:\/\/i0.wp.com\/electriccartour.com\/wp-content\/uploads\/2022\/05\/tour-in-malaga-scaled.webp?resize=450%2C299&amp;ssl=1 450w, https:\/\/i0.wp.com\/electriccartour.com\/wp-content\/uploads\/2022\/05\/tour-in-malaga-scaled.webp?w=1920&amp;ssl=1 1920w\" sizes=\"(max-width: 640px) 100vw, 640px\" \/>\t\t\t\t\t\t\t\t\t\t\t\t\t\t\t<\/div>\n\t\t\t\t<\/div>\n\t\t\t\t<div class=\"elementor-element elementor-element-7f04ccd elementor-widget elementor-widget-video\" data-id=\"7f04ccd\" data-element_type=\"widget\" data-e-type=\"widget\" data-settings=\"{&quot;youtube_url&quot;:&quot;https:\\\/\\\/youtu.be\\\/JSgtXrST6JQ&quot;,&quot;video_type&quot;:&quot;youtube&quot;,&quot;controls&quot;:&quot;yes&quot;}\" data-widget_type=\"video.default\">\n\t\t\t\t<div class=\"elementor-widget-container\">\n\t\t\t\t\t\t\t<div class=\"elementor-wrapper elementor-open-inline\">\n\t\t\t<div class=\"elementor-video\"><\/div>\t\t<\/div>\n\t\t\t\t\t\t<\/div>\n\t\t\t\t<\/div>\n\t\t\t\t\t<\/div>\n\t\t<\/div>\n\t\t\t\t\t<\/div>\n\t\t<\/section>\n\t\t\t\t<\/div>\n\t\t","protected":false},"excerpt":{"rendered":"<p>Als ich die Stra\u00dfe entlangging, sah ich dich&#8230; ich sah dich und verliebte mich in dich&#8230; &#8222;Hallo noch einmal, liebe Mitreisende. Der heutige Artikel ist eine Anspielung auf unsere alte Website. Ich habe ihn w\u00e4hrend der Gefangenschaft in der Pandemie &#8222;Covid 19&#8220; geschrieben, und zwar mit gro\u00dfer Zuneigung zu unserer Stadt und der Arbeit, die &hellip; <\/p>\n<p class=\"link-more\"><a href=\"https:\/\/electriccartour.com\/de\/andalusien-wird-zurueckkehren-malaga-wird-zurueckkehren\/\" class=\"more-link\"><span class=\"screen-reader-text\">\u201eAndalusien wird zur\u00fcckkehren, M\u00e1laga wird zur\u00fcckkehren.\u201c <\/span>weiterlesen<\/a><\/p>\n","protected":false},"author":1,"featured_media":0,"comment_status":"closed","ping_status":"closed","sticky":false,"template":"","format":"standard","meta":{"_jetpack_memberships_contains_paid_content":false,"_joinchat":[],"footnotes":""},"categories":[34],"tags":[],"class_list":["post-6476","post","type-post","status-publish","format-standard","hentry","category-unkategorisiert","entry"],"yoast_head":"<!-- This site is optimized with the Yoast SEO plugin v27.5 - https:\/\/yoast.com\/product\/yoast-seo-wordpress\/ -->\n<title>Andalusien wird zur\u00fcckkehren, Malaga wird zur\u00fcckkehren [turismo en la era post Covid]<\/title>\n<meta name=\"description\" content=\"Volver\u00e1 Andaluc\u00eda ist die Art und Weise, wie wir unsere Zuneigung zu unserem Land mit Ihnen teilen, indem wir unsere Lieblingsorte besprechen.\" \/>\n<meta name=\"robots\" content=\"index, follow, max-snippet:-1, max-image-preview:large, max-video-preview:-1\" \/>\n<link rel=\"canonical\" href=\"https:\/\/electriccartour.com\/de\/andalusien-wird-zurueckkehren-malaga-wird-zurueckkehren\/\" \/>\n<meta property=\"og:locale\" content=\"de_DE\" \/>\n<meta property=\"og:type\" content=\"article\" \/>\n<meta property=\"og:title\" content=\"Andalusien wird zur\u00fcckkehren, Malaga wird zur\u00fcckkehren [turismo en la era post Covid]\" \/>\n<meta property=\"og:description\" content=\"Volver\u00e1 Andaluc\u00eda ist die Art und Weise, wie wir unsere Zuneigung zu unserem Land mit Ihnen teilen, indem wir unsere Lieblingsorte besprechen.\" \/>\n<meta property=\"og:url\" content=\"https:\/\/electriccartour.com\/de\/andalusien-wird-zurueckkehren-malaga-wird-zurueckkehren\/\" \/>\n<meta property=\"og:site_name\" content=\"Tours en Coche El\u00e9ctrico en M\u00e1laga \u267b\ufe0f | Electric Car Tour\" \/>\n<meta property=\"article:publisher\" content=\"https:\/\/www.facebook.com\/Tourenvechiculoselectricos\/\" \/>\n<meta property=\"article:author\" content=\"https:\/\/www.facebook.com\/Tourenvechiculoselectricos\/\" \/>\n<meta property=\"article:published_time\" content=\"2022-07-13T17:07:05+00:00\" \/>\n<meta property=\"article:modified_time\" content=\"2025-02-16T20:52:58+00:00\" \/>\n<meta property=\"og:image\" content=\"https:\/\/i0.wp.com\/electriccartour.com\/wp-content\/uploads\/2022\/05\/malaga-vistas-gibralfaro-scaled.webp?fit=2560%2C1699&ssl=1\" \/>\n\t<meta property=\"og:image:width\" content=\"2560\" \/>\n\t<meta property=\"og:image:height\" content=\"1699\" \/>\n\t<meta property=\"og:image:type\" content=\"image\/webp\" \/>\n<meta name=\"author\" content=\"electriccartour\" \/>\n<meta name=\"twitter:card\" content=\"summary_large_image\" \/>\n<meta name=\"twitter:creator\" content=\"@https:\/\/twitter.com\/electric_tour\" \/>\n<meta name=\"twitter:site\" content=\"@electric_tour\" \/>\n<meta name=\"twitter:label1\" content=\"Verfasst von\" \/>\n\t<meta name=\"twitter:data1\" content=\"electriccartour\" \/>\n\t<meta name=\"twitter:label2\" content=\"Gesch\u00e4tzte Lesezeit\" \/>\n\t<meta name=\"twitter:data2\" content=\"4\u00a0Minuten\" \/>\n<script type=\"application\/ld+json\" class=\"yoast-schema-graph\">{\"@context\":\"https:\\\/\\\/schema.org\",\"@graph\":[{\"@type\":\"Article\",\"@id\":\"https:\\\/\\\/electriccartour.com\\\/de\\\/andalusien-wird-zurueckkehren-malaga-wird-zurueckkehren\\\/#article\",\"isPartOf\":{\"@id\":\"https:\\\/\\\/electriccartour.com\\\/de\\\/andalusien-wird-zurueckkehren-malaga-wird-zurueckkehren\\\/\"},\"author\":{\"name\":\"electriccartour\",\"@id\":\"https:\\\/\\\/electriccartour.com\\\/de\\\/#\\\/schema\\\/person\\\/14020537da6216f7471b49e5e929cba1\"},\"headline\":\"Andalusien wird zur\u00fcckkehren, M\u00e1laga wird zur\u00fcckkehren.\",\"datePublished\":\"2022-07-13T17:07:05+00:00\",\"dateModified\":\"2025-02-16T20:52:58+00:00\",\"mainEntityOfPage\":{\"@id\":\"https:\\\/\\\/electriccartour.com\\\/de\\\/andalusien-wird-zurueckkehren-malaga-wird-zurueckkehren\\\/\"},\"wordCount\":906,\"publisher\":{\"@id\":\"https:\\\/\\\/electriccartour.com\\\/de\\\/#organization\"},\"image\":{\"@id\":\"https:\\\/\\\/electriccartour.com\\\/de\\\/andalusien-wird-zurueckkehren-malaga-wird-zurueckkehren\\\/#primaryimage\"},\"thumbnailUrl\":\"https:\\\/\\\/i0.wp.com\\\/electriccartour.com\\\/wp-content\\\/uploads\\\/2022\\\/05\\\/malaga-vistas-gibralfaro-scaled.webp?fit=300%2C199&amp;ssl=1\",\"articleSection\":[\"Unkategorisiert\"],\"inLanguage\":\"de\"},{\"@type\":\"WebPage\",\"@id\":\"https:\\\/\\\/electriccartour.com\\\/de\\\/andalusien-wird-zurueckkehren-malaga-wird-zurueckkehren\\\/\",\"url\":\"https:\\\/\\\/electriccartour.com\\\/de\\\/andalusien-wird-zurueckkehren-malaga-wird-zurueckkehren\\\/\",\"name\":\"Andalusien wird zur\u00fcckkehren, Malaga wird zur\u00fcckkehren [turismo en la era post Covid]\",\"isPartOf\":{\"@id\":\"https:\\\/\\\/electriccartour.com\\\/de\\\/#website\"},\"primaryImageOfPage\":{\"@id\":\"https:\\\/\\\/electriccartour.com\\\/de\\\/andalusien-wird-zurueckkehren-malaga-wird-zurueckkehren\\\/#primaryimage\"},\"image\":{\"@id\":\"https:\\\/\\\/electriccartour.com\\\/de\\\/andalusien-wird-zurueckkehren-malaga-wird-zurueckkehren\\\/#primaryimage\"},\"thumbnailUrl\":\"https:\\\/\\\/i0.wp.com\\\/electriccartour.com\\\/wp-content\\\/uploads\\\/2022\\\/05\\\/malaga-vistas-gibralfaro-scaled.webp?fit=300%2C199&amp;ssl=1\",\"datePublished\":\"2022-07-13T17:07:05+00:00\",\"dateModified\":\"2025-02-16T20:52:58+00:00\",\"description\":\"Volver\u00e1 Andaluc\u00eda ist die Art und Weise, wie wir unsere Zuneigung zu unserem Land mit Ihnen teilen, indem wir unsere Lieblingsorte besprechen.\",\"breadcrumb\":{\"@id\":\"https:\\\/\\\/electriccartour.com\\\/de\\\/andalusien-wird-zurueckkehren-malaga-wird-zurueckkehren\\\/#breadcrumb\"},\"inLanguage\":\"de\",\"potentialAction\":[{\"@type\":\"ReadAction\",\"target\":[\"https:\\\/\\\/electriccartour.com\\\/de\\\/andalusien-wird-zurueckkehren-malaga-wird-zurueckkehren\\\/\"]}]},{\"@type\":\"ImageObject\",\"inLanguage\":\"de\",\"@id\":\"https:\\\/\\\/electriccartour.com\\\/de\\\/andalusien-wird-zurueckkehren-malaga-wird-zurueckkehren\\\/#primaryimage\",\"url\":\"https:\\\/\\\/i0.wp.com\\\/electriccartour.com\\\/wp-content\\\/uploads\\\/2022\\\/05\\\/malaga-vistas-gibralfaro-scaled.webp?fit=300%2C199&amp;ssl=1\",\"contentUrl\":\"https:\\\/\\\/i0.wp.com\\\/electriccartour.com\\\/wp-content\\\/uploads\\\/2022\\\/05\\\/malaga-vistas-gibralfaro-scaled.webp?fit=300%2C199&amp;ssl=1\"},{\"@type\":\"BreadcrumbList\",\"@id\":\"https:\\\/\\\/electriccartour.com\\\/de\\\/andalusien-wird-zurueckkehren-malaga-wird-zurueckkehren\\\/#breadcrumb\",\"itemListElement\":[{\"@type\":\"ListItem\",\"position\":1,\"name\":\"Portada\",\"item\":\"https:\\\/\\\/electriccartour.com\\\/de\\\/\"},{\"@type\":\"ListItem\",\"position\":2,\"name\":\"Andalusien wird zur\u00fcckkehren, M\u00e1laga wird zur\u00fcckkehren.\"}]},{\"@type\":\"WebSite\",\"@id\":\"https:\\\/\\\/electriccartour.com\\\/de\\\/#website\",\"url\":\"https:\\\/\\\/electriccartour.com\\\/de\\\/\",\"name\":\"Tours en Coche El\u00e9ctrico en M\u00e1laga \u267b\ufe0f | Electric Car Tour\",\"description\":\"Descubre M\u00e1laga de forma sostenible con Electric Car Tour. Disfruta de tours guiados en coche el\u00e9ctrico y explora los principales atractivos tur\u00edsticos de la ciudad.\",\"publisher\":{\"@id\":\"https:\\\/\\\/electriccartour.com\\\/de\\\/#organization\"},\"alternateName\":\"Electric Car Tour - M\u00e1laga\",\"potentialAction\":[{\"@type\":\"SearchAction\",\"target\":{\"@type\":\"EntryPoint\",\"urlTemplate\":\"https:\\\/\\\/electriccartour.com\\\/de\\\/?s={search_term_string}\"},\"query-input\":{\"@type\":\"PropertyValueSpecification\",\"valueRequired\":true,\"valueName\":\"search_term_string\"}}],\"inLanguage\":\"de\"},{\"@type\":\"Organization\",\"@id\":\"https:\\\/\\\/electriccartour.com\\\/de\\\/#organization\",\"name\":\"Electric Car Tour\",\"alternateName\":\"electriccartour\",\"url\":\"https:\\\/\\\/electriccartour.com\\\/de\\\/\",\"logo\":{\"@type\":\"ImageObject\",\"inLanguage\":\"de\",\"@id\":\"https:\\\/\\\/electriccartour.com\\\/de\\\/#\\\/schema\\\/logo\\\/image\\\/\",\"url\":\"https:\\\/\\\/i0.wp.com\\\/electriccartour.com\\\/wp-content\\\/uploads\\\/2021\\\/12\\\/181002_ECT_Logo5389f3-1920w.png?fit=1920%2C462&ssl=1\",\"contentUrl\":\"https:\\\/\\\/i0.wp.com\\\/electriccartour.com\\\/wp-content\\\/uploads\\\/2021\\\/12\\\/181002_ECT_Logo5389f3-1920w.png?fit=1920%2C462&ssl=1\",\"width\":1920,\"height\":462,\"caption\":\"Electric Car Tour\"},\"image\":{\"@id\":\"https:\\\/\\\/electriccartour.com\\\/de\\\/#\\\/schema\\\/logo\\\/image\\\/\"},\"sameAs\":[\"https:\\\/\\\/www.facebook.com\\\/Tourenvechiculoselectricos\\\/\",\"https:\\\/\\\/x.com\\\/electric_tour\",\"https:\\\/\\\/www.youtube.com\\\/channel\\\/UClzjmLNm6Auwdnix5FwnxXw\",\"https:\\\/\\\/www.instagram.com\\\/electriccartour\\\/\",\"https:\\\/\\\/tripadvisor.com\\\/Attraction_Review-g187438-d15198737-Reviews-Electric_Car_Tour-Malaga_Costa_del_Sol_Province_of_Malaga_Andalucia.html\"]},{\"@type\":\"Person\",\"@id\":\"https:\\\/\\\/electriccartour.com\\\/de\\\/#\\\/schema\\\/person\\\/14020537da6216f7471b49e5e929cba1\",\"name\":\"electriccartour\",\"image\":{\"@type\":\"ImageObject\",\"inLanguage\":\"de\",\"@id\":\"https:\\\/\\\/secure.gravatar.com\\\/avatar\\\/fe8515b4ef6ae0fb0465b6ace38c4969d9b25f2d9a0c49eee2553face0582368?s=96&d=mm&r=g\",\"url\":\"https:\\\/\\\/secure.gravatar.com\\\/avatar\\\/fe8515b4ef6ae0fb0465b6ace38c4969d9b25f2d9a0c49eee2553face0582368?s=96&d=mm&r=g\",\"contentUrl\":\"https:\\\/\\\/secure.gravatar.com\\\/avatar\\\/fe8515b4ef6ae0fb0465b6ace38c4969d9b25f2d9a0c49eee2553face0582368?s=96&d=mm&r=g\",\"caption\":\"electriccartour\"},\"sameAs\":[\"http:\\\/\\\/electriccartour.com\",\"https:\\\/\\\/www.facebook.com\\\/Tourenvechiculoselectricos\\\/\",\"https:\\\/\\\/www.instagram.com\\\/electriccartour\\\/\",\"https:\\\/\\\/www.linkedin.com\\\/in\\\/gema-martnez-aa8ab2183\",\"https:\\\/\\\/x.com\\\/https:\\\/\\\/twitter.com\\\/electric_tour\",\"https:\\\/\\\/www.youtube.com\\\/channel\\\/UClzjmLNm6Auwdnix5FwnxXw\"],\"url\":\"https:\\\/\\\/electriccartour.com\\\/de\\\/author\\\/electriccartour\\\/\"}]}<\/script>\n<!-- \/ Yoast SEO plugin. -->","yoast_head_json":{"title":"Andalusien wird zur\u00fcckkehren, Malaga wird zur\u00fcckkehren [turismo en la era post Covid]","description":"Volver\u00e1 Andaluc\u00eda ist die Art und Weise, wie wir unsere Zuneigung zu unserem Land mit Ihnen teilen, indem wir unsere Lieblingsorte besprechen.","robots":{"index":"index","follow":"follow","max-snippet":"max-snippet:-1","max-image-preview":"max-image-preview:large","max-video-preview":"max-video-preview:-1"},"canonical":"https:\/\/electriccartour.com\/de\/andalusien-wird-zurueckkehren-malaga-wird-zurueckkehren\/","og_locale":"de_DE","og_type":"article","og_title":"Andalusien wird zur\u00fcckkehren, Malaga wird zur\u00fcckkehren [turismo en la era post Covid]","og_description":"Volver\u00e1 Andaluc\u00eda ist die Art und Weise, wie wir unsere Zuneigung zu unserem Land mit Ihnen teilen, indem wir unsere Lieblingsorte besprechen.","og_url":"https:\/\/electriccartour.com\/de\/andalusien-wird-zurueckkehren-malaga-wird-zurueckkehren\/","og_site_name":"Tours en Coche El\u00e9ctrico en M\u00e1laga \u267b\ufe0f | Electric Car Tour","article_publisher":"https:\/\/www.facebook.com\/Tourenvechiculoselectricos\/","article_author":"https:\/\/www.facebook.com\/Tourenvechiculoselectricos\/","article_published_time":"2022-07-13T17:07:05+00:00","article_modified_time":"2025-02-16T20:52:58+00:00","og_image":[{"width":2560,"height":1699,"url":"https:\/\/i0.wp.com\/electriccartour.com\/wp-content\/uploads\/2022\/05\/malaga-vistas-gibralfaro-scaled.webp?fit=2560%2C1699&ssl=1","type":"image\/webp"}],"author":"electriccartour","twitter_card":"summary_large_image","twitter_creator":"@https:\/\/twitter.com\/electric_tour","twitter_site":"@electric_tour","twitter_misc":{"Verfasst von":"electriccartour","Gesch\u00e4tzte Lesezeit":"4\u00a0Minuten"},"schema":{"@context":"https:\/\/schema.org","@graph":[{"@type":"Article","@id":"https:\/\/electriccartour.com\/de\/andalusien-wird-zurueckkehren-malaga-wird-zurueckkehren\/#article","isPartOf":{"@id":"https:\/\/electriccartour.com\/de\/andalusien-wird-zurueckkehren-malaga-wird-zurueckkehren\/"},"author":{"name":"electriccartour","@id":"https:\/\/electriccartour.com\/de\/#\/schema\/person\/14020537da6216f7471b49e5e929cba1"},"headline":"Andalusien wird zur\u00fcckkehren, M\u00e1laga wird zur\u00fcckkehren.","datePublished":"2022-07-13T17:07:05+00:00","dateModified":"2025-02-16T20:52:58+00:00","mainEntityOfPage":{"@id":"https:\/\/electriccartour.com\/de\/andalusien-wird-zurueckkehren-malaga-wird-zurueckkehren\/"},"wordCount":906,"publisher":{"@id":"https:\/\/electriccartour.com\/de\/#organization"},"image":{"@id":"https:\/\/electriccartour.com\/de\/andalusien-wird-zurueckkehren-malaga-wird-zurueckkehren\/#primaryimage"},"thumbnailUrl":"https:\/\/i0.wp.com\/electriccartour.com\/wp-content\/uploads\/2022\/05\/malaga-vistas-gibralfaro-scaled.webp?fit=300%2C199&amp;ssl=1","articleSection":["Unkategorisiert"],"inLanguage":"de"},{"@type":"WebPage","@id":"https:\/\/electriccartour.com\/de\/andalusien-wird-zurueckkehren-malaga-wird-zurueckkehren\/","url":"https:\/\/electriccartour.com\/de\/andalusien-wird-zurueckkehren-malaga-wird-zurueckkehren\/","name":"Andalusien wird zur\u00fcckkehren, Malaga wird zur\u00fcckkehren [turismo en la era post Covid]","isPartOf":{"@id":"https:\/\/electriccartour.com\/de\/#website"},"primaryImageOfPage":{"@id":"https:\/\/electriccartour.com\/de\/andalusien-wird-zurueckkehren-malaga-wird-zurueckkehren\/#primaryimage"},"image":{"@id":"https:\/\/electriccartour.com\/de\/andalusien-wird-zurueckkehren-malaga-wird-zurueckkehren\/#primaryimage"},"thumbnailUrl":"https:\/\/i0.wp.com\/electriccartour.com\/wp-content\/uploads\/2022\/05\/malaga-vistas-gibralfaro-scaled.webp?fit=300%2C199&amp;ssl=1","datePublished":"2022-07-13T17:07:05+00:00","dateModified":"2025-02-16T20:52:58+00:00","description":"Volver\u00e1 Andaluc\u00eda ist die Art und Weise, wie wir unsere Zuneigung zu unserem Land mit Ihnen teilen, indem wir unsere Lieblingsorte besprechen.","breadcrumb":{"@id":"https:\/\/electriccartour.com\/de\/andalusien-wird-zurueckkehren-malaga-wird-zurueckkehren\/#breadcrumb"},"inLanguage":"de","potentialAction":[{"@type":"ReadAction","target":["https:\/\/electriccartour.com\/de\/andalusien-wird-zurueckkehren-malaga-wird-zurueckkehren\/"]}]},{"@type":"ImageObject","inLanguage":"de","@id":"https:\/\/electriccartour.com\/de\/andalusien-wird-zurueckkehren-malaga-wird-zurueckkehren\/#primaryimage","url":"https:\/\/i0.wp.com\/electriccartour.com\/wp-content\/uploads\/2022\/05\/malaga-vistas-gibralfaro-scaled.webp?fit=300%2C199&amp;ssl=1","contentUrl":"https:\/\/i0.wp.com\/electriccartour.com\/wp-content\/uploads\/2022\/05\/malaga-vistas-gibralfaro-scaled.webp?fit=300%2C199&amp;ssl=1"},{"@type":"BreadcrumbList","@id":"https:\/\/electriccartour.com\/de\/andalusien-wird-zurueckkehren-malaga-wird-zurueckkehren\/#breadcrumb","itemListElement":[{"@type":"ListItem","position":1,"name":"Portada","item":"https:\/\/electriccartour.com\/de\/"},{"@type":"ListItem","position":2,"name":"Andalusien wird zur\u00fcckkehren, M\u00e1laga wird zur\u00fcckkehren."}]},{"@type":"WebSite","@id":"https:\/\/electriccartour.com\/de\/#website","url":"https:\/\/electriccartour.com\/de\/","name":"Tours en Coche El\u00e9ctrico en M\u00e1laga \u267b\ufe0f | Electric Car Tour","description":"Descubre M\u00e1laga de forma sostenible con Electric Car Tour. Disfruta de tours guiados en coche el\u00e9ctrico y explora los principales atractivos tur\u00edsticos de la ciudad.","publisher":{"@id":"https:\/\/electriccartour.com\/de\/#organization"},"alternateName":"Electric Car Tour - M\u00e1laga","potentialAction":[{"@type":"SearchAction","target":{"@type":"EntryPoint","urlTemplate":"https:\/\/electriccartour.com\/de\/?s={search_term_string}"},"query-input":{"@type":"PropertyValueSpecification","valueRequired":true,"valueName":"search_term_string"}}],"inLanguage":"de"},{"@type":"Organization","@id":"https:\/\/electriccartour.com\/de\/#organization","name":"Electric Car Tour","alternateName":"electriccartour","url":"https:\/\/electriccartour.com\/de\/","logo":{"@type":"ImageObject","inLanguage":"de","@id":"https:\/\/electriccartour.com\/de\/#\/schema\/logo\/image\/","url":"https:\/\/i0.wp.com\/electriccartour.com\/wp-content\/uploads\/2021\/12\/181002_ECT_Logo5389f3-1920w.png?fit=1920%2C462&ssl=1","contentUrl":"https:\/\/i0.wp.com\/electriccartour.com\/wp-content\/uploads\/2021\/12\/181002_ECT_Logo5389f3-1920w.png?fit=1920%2C462&ssl=1","width":1920,"height":462,"caption":"Electric Car Tour"},"image":{"@id":"https:\/\/electriccartour.com\/de\/#\/schema\/logo\/image\/"},"sameAs":["https:\/\/www.facebook.com\/Tourenvechiculoselectricos\/","https:\/\/x.com\/electric_tour","https:\/\/www.youtube.com\/channel\/UClzjmLNm6Auwdnix5FwnxXw","https:\/\/www.instagram.com\/electriccartour\/","https:\/\/tripadvisor.com\/Attraction_Review-g187438-d15198737-Reviews-Electric_Car_Tour-Malaga_Costa_del_Sol_Province_of_Malaga_Andalucia.html"]},{"@type":"Person","@id":"https:\/\/electriccartour.com\/de\/#\/schema\/person\/14020537da6216f7471b49e5e929cba1","name":"electriccartour","image":{"@type":"ImageObject","inLanguage":"de","@id":"https:\/\/secure.gravatar.com\/avatar\/fe8515b4ef6ae0fb0465b6ace38c4969d9b25f2d9a0c49eee2553face0582368?s=96&d=mm&r=g","url":"https:\/\/secure.gravatar.com\/avatar\/fe8515b4ef6ae0fb0465b6ace38c4969d9b25f2d9a0c49eee2553face0582368?s=96&d=mm&r=g","contentUrl":"https:\/\/secure.gravatar.com\/avatar\/fe8515b4ef6ae0fb0465b6ace38c4969d9b25f2d9a0c49eee2553face0582368?s=96&d=mm&r=g","caption":"electriccartour"},"sameAs":["http:\/\/electriccartour.com","https:\/\/www.facebook.com\/Tourenvechiculoselectricos\/","https:\/\/www.instagram.com\/electriccartour\/","https:\/\/www.linkedin.com\/in\/gema-martnez-aa8ab2183","https:\/\/x.com\/https:\/\/twitter.com\/electric_tour","https:\/\/www.youtube.com\/channel\/UClzjmLNm6Auwdnix5FwnxXw"],"url":"https:\/\/electriccartour.com\/de\/author\/electriccartour\/"}]}},"jetpack_featured_media_url":"","jetpack_sharing_enabled":true,"_links":{"self":[{"href":"https:\/\/electriccartour.com\/de\/wp-json\/wp\/v2\/posts\/6476","targetHints":{"allow":["GET"]}}],"collection":[{"href":"https:\/\/electriccartour.com\/de\/wp-json\/wp\/v2\/posts"}],"about":[{"href":"https:\/\/electriccartour.com\/de\/wp-json\/wp\/v2\/types\/post"}],"author":[{"embeddable":true,"href":"https:\/\/electriccartour.com\/de\/wp-json\/wp\/v2\/users\/1"}],"replies":[{"embeddable":true,"href":"https:\/\/electriccartour.com\/de\/wp-json\/wp\/v2\/comments?post=6476"}],"version-history":[{"count":0,"href":"https:\/\/electriccartour.com\/de\/wp-json\/wp\/v2\/posts\/6476\/revisions"}],"wp:attachment":[{"href":"https:\/\/electriccartour.com\/de\/wp-json\/wp\/v2\/media?parent=6476"}],"wp:term":[{"taxonomy":"category","embeddable":true,"href":"https:\/\/electriccartour.com\/de\/wp-json\/wp\/v2\/categories?post=6476"},{"taxonomy":"post_tag","embeddable":true,"href":"https:\/\/electriccartour.com\/de\/wp-json\/wp\/v2\/tags?post=6476"}],"curies":[{"name":"wp","href":"https:\/\/api.w.org\/{rel}","templated":true}]}}