{"id":6782,"date":"2023-02-08T19:26:47","date_gmt":"2023-02-08T18:26:47","guid":{"rendered":"https:\/\/electriccartour.com\/ht2023\/"},"modified":"2025-02-16T21:43:55","modified_gmt":"2025-02-16T20:43:55","slug":"ht2023","status":"publish","type":"post","link":"https:\/\/electriccartour.com\/de\/ht2023\/","title":{"rendered":"H&amp;T2023"},"content":{"rendered":"\t\t<div data-elementor-type=\"wp-post\" data-elementor-id=\"6782\" class=\"elementor elementor-6782 elementor-6762\" data-elementor-post-type=\"post\">\n\t\t\t\t\t\t<section class=\"elementor-section elementor-top-section elementor-element elementor-element-e59517a elementor-section-boxed elementor-section-height-default elementor-section-height-default\" data-id=\"e59517a\" data-element_type=\"section\" data-e-type=\"section\">\n\t\t\t\t\t\t<div class=\"elementor-container elementor-column-gap-default\">\n\t\t\t\t\t<div class=\"elementor-column elementor-col-100 elementor-top-column elementor-element elementor-element-51aeb9d\" data-id=\"51aeb9d\" data-element_type=\"column\" data-e-type=\"column\">\n\t\t\t<div class=\"elementor-widget-wrap elementor-element-populated\">\n\t\t\t\t\t\t<div class=\"elementor-element elementor-element-84d36a0 elementor-widget elementor-widget-heading\" data-id=\"84d36a0\" data-element_type=\"widget\" data-e-type=\"widget\" data-widget_type=\"heading.default\">\n\t\t\t\t<div class=\"elementor-widget-container\">\n\t\t\t\t\t<h1 class=\"elementor-heading-title elementor-size-default\">Messe f\u00fcr Hotellerie und Tourismus 2023. <\/h1>\t\t\t\t<\/div>\n\t\t\t\t<\/div>\n\t\t\t\t<div class=\"elementor-element elementor-element-d56464c elementor-widget elementor-widget-text-editor\" data-id=\"d56464c\" data-element_type=\"widget\" data-e-type=\"widget\" data-widget_type=\"text-editor.default\">\n\t\t\t\t<div class=\"elementor-widget-container\">\n\t\t\t\t\t\t\t\t\t<p>Die Messe f\u00fcr Hotellerie und Tourismus in M\u00e1laga ist eine wichtige j\u00e4hrliche Ausstellung in der Stadt M\u00e1laga, die sich auf die Hotellerie und den Tourismus konzentriert. Es wird erwartet, dass die Messe Fachleute und Unternehmen aus dem Hotel- und Tourismussektor sowie Lieferanten von Produkten und damit verbundenen Dienstleistungen anzieht. Die Messe bietet den Ausstellern eine einzigartige Gelegenheit, ihre Produkte und Dienstleistungen zu pr\u00e4sentieren, Networking zu betreiben und wertvolle Gesch\u00e4ftsbeziehungen aufzubauen. Dar\u00fcber hinaus gibt es eine Vielzahl von Konferenzen und Workshops zu branchenrelevanten Themen, die es den Teilnehmern erm\u00f6glichen, \u00fcber aktuelle Trends und Entwicklungen zu lernen und auf dem Laufenden zu bleiben. sehen: <a href=\"https:\/\/hyt.fycma.com\/\">( H&amp;T2023 )<\/a><\/p>\n\t\t\t\t\t\t\t\t<\/div>\n\t\t\t\t<\/div>\n\t\t\t\t<div class=\"elementor-element elementor-element-42bc869 elementor-widget elementor-widget-image\" data-id=\"42bc869\" data-element_type=\"widget\" data-e-type=\"widget\" data-widget_type=\"image.default\">\n\t\t\t\t<div class=\"elementor-widget-container\">\n\t\t\t\t\t\t\t\t\t\t\t\t\t\t\t<img fetchpriority=\"high\" decoding=\"async\" width=\"300\" height=\"199\" src=\"https:\/\/i0.wp.com\/electriccartour.com\/wp-content\/uploads\/2023\/02\/HyT23-Malaga.jpg?fit=300%2C199&amp;ssl=1\" class=\"attachment-medium size-medium wp-image-6770\" alt=\"Feria de hosteler\u00eda y Turismo 2023\" srcset=\"https:\/\/i0.wp.com\/electriccartour.com\/wp-content\/uploads\/2023\/02\/HyT23-Malaga.jpg?w=720&amp;ssl=1 720w, https:\/\/i0.wp.com\/electriccartour.com\/wp-content\/uploads\/2023\/02\/HyT23-Malaga.jpg?resize=300%2C199&amp;ssl=1 300w, https:\/\/i0.wp.com\/electriccartour.com\/wp-content\/uploads\/2023\/02\/HyT23-Malaga.jpg?resize=450%2C299&amp;ssl=1 450w\" sizes=\"(max-width: 34.9rem) calc(100vw - 2rem), (max-width: 53rem) calc(8 * (100vw \/ 12)), (min-width: 53rem) calc(6 * (100vw \/ 12)), 100vw\" \/>\t\t\t\t\t\t\t\t\t\t\t\t\t\t\t<\/div>\n\t\t\t\t<\/div>\n\t\t\t\t<div class=\"elementor-element elementor-element-80d45c9 elementor-widget elementor-widget-text-editor\" data-id=\"80d45c9\" data-element_type=\"widget\" data-e-type=\"widget\" data-widget_type=\"text-editor.default\">\n\t\t\t\t<div class=\"elementor-widget-container\">\n\t\t\t\t\t\t\t\t\t<p>Electric Car Tour und sein Team nehmen an dieser Ausgabe dank der Zusammenarbeit von Turismo Costa del Sol &#8220; Tourism Hub &#8220; an ihrem Stand im Kongress- und Messepalast von M\u00e1laga teil und pr\u00e4sentieren ihre neuen Touren f\u00fcr die Saison 2023.<\/p>\n<p>Nach drei intensiven Tagen der Treffen und Vorf\u00fchrungen unserer Fahrzeuge und unserer App Tour M\u00e1laga k\u00f6nnen wir stolz auf die Kontakte und Vereinbarungen sein, die bei dieser Veranstaltung gemacht wurden, die in unserer Provinz so viel Wirkung hat. <\/p>\n<p>Wir danken Turismo Costa del Sol und Tourism Hub f\u00fcr ihre Zusammenarbeit mit uns. <\/p>\n<p>F\u00fcr die n\u00e4chste Ausgabe werden wir nicht fehlen, um die Neuheiten der Saison zu pr\u00e4sentieren. <\/p>\n<p>sehen:<\/p>\n<p><a href=\"https:\/\/www.costadelsolmalaga.org\/\">Turismo Costa del Sol <\/a><\/p>\n<p><a href=\"https:\/\/www.costadelsolmalaga.org\/5299\/com1_md-3\/com1_md3_cd-47267\/francisco-salado-destaca-en-el-salon-h-t-el-peso-de-la-hosteleria-en-el-impacto-economico-del-turismo-en-la-costa-del-sol&amp;fot=1\">Noticias Turismo Costa del Sol<\/a><\/p>\n\t\t\t\t\t\t\t\t<\/div>\n\t\t\t\t<\/div>\n\t\t\t\t<div class=\"elementor-element elementor-element-65387eb elementor-widget elementor-widget-video\" data-id=\"65387eb\" data-element_type=\"widget\" data-e-type=\"widget\" data-settings=\"{&quot;youtube_url&quot;:&quot;https:\\\/\\\/youtu.be\\\/84Z8_fJRqJs&quot;,&quot;video_type&quot;:&quot;youtube&quot;,&quot;controls&quot;:&quot;yes&quot;}\" data-widget_type=\"video.default\">\n\t\t\t\t<div class=\"elementor-widget-container\">\n\t\t\t\t\t\t\t<div class=\"elementor-wrapper elementor-open-inline\">\n\t\t\t<div class=\"elementor-video\"><\/div>\t\t<\/div>\n\t\t\t\t\t\t<\/div>\n\t\t\t\t<\/div>\n\t\t\t\t\t<\/div>\n\t\t<\/div>\n\t\t\t\t\t<\/div>\n\t\t<\/section>\n\t\t\t\t<section class=\"elementor-section elementor-top-section elementor-element elementor-element-38a5e77 elementor-section-boxed elementor-section-height-default elementor-section-height-default\" data-id=\"38a5e77\" data-element_type=\"section\" data-e-type=\"section\">\n\t\t\t\t\t\t<div class=\"elementor-container elementor-column-gap-default\">\n\t\t\t\t\t<div class=\"elementor-column elementor-col-100 elementor-top-column elementor-element elementor-element-54a1315\" data-id=\"54a1315\" data-element_type=\"column\" data-e-type=\"column\">\n\t\t\t<div class=\"elementor-widget-wrap elementor-element-populated\">\n\t\t\t\t\t\t<div class=\"elementor-element elementor-element-1d43cd9 elementor-align-center elementor-widget elementor-widget-button\" data-id=\"1d43cd9\" data-element_type=\"widget\" data-e-type=\"widget\" data-widget_type=\"button.default\">\n\t\t\t\t<div class=\"elementor-widget-container\">\n\t\t\t\t\t\t\t\t\t<div class=\"elementor-button-wrapper\">\n\t\t\t\t\t<a class=\"elementor-button elementor-button-link elementor-size-sm\" href=\"https:\/\/electriccartour.com\/de\/alle-touren\/\">\n\t\t\t\t\t\t<span class=\"elementor-button-content-wrapper\">\n\t\t\t\t\t\t\t\t\t<span class=\"elementor-button-text\">Entdecken Sie hier unsere Touren durch M\u00e1laga im Elektroauto<\/span>\n\t\t\t\t\t<\/span>\n\t\t\t\t\t<\/a>\n\t\t\t\t<\/div>\n\t\t\t\t\t\t\t\t<\/div>\n\t\t\t\t<\/div>\n\t\t\t\t\t<\/div>\n\t\t<\/div>\n\t\t\t\t\t<\/div>\n\t\t<\/section>\n\t\t\t\t<\/div>\n\t\t","protected":false},"excerpt":{"rendered":"<p>Messe f\u00fcr Hotellerie und Tourismus 2023. Die Messe f\u00fcr Hotellerie und Tourismus in M\u00e1laga ist eine wichtige j\u00e4hrliche Ausstellung in der Stadt M\u00e1laga, die sich auf die Hotellerie und den Tourismus konzentriert. Es wird erwartet, dass die Messe Fachleute und Unternehmen aus dem Hotel- und Tourismussektor sowie Lieferanten von Produkten und damit verbundenen Dienstleistungen anzieht. &hellip; <\/p>\n<p class=\"link-more\"><a href=\"https:\/\/electriccartour.com\/de\/ht2023\/\" class=\"more-link\"><span class=\"screen-reader-text\">\u201eH&amp;T2023\u201c <\/span>weiterlesen<\/a><\/p>\n","protected":false},"author":1,"featured_media":6766,"comment_status":"closed","ping_status":"closed","sticky":false,"template":"","format":"standard","meta":{"_jetpack_memberships_contains_paid_content":false,"_joinchat":[],"footnotes":""},"categories":[34],"tags":[],"class_list":["post-6782","post","type-post","status-publish","format-standard","has-post-thumbnail","hentry","category-unkategorisiert","entry"],"yoast_head":"<!-- This site is optimized with the Yoast SEO plugin v27.5 - https:\/\/yoast.com\/product\/yoast-seo-wordpress\/ -->\n<title>H&amp;T 2023: unsere Erfahrungen als Aussteller<\/title>\n<meta name=\"description\" content=\"Wir berichten Ihnen \u00fcber unsere Erfahrungen als Aussteller auf der H&amp;T 2023, der Messe f\u00fcr Gastgewerbe und Tourismus in Malaga.\" \/>\n<meta name=\"robots\" content=\"index, follow, max-snippet:-1, max-image-preview:large, max-video-preview:-1\" \/>\n<link rel=\"canonical\" href=\"https:\/\/electriccartour.com\/de\/ht2023\/\" \/>\n<meta property=\"og:locale\" content=\"de_DE\" \/>\n<meta property=\"og:type\" content=\"article\" \/>\n<meta property=\"og:title\" content=\"H&amp;T 2023: unsere Erfahrungen als Aussteller\" \/>\n<meta property=\"og:description\" content=\"Wir berichten Ihnen \u00fcber unsere Erfahrungen als Aussteller auf der H&amp;T 2023, der Messe f\u00fcr Gastgewerbe und Tourismus in Malaga.\" \/>\n<meta property=\"og:url\" content=\"https:\/\/electriccartour.com\/de\/ht2023\/\" \/>\n<meta property=\"og:site_name\" content=\"Tours en Coche El\u00e9ctrico en M\u00e1laga \u267b\ufe0f | Electric Car Tour\" \/>\n<meta property=\"article:publisher\" content=\"https:\/\/www.facebook.com\/Tourenvechiculoselectricos\/\" \/>\n<meta property=\"article:author\" content=\"https:\/\/www.facebook.com\/Tourenvechiculoselectricos\/\" \/>\n<meta property=\"article:published_time\" content=\"2023-02-08T18:26:47+00:00\" \/>\n<meta property=\"article:modified_time\" content=\"2025-02-16T20:43:55+00:00\" \/>\n<meta property=\"og:image\" content=\"https:\/\/i0.wp.com\/electriccartour.com\/wp-content\/uploads\/2023\/02\/ht.jpg?fit=1080%2C1920&ssl=1\" \/>\n\t<meta property=\"og:image:width\" content=\"1080\" \/>\n\t<meta property=\"og:image:height\" content=\"1920\" \/>\n\t<meta property=\"og:image:type\" content=\"image\/jpeg\" \/>\n<meta name=\"author\" content=\"electriccartour\" \/>\n<meta name=\"twitter:card\" content=\"summary_large_image\" \/>\n<meta name=\"twitter:creator\" content=\"@https:\/\/twitter.com\/electric_tour\" \/>\n<meta name=\"twitter:site\" content=\"@electric_tour\" \/>\n<meta name=\"twitter:label1\" content=\"Verfasst von\" \/>\n\t<meta name=\"twitter:data1\" content=\"electriccartour\" \/>\n\t<meta name=\"twitter:label2\" content=\"Gesch\u00e4tzte Lesezeit\" \/>\n\t<meta name=\"twitter:data2\" content=\"1\u00a0Minute\" \/>\n<script type=\"application\/ld+json\" class=\"yoast-schema-graph\">{\"@context\":\"https:\\\/\\\/schema.org\",\"@graph\":[{\"@type\":\"Article\",\"@id\":\"https:\\\/\\\/electriccartour.com\\\/de\\\/ht2023\\\/#article\",\"isPartOf\":{\"@id\":\"https:\\\/\\\/electriccartour.com\\\/de\\\/ht2023\\\/\"},\"author\":{\"name\":\"electriccartour\",\"@id\":\"https:\\\/\\\/electriccartour.com\\\/de\\\/#\\\/schema\\\/person\\\/14020537da6216f7471b49e5e929cba1\"},\"headline\":\"H&amp;T2023\",\"datePublished\":\"2023-02-08T18:26:47+00:00\",\"dateModified\":\"2025-02-16T20:43:55+00:00\",\"mainEntityOfPage\":{\"@id\":\"https:\\\/\\\/electriccartour.com\\\/de\\\/ht2023\\\/\"},\"wordCount\":262,\"publisher\":{\"@id\":\"https:\\\/\\\/electriccartour.com\\\/de\\\/#organization\"},\"image\":{\"@id\":\"https:\\\/\\\/electriccartour.com\\\/de\\\/ht2023\\\/#primaryimage\"},\"thumbnailUrl\":\"https:\\\/\\\/i0.wp.com\\\/electriccartour.com\\\/wp-content\\\/uploads\\\/2023\\\/02\\\/ht.jpg?fit=1080%2C1920&ssl=1\",\"articleSection\":[\"Unkategorisiert\"],\"inLanguage\":\"de\"},{\"@type\":\"WebPage\",\"@id\":\"https:\\\/\\\/electriccartour.com\\\/de\\\/ht2023\\\/\",\"url\":\"https:\\\/\\\/electriccartour.com\\\/de\\\/ht2023\\\/\",\"name\":\"H&T 2023: unsere Erfahrungen als Aussteller\",\"isPartOf\":{\"@id\":\"https:\\\/\\\/electriccartour.com\\\/de\\\/#website\"},\"primaryImageOfPage\":{\"@id\":\"https:\\\/\\\/electriccartour.com\\\/de\\\/ht2023\\\/#primaryimage\"},\"image\":{\"@id\":\"https:\\\/\\\/electriccartour.com\\\/de\\\/ht2023\\\/#primaryimage\"},\"thumbnailUrl\":\"https:\\\/\\\/i0.wp.com\\\/electriccartour.com\\\/wp-content\\\/uploads\\\/2023\\\/02\\\/ht.jpg?fit=1080%2C1920&ssl=1\",\"datePublished\":\"2023-02-08T18:26:47+00:00\",\"dateModified\":\"2025-02-16T20:43:55+00:00\",\"description\":\"Wir berichten Ihnen \u00fcber unsere Erfahrungen als Aussteller auf der H&T 2023, der Messe f\u00fcr Gastgewerbe und Tourismus in Malaga.\",\"breadcrumb\":{\"@id\":\"https:\\\/\\\/electriccartour.com\\\/de\\\/ht2023\\\/#breadcrumb\"},\"inLanguage\":\"de\",\"potentialAction\":[{\"@type\":\"ReadAction\",\"target\":[\"https:\\\/\\\/electriccartour.com\\\/de\\\/ht2023\\\/\"]}]},{\"@type\":\"ImageObject\",\"inLanguage\":\"de\",\"@id\":\"https:\\\/\\\/electriccartour.com\\\/de\\\/ht2023\\\/#primaryimage\",\"url\":\"https:\\\/\\\/i0.wp.com\\\/electriccartour.com\\\/wp-content\\\/uploads\\\/2023\\\/02\\\/ht.jpg?fit=1080%2C1920&ssl=1\",\"contentUrl\":\"https:\\\/\\\/i0.wp.com\\\/electriccartour.com\\\/wp-content\\\/uploads\\\/2023\\\/02\\\/ht.jpg?fit=1080%2C1920&ssl=1\",\"width\":1080,\"height\":1920,\"caption\":\"Electric Car Tour en H&T2023\"},{\"@type\":\"BreadcrumbList\",\"@id\":\"https:\\\/\\\/electriccartour.com\\\/de\\\/ht2023\\\/#breadcrumb\",\"itemListElement\":[{\"@type\":\"ListItem\",\"position\":1,\"name\":\"Portada\",\"item\":\"https:\\\/\\\/electriccartour.com\\\/de\\\/\"},{\"@type\":\"ListItem\",\"position\":2,\"name\":\"H&amp;T2023\"}]},{\"@type\":\"WebSite\",\"@id\":\"https:\\\/\\\/electriccartour.com\\\/de\\\/#website\",\"url\":\"https:\\\/\\\/electriccartour.com\\\/de\\\/\",\"name\":\"Tours en Coche El\u00e9ctrico en M\u00e1laga \u267b\ufe0f | Electric Car Tour\",\"description\":\"Descubre M\u00e1laga de forma sostenible con Electric Car Tour. Disfruta de tours guiados en coche el\u00e9ctrico y explora los principales atractivos tur\u00edsticos de la ciudad.\",\"publisher\":{\"@id\":\"https:\\\/\\\/electriccartour.com\\\/de\\\/#organization\"},\"alternateName\":\"Electric Car Tour - M\u00e1laga\",\"potentialAction\":[{\"@type\":\"SearchAction\",\"target\":{\"@type\":\"EntryPoint\",\"urlTemplate\":\"https:\\\/\\\/electriccartour.com\\\/de\\\/?s={search_term_string}\"},\"query-input\":{\"@type\":\"PropertyValueSpecification\",\"valueRequired\":true,\"valueName\":\"search_term_string\"}}],\"inLanguage\":\"de\"},{\"@type\":\"Organization\",\"@id\":\"https:\\\/\\\/electriccartour.com\\\/de\\\/#organization\",\"name\":\"Electric Car Tour\",\"alternateName\":\"electriccartour\",\"url\":\"https:\\\/\\\/electriccartour.com\\\/de\\\/\",\"logo\":{\"@type\":\"ImageObject\",\"inLanguage\":\"de\",\"@id\":\"https:\\\/\\\/electriccartour.com\\\/de\\\/#\\\/schema\\\/logo\\\/image\\\/\",\"url\":\"https:\\\/\\\/i0.wp.com\\\/electriccartour.com\\\/wp-content\\\/uploads\\\/2021\\\/12\\\/181002_ECT_Logo5389f3-1920w.png?fit=1920%2C462&ssl=1\",\"contentUrl\":\"https:\\\/\\\/i0.wp.com\\\/electriccartour.com\\\/wp-content\\\/uploads\\\/2021\\\/12\\\/181002_ECT_Logo5389f3-1920w.png?fit=1920%2C462&ssl=1\",\"width\":1920,\"height\":462,\"caption\":\"Electric Car Tour\"},\"image\":{\"@id\":\"https:\\\/\\\/electriccartour.com\\\/de\\\/#\\\/schema\\\/logo\\\/image\\\/\"},\"sameAs\":[\"https:\\\/\\\/www.facebook.com\\\/Tourenvechiculoselectricos\\\/\",\"https:\\\/\\\/x.com\\\/electric_tour\",\"https:\\\/\\\/www.youtube.com\\\/channel\\\/UClzjmLNm6Auwdnix5FwnxXw\",\"https:\\\/\\\/www.instagram.com\\\/electriccartour\\\/\",\"https:\\\/\\\/tripadvisor.com\\\/Attraction_Review-g187438-d15198737-Reviews-Electric_Car_Tour-Malaga_Costa_del_Sol_Province_of_Malaga_Andalucia.html\"]},{\"@type\":\"Person\",\"@id\":\"https:\\\/\\\/electriccartour.com\\\/de\\\/#\\\/schema\\\/person\\\/14020537da6216f7471b49e5e929cba1\",\"name\":\"electriccartour\",\"image\":{\"@type\":\"ImageObject\",\"inLanguage\":\"de\",\"@id\":\"https:\\\/\\\/secure.gravatar.com\\\/avatar\\\/fe8515b4ef6ae0fb0465b6ace38c4969d9b25f2d9a0c49eee2553face0582368?s=96&d=mm&r=g\",\"url\":\"https:\\\/\\\/secure.gravatar.com\\\/avatar\\\/fe8515b4ef6ae0fb0465b6ace38c4969d9b25f2d9a0c49eee2553face0582368?s=96&d=mm&r=g\",\"contentUrl\":\"https:\\\/\\\/secure.gravatar.com\\\/avatar\\\/fe8515b4ef6ae0fb0465b6ace38c4969d9b25f2d9a0c49eee2553face0582368?s=96&d=mm&r=g\",\"caption\":\"electriccartour\"},\"sameAs\":[\"http:\\\/\\\/electriccartour.com\",\"https:\\\/\\\/www.facebook.com\\\/Tourenvechiculoselectricos\\\/\",\"https:\\\/\\\/www.instagram.com\\\/electriccartour\\\/\",\"https:\\\/\\\/www.linkedin.com\\\/in\\\/gema-martnez-aa8ab2183\",\"https:\\\/\\\/x.com\\\/https:\\\/\\\/twitter.com\\\/electric_tour\",\"https:\\\/\\\/www.youtube.com\\\/channel\\\/UClzjmLNm6Auwdnix5FwnxXw\"],\"url\":\"https:\\\/\\\/electriccartour.com\\\/de\\\/author\\\/electriccartour\\\/\"}]}<\/script>\n<!-- \/ Yoast SEO plugin. -->","yoast_head_json":{"title":"H&T 2023: unsere Erfahrungen als Aussteller","description":"Wir berichten Ihnen \u00fcber unsere Erfahrungen als Aussteller auf der H&T 2023, der Messe f\u00fcr Gastgewerbe und Tourismus in Malaga.","robots":{"index":"index","follow":"follow","max-snippet":"max-snippet:-1","max-image-preview":"max-image-preview:large","max-video-preview":"max-video-preview:-1"},"canonical":"https:\/\/electriccartour.com\/de\/ht2023\/","og_locale":"de_DE","og_type":"article","og_title":"H&T 2023: unsere Erfahrungen als Aussteller","og_description":"Wir berichten Ihnen \u00fcber unsere Erfahrungen als Aussteller auf der H&T 2023, der Messe f\u00fcr Gastgewerbe und Tourismus in Malaga.","og_url":"https:\/\/electriccartour.com\/de\/ht2023\/","og_site_name":"Tours en Coche El\u00e9ctrico en M\u00e1laga \u267b\ufe0f | Electric Car Tour","article_publisher":"https:\/\/www.facebook.com\/Tourenvechiculoselectricos\/","article_author":"https:\/\/www.facebook.com\/Tourenvechiculoselectricos\/","article_published_time":"2023-02-08T18:26:47+00:00","article_modified_time":"2025-02-16T20:43:55+00:00","og_image":[{"width":1080,"height":1920,"url":"https:\/\/i0.wp.com\/electriccartour.com\/wp-content\/uploads\/2023\/02\/ht.jpg?fit=1080%2C1920&ssl=1","type":"image\/jpeg"}],"author":"electriccartour","twitter_card":"summary_large_image","twitter_creator":"@https:\/\/twitter.com\/electric_tour","twitter_site":"@electric_tour","twitter_misc":{"Verfasst von":"electriccartour","Gesch\u00e4tzte Lesezeit":"1\u00a0Minute"},"schema":{"@context":"https:\/\/schema.org","@graph":[{"@type":"Article","@id":"https:\/\/electriccartour.com\/de\/ht2023\/#article","isPartOf":{"@id":"https:\/\/electriccartour.com\/de\/ht2023\/"},"author":{"name":"electriccartour","@id":"https:\/\/electriccartour.com\/de\/#\/schema\/person\/14020537da6216f7471b49e5e929cba1"},"headline":"H&amp;T2023","datePublished":"2023-02-08T18:26:47+00:00","dateModified":"2025-02-16T20:43:55+00:00","mainEntityOfPage":{"@id":"https:\/\/electriccartour.com\/de\/ht2023\/"},"wordCount":262,"publisher":{"@id":"https:\/\/electriccartour.com\/de\/#organization"},"image":{"@id":"https:\/\/electriccartour.com\/de\/ht2023\/#primaryimage"},"thumbnailUrl":"https:\/\/i0.wp.com\/electriccartour.com\/wp-content\/uploads\/2023\/02\/ht.jpg?fit=1080%2C1920&ssl=1","articleSection":["Unkategorisiert"],"inLanguage":"de"},{"@type":"WebPage","@id":"https:\/\/electriccartour.com\/de\/ht2023\/","url":"https:\/\/electriccartour.com\/de\/ht2023\/","name":"H&T 2023: unsere Erfahrungen als Aussteller","isPartOf":{"@id":"https:\/\/electriccartour.com\/de\/#website"},"primaryImageOfPage":{"@id":"https:\/\/electriccartour.com\/de\/ht2023\/#primaryimage"},"image":{"@id":"https:\/\/electriccartour.com\/de\/ht2023\/#primaryimage"},"thumbnailUrl":"https:\/\/i0.wp.com\/electriccartour.com\/wp-content\/uploads\/2023\/02\/ht.jpg?fit=1080%2C1920&ssl=1","datePublished":"2023-02-08T18:26:47+00:00","dateModified":"2025-02-16T20:43:55+00:00","description":"Wir berichten Ihnen \u00fcber unsere Erfahrungen als Aussteller auf der H&T 2023, der Messe f\u00fcr Gastgewerbe und Tourismus in Malaga.","breadcrumb":{"@id":"https:\/\/electriccartour.com\/de\/ht2023\/#breadcrumb"},"inLanguage":"de","potentialAction":[{"@type":"ReadAction","target":["https:\/\/electriccartour.com\/de\/ht2023\/"]}]},{"@type":"ImageObject","inLanguage":"de","@id":"https:\/\/electriccartour.com\/de\/ht2023\/#primaryimage","url":"https:\/\/i0.wp.com\/electriccartour.com\/wp-content\/uploads\/2023\/02\/ht.jpg?fit=1080%2C1920&ssl=1","contentUrl":"https:\/\/i0.wp.com\/electriccartour.com\/wp-content\/uploads\/2023\/02\/ht.jpg?fit=1080%2C1920&ssl=1","width":1080,"height":1920,"caption":"Electric Car Tour en H&T2023"},{"@type":"BreadcrumbList","@id":"https:\/\/electriccartour.com\/de\/ht2023\/#breadcrumb","itemListElement":[{"@type":"ListItem","position":1,"name":"Portada","item":"https:\/\/electriccartour.com\/de\/"},{"@type":"ListItem","position":2,"name":"H&amp;T2023"}]},{"@type":"WebSite","@id":"https:\/\/electriccartour.com\/de\/#website","url":"https:\/\/electriccartour.com\/de\/","name":"Tours en Coche El\u00e9ctrico en M\u00e1laga \u267b\ufe0f | Electric Car Tour","description":"Descubre M\u00e1laga de forma sostenible con Electric Car Tour. Disfruta de tours guiados en coche el\u00e9ctrico y explora los principales atractivos tur\u00edsticos de la ciudad.","publisher":{"@id":"https:\/\/electriccartour.com\/de\/#organization"},"alternateName":"Electric Car Tour - M\u00e1laga","potentialAction":[{"@type":"SearchAction","target":{"@type":"EntryPoint","urlTemplate":"https:\/\/electriccartour.com\/de\/?s={search_term_string}"},"query-input":{"@type":"PropertyValueSpecification","valueRequired":true,"valueName":"search_term_string"}}],"inLanguage":"de"},{"@type":"Organization","@id":"https:\/\/electriccartour.com\/de\/#organization","name":"Electric Car Tour","alternateName":"electriccartour","url":"https:\/\/electriccartour.com\/de\/","logo":{"@type":"ImageObject","inLanguage":"de","@id":"https:\/\/electriccartour.com\/de\/#\/schema\/logo\/image\/","url":"https:\/\/i0.wp.com\/electriccartour.com\/wp-content\/uploads\/2021\/12\/181002_ECT_Logo5389f3-1920w.png?fit=1920%2C462&ssl=1","contentUrl":"https:\/\/i0.wp.com\/electriccartour.com\/wp-content\/uploads\/2021\/12\/181002_ECT_Logo5389f3-1920w.png?fit=1920%2C462&ssl=1","width":1920,"height":462,"caption":"Electric Car Tour"},"image":{"@id":"https:\/\/electriccartour.com\/de\/#\/schema\/logo\/image\/"},"sameAs":["https:\/\/www.facebook.com\/Tourenvechiculoselectricos\/","https:\/\/x.com\/electric_tour","https:\/\/www.youtube.com\/channel\/UClzjmLNm6Auwdnix5FwnxXw","https:\/\/www.instagram.com\/electriccartour\/","https:\/\/tripadvisor.com\/Attraction_Review-g187438-d15198737-Reviews-Electric_Car_Tour-Malaga_Costa_del_Sol_Province_of_Malaga_Andalucia.html"]},{"@type":"Person","@id":"https:\/\/electriccartour.com\/de\/#\/schema\/person\/14020537da6216f7471b49e5e929cba1","name":"electriccartour","image":{"@type":"ImageObject","inLanguage":"de","@id":"https:\/\/secure.gravatar.com\/avatar\/fe8515b4ef6ae0fb0465b6ace38c4969d9b25f2d9a0c49eee2553face0582368?s=96&d=mm&r=g","url":"https:\/\/secure.gravatar.com\/avatar\/fe8515b4ef6ae0fb0465b6ace38c4969d9b25f2d9a0c49eee2553face0582368?s=96&d=mm&r=g","contentUrl":"https:\/\/secure.gravatar.com\/avatar\/fe8515b4ef6ae0fb0465b6ace38c4969d9b25f2d9a0c49eee2553face0582368?s=96&d=mm&r=g","caption":"electriccartour"},"sameAs":["http:\/\/electriccartour.com","https:\/\/www.facebook.com\/Tourenvechiculoselectricos\/","https:\/\/www.instagram.com\/electriccartour\/","https:\/\/www.linkedin.com\/in\/gema-martnez-aa8ab2183","https:\/\/x.com\/https:\/\/twitter.com\/electric_tour","https:\/\/www.youtube.com\/channel\/UClzjmLNm6Auwdnix5FwnxXw"],"url":"https:\/\/electriccartour.com\/de\/author\/electriccartour\/"}]}},"jetpack_featured_media_url":"https:\/\/i0.wp.com\/electriccartour.com\/wp-content\/uploads\/2023\/02\/ht.jpg?fit=1080%2C1920&ssl=1","jetpack_sharing_enabled":true,"_links":{"self":[{"href":"https:\/\/electriccartour.com\/de\/wp-json\/wp\/v2\/posts\/6782","targetHints":{"allow":["GET"]}}],"collection":[{"href":"https:\/\/electriccartour.com\/de\/wp-json\/wp\/v2\/posts"}],"about":[{"href":"https:\/\/electriccartour.com\/de\/wp-json\/wp\/v2\/types\/post"}],"author":[{"embeddable":true,"href":"https:\/\/electriccartour.com\/de\/wp-json\/wp\/v2\/users\/1"}],"replies":[{"embeddable":true,"href":"https:\/\/electriccartour.com\/de\/wp-json\/wp\/v2\/comments?post=6782"}],"version-history":[{"count":0,"href":"https:\/\/electriccartour.com\/de\/wp-json\/wp\/v2\/posts\/6782\/revisions"}],"wp:featuredmedia":[{"embeddable":true,"href":"https:\/\/electriccartour.com\/de\/wp-json\/wp\/v2\/media\/6766"}],"wp:attachment":[{"href":"https:\/\/electriccartour.com\/de\/wp-json\/wp\/v2\/media?parent=6782"}],"wp:term":[{"taxonomy":"category","embeddable":true,"href":"https:\/\/electriccartour.com\/de\/wp-json\/wp\/v2\/categories?post=6782"},{"taxonomy":"post_tag","embeddable":true,"href":"https:\/\/electriccartour.com\/de\/wp-json\/wp\/v2\/tags?post=6782"}],"curies":[{"name":"wp","href":"https:\/\/api.w.org\/{rel}","templated":true}]}}