{"id":8274,"date":"2023-05-21T20:40:41","date_gmt":"2023-05-21T19:40:41","guid":{"rendered":"https:\/\/electriccartour.com\/malaga-weisse-nacht-2023\/"},"modified":"2025-03-10T22:00:07","modified_gmt":"2025-03-10T21:00:07","slug":"malaga-weisse-nacht-2023","status":"publish","type":"post","link":"https:\/\/electriccartour.com\/de\/malaga-weisse-nacht-2023\/","title":{"rendered":"Malaga Wei\u00dfe Nacht 2023"},"content":{"rendered":"\t\t<div data-elementor-type=\"wp-post\" data-elementor-id=\"8274\" class=\"elementor elementor-8274 elementor-8184\" data-elementor-post-type=\"post\">\n\t\t\t\t\t\t<section class=\"elementor-section elementor-top-section elementor-element elementor-element-b145f60 elementor-section-boxed elementor-section-height-default elementor-section-height-default\" data-id=\"b145f60\" data-element_type=\"section\" data-e-type=\"section\">\n\t\t\t\t\t\t<div class=\"elementor-container elementor-column-gap-default\">\n\t\t\t\t\t<div class=\"elementor-column elementor-col-100 elementor-top-column elementor-element elementor-element-6abad5b\" data-id=\"6abad5b\" data-element_type=\"column\" data-e-type=\"column\">\n\t\t\t<div class=\"elementor-widget-wrap elementor-element-populated\">\n\t\t\t\t\t\t<div class=\"elementor-element elementor-element-20f5d61 elementor-widget elementor-widget-text-editor\" data-id=\"20f5d61\" data-element_type=\"widget\" data-e-type=\"widget\" data-widget_type=\"text-editor.default\">\n\t\t\t\t<div class=\"elementor-widget-container\">\n\t\t\t\t\t\t\t\t\t<p>Heute stellen wir Ihnen eine der beliebtesten Veranstaltungen in der Stadt M\u00e1laga vor,<\/p>\n<p>La noche en Blanco.<\/p>\n<p>La Noche en Blanco de M\u00e1laga ist eine kulturelle und k\u00fcnstlerische Veranstaltung, die j\u00e4hrlich in der Stadt M\u00e1laga stattfindet. In dieser Nacht finden zahlreiche kulturelle und k\u00fcnstlerische Aktivit\u00e4ten in verschiedenen Teilen der Stadt statt.<\/p>\n\t\t\t\t\t\t\t\t<\/div>\n\t\t\t\t<\/div>\n\t\t\t\t\t<\/div>\n\t\t<\/div>\n\t\t\t\t\t<\/div>\n\t\t<\/section>\n\t\t\t\t<section class=\"elementor-section elementor-top-section elementor-element elementor-element-b1cbb86 elementor-section-boxed elementor-section-height-default elementor-section-height-default\" data-id=\"b1cbb86\" data-element_type=\"section\" data-e-type=\"section\">\n\t\t\t\t\t\t<div class=\"elementor-container elementor-column-gap-default\">\n\t\t\t\t\t<div class=\"elementor-column elementor-col-100 elementor-top-column elementor-element elementor-element-d7a367b\" data-id=\"d7a367b\" data-element_type=\"column\" data-e-type=\"column\">\n\t\t\t<div class=\"elementor-widget-wrap elementor-element-populated\">\n\t\t\t\t\t\t<div class=\"elementor-element elementor-element-c2e8754 elementor-widget elementor-widget-image\" data-id=\"c2e8754\" data-element_type=\"widget\" data-e-type=\"widget\" data-widget_type=\"image.default\">\n\t\t\t\t<div class=\"elementor-widget-container\">\n\t\t\t\t\t\t\t\t\t\t\t\t\t\t\t<img fetchpriority=\"high\" decoding=\"async\" width=\"640\" height=\"427\" src=\"https:\/\/i0.wp.com\/electriccartour.com\/wp-content\/uploads\/2023\/05\/alcazaba-de-malaga-noche-en-blanco-scaled.webp?fit=640%2C427&amp;ssl=1\" class=\"attachment-large size-large wp-image-8262\" alt=\"alcazaba de m\u00e1laga en la noche en blanco 2023\" srcset=\"https:\/\/i0.wp.com\/electriccartour.com\/wp-content\/uploads\/2023\/05\/alcazaba-de-malaga-noche-en-blanco-scaled.webp?w=2560&amp;ssl=1 2560w, https:\/\/i0.wp.com\/electriccartour.com\/wp-content\/uploads\/2023\/05\/alcazaba-de-malaga-noche-en-blanco-scaled.webp?resize=300%2C200&amp;ssl=1 300w, https:\/\/i0.wp.com\/electriccartour.com\/wp-content\/uploads\/2023\/05\/alcazaba-de-malaga-noche-en-blanco-scaled.webp?resize=1024%2C683&amp;ssl=1 1024w, https:\/\/i0.wp.com\/electriccartour.com\/wp-content\/uploads\/2023\/05\/alcazaba-de-malaga-noche-en-blanco-scaled.webp?resize=768%2C512&amp;ssl=1 768w, https:\/\/i0.wp.com\/electriccartour.com\/wp-content\/uploads\/2023\/05\/alcazaba-de-malaga-noche-en-blanco-scaled.webp?resize=1536%2C1024&amp;ssl=1 1536w, https:\/\/i0.wp.com\/electriccartour.com\/wp-content\/uploads\/2023\/05\/alcazaba-de-malaga-noche-en-blanco-scaled.webp?resize=2048%2C1365&amp;ssl=1 2048w, https:\/\/i0.wp.com\/electriccartour.com\/wp-content\/uploads\/2023\/05\/alcazaba-de-malaga-noche-en-blanco-scaled.webp?resize=1568%2C1045&amp;ssl=1 1568w, https:\/\/i0.wp.com\/electriccartour.com\/wp-content\/uploads\/2023\/05\/alcazaba-de-malaga-noche-en-blanco-scaled.webp?resize=1320%2C880&amp;ssl=1 1320w, https:\/\/i0.wp.com\/electriccartour.com\/wp-content\/uploads\/2023\/05\/alcazaba-de-malaga-noche-en-blanco-scaled.webp?resize=450%2C300&amp;ssl=1 450w, https:\/\/i0.wp.com\/electriccartour.com\/wp-content\/uploads\/2023\/05\/alcazaba-de-malaga-noche-en-blanco-scaled.webp?w=1920&amp;ssl=1 1920w\" sizes=\"(max-width: 640px) 100vw, 640px\" \/>\t\t\t\t\t\t\t\t\t\t\t\t\t\t\t<\/div>\n\t\t\t\t<\/div>\n\t\t\t\t\t<\/div>\n\t\t<\/div>\n\t\t\t\t\t<\/div>\n\t\t<\/section>\n\t\t\t\t<section class=\"elementor-section elementor-top-section elementor-element elementor-element-b281f12 elementor-section-boxed elementor-section-height-default elementor-section-height-default\" data-id=\"b281f12\" data-element_type=\"section\" data-e-type=\"section\">\n\t\t\t\t\t\t<div class=\"elementor-container elementor-column-gap-default\">\n\t\t\t\t\t<div class=\"elementor-column elementor-col-100 elementor-top-column elementor-element elementor-element-22574a8\" data-id=\"22574a8\" data-element_type=\"column\" data-e-type=\"column\">\n\t\t\t<div class=\"elementor-widget-wrap elementor-element-populated\">\n\t\t\t\t\t\t<div class=\"elementor-element elementor-element-cbd9e0b elementor-widget elementor-widget-text-editor\" data-id=\"cbd9e0b\" data-element_type=\"widget\" data-e-type=\"widget\" data-widget_type=\"text-editor.default\">\n\t\t\t\t<div class=\"elementor-widget-container\">\n\t\t\t\t\t\t\t\t\t<p>La Noche en Blanco bietet ein breites Spektrum an Veranstaltungen wie Konzerte, Ausstellungen, Tanzauff\u00fchrungen, Theater, Filmvorf\u00fchrungen, k\u00fcnstlerische Interventionen und vieles mehr. Auch Museen, Kunstgalerien und andere Kultureinrichtungen sind oft die ganze Nacht \u00fcber kostenlos ge\u00f6ffnet.<\/p>\n<p>Es ist eine mit Spannung erwartete und beliebte Veranstaltung, die Einwohner und Besucher gleicherma\u00dfen anzieht. Das Ziel der Noche en Blanco in M\u00e1laga ist die F\u00f6rderung von Kultur und Kunst sowie die Beteiligung der B\u00fcrger am kulturellen Leben.<\/p>\n<p>Dieses Ereignis f\u00e4llt mit der Bl\u00fcte der Jacaranda in M\u00e1laga zusammen, die in der Regel zwischen Mai und Juni stattfindet und einen sch\u00f6nen Kontrast zum blauen Himmel bildet und die Stra\u00dfen und Parks der Stadt versch\u00f6nert. Die Bl\u00fctenbl\u00e4tter fallen auf den Boden und bilden einen violetten Teppich, der dem Stadtbild in dieser besonderen Nacht in M\u00e1laga eine besondere Note verleiht.<\/p>\n<p>Heute Abend finden in der ganzen Stadt verschiedene Aktivit\u00e4ten statt, und wie k\u00f6nnte man dieses Ereignis besser kennenlernen als mit einer sch\u00f6nen Nachttour, wie sie von Electric Car Tour angeboten wird. Hier ist der Link, um mehr \u00fcber diese besondere Tour zu erfahren:  <\/p>\n<p><blockquote class=\"wp-embedded-content\" data-secret=\"xyB729ASKW\"><a href=\"https:\/\/electriccartour.com\/de\/malaga-nachttour\/\">Tour M\u00e1laga Noche<\/a><\/blockquote><iframe class=\"wp-embedded-content\" sandbox=\"allow-scripts\" security=\"restricted\" style=\"position: absolute; clip: rect(1px, 1px, 1px, 1px);\" title=\"&#8222;Tour M\u00e1laga Noche&#8220; &#8212; \u25b7 Tour en M\u00e1laga - Electric Car Tour \u267b\ufe0f City Tour Eco M\u00e1laga\" src=\"https:\/\/electriccartour.com\/de\/malaga-nachttour\/embed\/#?secret=ixTHruXn6p#?secret=xyB729ASKW\" data-secret=\"xyB729ASKW\" width=\"600\" height=\"338\" frameborder=\"0\" marginwidth=\"0\" marginheight=\"0\" scrolling=\"no\"><\/iframe><\/p>\n\t\t\t\t\t\t\t\t<\/div>\n\t\t\t\t<\/div>\n\t\t\t\t\t<\/div>\n\t\t<\/div>\n\t\t\t\t\t<\/div>\n\t\t<\/section>\n\t\t\t\t<section class=\"elementor-section elementor-top-section elementor-element elementor-element-d837e8f elementor-section-boxed elementor-section-height-default elementor-section-height-default\" data-id=\"d837e8f\" data-element_type=\"section\" data-e-type=\"section\">\n\t\t\t\t\t\t<div class=\"elementor-container elementor-column-gap-default\">\n\t\t\t\t\t<div class=\"elementor-column elementor-col-100 elementor-top-column elementor-element elementor-element-765b792\" data-id=\"765b792\" data-element_type=\"column\" data-e-type=\"column\">\n\t\t\t<div class=\"elementor-widget-wrap elementor-element-populated\">\n\t\t\t\t\t\t<div class=\"elementor-element elementor-element-ce28760 elementor-align-center elementor-widget elementor-widget-button\" data-id=\"ce28760\" data-element_type=\"widget\" data-e-type=\"widget\" data-widget_type=\"button.default\">\n\t\t\t\t<div class=\"elementor-widget-container\">\n\t\t\t\t\t\t\t\t\t<div class=\"elementor-button-wrapper\">\n\t\t\t\t\t<a class=\"elementor-button elementor-button-link elementor-size-sm\" href=\"https:\/\/electriccartour.com\/de\/alle-touren\/\">\n\t\t\t\t\t\t<span class=\"elementor-button-content-wrapper\">\n\t\t\t\t\t\t\t\t\t<span class=\"elementor-button-text\">Entdecken Sie unsere Malaga Tour Optionen hier<\/span>\n\t\t\t\t\t<\/span>\n\t\t\t\t\t<\/a>\n\t\t\t\t<\/div>\n\t\t\t\t\t\t\t\t<\/div>\n\t\t\t\t<\/div>\n\t\t\t\t\t<\/div>\n\t\t<\/div>\n\t\t\t\t\t<\/div>\n\t\t<\/section>\n\t\t\t\t<section class=\"elementor-section elementor-top-section elementor-element elementor-element-8110b7f elementor-section-boxed elementor-section-height-default elementor-section-height-default\" data-id=\"8110b7f\" data-element_type=\"section\" data-e-type=\"section\">\n\t\t\t\t\t\t<div class=\"elementor-container elementor-column-gap-default\">\n\t\t\t\t\t<div class=\"elementor-column elementor-col-100 elementor-top-column elementor-element elementor-element-ad221bd\" data-id=\"ad221bd\" data-element_type=\"column\" data-e-type=\"column\">\n\t\t\t<div class=\"elementor-widget-wrap elementor-element-populated\">\n\t\t\t\t\t\t<div class=\"elementor-element elementor-element-41fdc2d elementor-widget elementor-widget-gallery\" data-id=\"41fdc2d\" data-element_type=\"widget\" data-e-type=\"widget\" data-settings=\"{&quot;gap&quot;:{&quot;unit&quot;:&quot;px&quot;,&quot;size&quot;:3,&quot;sizes&quot;:[]},&quot;aspect_ratio&quot;:&quot;4:3&quot;,&quot;lazyload&quot;:&quot;yes&quot;,&quot;gallery_layout&quot;:&quot;grid&quot;,&quot;columns&quot;:4,&quot;columns_tablet&quot;:2,&quot;columns_mobile&quot;:1,&quot;gap_tablet&quot;:{&quot;unit&quot;:&quot;px&quot;,&quot;size&quot;:10,&quot;sizes&quot;:[]},&quot;gap_mobile&quot;:{&quot;unit&quot;:&quot;px&quot;,&quot;size&quot;:10,&quot;sizes&quot;:[]},&quot;link_to&quot;:&quot;file&quot;,&quot;overlay_background&quot;:&quot;yes&quot;,&quot;content_hover_animation&quot;:&quot;fade-in&quot;}\" data-widget_type=\"gallery.default\">\n\t\t\t\t<div class=\"elementor-widget-container\">\n\t\t\t\t\t\t\t<div class=\"elementor-gallery__container\">\n\t\t\t\t\t\t\t<a class=\"e-gallery-item elementor-gallery-item elementor-animated-content\" href=\"https:\/\/i0.wp.com\/electriccartour.com\/wp-content\/uploads\/2023\/05\/mima-noche-en-blanco-scaled.webp?fit=1707%2C2560&#038;ssl=1\" data-elementor-open-lightbox=\"yes\" data-elementor-lightbox-slideshow=\"41fdc2d\" data-elementor-lightbox-title=\"mima-noche-en-blanco\" data-elementor-lightbox-description=\"museo de la m\u00fasica mima en m\u00e1laga\" data-e-action-hash=\"#elementor-action%3Aaction%3Dlightbox%26settings%3DeyJpZCI6ODIyNywidXJsIjoiaHR0cHM6XC9cL2VsZWN0cmljY2FydG91ci5jb21cL3dwLWNvbnRlbnRcL3VwbG9hZHNcLzIwMjNcLzA1XC9taW1hLW5vY2hlLWVuLWJsYW5jby1zY2FsZWQud2VicCIsInNsaWRlc2hvdyI6IjQxZmRjMmQifQ%3D%3D\">\n\t\t\t\t\t<div class=\"e-gallery-image elementor-gallery-item__image\" data-thumbnail=\"https:\/\/i0.wp.com\/electriccartour.com\/wp-content\/uploads\/2023\/05\/mima-noche-en-blanco-scaled.webp?fit=640%2C960&amp;ssl=1\" data-width=\"640\" data-height=\"960\" aria-label=\"museo de la m\u00fasica mima en m\u00e1laga\" role=\"img\" ><\/div>\n\t\t\t\t\t\t\t\t\t\t\t<div class=\"elementor-gallery-item__overlay\"><\/div>\n\t\t\t\t\t\t\t\t\t\t\t\t\t\t<\/a>\n\t\t\t\t\t\t\t<a class=\"e-gallery-item elementor-gallery-item elementor-animated-content\" href=\"https:\/\/i0.wp.com\/electriccartour.com\/wp-content\/uploads\/2023\/05\/museo-de-la-musica-noche-en-blanco-scaled.webp?fit=2560%2C1707&#038;ssl=1\" data-elementor-open-lightbox=\"yes\" data-elementor-lightbox-slideshow=\"41fdc2d\" data-elementor-lightbox-title=\"museo-de-la-musica-noche-en-blanco\" data-elementor-lightbox-description=\"museo de la m\u00fasica mima\" data-e-action-hash=\"#elementor-action%3Aaction%3Dlightbox%26settings%3DeyJpZCI6ODIzMSwidXJsIjoiaHR0cHM6XC9cL2VsZWN0cmljY2FydG91ci5jb21cL3dwLWNvbnRlbnRcL3VwbG9hZHNcLzIwMjNcLzA1XC9tdXNlby1kZS1sYS1tdXNpY2Etbm9jaGUtZW4tYmxhbmNvLXNjYWxlZC53ZWJwIiwic2xpZGVzaG93IjoiNDFmZGMyZCJ9\">\n\t\t\t\t\t<div class=\"e-gallery-image elementor-gallery-item__image\" data-thumbnail=\"https:\/\/i0.wp.com\/electriccartour.com\/wp-content\/uploads\/2023\/05\/museo-de-la-musica-noche-en-blanco-scaled.webp?fit=640%2C427&amp;ssl=1\" data-width=\"640\" data-height=\"427\" aria-label=\"museo de la m\u00fasica mima\" role=\"img\" ><\/div>\n\t\t\t\t\t\t\t\t\t\t\t<div class=\"elementor-gallery-item__overlay\"><\/div>\n\t\t\t\t\t\t\t\t\t\t\t\t\t\t<\/a>\n\t\t\t\t\t\t\t<a class=\"e-gallery-item elementor-gallery-item elementor-animated-content\" href=\"https:\/\/i0.wp.com\/electriccartour.com\/wp-content\/uploads\/2023\/05\/musica-noche-en-blanco-scaled.webp?fit=2560%2C1707&#038;ssl=1\" data-elementor-open-lightbox=\"yes\" data-elementor-lightbox-slideshow=\"41fdc2d\" data-elementor-lightbox-title=\"musica-noche-en-blanco\" data-elementor-lightbox-description=\"eventos musicales noche en blanco de m\u00e1laga\" data-e-action-hash=\"#elementor-action%3Aaction%3Dlightbox%26settings%3DeyJpZCI6ODIzNSwidXJsIjoiaHR0cHM6XC9cL2VsZWN0cmljY2FydG91ci5jb21cL3dwLWNvbnRlbnRcL3VwbG9hZHNcLzIwMjNcLzA1XC9tdXNpY2Etbm9jaGUtZW4tYmxhbmNvLXNjYWxlZC53ZWJwIiwic2xpZGVzaG93IjoiNDFmZGMyZCJ9\">\n\t\t\t\t\t<div class=\"e-gallery-image elementor-gallery-item__image\" data-thumbnail=\"https:\/\/i0.wp.com\/electriccartour.com\/wp-content\/uploads\/2023\/05\/musica-noche-en-blanco-scaled.webp?fit=640%2C427&amp;ssl=1\" data-width=\"640\" data-height=\"427\" aria-label=\"eventos musicales noche en blanco de m\u00e1laga\" role=\"img\" ><\/div>\n\t\t\t\t\t\t\t\t\t\t\t<div class=\"elementor-gallery-item__overlay\"><\/div>\n\t\t\t\t\t\t\t\t\t\t\t\t\t\t<\/a>\n\t\t\t\t\t\t\t<a class=\"e-gallery-item elementor-gallery-item elementor-animated-content\" href=\"https:\/\/i0.wp.com\/electriccartour.com\/wp-content\/uploads\/2023\/05\/noche-en-blanco-2023-scaled.webp?fit=2560%2C1707&#038;ssl=1\" data-elementor-open-lightbox=\"yes\" data-elementor-lightbox-slideshow=\"41fdc2d\" data-elementor-lightbox-title=\"noche-en-blanco-2023\" data-elementor-lightbox-description=\"noche en blanco de m\u00e1laga 2023\" data-e-action-hash=\"#elementor-action%3Aaction%3Dlightbox%26settings%3DeyJpZCI6ODIzOSwidXJsIjoiaHR0cHM6XC9cL2VsZWN0cmljY2FydG91ci5jb21cL3dwLWNvbnRlbnRcL3VwbG9hZHNcLzIwMjNcLzA1XC9ub2NoZS1lbi1ibGFuY28tMjAyMy1zY2FsZWQud2VicCIsInNsaWRlc2hvdyI6IjQxZmRjMmQifQ%3D%3D\">\n\t\t\t\t\t<div class=\"e-gallery-image elementor-gallery-item__image\" data-thumbnail=\"https:\/\/i0.wp.com\/electriccartour.com\/wp-content\/uploads\/2023\/05\/noche-en-blanco-2023-scaled.webp?fit=640%2C427&amp;ssl=1\" data-width=\"640\" data-height=\"427\" aria-label=\"noche en blanco de m\u00e1laga 2023\" role=\"img\" ><\/div>\n\t\t\t\t\t\t\t\t\t\t\t<div class=\"elementor-gallery-item__overlay\"><\/div>\n\t\t\t\t\t\t\t\t\t\t\t\t\t\t<\/a>\n\t\t\t\t\t\t\t<a class=\"e-gallery-item elementor-gallery-item elementor-animated-content\" href=\"https:\/\/i0.wp.com\/electriccartour.com\/wp-content\/uploads\/2023\/05\/plaza-la-merced-noche-en-blanco-scaled.webp?fit=2560%2C1707&#038;ssl=1\" data-elementor-open-lightbox=\"yes\" data-elementor-lightbox-slideshow=\"41fdc2d\" data-elementor-lightbox-title=\"plaza-la-merced-noche-en-blanco\" data-elementor-lightbox-description=\"plaza de la merced en la noche en blanco\" data-e-action-hash=\"#elementor-action%3Aaction%3Dlightbox%26settings%3DeyJpZCI6ODI0MywidXJsIjoiaHR0cHM6XC9cL2VsZWN0cmljY2FydG91ci5jb21cL3dwLWNvbnRlbnRcL3VwbG9hZHNcLzIwMjNcLzA1XC9wbGF6YS1sYS1tZXJjZWQtbm9jaGUtZW4tYmxhbmNvLXNjYWxlZC53ZWJwIiwic2xpZGVzaG93IjoiNDFmZGMyZCJ9\">\n\t\t\t\t\t<div class=\"e-gallery-image elementor-gallery-item__image\" data-thumbnail=\"https:\/\/i0.wp.com\/electriccartour.com\/wp-content\/uploads\/2023\/05\/plaza-la-merced-noche-en-blanco-scaled.webp?fit=640%2C427&amp;ssl=1\" data-width=\"640\" data-height=\"427\" aria-label=\"plaza de la merced en la noche en blanco\" role=\"img\" ><\/div>\n\t\t\t\t\t\t\t\t\t\t\t<div class=\"elementor-gallery-item__overlay\"><\/div>\n\t\t\t\t\t\t\t\t\t\t\t\t\t\t<\/a>\n\t\t\t\t\t\t\t<a class=\"e-gallery-item elementor-gallery-item elementor-animated-content\" href=\"https:\/\/i0.wp.com\/electriccartour.com\/wp-content\/uploads\/2023\/05\/restos-romanos-mima-scaled.webp?fit=2560%2C1707&#038;ssl=1\" data-elementor-open-lightbox=\"yes\" data-elementor-lightbox-slideshow=\"41fdc2d\" data-elementor-lightbox-title=\"restos-romanos-mima\" data-elementor-lightbox-description=\"restos romanos en el museo de la m\u00fasica mima\" data-e-action-hash=\"#elementor-action%3Aaction%3Dlightbox%26settings%3DeyJpZCI6ODI0NywidXJsIjoiaHR0cHM6XC9cL2VsZWN0cmljY2FydG91ci5jb21cL3dwLWNvbnRlbnRcL3VwbG9hZHNcLzIwMjNcLzA1XC9yZXN0b3Mtcm9tYW5vcy1taW1hLXNjYWxlZC53ZWJwIiwic2xpZGVzaG93IjoiNDFmZGMyZCJ9\">\n\t\t\t\t\t<div class=\"e-gallery-image elementor-gallery-item__image\" data-thumbnail=\"https:\/\/i0.wp.com\/electriccartour.com\/wp-content\/uploads\/2023\/05\/restos-romanos-mima-scaled.webp?fit=640%2C427&amp;ssl=1\" data-width=\"640\" data-height=\"427\" aria-label=\"restos romanos en el museo de la m\u00fasica mima\" role=\"img\" ><\/div>\n\t\t\t\t\t\t\t\t\t\t\t<div class=\"elementor-gallery-item__overlay\"><\/div>\n\t\t\t\t\t\t\t\t\t\t\t\t\t\t<\/a>\n\t\t\t\t\t\t\t<a class=\"e-gallery-item elementor-gallery-item elementor-animated-content\" href=\"https:\/\/i0.wp.com\/electriccartour.com\/wp-content\/uploads\/2023\/05\/street-art-noche-en-blanco-scaled.webp?fit=2560%2C1707&#038;ssl=1\" data-elementor-open-lightbox=\"yes\" data-elementor-lightbox-slideshow=\"41fdc2d\" data-elementor-lightbox-title=\"street-art-noche-en-blanco\" data-elementor-lightbox-description=\"street art noche en blanco\" data-e-action-hash=\"#elementor-action%3Aaction%3Dlightbox%26settings%3DeyJpZCI6ODI1MSwidXJsIjoiaHR0cHM6XC9cL2VsZWN0cmljY2FydG91ci5jb21cL3dwLWNvbnRlbnRcL3VwbG9hZHNcLzIwMjNcLzA1XC9zdHJlZXQtYXJ0LW5vY2hlLWVuLWJsYW5jby1zY2FsZWQud2VicCIsInNsaWRlc2hvdyI6IjQxZmRjMmQifQ%3D%3D\">\n\t\t\t\t\t<div class=\"e-gallery-image elementor-gallery-item__image\" data-thumbnail=\"https:\/\/i0.wp.com\/electriccartour.com\/wp-content\/uploads\/2023\/05\/street-art-noche-en-blanco-scaled.webp?fit=640%2C427&amp;ssl=1\" data-width=\"640\" data-height=\"427\" aria-label=\"street art noche en blanco\" role=\"img\" ><\/div>\n\t\t\t\t\t\t\t\t\t\t\t<div class=\"elementor-gallery-item__overlay\"><\/div>\n\t\t\t\t\t\t\t\t\t\t\t\t\t\t<\/a>\n\t\t\t\t\t\t\t<a class=\"e-gallery-item elementor-gallery-item elementor-animated-content\" href=\"https:\/\/i0.wp.com\/electriccartour.com\/wp-content\/uploads\/2023\/05\/video-juegos-noche-en-blanco-scaled.webp?fit=1707%2C2560&#038;ssl=1\" data-elementor-open-lightbox=\"yes\" data-elementor-lightbox-slideshow=\"41fdc2d\" data-elementor-lightbox-title=\"video-juegos-noche-en-blanco\" data-elementor-lightbox-description=\"video juegos en la noche en blanco\" data-e-action-hash=\"#elementor-action%3Aaction%3Dlightbox%26settings%3DeyJpZCI6ODI1NSwidXJsIjoiaHR0cHM6XC9cL2VsZWN0cmljY2FydG91ci5jb21cL3dwLWNvbnRlbnRcL3VwbG9hZHNcLzIwMjNcLzA1XC92aWRlby1qdWVnb3Mtbm9jaGUtZW4tYmxhbmNvLXNjYWxlZC53ZWJwIiwic2xpZGVzaG93IjoiNDFmZGMyZCJ9\">\n\t\t\t\t\t<div class=\"e-gallery-image elementor-gallery-item__image\" data-thumbnail=\"https:\/\/i0.wp.com\/electriccartour.com\/wp-content\/uploads\/2023\/05\/video-juegos-noche-en-blanco-scaled.webp?fit=640%2C960&amp;ssl=1\" data-width=\"640\" data-height=\"960\" aria-label=\"video juegos en la noche en blanco\" role=\"img\" ><\/div>\n\t\t\t\t\t\t\t\t\t\t\t<div class=\"elementor-gallery-item__overlay\"><\/div>\n\t\t\t\t\t\t\t\t\t\t\t\t\t\t<\/a>\n\t\t\t\t\t<\/div>\n\t\t\t\t\t<\/div>\n\t\t\t\t<\/div>\n\t\t\t\t\t<\/div>\n\t\t<\/div>\n\t\t\t\t\t<\/div>\n\t\t<\/section>\n\t\t\t\t<\/div>\n\t\t","protected":false},"excerpt":{"rendered":"<p>Heute stellen wir Ihnen eine der beliebtesten Veranstaltungen in der Stadt M\u00e1laga vor, La noche en Blanco. La Noche en Blanco de M\u00e1laga ist eine kulturelle und k\u00fcnstlerische Veranstaltung, die j\u00e4hrlich in der Stadt M\u00e1laga stattfindet. In dieser Nacht finden zahlreiche kulturelle und k\u00fcnstlerische Aktivit\u00e4ten in verschiedenen Teilen der Stadt statt. La Noche en Blanco &hellip; <\/p>\n<p class=\"link-more\"><a href=\"https:\/\/electriccartour.com\/de\/malaga-weisse-nacht-2023\/\" class=\"more-link\"><span class=\"screen-reader-text\">\u201eMalaga Wei\u00dfe Nacht 2023\u201c <\/span>weiterlesen<\/a><\/p>\n","protected":false},"author":1,"featured_media":8254,"comment_status":"closed","ping_status":"closed","sticky":false,"template":"","format":"standard","meta":{"_jetpack_memberships_contains_paid_content":false,"_joinchat":[],"footnotes":""},"categories":[34],"tags":[],"class_list":["post-8274","post","type-post","status-publish","format-standard","has-post-thumbnail","hentry","category-unkategorisiert","entry"],"yoast_head":"<!-- This site is optimized with the Yoast SEO plugin v27.5 - https:\/\/yoast.com\/product\/yoast-seo-wordpress\/ -->\n<title>Wei\u00dfe Nacht in Malaga<\/title>\n<meta name=\"description\" content=\"La Noche en Blanco de M\u00e1laga ist eine kulturelle und k\u00fcnstlerische Veranstaltung, die j\u00e4hrlich in der Stadt M\u00e1laga stattfindet.\" \/>\n<meta name=\"robots\" content=\"index, follow, max-snippet:-1, max-image-preview:large, max-video-preview:-1\" \/>\n<link rel=\"canonical\" href=\"https:\/\/electriccartour.com\/de\/malaga-weisse-nacht-2023\/\" \/>\n<meta property=\"og:locale\" content=\"de_DE\" \/>\n<meta property=\"og:type\" content=\"article\" \/>\n<meta property=\"og:title\" content=\"Wei\u00dfe Nacht in Malaga\" \/>\n<meta property=\"og:description\" content=\"La Noche en Blanco de M\u00e1laga ist eine kulturelle und k\u00fcnstlerische Veranstaltung, die j\u00e4hrlich in der Stadt M\u00e1laga stattfindet.\" \/>\n<meta property=\"og:url\" content=\"https:\/\/electriccartour.com\/de\/malaga-weisse-nacht-2023\/\" \/>\n<meta property=\"og:site_name\" content=\"Tours en Coche El\u00e9ctrico en M\u00e1laga \u267b\ufe0f | Electric Car Tour\" \/>\n<meta property=\"article:publisher\" content=\"https:\/\/www.facebook.com\/Tourenvechiculoselectricos\/\" \/>\n<meta property=\"article:author\" content=\"https:\/\/www.facebook.com\/Tourenvechiculoselectricos\/\" \/>\n<meta property=\"article:published_time\" content=\"2023-05-21T19:40:41+00:00\" \/>\n<meta property=\"article:modified_time\" content=\"2025-03-10T21:00:07+00:00\" \/>\n<meta property=\"og:image\" content=\"https:\/\/i0.wp.com\/electriccartour.com\/wp-content\/uploads\/2023\/05\/street-art-noche-en-blanco-scaled.webp?fit=2560%2C1707&ssl=1\" \/>\n\t<meta property=\"og:image:width\" content=\"2560\" \/>\n\t<meta property=\"og:image:height\" content=\"1707\" \/>\n\t<meta property=\"og:image:type\" content=\"image\/webp\" \/>\n<meta name=\"author\" content=\"electriccartour\" \/>\n<meta name=\"twitter:card\" content=\"summary_large_image\" \/>\n<meta name=\"twitter:creator\" content=\"@https:\/\/twitter.com\/electric_tour\" \/>\n<meta name=\"twitter:site\" content=\"@electric_tour\" \/>\n<meta name=\"twitter:label1\" content=\"Verfasst von\" \/>\n\t<meta name=\"twitter:data1\" content=\"electriccartour\" \/>\n\t<meta name=\"twitter:label2\" content=\"Gesch\u00e4tzte Lesezeit\" \/>\n\t<meta name=\"twitter:data2\" content=\"1\u00a0Minute\" \/>\n<script type=\"application\/ld+json\" class=\"yoast-schema-graph\">{\"@context\":\"https:\\\/\\\/schema.org\",\"@graph\":[{\"@type\":\"Article\",\"@id\":\"https:\\\/\\\/electriccartour.com\\\/de\\\/malaga-weisse-nacht-2023\\\/#article\",\"isPartOf\":{\"@id\":\"https:\\\/\\\/electriccartour.com\\\/de\\\/malaga-weisse-nacht-2023\\\/\"},\"author\":{\"name\":\"electriccartour\",\"@id\":\"https:\\\/\\\/electriccartour.com\\\/de\\\/#\\\/schema\\\/person\\\/14020537da6216f7471b49e5e929cba1\"},\"headline\":\"Malaga Wei\u00dfe Nacht 2023\",\"datePublished\":\"2023-05-21T19:40:41+00:00\",\"dateModified\":\"2025-03-10T21:00:07+00:00\",\"mainEntityOfPage\":{\"@id\":\"https:\\\/\\\/electriccartour.com\\\/de\\\/malaga-weisse-nacht-2023\\\/\"},\"wordCount\":269,\"publisher\":{\"@id\":\"https:\\\/\\\/electriccartour.com\\\/de\\\/#organization\"},\"image\":{\"@id\":\"https:\\\/\\\/electriccartour.com\\\/de\\\/malaga-weisse-nacht-2023\\\/#primaryimage\"},\"thumbnailUrl\":\"https:\\\/\\\/i0.wp.com\\\/electriccartour.com\\\/wp-content\\\/uploads\\\/2023\\\/05\\\/street-art-noche-en-blanco-scaled.webp?fit=2560%2C1707&ssl=1\",\"articleSection\":[\"Unkategorisiert\"],\"inLanguage\":\"de\"},{\"@type\":\"WebPage\",\"@id\":\"https:\\\/\\\/electriccartour.com\\\/de\\\/malaga-weisse-nacht-2023\\\/\",\"url\":\"https:\\\/\\\/electriccartour.com\\\/de\\\/malaga-weisse-nacht-2023\\\/\",\"name\":\"Wei\u00dfe Nacht in Malaga\",\"isPartOf\":{\"@id\":\"https:\\\/\\\/electriccartour.com\\\/de\\\/#website\"},\"primaryImageOfPage\":{\"@id\":\"https:\\\/\\\/electriccartour.com\\\/de\\\/malaga-weisse-nacht-2023\\\/#primaryimage\"},\"image\":{\"@id\":\"https:\\\/\\\/electriccartour.com\\\/de\\\/malaga-weisse-nacht-2023\\\/#primaryimage\"},\"thumbnailUrl\":\"https:\\\/\\\/i0.wp.com\\\/electriccartour.com\\\/wp-content\\\/uploads\\\/2023\\\/05\\\/street-art-noche-en-blanco-scaled.webp?fit=2560%2C1707&ssl=1\",\"datePublished\":\"2023-05-21T19:40:41+00:00\",\"dateModified\":\"2025-03-10T21:00:07+00:00\",\"description\":\"La Noche en Blanco de M\u00e1laga ist eine kulturelle und k\u00fcnstlerische Veranstaltung, die j\u00e4hrlich in der Stadt M\u00e1laga stattfindet.\",\"breadcrumb\":{\"@id\":\"https:\\\/\\\/electriccartour.com\\\/de\\\/malaga-weisse-nacht-2023\\\/#breadcrumb\"},\"inLanguage\":\"de\",\"potentialAction\":[{\"@type\":\"ReadAction\",\"target\":[\"https:\\\/\\\/electriccartour.com\\\/de\\\/malaga-weisse-nacht-2023\\\/\"]}]},{\"@type\":\"ImageObject\",\"inLanguage\":\"de\",\"@id\":\"https:\\\/\\\/electriccartour.com\\\/de\\\/malaga-weisse-nacht-2023\\\/#primaryimage\",\"url\":\"https:\\\/\\\/i0.wp.com\\\/electriccartour.com\\\/wp-content\\\/uploads\\\/2023\\\/05\\\/street-art-noche-en-blanco-scaled.webp?fit=2560%2C1707&ssl=1\",\"contentUrl\":\"https:\\\/\\\/i0.wp.com\\\/electriccartour.com\\\/wp-content\\\/uploads\\\/2023\\\/05\\\/street-art-noche-en-blanco-scaled.webp?fit=2560%2C1707&ssl=1\",\"width\":2560,\"height\":1707,\"caption\":\"street art noche en blanco\"},{\"@type\":\"BreadcrumbList\",\"@id\":\"https:\\\/\\\/electriccartour.com\\\/de\\\/malaga-weisse-nacht-2023\\\/#breadcrumb\",\"itemListElement\":[{\"@type\":\"ListItem\",\"position\":1,\"name\":\"Portada\",\"item\":\"https:\\\/\\\/electriccartour.com\\\/de\\\/\"},{\"@type\":\"ListItem\",\"position\":2,\"name\":\"Malaga Wei\u00dfe Nacht 2023\"}]},{\"@type\":\"WebSite\",\"@id\":\"https:\\\/\\\/electriccartour.com\\\/de\\\/#website\",\"url\":\"https:\\\/\\\/electriccartour.com\\\/de\\\/\",\"name\":\"Tours en Coche El\u00e9ctrico en M\u00e1laga \u267b\ufe0f | Electric Car Tour\",\"description\":\"Descubre M\u00e1laga de forma sostenible con Electric Car Tour. Disfruta de tours guiados en coche el\u00e9ctrico y explora los principales atractivos tur\u00edsticos de la ciudad.\",\"publisher\":{\"@id\":\"https:\\\/\\\/electriccartour.com\\\/de\\\/#organization\"},\"alternateName\":\"Electric Car Tour - M\u00e1laga\",\"potentialAction\":[{\"@type\":\"SearchAction\",\"target\":{\"@type\":\"EntryPoint\",\"urlTemplate\":\"https:\\\/\\\/electriccartour.com\\\/de\\\/?s={search_term_string}\"},\"query-input\":{\"@type\":\"PropertyValueSpecification\",\"valueRequired\":true,\"valueName\":\"search_term_string\"}}],\"inLanguage\":\"de\"},{\"@type\":\"Organization\",\"@id\":\"https:\\\/\\\/electriccartour.com\\\/de\\\/#organization\",\"name\":\"Electric Car Tour\",\"alternateName\":\"electriccartour\",\"url\":\"https:\\\/\\\/electriccartour.com\\\/de\\\/\",\"logo\":{\"@type\":\"ImageObject\",\"inLanguage\":\"de\",\"@id\":\"https:\\\/\\\/electriccartour.com\\\/de\\\/#\\\/schema\\\/logo\\\/image\\\/\",\"url\":\"https:\\\/\\\/i0.wp.com\\\/electriccartour.com\\\/wp-content\\\/uploads\\\/2021\\\/12\\\/181002_ECT_Logo5389f3-1920w.png?fit=1920%2C462&ssl=1\",\"contentUrl\":\"https:\\\/\\\/i0.wp.com\\\/electriccartour.com\\\/wp-content\\\/uploads\\\/2021\\\/12\\\/181002_ECT_Logo5389f3-1920w.png?fit=1920%2C462&ssl=1\",\"width\":1920,\"height\":462,\"caption\":\"Electric Car Tour\"},\"image\":{\"@id\":\"https:\\\/\\\/electriccartour.com\\\/de\\\/#\\\/schema\\\/logo\\\/image\\\/\"},\"sameAs\":[\"https:\\\/\\\/www.facebook.com\\\/Tourenvechiculoselectricos\\\/\",\"https:\\\/\\\/x.com\\\/electric_tour\",\"https:\\\/\\\/www.youtube.com\\\/channel\\\/UClzjmLNm6Auwdnix5FwnxXw\",\"https:\\\/\\\/www.instagram.com\\\/electriccartour\\\/\",\"https:\\\/\\\/tripadvisor.com\\\/Attraction_Review-g187438-d15198737-Reviews-Electric_Car_Tour-Malaga_Costa_del_Sol_Province_of_Malaga_Andalucia.html\"]},{\"@type\":\"Person\",\"@id\":\"https:\\\/\\\/electriccartour.com\\\/de\\\/#\\\/schema\\\/person\\\/14020537da6216f7471b49e5e929cba1\",\"name\":\"electriccartour\",\"image\":{\"@type\":\"ImageObject\",\"inLanguage\":\"de\",\"@id\":\"https:\\\/\\\/secure.gravatar.com\\\/avatar\\\/fe8515b4ef6ae0fb0465b6ace38c4969d9b25f2d9a0c49eee2553face0582368?s=96&d=mm&r=g\",\"url\":\"https:\\\/\\\/secure.gravatar.com\\\/avatar\\\/fe8515b4ef6ae0fb0465b6ace38c4969d9b25f2d9a0c49eee2553face0582368?s=96&d=mm&r=g\",\"contentUrl\":\"https:\\\/\\\/secure.gravatar.com\\\/avatar\\\/fe8515b4ef6ae0fb0465b6ace38c4969d9b25f2d9a0c49eee2553face0582368?s=96&d=mm&r=g\",\"caption\":\"electriccartour\"},\"sameAs\":[\"http:\\\/\\\/electriccartour.com\",\"https:\\\/\\\/www.facebook.com\\\/Tourenvechiculoselectricos\\\/\",\"https:\\\/\\\/www.instagram.com\\\/electriccartour\\\/\",\"https:\\\/\\\/www.linkedin.com\\\/in\\\/gema-martnez-aa8ab2183\",\"https:\\\/\\\/x.com\\\/https:\\\/\\\/twitter.com\\\/electric_tour\",\"https:\\\/\\\/www.youtube.com\\\/channel\\\/UClzjmLNm6Auwdnix5FwnxXw\"],\"url\":\"https:\\\/\\\/electriccartour.com\\\/de\\\/author\\\/electriccartour\\\/\"}]}<\/script>\n<!-- \/ Yoast SEO plugin. -->","yoast_head_json":{"title":"Wei\u00dfe Nacht in Malaga","description":"La Noche en Blanco de M\u00e1laga ist eine kulturelle und k\u00fcnstlerische Veranstaltung, die j\u00e4hrlich in der Stadt M\u00e1laga stattfindet.","robots":{"index":"index","follow":"follow","max-snippet":"max-snippet:-1","max-image-preview":"max-image-preview:large","max-video-preview":"max-video-preview:-1"},"canonical":"https:\/\/electriccartour.com\/de\/malaga-weisse-nacht-2023\/","og_locale":"de_DE","og_type":"article","og_title":"Wei\u00dfe Nacht in Malaga","og_description":"La Noche en Blanco de M\u00e1laga ist eine kulturelle und k\u00fcnstlerische Veranstaltung, die j\u00e4hrlich in der Stadt M\u00e1laga stattfindet.","og_url":"https:\/\/electriccartour.com\/de\/malaga-weisse-nacht-2023\/","og_site_name":"Tours en Coche El\u00e9ctrico en M\u00e1laga \u267b\ufe0f | Electric Car Tour","article_publisher":"https:\/\/www.facebook.com\/Tourenvechiculoselectricos\/","article_author":"https:\/\/www.facebook.com\/Tourenvechiculoselectricos\/","article_published_time":"2023-05-21T19:40:41+00:00","article_modified_time":"2025-03-10T21:00:07+00:00","og_image":[{"width":2560,"height":1707,"url":"https:\/\/i0.wp.com\/electriccartour.com\/wp-content\/uploads\/2023\/05\/street-art-noche-en-blanco-scaled.webp?fit=2560%2C1707&ssl=1","type":"image\/webp"}],"author":"electriccartour","twitter_card":"summary_large_image","twitter_creator":"@https:\/\/twitter.com\/electric_tour","twitter_site":"@electric_tour","twitter_misc":{"Verfasst von":"electriccartour","Gesch\u00e4tzte Lesezeit":"1\u00a0Minute"},"schema":{"@context":"https:\/\/schema.org","@graph":[{"@type":"Article","@id":"https:\/\/electriccartour.com\/de\/malaga-weisse-nacht-2023\/#article","isPartOf":{"@id":"https:\/\/electriccartour.com\/de\/malaga-weisse-nacht-2023\/"},"author":{"name":"electriccartour","@id":"https:\/\/electriccartour.com\/de\/#\/schema\/person\/14020537da6216f7471b49e5e929cba1"},"headline":"Malaga Wei\u00dfe Nacht 2023","datePublished":"2023-05-21T19:40:41+00:00","dateModified":"2025-03-10T21:00:07+00:00","mainEntityOfPage":{"@id":"https:\/\/electriccartour.com\/de\/malaga-weisse-nacht-2023\/"},"wordCount":269,"publisher":{"@id":"https:\/\/electriccartour.com\/de\/#organization"},"image":{"@id":"https:\/\/electriccartour.com\/de\/malaga-weisse-nacht-2023\/#primaryimage"},"thumbnailUrl":"https:\/\/i0.wp.com\/electriccartour.com\/wp-content\/uploads\/2023\/05\/street-art-noche-en-blanco-scaled.webp?fit=2560%2C1707&ssl=1","articleSection":["Unkategorisiert"],"inLanguage":"de"},{"@type":"WebPage","@id":"https:\/\/electriccartour.com\/de\/malaga-weisse-nacht-2023\/","url":"https:\/\/electriccartour.com\/de\/malaga-weisse-nacht-2023\/","name":"Wei\u00dfe Nacht in Malaga","isPartOf":{"@id":"https:\/\/electriccartour.com\/de\/#website"},"primaryImageOfPage":{"@id":"https:\/\/electriccartour.com\/de\/malaga-weisse-nacht-2023\/#primaryimage"},"image":{"@id":"https:\/\/electriccartour.com\/de\/malaga-weisse-nacht-2023\/#primaryimage"},"thumbnailUrl":"https:\/\/i0.wp.com\/electriccartour.com\/wp-content\/uploads\/2023\/05\/street-art-noche-en-blanco-scaled.webp?fit=2560%2C1707&ssl=1","datePublished":"2023-05-21T19:40:41+00:00","dateModified":"2025-03-10T21:00:07+00:00","description":"La Noche en Blanco de M\u00e1laga ist eine kulturelle und k\u00fcnstlerische Veranstaltung, die j\u00e4hrlich in der Stadt M\u00e1laga stattfindet.","breadcrumb":{"@id":"https:\/\/electriccartour.com\/de\/malaga-weisse-nacht-2023\/#breadcrumb"},"inLanguage":"de","potentialAction":[{"@type":"ReadAction","target":["https:\/\/electriccartour.com\/de\/malaga-weisse-nacht-2023\/"]}]},{"@type":"ImageObject","inLanguage":"de","@id":"https:\/\/electriccartour.com\/de\/malaga-weisse-nacht-2023\/#primaryimage","url":"https:\/\/i0.wp.com\/electriccartour.com\/wp-content\/uploads\/2023\/05\/street-art-noche-en-blanco-scaled.webp?fit=2560%2C1707&ssl=1","contentUrl":"https:\/\/i0.wp.com\/electriccartour.com\/wp-content\/uploads\/2023\/05\/street-art-noche-en-blanco-scaled.webp?fit=2560%2C1707&ssl=1","width":2560,"height":1707,"caption":"street art noche en blanco"},{"@type":"BreadcrumbList","@id":"https:\/\/electriccartour.com\/de\/malaga-weisse-nacht-2023\/#breadcrumb","itemListElement":[{"@type":"ListItem","position":1,"name":"Portada","item":"https:\/\/electriccartour.com\/de\/"},{"@type":"ListItem","position":2,"name":"Malaga Wei\u00dfe Nacht 2023"}]},{"@type":"WebSite","@id":"https:\/\/electriccartour.com\/de\/#website","url":"https:\/\/electriccartour.com\/de\/","name":"Tours en Coche El\u00e9ctrico en M\u00e1laga \u267b\ufe0f | Electric Car Tour","description":"Descubre M\u00e1laga de forma sostenible con Electric Car Tour. Disfruta de tours guiados en coche el\u00e9ctrico y explora los principales atractivos tur\u00edsticos de la ciudad.","publisher":{"@id":"https:\/\/electriccartour.com\/de\/#organization"},"alternateName":"Electric Car Tour - M\u00e1laga","potentialAction":[{"@type":"SearchAction","target":{"@type":"EntryPoint","urlTemplate":"https:\/\/electriccartour.com\/de\/?s={search_term_string}"},"query-input":{"@type":"PropertyValueSpecification","valueRequired":true,"valueName":"search_term_string"}}],"inLanguage":"de"},{"@type":"Organization","@id":"https:\/\/electriccartour.com\/de\/#organization","name":"Electric Car Tour","alternateName":"electriccartour","url":"https:\/\/electriccartour.com\/de\/","logo":{"@type":"ImageObject","inLanguage":"de","@id":"https:\/\/electriccartour.com\/de\/#\/schema\/logo\/image\/","url":"https:\/\/i0.wp.com\/electriccartour.com\/wp-content\/uploads\/2021\/12\/181002_ECT_Logo5389f3-1920w.png?fit=1920%2C462&ssl=1","contentUrl":"https:\/\/i0.wp.com\/electriccartour.com\/wp-content\/uploads\/2021\/12\/181002_ECT_Logo5389f3-1920w.png?fit=1920%2C462&ssl=1","width":1920,"height":462,"caption":"Electric Car Tour"},"image":{"@id":"https:\/\/electriccartour.com\/de\/#\/schema\/logo\/image\/"},"sameAs":["https:\/\/www.facebook.com\/Tourenvechiculoselectricos\/","https:\/\/x.com\/electric_tour","https:\/\/www.youtube.com\/channel\/UClzjmLNm6Auwdnix5FwnxXw","https:\/\/www.instagram.com\/electriccartour\/","https:\/\/tripadvisor.com\/Attraction_Review-g187438-d15198737-Reviews-Electric_Car_Tour-Malaga_Costa_del_Sol_Province_of_Malaga_Andalucia.html"]},{"@type":"Person","@id":"https:\/\/electriccartour.com\/de\/#\/schema\/person\/14020537da6216f7471b49e5e929cba1","name":"electriccartour","image":{"@type":"ImageObject","inLanguage":"de","@id":"https:\/\/secure.gravatar.com\/avatar\/fe8515b4ef6ae0fb0465b6ace38c4969d9b25f2d9a0c49eee2553face0582368?s=96&d=mm&r=g","url":"https:\/\/secure.gravatar.com\/avatar\/fe8515b4ef6ae0fb0465b6ace38c4969d9b25f2d9a0c49eee2553face0582368?s=96&d=mm&r=g","contentUrl":"https:\/\/secure.gravatar.com\/avatar\/fe8515b4ef6ae0fb0465b6ace38c4969d9b25f2d9a0c49eee2553face0582368?s=96&d=mm&r=g","caption":"electriccartour"},"sameAs":["http:\/\/electriccartour.com","https:\/\/www.facebook.com\/Tourenvechiculoselectricos\/","https:\/\/www.instagram.com\/electriccartour\/","https:\/\/www.linkedin.com\/in\/gema-martnez-aa8ab2183","https:\/\/x.com\/https:\/\/twitter.com\/electric_tour","https:\/\/www.youtube.com\/channel\/UClzjmLNm6Auwdnix5FwnxXw"],"url":"https:\/\/electriccartour.com\/de\/author\/electriccartour\/"}]}},"jetpack_featured_media_url":"https:\/\/i0.wp.com\/electriccartour.com\/wp-content\/uploads\/2023\/05\/street-art-noche-en-blanco-scaled.webp?fit=2560%2C1707&ssl=1","jetpack_sharing_enabled":true,"_links":{"self":[{"href":"https:\/\/electriccartour.com\/de\/wp-json\/wp\/v2\/posts\/8274","targetHints":{"allow":["GET"]}}],"collection":[{"href":"https:\/\/electriccartour.com\/de\/wp-json\/wp\/v2\/posts"}],"about":[{"href":"https:\/\/electriccartour.com\/de\/wp-json\/wp\/v2\/types\/post"}],"author":[{"embeddable":true,"href":"https:\/\/electriccartour.com\/de\/wp-json\/wp\/v2\/users\/1"}],"replies":[{"embeddable":true,"href":"https:\/\/electriccartour.com\/de\/wp-json\/wp\/v2\/comments?post=8274"}],"version-history":[{"count":0,"href":"https:\/\/electriccartour.com\/de\/wp-json\/wp\/v2\/posts\/8274\/revisions"}],"wp:featuredmedia":[{"embeddable":true,"href":"https:\/\/electriccartour.com\/de\/wp-json\/wp\/v2\/media\/8254"}],"wp:attachment":[{"href":"https:\/\/electriccartour.com\/de\/wp-json\/wp\/v2\/media?parent=8274"}],"wp:term":[{"taxonomy":"category","embeddable":true,"href":"https:\/\/electriccartour.com\/de\/wp-json\/wp\/v2\/categories?post=8274"},{"taxonomy":"post_tag","embeddable":true,"href":"https:\/\/electriccartour.com\/de\/wp-json\/wp\/v2\/tags?post=8274"}],"curies":[{"name":"wp","href":"https:\/\/api.w.org\/{rel}","templated":true}]}}