{"id":9684,"date":"2023-08-30T17:12:22","date_gmt":"2023-08-30T16:12:22","guid":{"rendered":"https:\/\/electriccartour.com\/reisen-mit-dem-elektroauto\/"},"modified":"2025-02-16T21:33:52","modified_gmt":"2025-02-16T20:33:52","slug":"reisen-mit-dem-elektroauto","status":"publish","type":"post","link":"https:\/\/electriccartour.com\/de\/reisen-mit-dem-elektroauto\/","title":{"rendered":"Reisen mit dem Elektroauto"},"content":{"rendered":"\t\t<div data-elementor-type=\"wp-post\" data-elementor-id=\"9684\" class=\"elementor elementor-9684 elementor-9632\" data-elementor-post-type=\"post\">\n\t\t\t\t\t\t<section class=\"elementor-section elementor-top-section elementor-element elementor-element-a9302d8 elementor-section-boxed elementor-section-height-default elementor-section-height-default\" data-id=\"a9302d8\" data-element_type=\"section\" data-e-type=\"section\">\n\t\t\t\t\t\t<div class=\"elementor-container elementor-column-gap-default\">\n\t\t\t\t\t<div class=\"elementor-column elementor-col-100 elementor-top-column elementor-element elementor-element-5a3471d\" data-id=\"5a3471d\" data-element_type=\"column\" data-e-type=\"column\">\n\t\t\t<div class=\"elementor-widget-wrap elementor-element-populated\">\n\t\t\t\t\t\t<div class=\"elementor-element elementor-element-692a0f3 elementor-widget elementor-widget-heading\" data-id=\"692a0f3\" data-element_type=\"widget\" data-e-type=\"widget\" data-widget_type=\"heading.default\">\n\t\t\t\t<div class=\"elementor-widget-container\">\n\t\t\t\t\t<h2 class=\"elementor-heading-title elementor-size-default\"><b><span style=\"color: var( --e-global-color-primary );letter-spacing: -0.02em\">L<\/span><span style=\"color: var( --e-global-color-primary );letter-spacing: -0.02em\">ie Electric Car Tour Familie reist mit dem Elektroauto<\/span><\/b><\/h2>\t\t\t\t<\/div>\n\t\t\t\t<\/div>\n\t\t\t\t\t<\/div>\n\t\t<\/div>\n\t\t\t\t\t<\/div>\n\t\t<\/section>\n\t\t\t\t<section class=\"elementor-section elementor-top-section elementor-element elementor-element-0f274b8 elementor-section-boxed elementor-section-height-default elementor-section-height-default\" data-id=\"0f274b8\" data-element_type=\"section\" data-e-type=\"section\">\n\t\t\t\t\t\t<div class=\"elementor-container elementor-column-gap-default\">\n\t\t\t\t\t<div class=\"elementor-column elementor-col-100 elementor-top-column elementor-element elementor-element-0b9a931\" data-id=\"0b9a931\" data-element_type=\"column\" data-e-type=\"column\">\n\t\t\t<div class=\"elementor-widget-wrap elementor-element-populated\">\n\t\t\t\t\t\t<div class=\"elementor-element elementor-element-9f50836 elementor-widget elementor-widget-image\" data-id=\"9f50836\" data-element_type=\"widget\" data-e-type=\"widget\" data-widget_type=\"image.default\">\n\t\t\t\t<div class=\"elementor-widget-container\">\n\t\t\t\t\t\t\t\t\t\t\t\t\t\t\t<img fetchpriority=\"high\" decoding=\"async\" width=\"300\" height=\"225\" src=\"https:\/\/i0.wp.com\/electriccartour.com\/wp-content\/uploads\/2023\/08\/viajando-en-coche-electrico-scaled.jpg?fit=300%2C225&amp;ssl=1\" class=\"attachment-medium size-medium wp-image-9640\" alt=\"viajando en coche el\u00e9ctrico\" srcset=\"https:\/\/i0.wp.com\/electriccartour.com\/wp-content\/uploads\/2023\/08\/viajando-en-coche-electrico-scaled.jpg?w=2560&amp;ssl=1 2560w, https:\/\/i0.wp.com\/electriccartour.com\/wp-content\/uploads\/2023\/08\/viajando-en-coche-electrico-scaled.jpg?resize=300%2C225&amp;ssl=1 300w, https:\/\/i0.wp.com\/electriccartour.com\/wp-content\/uploads\/2023\/08\/viajando-en-coche-electrico-scaled.jpg?resize=1024%2C768&amp;ssl=1 1024w, https:\/\/i0.wp.com\/electriccartour.com\/wp-content\/uploads\/2023\/08\/viajando-en-coche-electrico-scaled.jpg?resize=768%2C576&amp;ssl=1 768w, https:\/\/i0.wp.com\/electriccartour.com\/wp-content\/uploads\/2023\/08\/viajando-en-coche-electrico-scaled.jpg?resize=1536%2C1152&amp;ssl=1 1536w, https:\/\/i0.wp.com\/electriccartour.com\/wp-content\/uploads\/2023\/08\/viajando-en-coche-electrico-scaled.jpg?resize=2048%2C1536&amp;ssl=1 2048w, https:\/\/i0.wp.com\/electriccartour.com\/wp-content\/uploads\/2023\/08\/viajando-en-coche-electrico-scaled.jpg?resize=1568%2C1176&amp;ssl=1 1568w, https:\/\/i0.wp.com\/electriccartour.com\/wp-content\/uploads\/2023\/08\/viajando-en-coche-electrico-scaled.jpg?resize=1320%2C990&amp;ssl=1 1320w, https:\/\/i0.wp.com\/electriccartour.com\/wp-content\/uploads\/2023\/08\/viajando-en-coche-electrico-scaled.jpg?resize=450%2C338&amp;ssl=1 450w, https:\/\/i0.wp.com\/electriccartour.com\/wp-content\/uploads\/2023\/08\/viajando-en-coche-electrico-scaled.jpg?w=1920&amp;ssl=1 1920w\" sizes=\"(max-width: 300px) 100vw, 300px\" \/>\t\t\t\t\t\t\t\t\t\t\t\t\t\t\t<\/div>\n\t\t\t\t<\/div>\n\t\t\t\t\t<\/div>\n\t\t<\/div>\n\t\t\t\t\t<\/div>\n\t\t<\/section>\n\t\t\t\t<section class=\"elementor-section elementor-top-section elementor-element elementor-element-4bfde66 elementor-section-boxed elementor-section-height-default elementor-section-height-default\" data-id=\"4bfde66\" data-element_type=\"section\" data-e-type=\"section\">\n\t\t\t\t\t\t<div class=\"elementor-container elementor-column-gap-default\">\n\t\t\t\t\t<div class=\"elementor-column elementor-col-100 elementor-top-column elementor-element elementor-element-6bbfd87\" data-id=\"6bbfd87\" data-element_type=\"column\" data-e-type=\"column\">\n\t\t\t<div class=\"elementor-widget-wrap elementor-element-populated\">\n\t\t\t\t\t\t<div class=\"elementor-element elementor-element-b9cf693 elementor-widget elementor-widget-text-editor\" data-id=\"b9cf693\" data-element_type=\"widget\" data-e-type=\"widget\" data-widget_type=\"text-editor.default\">\n\t\t\t\t<div class=\"elementor-widget-container\">\n\t\t\t\t\t\t\t\t\t<p>In unserem heutigen Artikel erz\u00e4hlen wir Ihnen von der Erfahrung, mit einem Elektroauto zu reisen. <b>Auch<\/b><b> die Familie von Electric Car Tour<\/b> <b>reist<\/b> im Urlaub <b>mit einem Elektroauto<\/b>, denn obwohl viele es nicht glauben, sind sie nicht die einzigen, die mit einem Elektroauto reisen:<\/p>\n\t\t\t\t\t\t\t\t<\/div>\n\t\t\t\t<\/div>\n\t\t\t\t\t<\/div>\n\t\t<\/div>\n\t\t\t\t\t<\/div>\n\t\t<\/section>\n\t\t\t\t<section class=\"elementor-section elementor-top-section elementor-element elementor-element-22de1b8 elementor-section-boxed elementor-section-height-default elementor-section-height-default\" data-id=\"22de1b8\" data-element_type=\"section\" data-e-type=\"section\">\n\t\t\t\t\t\t<div class=\"elementor-container elementor-column-gap-default\">\n\t\t\t\t\t<div class=\"elementor-column elementor-col-100 elementor-top-column elementor-element elementor-element-121e8fc\" data-id=\"121e8fc\" data-element_type=\"column\" data-e-type=\"column\">\n\t\t\t<div class=\"elementor-widget-wrap elementor-element-populated\">\n\t\t\t\t\t\t<div class=\"elementor-element elementor-element-08678e7 elementor-widget elementor-widget-heading\" data-id=\"08678e7\" data-element_type=\"widget\" data-e-type=\"widget\" data-widget_type=\"heading.default\">\n\t\t\t\t<div class=\"elementor-widget-container\">\n\t\t\t\t\t<h2 class=\"elementor-heading-title elementor-size-medium\"><u>Reisen mit dem Elektroauto ist<b> m\u00f6glich, und es ist keine Odyssee<\/b>.<\/u><\/h2>\t\t\t\t<\/div>\n\t\t\t\t<\/div>\n\t\t\t\t\t<\/div>\n\t\t<\/div>\n\t\t\t\t\t<\/div>\n\t\t<\/section>\n\t\t\t\t<section class=\"elementor-section elementor-top-section elementor-element elementor-element-c3c291c elementor-section-boxed elementor-section-height-default elementor-section-height-default\" data-id=\"c3c291c\" data-element_type=\"section\" data-e-type=\"section\">\n\t\t\t\t\t\t<div class=\"elementor-container elementor-column-gap-default\">\n\t\t\t\t\t<div class=\"elementor-column elementor-col-100 elementor-top-column elementor-element elementor-element-a4a973e\" data-id=\"a4a973e\" data-element_type=\"column\" data-e-type=\"column\">\n\t\t\t<div class=\"elementor-widget-wrap elementor-element-populated\">\n\t\t\t\t\t\t<div class=\"elementor-element elementor-element-7b832c3 elementor-widget elementor-widget-text-editor\" data-id=\"7b832c3\" data-element_type=\"widget\" data-e-type=\"widget\" data-widget_type=\"text-editor.default\">\n\t\t\t\t<div class=\"elementor-widget-container\">\n\t\t\t\t\t\t\t\t\t<p>Aus diesem Anlass haben wir uns ein paar Tage frei genommen, um mit der Familie die Stadt zu erkunden, und der gew\u00e4hlte Ort ist <b>&#8222;La manga del mar menor&#8220;<\/b> in<b> Murcia <\/b>.  <\/p>\n<p><b>Das Reisen mit einem Elektroauto hat mehrere<\/b> wichtige <b>Vorteile und \u00dcberlegungen<\/b>:<\/p>\n<p>Elektroautos sto\u00dfen im Vergleich zu Fahrzeugen mit Verbrennungsmotor weniger Treibhausgase und lokale Schadstoffe aus und tragen so zur Verringerung der Luftverschmutzung und des Klimawandels bei.<\/p>\n<p><b>Sie<\/b> sind bekannt f\u00fcr ihr sanftes und leises Fahrverhalten und ihre schnelle Reaktion. Es gibt keine Vibrationen oder Motorger\u00e4usche, was zu einem angenehmeren Fahrerlebnis f\u00fchren kann.<\/p>\n<\/p>\n<p>Obwohl Strom in der Regel billiger ist als Benzin oder Diesel, was langfristig zu Einsparungen f\u00fchren kann, ist dies bei langen Fahrten wie der, die wir vorhaben, eine der \u00dcberlegungen, die aufgrund der h\u00f6heren Kosten f\u00fcr die Schnellladestationen, die wir auf der Fahrt nutzen werden, in Betracht gezogen werden m\u00fcssen.  <\/p>\n<p>Trotzdem haben wir am Ende der Reise ausgerechnet, dass wir im Vergleich zu einem Dieselfahrzeug etwa 40 \u20ac sparen.  <\/p>\n\t\t\t\t\t\t\t\t<\/div>\n\t\t\t\t<\/div>\n\t\t\t\t\t<\/div>\n\t\t<\/div>\n\t\t\t\t\t<\/div>\n\t\t<\/section>\n\t\t\t\t<section class=\"elementor-section elementor-top-section elementor-element elementor-element-021383e elementor-section-boxed elementor-section-height-default elementor-section-height-default\" data-id=\"021383e\" data-element_type=\"section\" data-e-type=\"section\">\n\t\t\t\t\t\t<div class=\"elementor-container elementor-column-gap-default\">\n\t\t\t\t\t<div class=\"elementor-column elementor-col-100 elementor-top-column elementor-element elementor-element-a588e11\" data-id=\"a588e11\" data-element_type=\"column\" data-e-type=\"column\">\n\t\t\t<div class=\"elementor-widget-wrap elementor-element-populated\">\n\t\t\t\t\t\t<div class=\"elementor-element elementor-element-1eb5b37 elementor-widget elementor-widget-image\" data-id=\"1eb5b37\" data-element_type=\"widget\" data-e-type=\"widget\" data-widget_type=\"image.default\">\n\t\t\t\t<div class=\"elementor-widget-container\">\n\t\t\t\t\t\t\t\t\t\t\t\t\t\t\t<img decoding=\"async\" width=\"640\" height=\"288\" src=\"https:\/\/i0.wp.com\/electriccartour.com\/wp-content\/uploads\/2023\/08\/plano-viaje-en-coche-electrico.jpeg?fit=640%2C288&amp;ssl=1\" class=\"attachment-large size-large wp-image-9645\" alt=\"plano-viaje-en-coche-el\u00e9ctrico\" srcset=\"https:\/\/i0.wp.com\/electriccartour.com\/wp-content\/uploads\/2023\/08\/plano-viaje-en-coche-electrico.jpeg?w=2048&amp;ssl=1 2048w, https:\/\/i0.wp.com\/electriccartour.com\/wp-content\/uploads\/2023\/08\/plano-viaje-en-coche-electrico.jpeg?resize=300%2C135&amp;ssl=1 300w, https:\/\/i0.wp.com\/electriccartour.com\/wp-content\/uploads\/2023\/08\/plano-viaje-en-coche-electrico.jpeg?resize=1024%2C461&amp;ssl=1 1024w, https:\/\/i0.wp.com\/electriccartour.com\/wp-content\/uploads\/2023\/08\/plano-viaje-en-coche-electrico.jpeg?resize=768%2C345&amp;ssl=1 768w, https:\/\/i0.wp.com\/electriccartour.com\/wp-content\/uploads\/2023\/08\/plano-viaje-en-coche-electrico.jpeg?resize=1536%2C691&amp;ssl=1 1536w, https:\/\/i0.wp.com\/electriccartour.com\/wp-content\/uploads\/2023\/08\/plano-viaje-en-coche-electrico.jpeg?resize=1568%2C705&amp;ssl=1 1568w, https:\/\/i0.wp.com\/electriccartour.com\/wp-content\/uploads\/2023\/08\/plano-viaje-en-coche-electrico.jpeg?resize=1320%2C594&amp;ssl=1 1320w, https:\/\/i0.wp.com\/electriccartour.com\/wp-content\/uploads\/2023\/08\/plano-viaje-en-coche-electrico.jpeg?resize=450%2C202&amp;ssl=1 450w, https:\/\/i0.wp.com\/electriccartour.com\/wp-content\/uploads\/2023\/08\/plano-viaje-en-coche-electrico.jpeg?w=1920&amp;ssl=1 1920w\" sizes=\"(max-width: 640px) 100vw, 640px\" \/>\t\t\t\t\t\t\t\t\t\t\t\t\t\t\t<\/div>\n\t\t\t\t<\/div>\n\t\t\t\t\t<\/div>\n\t\t<\/div>\n\t\t\t\t\t<\/div>\n\t\t<\/section>\n\t\t\t\t<section class=\"elementor-section elementor-top-section elementor-element elementor-element-c835175 elementor-section-boxed elementor-section-height-default elementor-section-height-default\" data-id=\"c835175\" data-element_type=\"section\" data-e-type=\"section\">\n\t\t\t\t\t\t<div class=\"elementor-container elementor-column-gap-default\">\n\t\t\t\t\t<div class=\"elementor-column elementor-col-100 elementor-top-column elementor-element elementor-element-029b965\" data-id=\"029b965\" data-element_type=\"column\" data-e-type=\"column\">\n\t\t\t<div class=\"elementor-widget-wrap elementor-element-populated\">\n\t\t\t\t\t\t<div class=\"elementor-element elementor-element-0908c78 elementor-widget elementor-widget-text-editor\" data-id=\"0908c78\" data-element_type=\"widget\" data-e-type=\"widget\" data-widget_type=\"text-editor.default\">\n\t\t\t\t<div class=\"elementor-widget-container\">\n\t\t\t\t\t\t\t\t\t<p>Wir fuhren auf der Autobahn und einem Teilst\u00fcck der Autobahn von <b>Almer\u00eda<\/b> bis fast nach <b>Cartagena<\/b>. <\/p>\n<p>Wie Sie auf der Karte sehen k\u00f6nnen, <b>ist die Strecke etwa 400 km lang <\/b>, und um unser Elektrofahrzeug aufzuladen und in der Zwischenzeit etwas zu essen, haben wir beschlossen, auf halber Strecke in Almeria anzuhalten.  <\/p>\n<p>Obwohl sich die Reichweite von Elektroautos in den letzten Jahren deutlich verbessert hat, kann sie im Vergleich zu Fahrzeugen mit Verbrennungsmotor immer noch geringer sein. Dar\u00fcber hinaus ist es wichtig, bei der Planung Ihrer Routen die Verf\u00fcgbarkeit von Ladestationen zu ber\u00fccksichtigen.<\/p>\n<\/p>\n<p>Es ist wichtig, dass Sie sich vergewissern, dass es in den von Ihnen geplanten Gebieten ausreichend Ladestationen gibt und dass Sie \u00fcber die n\u00f6tigen Hilfsmittel verf\u00fcgen, um diese Ladestationen zu erreichen. Heute gibt es unz\u00e4hlige mobile Anwendungen, mit denen Sie Ladestationen finden und sogar Ihre Reise in der APP planen k\u00f6nnen. ( electromaps, zunder, iberdrola, endesa, repsol und die eigenen Anwendungen von BP )<\/p>\n\t\t\t\t\t\t\t\t<\/div>\n\t\t\t\t<\/div>\n\t\t\t\t\t<\/div>\n\t\t<\/div>\n\t\t\t\t\t<\/div>\n\t\t<\/section>\n\t\t\t\t<section class=\"elementor-section elementor-top-section elementor-element elementor-element-5b60b83 elementor-section-boxed elementor-section-height-default elementor-section-height-default\" data-id=\"5b60b83\" data-element_type=\"section\" data-e-type=\"section\">\n\t\t\t\t\t\t<div class=\"elementor-container elementor-column-gap-default\">\n\t\t\t\t\t<div class=\"elementor-column elementor-col-100 elementor-top-column elementor-element elementor-element-811fe25\" data-id=\"811fe25\" data-element_type=\"column\" data-e-type=\"column\">\n\t\t\t<div class=\"elementor-widget-wrap elementor-element-populated\">\n\t\t\t\t\t\t<div class=\"elementor-element elementor-element-bd1a22c elementor-widget elementor-widget-image\" data-id=\"bd1a22c\" data-element_type=\"widget\" data-e-type=\"widget\" data-widget_type=\"image.default\">\n\t\t\t\t<div class=\"elementor-widget-container\">\n\t\t\t\t\t\t\t\t\t\t\t\t\t\t\t<img decoding=\"async\" width=\"640\" height=\"480\" src=\"https:\/\/i0.wp.com\/electriccartour.com\/wp-content\/uploads\/2023\/08\/punto-de-carga-viaje-coche-electrico-scaled.jpg?fit=640%2C480&amp;ssl=1\" class=\"attachment-large size-large wp-image-9649\" alt=\"punto-de-carga-viaje-coche-electrico\" srcset=\"https:\/\/i0.wp.com\/electriccartour.com\/wp-content\/uploads\/2023\/08\/punto-de-carga-viaje-coche-electrico-scaled.jpg?w=2560&amp;ssl=1 2560w, https:\/\/i0.wp.com\/electriccartour.com\/wp-content\/uploads\/2023\/08\/punto-de-carga-viaje-coche-electrico-scaled.jpg?resize=300%2C225&amp;ssl=1 300w, https:\/\/i0.wp.com\/electriccartour.com\/wp-content\/uploads\/2023\/08\/punto-de-carga-viaje-coche-electrico-scaled.jpg?resize=1024%2C768&amp;ssl=1 1024w, https:\/\/i0.wp.com\/electriccartour.com\/wp-content\/uploads\/2023\/08\/punto-de-carga-viaje-coche-electrico-scaled.jpg?resize=768%2C576&amp;ssl=1 768w, https:\/\/i0.wp.com\/electriccartour.com\/wp-content\/uploads\/2023\/08\/punto-de-carga-viaje-coche-electrico-scaled.jpg?resize=1536%2C1152&amp;ssl=1 1536w, https:\/\/i0.wp.com\/electriccartour.com\/wp-content\/uploads\/2023\/08\/punto-de-carga-viaje-coche-electrico-scaled.jpg?resize=2048%2C1536&amp;ssl=1 2048w, https:\/\/i0.wp.com\/electriccartour.com\/wp-content\/uploads\/2023\/08\/punto-de-carga-viaje-coche-electrico-scaled.jpg?resize=1568%2C1176&amp;ssl=1 1568w, https:\/\/i0.wp.com\/electriccartour.com\/wp-content\/uploads\/2023\/08\/punto-de-carga-viaje-coche-electrico-scaled.jpg?resize=1320%2C990&amp;ssl=1 1320w, https:\/\/i0.wp.com\/electriccartour.com\/wp-content\/uploads\/2023\/08\/punto-de-carga-viaje-coche-electrico-scaled.jpg?resize=450%2C338&amp;ssl=1 450w, https:\/\/i0.wp.com\/electriccartour.com\/wp-content\/uploads\/2023\/08\/punto-de-carga-viaje-coche-electrico-scaled.jpg?w=1920&amp;ssl=1 1920w\" sizes=\"(max-width: 640px) 100vw, 640px\" \/>\t\t\t\t\t\t\t\t\t\t\t\t\t\t\t<\/div>\n\t\t\t\t<\/div>\n\t\t\t\t\t<\/div>\n\t\t<\/div>\n\t\t\t\t\t<\/div>\n\t\t<\/section>\n\t\t\t\t<section class=\"elementor-section elementor-top-section elementor-element elementor-element-00c9dfc elementor-section-boxed elementor-section-height-default elementor-section-height-default\" data-id=\"00c9dfc\" data-element_type=\"section\" data-e-type=\"section\">\n\t\t\t\t\t\t<div class=\"elementor-container elementor-column-gap-default\">\n\t\t\t\t\t<div class=\"elementor-column elementor-col-100 elementor-top-column elementor-element elementor-element-40e9a42\" data-id=\"40e9a42\" data-element_type=\"column\" data-e-type=\"column\">\n\t\t\t<div class=\"elementor-widget-wrap elementor-element-populated\">\n\t\t\t\t\t\t<div class=\"elementor-element elementor-element-e60dcf4 elementor-widget elementor-widget-text-editor\" data-id=\"e60dcf4\" data-element_type=\"widget\" data-e-type=\"widget\" data-widget_type=\"text-editor.default\">\n\t\t\t\t<div class=\"elementor-widget-container\">\n\t\t\t\t\t\t\t\t\t<p>In diesem Fall <b>ist<\/b> das Fahrzeug, mit dem <b>wir unterwegs waren, ein Citro\u00ebn EC4<\/b> mit einer <b>zugelassenen Reichweite von 360 km<\/b>, aber Sie m\u00fcssen bedenken, dass <b>sich die Reichweite verringert, wenn Sie auf der Autobahn fahren<\/b>. Deshalb haben wir beschlossen, auf halber Strecke anzuhalten, um zu tanken und mit den Kleinen etwas zu essen. Eine erste Strecke von 200 km und etwa 2 Stunden, und bei der Ankunft mit einer Batterie von 30%. Es dauert etwas mehr als <b>eine Stunde<\/b> <b>, um zu essen<\/b> und Kaffee zu trinken, w\u00e4hrend die Kinder auf dem Spielplatz spielen. Da die <b>Batterie in dieser Stunde 95 % erreicht<\/b> hatte, setzten wir unsere Reise nach Cartagena fort. Die Strecke wird mit einer Durchschnittsgeschwindigkeit von etwa 100 Stundenkilometern zur\u00fcckgelegt, wobei die Geschwindigkeitsbegrenzungen abschnittsweise nicht \u00fcberschritten werden und mit 120 Stundenkilometern \u00fcberholt wird. Die Reise war weder langsam noch schnell, wir genossen die Stra\u00dfe und unseren Familienurlaub.  <\/p>\n<\/p>\n<p>Nach weiteren 220 km und 2 Stunden Fahrt kamen wir an unserem Ziel, dem <b>Campingplatz Capfun <\/b>in La Manga del Mar Menor<b> (Murcia<\/b>), an. Insgesamt<b> brauchten wir<\/b>, den Zwischenstopp zum Aufladen &#8211; Mittagessen &#8211; mitgerechnet,<b> 5 Stunden, um unser Ziel zu erreichen,<\/b> die <b>gleiche Zeit,<\/b> die wir mit unserem vorherigen<b> Dieselauto<\/b> gebraucht h\u00e4tten<b>.<\/b><\/p>\n<p>Die heutigen <b>Schnellladungen<\/b> in den meisten Elektroautos ben\u00f6tigen in der Regel etwa <b>40 Minuten von 20 % auf 80 %<\/b>, wie im Fall unseres <b>Citro\u00ebn EC4<\/b> (bei anderen Modellen sogar noch weniger), und wenn wir es eilig haben, die volle Ladung zu erreichen, ist er in 1 Stunde &#8211; so lange dauert es, um ein Mittagessen zuzubereiten &#8211; bereit zur Weiterfahrt.  <\/p>\n<\/p>\n<p><b>Kurz gesagt<\/b>, das Reisen mit einem Elektroauto kann eine ausgezeichnete Option f\u00fcr diejenigen sein, die einen Beitrag zur \u00f6kologischen Nachhaltigkeit leisten und ein modernes und effizientes Fahrerlebnis genie\u00dfen m\u00f6chten. Es ist jedoch wichtig, dass Sie Ihre Fahrten unter Ber\u00fccksichtigung von Reichweite, Ladeinfrastruktur und anderen spezifischen Aspekten f\u00fcr Elektroautos planen. Nach Berechnungen von Iberdrola bel\u00e4uft sich die CO2-Vermeidung w\u00e4hrend der Fahrt auf etwa 400 kg, und die Einsparung bei den Kraftstoffkosten im Vergleich zu Diesel betr\u00e4gt etwa 40 \u20ac.<\/p>\n<p><b>Es ist m\u00f6glich, mit einem Elektroauto zu reisen, und es ist keine Odyssee <\/b>, wie manche sagen, es ist einfach eine Frage des Nachdenkens und des Umdenkens, denn <b>ein Elektroauto zu besitzen ist eine Lebensweise<\/b>, die viele von uns heutzutage w\u00e4hlen, um <b>ein Sandkorn zur Erhaltung unseres Planeten beitragen zu k\u00f6nnen. <\/b> <\/p>\n\t\t\t\t\t\t\t\t<\/div>\n\t\t\t\t<\/div>\n\t\t\t\t\t<\/div>\n\t\t<\/div>\n\t\t\t\t\t<\/div>\n\t\t<\/section>\n\t\t\t\t<section class=\"elementor-section elementor-top-section elementor-element elementor-element-a138aeb elementor-section-boxed elementor-section-height-default elementor-section-height-default\" data-id=\"a138aeb\" data-element_type=\"section\" data-e-type=\"section\">\n\t\t\t\t\t\t<div class=\"elementor-container elementor-column-gap-default\">\n\t\t\t\t\t<div class=\"elementor-column elementor-col-100 elementor-top-column elementor-element elementor-element-97b6048\" data-id=\"97b6048\" data-element_type=\"column\" data-e-type=\"column\">\n\t\t\t<div class=\"elementor-widget-wrap elementor-element-populated\">\n\t\t\t\t\t\t<div class=\"elementor-element elementor-element-944ae92 elementor-align-center elementor-widget elementor-widget-button\" data-id=\"944ae92\" data-element_type=\"widget\" data-e-type=\"widget\" data-widget_type=\"button.default\">\n\t\t\t\t<div class=\"elementor-widget-container\">\n\t\t\t\t\t\t\t\t\t<div class=\"elementor-button-wrapper\">\n\t\t\t\t\t<a class=\"elementor-button elementor-button-link elementor-size-sm\" href=\"https:\/\/electriccartour.com\/de\/alle-touren\/\">\n\t\t\t\t\t\t<span class=\"elementor-button-content-wrapper\">\n\t\t\t\t\t\t\t\t\t<span class=\"elementor-button-text\">Entdecken Sie alle unsere Touren in M\u00e1laga im Elektroauto<\/span>\n\t\t\t\t\t<\/span>\n\t\t\t\t\t<\/a>\n\t\t\t\t<\/div>\n\t\t\t\t\t\t\t\t<\/div>\n\t\t\t\t<\/div>\n\t\t\t\t\t<\/div>\n\t\t<\/div>\n\t\t\t\t\t<\/div>\n\t\t<\/section>\n\t\t\t\t<section class=\"elementor-section elementor-top-section elementor-element elementor-element-a067dc8 elementor-section-boxed elementor-section-height-default elementor-section-height-default\" data-id=\"a067dc8\" data-element_type=\"section\" data-e-type=\"section\">\n\t\t\t\t\t\t<div class=\"elementor-container elementor-column-gap-default\">\n\t\t\t\t\t<div class=\"elementor-column elementor-col-33 elementor-top-column elementor-element elementor-element-48a5dbb\" data-id=\"48a5dbb\" data-element_type=\"column\" data-e-type=\"column\">\n\t\t\t<div class=\"elementor-widget-wrap elementor-element-populated\">\n\t\t\t\t\t\t<div class=\"elementor-element elementor-element-c314d5b elementor-widget elementor-widget-image\" data-id=\"c314d5b\" data-element_type=\"widget\" data-e-type=\"widget\" data-widget_type=\"image.default\">\n\t\t\t\t<div class=\"elementor-widget-container\">\n\t\t\t\t\t\t\t\t\t\t\t\t\t\t\t<img loading=\"lazy\" decoding=\"async\" width=\"640\" height=\"480\" src=\"https:\/\/i0.wp.com\/electriccartour.com\/wp-content\/uploads\/2023\/08\/20230823_105429-scaled.jpg?fit=640%2C480&amp;ssl=1\" class=\"attachment-large size-large wp-image-9653\" alt=\"\" srcset=\"https:\/\/i0.wp.com\/electriccartour.com\/wp-content\/uploads\/2023\/08\/20230823_105429-scaled.jpg?w=2560&amp;ssl=1 2560w, https:\/\/i0.wp.com\/electriccartour.com\/wp-content\/uploads\/2023\/08\/20230823_105429-scaled.jpg?resize=300%2C225&amp;ssl=1 300w, https:\/\/i0.wp.com\/electriccartour.com\/wp-content\/uploads\/2023\/08\/20230823_105429-scaled.jpg?resize=1024%2C768&amp;ssl=1 1024w, https:\/\/i0.wp.com\/electriccartour.com\/wp-content\/uploads\/2023\/08\/20230823_105429-scaled.jpg?resize=768%2C576&amp;ssl=1 768w, https:\/\/i0.wp.com\/electriccartour.com\/wp-content\/uploads\/2023\/08\/20230823_105429-scaled.jpg?resize=1536%2C1152&amp;ssl=1 1536w, https:\/\/i0.wp.com\/electriccartour.com\/wp-content\/uploads\/2023\/08\/20230823_105429-scaled.jpg?resize=2048%2C1536&amp;ssl=1 2048w, https:\/\/i0.wp.com\/electriccartour.com\/wp-content\/uploads\/2023\/08\/20230823_105429-scaled.jpg?resize=1568%2C1176&amp;ssl=1 1568w, https:\/\/i0.wp.com\/electriccartour.com\/wp-content\/uploads\/2023\/08\/20230823_105429-scaled.jpg?resize=1320%2C990&amp;ssl=1 1320w, https:\/\/i0.wp.com\/electriccartour.com\/wp-content\/uploads\/2023\/08\/20230823_105429-scaled.jpg?resize=450%2C338&amp;ssl=1 450w, https:\/\/i0.wp.com\/electriccartour.com\/wp-content\/uploads\/2023\/08\/20230823_105429-scaled.jpg?w=1920&amp;ssl=1 1920w\" sizes=\"(max-width: 640px) 100vw, 640px\" \/>\t\t\t\t\t\t\t\t\t\t\t\t\t\t\t<\/div>\n\t\t\t\t<\/div>\n\t\t\t\t\t<\/div>\n\t\t<\/div>\n\t\t\t\t<div class=\"elementor-column elementor-col-33 elementor-top-column elementor-element elementor-element-3ab175a\" data-id=\"3ab175a\" data-element_type=\"column\" data-e-type=\"column\">\n\t\t\t<div class=\"elementor-widget-wrap elementor-element-populated\">\n\t\t\t\t\t\t<div class=\"elementor-element elementor-element-b31762d elementor-widget elementor-widget-image\" data-id=\"b31762d\" data-element_type=\"widget\" data-e-type=\"widget\" data-widget_type=\"image.default\">\n\t\t\t\t<div class=\"elementor-widget-container\">\n\t\t\t\t\t\t\t\t\t\t\t\t\t\t\t<img loading=\"lazy\" decoding=\"async\" width=\"640\" height=\"640\" src=\"https:\/\/i0.wp.com\/electriccartour.com\/wp-content\/uploads\/2023\/08\/65d3f6221a81049beb29f5eb832c3afec5_720x720.jpeg?fit=640%2C640&amp;ssl=1\" class=\"attachment-large size-large wp-image-9665\" alt=\"\" srcset=\"https:\/\/i0.wp.com\/electriccartour.com\/wp-content\/uploads\/2023\/08\/65d3f6221a81049beb29f5eb832c3afec5_720x720.jpeg?w=720&amp;ssl=1 720w, https:\/\/i0.wp.com\/electriccartour.com\/wp-content\/uploads\/2023\/08\/65d3f6221a81049beb29f5eb832c3afec5_720x720.jpeg?resize=300%2C300&amp;ssl=1 300w, https:\/\/i0.wp.com\/electriccartour.com\/wp-content\/uploads\/2023\/08\/65d3f6221a81049beb29f5eb832c3afec5_720x720.jpeg?resize=150%2C150&amp;ssl=1 150w, https:\/\/i0.wp.com\/electriccartour.com\/wp-content\/uploads\/2023\/08\/65d3f6221a81049beb29f5eb832c3afec5_720x720.jpeg?resize=450%2C450&amp;ssl=1 450w, https:\/\/i0.wp.com\/electriccartour.com\/wp-content\/uploads\/2023\/08\/65d3f6221a81049beb29f5eb832c3afec5_720x720.jpeg?resize=100%2C100&amp;ssl=1 100w\" sizes=\"(max-width: 640px) 100vw, 640px\" \/>\t\t\t\t\t\t\t\t\t\t\t\t\t\t\t<\/div>\n\t\t\t\t<\/div>\n\t\t\t\t\t<\/div>\n\t\t<\/div>\n\t\t\t\t<div class=\"elementor-column elementor-col-33 elementor-top-column elementor-element elementor-element-ee55813\" data-id=\"ee55813\" data-element_type=\"column\" data-e-type=\"column\">\n\t\t\t<div class=\"elementor-widget-wrap elementor-element-populated\">\n\t\t\t\t\t\t<div class=\"elementor-element elementor-element-cc186c4 elementor-widget elementor-widget-image\" data-id=\"cc186c4\" data-element_type=\"widget\" data-e-type=\"widget\" data-widget_type=\"image.default\">\n\t\t\t\t<div class=\"elementor-widget-container\">\n\t\t\t\t\t\t\t\t\t\t\t\t\t\t\t<img decoding=\"async\" width=\"640\" height=\"480\" src=\"https:\/\/i0.wp.com\/electriccartour.com\/wp-content\/uploads\/2023\/08\/punto-de-carga-viaje-coche-electrico-scaled.jpg?fit=640%2C480&amp;ssl=1\" class=\"attachment-large size-large wp-image-9649\" alt=\"punto-de-carga-viaje-coche-electrico\" srcset=\"https:\/\/i0.wp.com\/electriccartour.com\/wp-content\/uploads\/2023\/08\/punto-de-carga-viaje-coche-electrico-scaled.jpg?w=2560&amp;ssl=1 2560w, https:\/\/i0.wp.com\/electriccartour.com\/wp-content\/uploads\/2023\/08\/punto-de-carga-viaje-coche-electrico-scaled.jpg?resize=300%2C225&amp;ssl=1 300w, https:\/\/i0.wp.com\/electriccartour.com\/wp-content\/uploads\/2023\/08\/punto-de-carga-viaje-coche-electrico-scaled.jpg?resize=1024%2C768&amp;ssl=1 1024w, https:\/\/i0.wp.com\/electriccartour.com\/wp-content\/uploads\/2023\/08\/punto-de-carga-viaje-coche-electrico-scaled.jpg?resize=768%2C576&amp;ssl=1 768w, https:\/\/i0.wp.com\/electriccartour.com\/wp-content\/uploads\/2023\/08\/punto-de-carga-viaje-coche-electrico-scaled.jpg?resize=1536%2C1152&amp;ssl=1 1536w, https:\/\/i0.wp.com\/electriccartour.com\/wp-content\/uploads\/2023\/08\/punto-de-carga-viaje-coche-electrico-scaled.jpg?resize=2048%2C1536&amp;ssl=1 2048w, https:\/\/i0.wp.com\/electriccartour.com\/wp-content\/uploads\/2023\/08\/punto-de-carga-viaje-coche-electrico-scaled.jpg?resize=1568%2C1176&amp;ssl=1 1568w, https:\/\/i0.wp.com\/electriccartour.com\/wp-content\/uploads\/2023\/08\/punto-de-carga-viaje-coche-electrico-scaled.jpg?resize=1320%2C990&amp;ssl=1 1320w, https:\/\/i0.wp.com\/electriccartour.com\/wp-content\/uploads\/2023\/08\/punto-de-carga-viaje-coche-electrico-scaled.jpg?resize=450%2C338&amp;ssl=1 450w, https:\/\/i0.wp.com\/electriccartour.com\/wp-content\/uploads\/2023\/08\/punto-de-carga-viaje-coche-electrico-scaled.jpg?w=1920&amp;ssl=1 1920w\" sizes=\"(max-width: 640px) 100vw, 640px\" \/>\t\t\t\t\t\t\t\t\t\t\t\t\t\t\t<\/div>\n\t\t\t\t<\/div>\n\t\t\t\t\t<\/div>\n\t\t<\/div>\n\t\t\t\t\t<\/div>\n\t\t<\/section>\n\t\t\t\t<section class=\"elementor-section elementor-top-section elementor-element elementor-element-5e1f61d elementor-section-boxed elementor-section-height-default elementor-section-height-default\" data-id=\"5e1f61d\" data-element_type=\"section\" data-e-type=\"section\">\n\t\t\t\t\t\t<div class=\"elementor-container elementor-column-gap-default\">\n\t\t\t\t\t<div class=\"elementor-column elementor-col-50 elementor-top-column elementor-element elementor-element-91c5cd4\" data-id=\"91c5cd4\" data-element_type=\"column\" data-e-type=\"column\">\n\t\t\t<div class=\"elementor-widget-wrap elementor-element-populated\">\n\t\t\t\t\t\t<div class=\"elementor-element elementor-element-a28be97 elementor-widget elementor-widget-image\" data-id=\"a28be97\" data-element_type=\"widget\" data-e-type=\"widget\" data-widget_type=\"image.default\">\n\t\t\t\t<div class=\"elementor-widget-container\">\n\t\t\t\t\t\t\t\t\t\t\t\t\t\t\t<img loading=\"lazy\" decoding=\"async\" width=\"640\" height=\"480\" src=\"https:\/\/i0.wp.com\/electriccartour.com\/wp-content\/uploads\/2023\/08\/viajando-en-coche-electrico-scaled.jpg?fit=640%2C480&amp;ssl=1\" class=\"attachment-large size-large wp-image-9640\" alt=\"viajando en coche el\u00e9ctrico\" srcset=\"https:\/\/i0.wp.com\/electriccartour.com\/wp-content\/uploads\/2023\/08\/viajando-en-coche-electrico-scaled.jpg?w=2560&amp;ssl=1 2560w, https:\/\/i0.wp.com\/electriccartour.com\/wp-content\/uploads\/2023\/08\/viajando-en-coche-electrico-scaled.jpg?resize=300%2C225&amp;ssl=1 300w, https:\/\/i0.wp.com\/electriccartour.com\/wp-content\/uploads\/2023\/08\/viajando-en-coche-electrico-scaled.jpg?resize=1024%2C768&amp;ssl=1 1024w, https:\/\/i0.wp.com\/electriccartour.com\/wp-content\/uploads\/2023\/08\/viajando-en-coche-electrico-scaled.jpg?resize=768%2C576&amp;ssl=1 768w, https:\/\/i0.wp.com\/electriccartour.com\/wp-content\/uploads\/2023\/08\/viajando-en-coche-electrico-scaled.jpg?resize=1536%2C1152&amp;ssl=1 1536w, https:\/\/i0.wp.com\/electriccartour.com\/wp-content\/uploads\/2023\/08\/viajando-en-coche-electrico-scaled.jpg?resize=2048%2C1536&amp;ssl=1 2048w, https:\/\/i0.wp.com\/electriccartour.com\/wp-content\/uploads\/2023\/08\/viajando-en-coche-electrico-scaled.jpg?resize=1568%2C1176&amp;ssl=1 1568w, https:\/\/i0.wp.com\/electriccartour.com\/wp-content\/uploads\/2023\/08\/viajando-en-coche-electrico-scaled.jpg?resize=1320%2C990&amp;ssl=1 1320w, https:\/\/i0.wp.com\/electriccartour.com\/wp-content\/uploads\/2023\/08\/viajando-en-coche-electrico-scaled.jpg?resize=450%2C338&amp;ssl=1 450w, https:\/\/i0.wp.com\/electriccartour.com\/wp-content\/uploads\/2023\/08\/viajando-en-coche-electrico-scaled.jpg?w=1920&amp;ssl=1 1920w\" sizes=\"(max-width: 640px) 100vw, 640px\" \/>\t\t\t\t\t\t\t\t\t\t\t\t\t\t\t<\/div>\n\t\t\t\t<\/div>\n\t\t\t\t\t<\/div>\n\t\t<\/div>\n\t\t\t\t<div class=\"elementor-column elementor-col-50 elementor-top-column elementor-element elementor-element-480b710\" data-id=\"480b710\" data-element_type=\"column\" data-e-type=\"column\">\n\t\t\t<div class=\"elementor-widget-wrap elementor-element-populated\">\n\t\t\t\t\t\t<div class=\"elementor-element elementor-element-34785ee elementor-widget elementor-widget-image\" data-id=\"34785ee\" data-element_type=\"widget\" data-e-type=\"widget\" data-widget_type=\"image.default\">\n\t\t\t\t<div class=\"elementor-widget-container\">\n\t\t\t\t\t\t\t\t\t\t\t\t\t\t\t<img loading=\"lazy\" decoding=\"async\" width=\"640\" height=\"480\" src=\"https:\/\/i0.wp.com\/electriccartour.com\/wp-content\/uploads\/2023\/08\/20230824_104306-scaled.jpg?fit=640%2C480&amp;ssl=1\" class=\"attachment-large size-large wp-image-9661\" alt=\"\" srcset=\"https:\/\/i0.wp.com\/electriccartour.com\/wp-content\/uploads\/2023\/08\/20230824_104306-scaled.jpg?w=2560&amp;ssl=1 2560w, https:\/\/i0.wp.com\/electriccartour.com\/wp-content\/uploads\/2023\/08\/20230824_104306-scaled.jpg?resize=300%2C225&amp;ssl=1 300w, https:\/\/i0.wp.com\/electriccartour.com\/wp-content\/uploads\/2023\/08\/20230824_104306-scaled.jpg?resize=1024%2C768&amp;ssl=1 1024w, https:\/\/i0.wp.com\/electriccartour.com\/wp-content\/uploads\/2023\/08\/20230824_104306-scaled.jpg?resize=768%2C576&amp;ssl=1 768w, https:\/\/i0.wp.com\/electriccartour.com\/wp-content\/uploads\/2023\/08\/20230824_104306-scaled.jpg?resize=1536%2C1152&amp;ssl=1 1536w, https:\/\/i0.wp.com\/electriccartour.com\/wp-content\/uploads\/2023\/08\/20230824_104306-scaled.jpg?resize=2048%2C1536&amp;ssl=1 2048w, https:\/\/i0.wp.com\/electriccartour.com\/wp-content\/uploads\/2023\/08\/20230824_104306-scaled.jpg?resize=1568%2C1176&amp;ssl=1 1568w, https:\/\/i0.wp.com\/electriccartour.com\/wp-content\/uploads\/2023\/08\/20230824_104306-scaled.jpg?resize=1320%2C990&amp;ssl=1 1320w, https:\/\/i0.wp.com\/electriccartour.com\/wp-content\/uploads\/2023\/08\/20230824_104306-scaled.jpg?resize=450%2C338&amp;ssl=1 450w, https:\/\/i0.wp.com\/electriccartour.com\/wp-content\/uploads\/2023\/08\/20230824_104306-scaled.jpg?w=1920&amp;ssl=1 1920w\" sizes=\"(max-width: 640px) 100vw, 640px\" \/>\t\t\t\t\t\t\t\t\t\t\t\t\t\t\t<\/div>\n\t\t\t\t<\/div>\n\t\t\t\t\t<\/div>\n\t\t<\/div>\n\t\t\t\t\t<\/div>\n\t\t<\/section>\n\t\t\t\t<section class=\"elementor-section elementor-top-section elementor-element elementor-element-7cc8c4b elementor-section-boxed elementor-section-height-default elementor-section-height-default\" data-id=\"7cc8c4b\" data-element_type=\"section\" data-e-type=\"section\">\n\t\t\t\t\t\t<div class=\"elementor-container elementor-column-gap-default\">\n\t\t\t\t\t<div class=\"elementor-column elementor-col-100 elementor-top-column elementor-element elementor-element-6c116c8\" data-id=\"6c116c8\" data-element_type=\"column\" data-e-type=\"column\">\n\t\t\t<div class=\"elementor-widget-wrap elementor-element-populated\">\n\t\t\t\t\t\t<div class=\"elementor-element elementor-element-f609c65 elementor-widget elementor-widget-text-editor\" data-id=\"f609c65\" data-element_type=\"widget\" data-e-type=\"widget\" data-widget_type=\"text-editor.default\">\n\t\t\t\t<div class=\"elementor-widget-container\">\n\t\t\t\t\t\t\t\t\t<\/p>\n<p>Autor: Alejandro A.<\/p>\n<\/p>\n<p>Vielen Dank an unsere Freunde von Citro\u00ebn SAMA-GOAZ f\u00fcr die st\u00e4ndige Zusammenarbeit mit uns.  <\/p>\n\t\t\t\t\t\t\t\t<\/div>\n\t\t\t\t<\/div>\n\t\t\t\t\t<\/div>\n\t\t<\/div>\n\t\t\t\t\t<\/div>\n\t\t<\/section>\n\t\t\t\t<\/div>\n\t\t","protected":false},"excerpt":{"rendered":"<p>Lie Electric Car Tour Familie reist mit dem Elektroauto In unserem heutigen Artikel erz\u00e4hlen wir Ihnen von der Erfahrung, mit einem Elektroauto zu reisen. Auch die Familie von Electric Car Tour reist im Urlaub mit einem Elektroauto, denn obwohl viele es nicht glauben, sind sie nicht die einzigen, die mit einem Elektroauto reisen: Reisen mit &hellip; <\/p>\n<p class=\"link-more\"><a href=\"https:\/\/electriccartour.com\/de\/reisen-mit-dem-elektroauto\/\" class=\"more-link\"><span class=\"screen-reader-text\">\u201eReisen mit dem Elektroauto\u201c <\/span>weiterlesen<\/a><\/p>\n","protected":false},"author":1,"featured_media":9640,"comment_status":"closed","ping_status":"closed","sticky":false,"template":"","format":"standard","meta":{"_jetpack_memberships_contains_paid_content":false,"_joinchat":[],"footnotes":""},"categories":[34],"tags":[],"class_list":["post-9684","post","type-post","status-publish","format-standard","has-post-thumbnail","hentry","category-unkategorisiert","entry"],"yoast_head":"<!-- This site is optimized with the Yoast SEO plugin v27.4 - https:\/\/yoast.com\/product\/yoast-seo-wordpress\/ -->\n<title>Reisen mit dem Elektroauto - Tours en Coche El\u00e9ctrico en M\u00e1laga \u267b\ufe0f | Electric Car Tour<\/title>\n<meta name=\"description\" content=\"Die Electric Car Tour Familie reist mit dem Elektroauto in den Urlaub und zeigt Ihnen, dass Reisen mit dem Elektroauto m\u00f6glich ist.\" \/>\n<meta name=\"robots\" content=\"index, follow, max-snippet:-1, max-image-preview:large, max-video-preview:-1\" \/>\n<link rel=\"canonical\" href=\"https:\/\/electriccartour.com\/de\/reisen-mit-dem-elektroauto\/\" \/>\n<meta property=\"og:locale\" content=\"de_DE\" \/>\n<meta property=\"og:type\" content=\"article\" \/>\n<meta property=\"og:title\" content=\"Reisen mit dem Elektroauto - Tours en Coche El\u00e9ctrico en M\u00e1laga \u267b\ufe0f | Electric Car Tour\" \/>\n<meta property=\"og:description\" content=\"Die Electric Car Tour Familie reist mit dem Elektroauto in den Urlaub und zeigt Ihnen, dass Reisen mit dem Elektroauto m\u00f6glich ist.\" \/>\n<meta property=\"og:url\" content=\"https:\/\/electriccartour.com\/de\/reisen-mit-dem-elektroauto\/\" \/>\n<meta property=\"og:site_name\" content=\"Tours en Coche El\u00e9ctrico en M\u00e1laga \u267b\ufe0f | Electric Car Tour\" \/>\n<meta property=\"article:publisher\" content=\"https:\/\/www.facebook.com\/Tourenvechiculoselectricos\/\" \/>\n<meta property=\"article:author\" content=\"https:\/\/www.facebook.com\/Tourenvechiculoselectricos\/\" \/>\n<meta property=\"article:published_time\" content=\"2023-08-30T16:12:22+00:00\" \/>\n<meta property=\"article:modified_time\" content=\"2025-02-16T20:33:52+00:00\" \/>\n<meta property=\"og:image\" content=\"https:\/\/i0.wp.com\/electriccartour.com\/wp-content\/uploads\/2023\/08\/viajando-en-coche-electrico-scaled.jpg?fit=2560%2C1920&ssl=1\" \/>\n\t<meta property=\"og:image:width\" content=\"2560\" \/>\n\t<meta property=\"og:image:height\" content=\"1920\" \/>\n\t<meta property=\"og:image:type\" content=\"image\/jpeg\" \/>\n<meta name=\"author\" content=\"electriccartour\" \/>\n<meta name=\"twitter:card\" content=\"summary_large_image\" \/>\n<meta name=\"twitter:creator\" content=\"@https:\/\/twitter.com\/electric_tour\" \/>\n<meta name=\"twitter:site\" content=\"@electric_tour\" \/>\n<meta name=\"twitter:label1\" content=\"Verfasst von\" \/>\n\t<meta name=\"twitter:data1\" content=\"electriccartour\" \/>\n\t<meta name=\"twitter:label2\" content=\"Gesch\u00e4tzte Lesezeit\" \/>\n\t<meta name=\"twitter:data2\" content=\"4\u00a0Minuten\" \/>\n<script type=\"application\/ld+json\" class=\"yoast-schema-graph\">{\"@context\":\"https:\\\/\\\/schema.org\",\"@graph\":[{\"@type\":\"Article\",\"@id\":\"https:\\\/\\\/electriccartour.com\\\/de\\\/reisen-mit-dem-elektroauto\\\/#article\",\"isPartOf\":{\"@id\":\"https:\\\/\\\/electriccartour.com\\\/de\\\/reisen-mit-dem-elektroauto\\\/\"},\"author\":{\"name\":\"electriccartour\",\"@id\":\"https:\\\/\\\/electriccartour.com\\\/de\\\/#\\\/schema\\\/person\\\/14020537da6216f7471b49e5e929cba1\"},\"headline\":\"Reisen mit dem Elektroauto\",\"datePublished\":\"2023-08-30T16:12:22+00:00\",\"dateModified\":\"2025-02-16T20:33:52+00:00\",\"mainEntityOfPage\":{\"@id\":\"https:\\\/\\\/electriccartour.com\\\/de\\\/reisen-mit-dem-elektroauto\\\/\"},\"wordCount\":823,\"publisher\":{\"@id\":\"https:\\\/\\\/electriccartour.com\\\/de\\\/#organization\"},\"image\":{\"@id\":\"https:\\\/\\\/electriccartour.com\\\/de\\\/reisen-mit-dem-elektroauto\\\/#primaryimage\"},\"thumbnailUrl\":\"https:\\\/\\\/i0.wp.com\\\/electriccartour.com\\\/wp-content\\\/uploads\\\/2023\\\/08\\\/viajando-en-coche-electrico-scaled.jpg?fit=2560%2C1920&ssl=1\",\"articleSection\":[\"Unkategorisiert\"],\"inLanguage\":\"de\"},{\"@type\":\"WebPage\",\"@id\":\"https:\\\/\\\/electriccartour.com\\\/de\\\/reisen-mit-dem-elektroauto\\\/\",\"url\":\"https:\\\/\\\/electriccartour.com\\\/de\\\/reisen-mit-dem-elektroauto\\\/\",\"name\":\"Reisen mit dem Elektroauto - Tours en Coche El\u00e9ctrico en M\u00e1laga \u267b\ufe0f | Electric Car Tour\",\"isPartOf\":{\"@id\":\"https:\\\/\\\/electriccartour.com\\\/de\\\/#website\"},\"primaryImageOfPage\":{\"@id\":\"https:\\\/\\\/electriccartour.com\\\/de\\\/reisen-mit-dem-elektroauto\\\/#primaryimage\"},\"image\":{\"@id\":\"https:\\\/\\\/electriccartour.com\\\/de\\\/reisen-mit-dem-elektroauto\\\/#primaryimage\"},\"thumbnailUrl\":\"https:\\\/\\\/i0.wp.com\\\/electriccartour.com\\\/wp-content\\\/uploads\\\/2023\\\/08\\\/viajando-en-coche-electrico-scaled.jpg?fit=2560%2C1920&ssl=1\",\"datePublished\":\"2023-08-30T16:12:22+00:00\",\"dateModified\":\"2025-02-16T20:33:52+00:00\",\"description\":\"Die Electric Car Tour Familie reist mit dem Elektroauto in den Urlaub und zeigt Ihnen, dass Reisen mit dem Elektroauto m\u00f6glich ist.\",\"breadcrumb\":{\"@id\":\"https:\\\/\\\/electriccartour.com\\\/de\\\/reisen-mit-dem-elektroauto\\\/#breadcrumb\"},\"inLanguage\":\"de\",\"potentialAction\":[{\"@type\":\"ReadAction\",\"target\":[\"https:\\\/\\\/electriccartour.com\\\/de\\\/reisen-mit-dem-elektroauto\\\/\"]}]},{\"@type\":\"ImageObject\",\"inLanguage\":\"de\",\"@id\":\"https:\\\/\\\/electriccartour.com\\\/de\\\/reisen-mit-dem-elektroauto\\\/#primaryimage\",\"url\":\"https:\\\/\\\/i0.wp.com\\\/electriccartour.com\\\/wp-content\\\/uploads\\\/2023\\\/08\\\/viajando-en-coche-electrico-scaled.jpg?fit=2560%2C1920&ssl=1\",\"contentUrl\":\"https:\\\/\\\/i0.wp.com\\\/electriccartour.com\\\/wp-content\\\/uploads\\\/2023\\\/08\\\/viajando-en-coche-electrico-scaled.jpg?fit=2560%2C1920&ssl=1\",\"width\":2560,\"height\":1920,\"caption\":\"la familia electric car tour viaja en coche el\u00e9ctrico\"},{\"@type\":\"BreadcrumbList\",\"@id\":\"https:\\\/\\\/electriccartour.com\\\/de\\\/reisen-mit-dem-elektroauto\\\/#breadcrumb\",\"itemListElement\":[{\"@type\":\"ListItem\",\"position\":1,\"name\":\"Portada\",\"item\":\"https:\\\/\\\/electriccartour.com\\\/de\\\/\"},{\"@type\":\"ListItem\",\"position\":2,\"name\":\"Reisen mit dem Elektroauto\"}]},{\"@type\":\"WebSite\",\"@id\":\"https:\\\/\\\/electriccartour.com\\\/de\\\/#website\",\"url\":\"https:\\\/\\\/electriccartour.com\\\/de\\\/\",\"name\":\"Tours en Coche El\u00e9ctrico en M\u00e1laga \u267b\ufe0f | Electric Car Tour\",\"description\":\"Descubre M\u00e1laga de forma sostenible con Electric Car Tour. Disfruta de tours guiados en coche el\u00e9ctrico y explora los principales atractivos tur\u00edsticos de la ciudad.\",\"publisher\":{\"@id\":\"https:\\\/\\\/electriccartour.com\\\/de\\\/#organization\"},\"alternateName\":\"Electric Car Tour - M\u00e1laga\",\"potentialAction\":[{\"@type\":\"SearchAction\",\"target\":{\"@type\":\"EntryPoint\",\"urlTemplate\":\"https:\\\/\\\/electriccartour.com\\\/de\\\/?s={search_term_string}\"},\"query-input\":{\"@type\":\"PropertyValueSpecification\",\"valueRequired\":true,\"valueName\":\"search_term_string\"}}],\"inLanguage\":\"de\"},{\"@type\":\"Organization\",\"@id\":\"https:\\\/\\\/electriccartour.com\\\/de\\\/#organization\",\"name\":\"Electric Car Tour\",\"alternateName\":\"electriccartour\",\"url\":\"https:\\\/\\\/electriccartour.com\\\/de\\\/\",\"logo\":{\"@type\":\"ImageObject\",\"inLanguage\":\"de\",\"@id\":\"https:\\\/\\\/electriccartour.com\\\/de\\\/#\\\/schema\\\/logo\\\/image\\\/\",\"url\":\"https:\\\/\\\/i0.wp.com\\\/electriccartour.com\\\/wp-content\\\/uploads\\\/2021\\\/12\\\/181002_ECT_Logo5389f3-1920w.png?fit=1920%2C462&ssl=1\",\"contentUrl\":\"https:\\\/\\\/i0.wp.com\\\/electriccartour.com\\\/wp-content\\\/uploads\\\/2021\\\/12\\\/181002_ECT_Logo5389f3-1920w.png?fit=1920%2C462&ssl=1\",\"width\":1920,\"height\":462,\"caption\":\"Electric Car Tour\"},\"image\":{\"@id\":\"https:\\\/\\\/electriccartour.com\\\/de\\\/#\\\/schema\\\/logo\\\/image\\\/\"},\"sameAs\":[\"https:\\\/\\\/www.facebook.com\\\/Tourenvechiculoselectricos\\\/\",\"https:\\\/\\\/x.com\\\/electric_tour\",\"https:\\\/\\\/www.youtube.com\\\/channel\\\/UClzjmLNm6Auwdnix5FwnxXw\",\"https:\\\/\\\/www.instagram.com\\\/electriccartour\\\/\",\"https:\\\/\\\/tripadvisor.com\\\/Attraction_Review-g187438-d15198737-Reviews-Electric_Car_Tour-Malaga_Costa_del_Sol_Province_of_Malaga_Andalucia.html\"]},{\"@type\":\"Person\",\"@id\":\"https:\\\/\\\/electriccartour.com\\\/de\\\/#\\\/schema\\\/person\\\/14020537da6216f7471b49e5e929cba1\",\"name\":\"electriccartour\",\"image\":{\"@type\":\"ImageObject\",\"inLanguage\":\"de\",\"@id\":\"https:\\\/\\\/secure.gravatar.com\\\/avatar\\\/fe8515b4ef6ae0fb0465b6ace38c4969d9b25f2d9a0c49eee2553face0582368?s=96&d=mm&r=g\",\"url\":\"https:\\\/\\\/secure.gravatar.com\\\/avatar\\\/fe8515b4ef6ae0fb0465b6ace38c4969d9b25f2d9a0c49eee2553face0582368?s=96&d=mm&r=g\",\"contentUrl\":\"https:\\\/\\\/secure.gravatar.com\\\/avatar\\\/fe8515b4ef6ae0fb0465b6ace38c4969d9b25f2d9a0c49eee2553face0582368?s=96&d=mm&r=g\",\"caption\":\"electriccartour\"},\"sameAs\":[\"http:\\\/\\\/electriccartour.com\",\"https:\\\/\\\/www.facebook.com\\\/Tourenvechiculoselectricos\\\/\",\"https:\\\/\\\/www.instagram.com\\\/electriccartour\\\/\",\"https:\\\/\\\/www.linkedin.com\\\/in\\\/gema-martnez-aa8ab2183\",\"https:\\\/\\\/x.com\\\/https:\\\/\\\/twitter.com\\\/electric_tour\",\"https:\\\/\\\/www.youtube.com\\\/channel\\\/UClzjmLNm6Auwdnix5FwnxXw\"],\"url\":\"https:\\\/\\\/electriccartour.com\\\/de\\\/author\\\/electriccartour\\\/\"}]}<\/script>\n<!-- \/ Yoast SEO plugin. -->","yoast_head_json":{"title":"Reisen mit dem Elektroauto - Tours en Coche El\u00e9ctrico en M\u00e1laga \u267b\ufe0f | Electric Car Tour","description":"Die Electric Car Tour Familie reist mit dem Elektroauto in den Urlaub und zeigt Ihnen, dass Reisen mit dem Elektroauto m\u00f6glich ist.","robots":{"index":"index","follow":"follow","max-snippet":"max-snippet:-1","max-image-preview":"max-image-preview:large","max-video-preview":"max-video-preview:-1"},"canonical":"https:\/\/electriccartour.com\/de\/reisen-mit-dem-elektroauto\/","og_locale":"de_DE","og_type":"article","og_title":"Reisen mit dem Elektroauto - Tours en Coche El\u00e9ctrico en M\u00e1laga \u267b\ufe0f | Electric Car Tour","og_description":"Die Electric Car Tour Familie reist mit dem Elektroauto in den Urlaub und zeigt Ihnen, dass Reisen mit dem Elektroauto m\u00f6glich ist.","og_url":"https:\/\/electriccartour.com\/de\/reisen-mit-dem-elektroauto\/","og_site_name":"Tours en Coche El\u00e9ctrico en M\u00e1laga \u267b\ufe0f | Electric Car Tour","article_publisher":"https:\/\/www.facebook.com\/Tourenvechiculoselectricos\/","article_author":"https:\/\/www.facebook.com\/Tourenvechiculoselectricos\/","article_published_time":"2023-08-30T16:12:22+00:00","article_modified_time":"2025-02-16T20:33:52+00:00","og_image":[{"width":2560,"height":1920,"url":"https:\/\/i0.wp.com\/electriccartour.com\/wp-content\/uploads\/2023\/08\/viajando-en-coche-electrico-scaled.jpg?fit=2560%2C1920&ssl=1","type":"image\/jpeg"}],"author":"electriccartour","twitter_card":"summary_large_image","twitter_creator":"@https:\/\/twitter.com\/electric_tour","twitter_site":"@electric_tour","twitter_misc":{"Verfasst von":"electriccartour","Gesch\u00e4tzte Lesezeit":"4\u00a0Minuten"},"schema":{"@context":"https:\/\/schema.org","@graph":[{"@type":"Article","@id":"https:\/\/electriccartour.com\/de\/reisen-mit-dem-elektroauto\/#article","isPartOf":{"@id":"https:\/\/electriccartour.com\/de\/reisen-mit-dem-elektroauto\/"},"author":{"name":"electriccartour","@id":"https:\/\/electriccartour.com\/de\/#\/schema\/person\/14020537da6216f7471b49e5e929cba1"},"headline":"Reisen mit dem Elektroauto","datePublished":"2023-08-30T16:12:22+00:00","dateModified":"2025-02-16T20:33:52+00:00","mainEntityOfPage":{"@id":"https:\/\/electriccartour.com\/de\/reisen-mit-dem-elektroauto\/"},"wordCount":823,"publisher":{"@id":"https:\/\/electriccartour.com\/de\/#organization"},"image":{"@id":"https:\/\/electriccartour.com\/de\/reisen-mit-dem-elektroauto\/#primaryimage"},"thumbnailUrl":"https:\/\/i0.wp.com\/electriccartour.com\/wp-content\/uploads\/2023\/08\/viajando-en-coche-electrico-scaled.jpg?fit=2560%2C1920&ssl=1","articleSection":["Unkategorisiert"],"inLanguage":"de"},{"@type":"WebPage","@id":"https:\/\/electriccartour.com\/de\/reisen-mit-dem-elektroauto\/","url":"https:\/\/electriccartour.com\/de\/reisen-mit-dem-elektroauto\/","name":"Reisen mit dem Elektroauto - Tours en Coche El\u00e9ctrico en M\u00e1laga \u267b\ufe0f | Electric Car Tour","isPartOf":{"@id":"https:\/\/electriccartour.com\/de\/#website"},"primaryImageOfPage":{"@id":"https:\/\/electriccartour.com\/de\/reisen-mit-dem-elektroauto\/#primaryimage"},"image":{"@id":"https:\/\/electriccartour.com\/de\/reisen-mit-dem-elektroauto\/#primaryimage"},"thumbnailUrl":"https:\/\/i0.wp.com\/electriccartour.com\/wp-content\/uploads\/2023\/08\/viajando-en-coche-electrico-scaled.jpg?fit=2560%2C1920&ssl=1","datePublished":"2023-08-30T16:12:22+00:00","dateModified":"2025-02-16T20:33:52+00:00","description":"Die Electric Car Tour Familie reist mit dem Elektroauto in den Urlaub und zeigt Ihnen, dass Reisen mit dem Elektroauto m\u00f6glich ist.","breadcrumb":{"@id":"https:\/\/electriccartour.com\/de\/reisen-mit-dem-elektroauto\/#breadcrumb"},"inLanguage":"de","potentialAction":[{"@type":"ReadAction","target":["https:\/\/electriccartour.com\/de\/reisen-mit-dem-elektroauto\/"]}]},{"@type":"ImageObject","inLanguage":"de","@id":"https:\/\/electriccartour.com\/de\/reisen-mit-dem-elektroauto\/#primaryimage","url":"https:\/\/i0.wp.com\/electriccartour.com\/wp-content\/uploads\/2023\/08\/viajando-en-coche-electrico-scaled.jpg?fit=2560%2C1920&ssl=1","contentUrl":"https:\/\/i0.wp.com\/electriccartour.com\/wp-content\/uploads\/2023\/08\/viajando-en-coche-electrico-scaled.jpg?fit=2560%2C1920&ssl=1","width":2560,"height":1920,"caption":"la familia electric car tour viaja en coche el\u00e9ctrico"},{"@type":"BreadcrumbList","@id":"https:\/\/electriccartour.com\/de\/reisen-mit-dem-elektroauto\/#breadcrumb","itemListElement":[{"@type":"ListItem","position":1,"name":"Portada","item":"https:\/\/electriccartour.com\/de\/"},{"@type":"ListItem","position":2,"name":"Reisen mit dem Elektroauto"}]},{"@type":"WebSite","@id":"https:\/\/electriccartour.com\/de\/#website","url":"https:\/\/electriccartour.com\/de\/","name":"Tours en Coche El\u00e9ctrico en M\u00e1laga \u267b\ufe0f | Electric Car Tour","description":"Descubre M\u00e1laga de forma sostenible con Electric Car Tour. Disfruta de tours guiados en coche el\u00e9ctrico y explora los principales atractivos tur\u00edsticos de la ciudad.","publisher":{"@id":"https:\/\/electriccartour.com\/de\/#organization"},"alternateName":"Electric Car Tour - M\u00e1laga","potentialAction":[{"@type":"SearchAction","target":{"@type":"EntryPoint","urlTemplate":"https:\/\/electriccartour.com\/de\/?s={search_term_string}"},"query-input":{"@type":"PropertyValueSpecification","valueRequired":true,"valueName":"search_term_string"}}],"inLanguage":"de"},{"@type":"Organization","@id":"https:\/\/electriccartour.com\/de\/#organization","name":"Electric Car Tour","alternateName":"electriccartour","url":"https:\/\/electriccartour.com\/de\/","logo":{"@type":"ImageObject","inLanguage":"de","@id":"https:\/\/electriccartour.com\/de\/#\/schema\/logo\/image\/","url":"https:\/\/i0.wp.com\/electriccartour.com\/wp-content\/uploads\/2021\/12\/181002_ECT_Logo5389f3-1920w.png?fit=1920%2C462&ssl=1","contentUrl":"https:\/\/i0.wp.com\/electriccartour.com\/wp-content\/uploads\/2021\/12\/181002_ECT_Logo5389f3-1920w.png?fit=1920%2C462&ssl=1","width":1920,"height":462,"caption":"Electric Car Tour"},"image":{"@id":"https:\/\/electriccartour.com\/de\/#\/schema\/logo\/image\/"},"sameAs":["https:\/\/www.facebook.com\/Tourenvechiculoselectricos\/","https:\/\/x.com\/electric_tour","https:\/\/www.youtube.com\/channel\/UClzjmLNm6Auwdnix5FwnxXw","https:\/\/www.instagram.com\/electriccartour\/","https:\/\/tripadvisor.com\/Attraction_Review-g187438-d15198737-Reviews-Electric_Car_Tour-Malaga_Costa_del_Sol_Province_of_Malaga_Andalucia.html"]},{"@type":"Person","@id":"https:\/\/electriccartour.com\/de\/#\/schema\/person\/14020537da6216f7471b49e5e929cba1","name":"electriccartour","image":{"@type":"ImageObject","inLanguage":"de","@id":"https:\/\/secure.gravatar.com\/avatar\/fe8515b4ef6ae0fb0465b6ace38c4969d9b25f2d9a0c49eee2553face0582368?s=96&d=mm&r=g","url":"https:\/\/secure.gravatar.com\/avatar\/fe8515b4ef6ae0fb0465b6ace38c4969d9b25f2d9a0c49eee2553face0582368?s=96&d=mm&r=g","contentUrl":"https:\/\/secure.gravatar.com\/avatar\/fe8515b4ef6ae0fb0465b6ace38c4969d9b25f2d9a0c49eee2553face0582368?s=96&d=mm&r=g","caption":"electriccartour"},"sameAs":["http:\/\/electriccartour.com","https:\/\/www.facebook.com\/Tourenvechiculoselectricos\/","https:\/\/www.instagram.com\/electriccartour\/","https:\/\/www.linkedin.com\/in\/gema-martnez-aa8ab2183","https:\/\/x.com\/https:\/\/twitter.com\/electric_tour","https:\/\/www.youtube.com\/channel\/UClzjmLNm6Auwdnix5FwnxXw"],"url":"https:\/\/electriccartour.com\/de\/author\/electriccartour\/"}]}},"jetpack_featured_media_url":"https:\/\/i0.wp.com\/electriccartour.com\/wp-content\/uploads\/2023\/08\/viajando-en-coche-electrico-scaled.jpg?fit=2560%2C1920&ssl=1","jetpack_sharing_enabled":true,"_links":{"self":[{"href":"https:\/\/electriccartour.com\/de\/wp-json\/wp\/v2\/posts\/9684","targetHints":{"allow":["GET"]}}],"collection":[{"href":"https:\/\/electriccartour.com\/de\/wp-json\/wp\/v2\/posts"}],"about":[{"href":"https:\/\/electriccartour.com\/de\/wp-json\/wp\/v2\/types\/post"}],"author":[{"embeddable":true,"href":"https:\/\/electriccartour.com\/de\/wp-json\/wp\/v2\/users\/1"}],"replies":[{"embeddable":true,"href":"https:\/\/electriccartour.com\/de\/wp-json\/wp\/v2\/comments?post=9684"}],"version-history":[{"count":0,"href":"https:\/\/electriccartour.com\/de\/wp-json\/wp\/v2\/posts\/9684\/revisions"}],"wp:featuredmedia":[{"embeddable":true,"href":"https:\/\/electriccartour.com\/de\/wp-json\/wp\/v2\/media\/9640"}],"wp:attachment":[{"href":"https:\/\/electriccartour.com\/de\/wp-json\/wp\/v2\/media?parent=9684"}],"wp:term":[{"taxonomy":"category","embeddable":true,"href":"https:\/\/electriccartour.com\/de\/wp-json\/wp\/v2\/categories?post=9684"},{"taxonomy":"post_tag","embeddable":true,"href":"https:\/\/electriccartour.com\/de\/wp-json\/wp\/v2\/tags?post=9684"}],"curies":[{"name":"wp","href":"https:\/\/api.w.org\/{rel}","templated":true}]}}