{"id":10974,"date":"2024-07-06T12:06:15","date_gmt":"2024-07-06T11:06:15","guid":{"rendered":"https:\/\/electriccartour.com\/city-tour-eco-malaga\/"},"modified":"2025-02-16T21:05:57","modified_gmt":"2025-02-16T20:05:57","slug":"city-tour-eco-malaga","status":"publish","type":"post","link":"https:\/\/electriccartour.com\/en\/city-tour-eco-malaga\/","title":{"rendered":"City Tour Eco Malaga"},"content":{"rendered":"\t\t<div data-elementor-type=\"wp-post\" data-elementor-id=\"10974\" class=\"elementor elementor-10974 elementor-10912\" data-elementor-post-type=\"post\">\n\t\t\t\t\t\t<section class=\"elementor-section elementor-top-section elementor-element elementor-element-28804a6 elementor-section-boxed elementor-section-height-default elementor-section-height-default\" data-id=\"28804a6\" data-element_type=\"section\" data-e-type=\"section\">\n\t\t\t\t\t\t<div class=\"elementor-container elementor-column-gap-default\">\n\t\t\t\t\t<div class=\"elementor-column elementor-col-100 elementor-top-column elementor-element elementor-element-03db6ad\" data-id=\"03db6ad\" data-element_type=\"column\" data-e-type=\"column\">\n\t\t\t<div class=\"elementor-widget-wrap elementor-element-populated\">\n\t\t\t\t\t\t<div class=\"elementor-element elementor-element-4ba3563 elementor-widget elementor-widget-heading\" data-id=\"4ba3563\" data-element_type=\"widget\" data-e-type=\"widget\" data-widget_type=\"heading.default\">\n\t\t\t\t<div class=\"elementor-widget-container\">\n\t\t\t\t\t<h2 class=\"elementor-heading-title elementor-size-default\">Eco Tour in Malaga in a 100% electric car.  <\/h2>\t\t\t\t<\/div>\n\t\t\t\t<\/div>\n\t\t\t\t<div class=\"elementor-element elementor-element-d6914c5 elementor-widget elementor-widget-text-editor\" data-id=\"d6914c5\" data-element_type=\"widget\" data-e-type=\"widget\" data-widget_type=\"text-editor.default\">\n\t\t\t\t<div class=\"elementor-widget-container\">\n\t\t\t\t\t\t\t\t\t<p>As you may already know, the Electric Car Tour team&#8217;s goal is to promote sustainable tourism and care for the environment with our Eco City Tours in Malaga. Last March, our family took part in one of the tree planting activities promoted by M\u00e1laga Viva to offset the carbon footprint of our Viajer@s. And also to teach children that caring for our planet is very important in our daily lives.<\/p>\n<p>Las Arboladas de <a href=\"https:\/\/www.malagaviva.org\/\"><strong>M\u00e1laga Viva<\/strong><\/a> are an initiative promoted by the Diputaci\u00f3n de M\u00e1laga with the aim of fighting against climate change through reforestation and environmental awareness. This project is part of the program &#8220;M\u00e1laga Viva&#8221;, which seeks to raise awareness and act on the importance of environmental conservation in the province of Malaga.<a href=\"https:\/\/www.malagaviva.org\/\">(https:\/\/www.malagaviva.org\/)<\/a><\/p>\n\t\t\t\t\t\t\t\t<\/div>\n\t\t\t\t<\/div>\n\t\t\t\t\t<\/div>\n\t\t<\/div>\n\t\t\t\t\t<\/div>\n\t\t<\/section>\n\t\t\t\t<section class=\"elementor-section elementor-top-section elementor-element elementor-element-8f1839a elementor-section-boxed elementor-section-height-default elementor-section-height-default\" data-id=\"8f1839a\" data-element_type=\"section\" data-e-type=\"section\">\n\t\t\t\t\t\t<div class=\"elementor-container elementor-column-gap-default\">\n\t\t\t\t\t<div class=\"elementor-column elementor-col-100 elementor-top-column elementor-element elementor-element-c4bb7e8\" data-id=\"c4bb7e8\" data-element_type=\"column\" data-e-type=\"column\">\n\t\t\t<div class=\"elementor-widget-wrap elementor-element-populated\">\n\t\t\t\t\t\t<div class=\"elementor-element elementor-element-613f4e8 elementor-widget elementor-widget-image\" data-id=\"613f4e8\" data-element_type=\"widget\" data-e-type=\"widget\" data-widget_type=\"image.default\">\n\t\t\t\t<div class=\"elementor-widget-container\">\n\t\t\t\t\t\t\t\t\t\t\t\t\t\t\t<img fetchpriority=\"high\" decoding=\"async\" width=\"225\" height=\"300\" src=\"https:\/\/i0.wp.com\/electriccartour.com\/wp-content\/uploads\/2024\/07\/inicio-arbolada-malaga-viva.jpeg?fit=225%2C300&amp;ssl=1\" class=\"attachment-medium size-medium wp-image-10915\" alt=\"inicio reforestaci\u00f3n m\u00e1laga viva\" srcset=\"https:\/\/i0.wp.com\/electriccartour.com\/wp-content\/uploads\/2024\/07\/inicio-arbolada-malaga-viva.jpeg?w=1200&amp;ssl=1 1200w, https:\/\/i0.wp.com\/electriccartour.com\/wp-content\/uploads\/2024\/07\/inicio-arbolada-malaga-viva.jpeg?resize=225%2C300&amp;ssl=1 225w, https:\/\/i0.wp.com\/electriccartour.com\/wp-content\/uploads\/2024\/07\/inicio-arbolada-malaga-viva.jpeg?resize=768%2C1024&amp;ssl=1 768w, https:\/\/i0.wp.com\/electriccartour.com\/wp-content\/uploads\/2024\/07\/inicio-arbolada-malaga-viva.jpeg?resize=1152%2C1536&amp;ssl=1 1152w\" sizes=\"(max-width: 225px) 100vw, 225px\" \/>\t\t\t\t\t\t\t\t\t\t\t\t\t\t\t<\/div>\n\t\t\t\t<\/div>\n\t\t\t\t\t<\/div>\n\t\t<\/div>\n\t\t\t\t\t<\/div>\n\t\t<\/section>\n\t\t\t\t<section class=\"elementor-section elementor-top-section elementor-element elementor-element-1925da3 elementor-section-boxed elementor-section-height-default elementor-section-height-default\" data-id=\"1925da3\" data-element_type=\"section\" data-e-type=\"section\">\n\t\t\t\t\t\t<div class=\"elementor-container elementor-column-gap-default\">\n\t\t\t\t\t<div class=\"elementor-column elementor-col-100 elementor-top-column elementor-element elementor-element-6a45fde\" data-id=\"6a45fde\" data-element_type=\"column\" data-e-type=\"column\">\n\t\t\t<div class=\"elementor-widget-wrap elementor-element-populated\">\n\t\t\t\t\t\t<div class=\"elementor-element elementor-element-758153a elementor-widget elementor-widget-heading\" data-id=\"758153a\" data-element_type=\"widget\" data-e-type=\"widget\" data-widget_type=\"heading.default\">\n\t\t\t\t<div class=\"elementor-widget-container\">\n\t\t\t\t\t<h2 class=\"elementor-heading-title elementor-size-default\">Reduce the Carbon Footprint of your trip.<\/h2>\t\t\t\t<\/div>\n\t\t\t\t<\/div>\n\t\t\t\t\t<\/div>\n\t\t<\/div>\n\t\t\t\t\t<\/div>\n\t\t<\/section>\n\t\t\t\t<section class=\"elementor-section elementor-top-section elementor-element elementor-element-2b3c778 elementor-section-boxed elementor-section-height-default elementor-section-height-default\" data-id=\"2b3c778\" data-element_type=\"section\" data-e-type=\"section\">\n\t\t\t\t\t\t<div class=\"elementor-container elementor-column-gap-default\">\n\t\t\t\t\t<div class=\"elementor-column elementor-col-100 elementor-top-column elementor-element elementor-element-6cc93f6\" data-id=\"6cc93f6\" data-element_type=\"column\" data-e-type=\"column\">\n\t\t\t<div class=\"elementor-widget-wrap elementor-element-populated\">\n\t\t\t\t\t\t<div class=\"elementor-element elementor-element-cde9d72 elementor-widget elementor-widget-text-editor\" data-id=\"cde9d72\" data-element_type=\"widget\" data-e-type=\"widget\" data-widget_type=\"text-editor.default\">\n\t\t\t\t<div class=\"elementor-widget-container\">\n\t\t\t\t\t\t\t\t\t<p><span style=\"text-decoration: underline;\">Objectives of the Arboladas M\u00e1laga Viva:<\/span><br \/><strong>Reforestation<\/strong>: Planting trees in various areas of the province to increase the forest mass, improve air quality and reduce soil erosion.<br \/><strong>Awareness:<\/strong> Promote environmental education among citizens, especially among young people, so that they understand the importance of trees and forests.<br \/><strong>Citizen Participation:<\/strong> Involve the population in planting activities and tree care, promoting a sense of shared responsibility in environmental conservation.<\/p>\n\t\t\t\t\t\t\t\t<\/div>\n\t\t\t\t<\/div>\n\t\t\t\t\t<\/div>\n\t\t<\/div>\n\t\t\t\t\t<\/div>\n\t\t<\/section>\n\t\t\t\t<section class=\"elementor-section elementor-top-section elementor-element elementor-element-bdfe369 elementor-section-boxed elementor-section-height-default elementor-section-height-default\" data-id=\"bdfe369\" data-element_type=\"section\" data-e-type=\"section\">\n\t\t\t\t\t\t<div class=\"elementor-container elementor-column-gap-default\">\n\t\t\t\t\t<div class=\"elementor-column elementor-col-100 elementor-top-column elementor-element elementor-element-159d07e\" data-id=\"159d07e\" data-element_type=\"column\" data-e-type=\"column\">\n\t\t\t<div class=\"elementor-widget-wrap elementor-element-populated\">\n\t\t\t\t\t\t<div class=\"elementor-element elementor-element-177c1b6 elementor-widget elementor-widget-text-editor\" data-id=\"177c1b6\" data-element_type=\"widget\" data-e-type=\"widget\" data-widget_type=\"text-editor.default\">\n\t\t\t\t<div class=\"elementor-widget-container\">\n\t\t\t\t\t\t\t\t\t<p><span style=\"text-decoration: underline;\">Main Activities:<\/span><br \/><strong>Planting<\/strong> Days: Events are organized where volunteers, including families, school children and associations, participate in the planting of trees.<br \/><strong>Talks and Workshops:<\/strong> Educational sessions to inform about the benefits of trees and the need to protect our natural environment.<br \/><strong>Collaboration with Entities:<\/strong> Joint work with municipalities, schools and non-governmental organizations to maximize the impact of the project.<\/p>\n\t\t\t\t\t\t\t\t<\/div>\n\t\t\t\t<\/div>\n\t\t\t\t\t<\/div>\n\t\t<\/div>\n\t\t\t\t\t<\/div>\n\t\t<\/section>\n\t\t\t\t<section class=\"elementor-section elementor-top-section elementor-element elementor-element-54f9c2c elementor-section-boxed elementor-section-height-default elementor-section-height-default\" data-id=\"54f9c2c\" data-element_type=\"section\" data-e-type=\"section\">\n\t\t\t\t\t\t<div class=\"elementor-container elementor-column-gap-default\">\n\t\t\t\t\t<div class=\"elementor-column elementor-col-100 elementor-top-column elementor-element elementor-element-f3b7ad4\" data-id=\"f3b7ad4\" data-element_type=\"column\" data-e-type=\"column\">\n\t\t\t<div class=\"elementor-widget-wrap elementor-element-populated\">\n\t\t\t\t\t\t<div class=\"elementor-element elementor-element-3ed28f5 elementor-widget elementor-widget-text-editor\" data-id=\"3ed28f5\" data-element_type=\"widget\" data-e-type=\"widget\" data-widget_type=\"text-editor.default\">\n\t\t\t\t<div class=\"elementor-widget-container\">\n\t\t\t\t\t\t\t\t\t<p><span style=\"text-decoration: underline;\">Expected Impact:<\/span><br \/><strong>Local Climate Improvement:<\/strong> Increased shade and reduced temperatures in urban areas.<br \/> Biodiversity<strong>:<\/strong> Creation of habitats for local fauna.<br \/><strong>Public Health:<\/strong> Improved air quality and well-being of citizens.<br \/>The &#8220;M\u00e1laga Viva&#8221; program not only seeks to mitigate the effects of climate change, but also to create a culture of sustainability and respect for the environment in the community.<\/p>\n\t\t\t\t\t\t\t\t<\/div>\n\t\t\t\t<\/div>\n\t\t\t\t\t<\/div>\n\t\t<\/div>\n\t\t\t\t\t<\/div>\n\t\t<\/section>\n\t\t\t\t<section class=\"elementor-section elementor-top-section elementor-element elementor-element-0518999 elementor-section-boxed elementor-section-height-default elementor-section-height-default\" data-id=\"0518999\" data-element_type=\"section\" data-e-type=\"section\">\n\t\t\t\t\t\t<div class=\"elementor-container elementor-column-gap-default\">\n\t\t\t\t\t<div class=\"elementor-column elementor-col-100 elementor-top-column elementor-element elementor-element-de249cb\" data-id=\"de249cb\" data-element_type=\"column\" data-e-type=\"column\">\n\t\t\t<div class=\"elementor-widget-wrap elementor-element-populated\">\n\t\t\t\t\t\t<div class=\"elementor-element elementor-element-dfbd63c elementor-widget elementor-widget-image\" data-id=\"dfbd63c\" data-element_type=\"widget\" data-e-type=\"widget\" data-widget_type=\"image.default\">\n\t\t\t\t<div class=\"elementor-widget-container\">\n\t\t\t\t\t\t\t\t\t\t\t\t\t\t\t<img decoding=\"async\" width=\"225\" height=\"300\" src=\"https:\/\/i0.wp.com\/electriccartour.com\/wp-content\/uploads\/2024\/07\/reforestacion-villanueva-del-rosario.jpeg?fit=225%2C300&amp;ssl=1\" class=\"attachment-medium size-medium wp-image-10920\" alt=\"reforestaci\u00f3n en villa nueva del rosario m\u00e1laga viva\" srcset=\"https:\/\/i0.wp.com\/electriccartour.com\/wp-content\/uploads\/2024\/07\/reforestacion-villanueva-del-rosario.jpeg?w=1200&amp;ssl=1 1200w, https:\/\/i0.wp.com\/electriccartour.com\/wp-content\/uploads\/2024\/07\/reforestacion-villanueva-del-rosario.jpeg?resize=225%2C300&amp;ssl=1 225w, https:\/\/i0.wp.com\/electriccartour.com\/wp-content\/uploads\/2024\/07\/reforestacion-villanueva-del-rosario.jpeg?resize=768%2C1024&amp;ssl=1 768w, https:\/\/i0.wp.com\/electriccartour.com\/wp-content\/uploads\/2024\/07\/reforestacion-villanueva-del-rosario.jpeg?resize=1152%2C1536&amp;ssl=1 1152w\" sizes=\"(max-width: 225px) 100vw, 225px\" \/>\t\t\t\t\t\t\t\t\t\t\t\t\t\t\t<\/div>\n\t\t\t\t<\/div>\n\t\t\t\t\t<\/div>\n\t\t<\/div>\n\t\t\t\t\t<\/div>\n\t\t<\/section>\n\t\t\t\t<section class=\"elementor-section elementor-top-section elementor-element elementor-element-df29026 elementor-section-boxed elementor-section-height-default elementor-section-height-default\" data-id=\"df29026\" data-element_type=\"section\" data-e-type=\"section\">\n\t\t\t\t\t\t<div class=\"elementor-container elementor-column-gap-default\">\n\t\t\t\t\t<div class=\"elementor-column elementor-col-100 elementor-top-column elementor-element elementor-element-31fdd99\" data-id=\"31fdd99\" data-element_type=\"column\" data-e-type=\"column\">\n\t\t\t<div class=\"elementor-widget-wrap elementor-element-populated\">\n\t\t\t\t\t\t<div class=\"elementor-element elementor-element-9abff34 elementor-widget elementor-widget-heading\" data-id=\"9abff34\" data-element_type=\"widget\" data-e-type=\"widget\" data-widget_type=\"heading.default\">\n\t\t\t\t<div class=\"elementor-widget-container\">\n\t\t\t\t\t<h2 class=\"elementor-heading-title elementor-size-default\">Responsible and ecological tourism in Malaga<\/h2>\t\t\t\t<\/div>\n\t\t\t\t<\/div>\n\t\t\t\t\t<\/div>\n\t\t<\/div>\n\t\t\t\t\t<\/div>\n\t\t<\/section>\n\t\t\t\t<section class=\"elementor-section elementor-top-section elementor-element elementor-element-e5add57 elementor-section-boxed elementor-section-height-default elementor-section-height-default\" data-id=\"e5add57\" data-element_type=\"section\" data-e-type=\"section\">\n\t\t\t\t\t\t<div class=\"elementor-container elementor-column-gap-default\">\n\t\t\t\t\t<div class=\"elementor-column elementor-col-100 elementor-top-column elementor-element elementor-element-529b23c\" data-id=\"529b23c\" data-element_type=\"column\" data-e-type=\"column\">\n\t\t\t<div class=\"elementor-widget-wrap elementor-element-populated\">\n\t\t\t\t\t\t<div class=\"elementor-element elementor-element-f5ec04b elementor-widget elementor-widget-text-editor\" data-id=\"f5ec04b\" data-element_type=\"widget\" data-e-type=\"widget\" data-widget_type=\"text-editor.default\">\n\t\t\t\t<div class=\"elementor-widget-container\">\n\t\t\t\t\t\t\t\t\t<p>Electric Car Tour is a <strong>company<\/strong> <strong>certified in environmental quality by the City of Malaga<\/strong>, a procedure that makes us very proud of our work in the city. ( <a href=\"https:\/\/www.proamb.es\/\">https:\/\/www.proamb.es\/<\/a> )<\/p>\n<p>Our <strong>Eco City Tours in Malaga<\/strong> that we do in 100% electric cars Citro\u00ebn AMI, are the best alternative to know and discover Malaga in the most sustainable, ecological and fun way. Our most Natural Tour in Malaga is the <strong>Tour to the Natural Park Montes de Malaga<\/strong>, in which you will know the city in its most Natural part through the forests and protected areas that offer us the Montes de Malaga. You will also enjoy the local gastronomy of this area in a typical restaurant of the Natural Park, with a wine tasting in a traditional wine cellar and a rich menu of the traditional gastronomy of the area.<\/p>\n\t\t\t\t\t\t\t\t<\/div>\n\t\t\t\t<\/div>\n\t\t\t\t\t<\/div>\n\t\t<\/div>\n\t\t\t\t\t<\/div>\n\t\t<\/section>\n\t\t\t\t<section class=\"elementor-section elementor-top-section elementor-element elementor-element-8d93997 elementor-section-boxed elementor-section-height-default elementor-section-height-default\" data-id=\"8d93997\" data-element_type=\"section\" data-e-type=\"section\">\n\t\t\t\t\t\t<div class=\"elementor-container elementor-column-gap-default\">\n\t\t\t\t\t<div class=\"elementor-column elementor-col-100 elementor-top-column elementor-element elementor-element-4d8d2ff\" data-id=\"4d8d2ff\" data-element_type=\"column\" data-e-type=\"column\">\n\t\t\t<div class=\"elementor-widget-wrap elementor-element-populated\">\n\t\t\t\t\t\t<div class=\"elementor-element elementor-element-bce68b1 elementor-widget elementor-widget-image\" data-id=\"bce68b1\" data-element_type=\"widget\" data-e-type=\"widget\" data-widget_type=\"image.default\">\n\t\t\t\t<div class=\"elementor-widget-container\">\n\t\t\t\t\t\t\t\t\t\t\t\t\t\t\t<img decoding=\"async\" width=\"300\" height=\"196\" src=\"https:\/\/i0.wp.com\/electriccartour.com\/wp-content\/uploads\/2023\/06\/certificacion-ambiental.webp?fit=300%2C196&amp;ssl=1\" class=\"attachment-medium size-medium wp-image-8496\" alt=\"certificado de calidad ambiental por ayuntamiento de m\u00e1laga, tour ecol\u00f3gico\" srcset=\"https:\/\/i0.wp.com\/electriccartour.com\/wp-content\/uploads\/2023\/06\/certificacion-ambiental.webp?w=1646&amp;ssl=1 1646w, https:\/\/i0.wp.com\/electriccartour.com\/wp-content\/uploads\/2023\/06\/certificacion-ambiental.webp?resize=300%2C196&amp;ssl=1 300w, https:\/\/i0.wp.com\/electriccartour.com\/wp-content\/uploads\/2023\/06\/certificacion-ambiental.webp?resize=1024%2C671&amp;ssl=1 1024w, https:\/\/i0.wp.com\/electriccartour.com\/wp-content\/uploads\/2023\/06\/certificacion-ambiental.webp?resize=768%2C503&amp;ssl=1 768w, https:\/\/i0.wp.com\/electriccartour.com\/wp-content\/uploads\/2023\/06\/certificacion-ambiental.webp?resize=1536%2C1006&amp;ssl=1 1536w, https:\/\/i0.wp.com\/electriccartour.com\/wp-content\/uploads\/2023\/06\/certificacion-ambiental.webp?resize=1568%2C1027&amp;ssl=1 1568w, https:\/\/i0.wp.com\/electriccartour.com\/wp-content\/uploads\/2023\/06\/certificacion-ambiental.webp?resize=1320%2C864&amp;ssl=1 1320w, https:\/\/i0.wp.com\/electriccartour.com\/wp-content\/uploads\/2023\/06\/certificacion-ambiental.webp?resize=450%2C295&amp;ssl=1 450w\" sizes=\"(max-width: 300px) 100vw, 300px\" \/>\t\t\t\t\t\t\t\t\t\t\t\t\t\t\t<\/div>\n\t\t\t\t<\/div>\n\t\t\t\t\t<\/div>\n\t\t<\/div>\n\t\t\t\t\t<\/div>\n\t\t<\/section>\n\t\t\t\t<section class=\"elementor-section elementor-top-section elementor-element elementor-element-1e4c9d1 elementor-section-boxed elementor-section-height-default elementor-section-height-default\" data-id=\"1e4c9d1\" data-element_type=\"section\" data-e-type=\"section\">\n\t\t\t\t\t\t<div class=\"elementor-container elementor-column-gap-default\">\n\t\t\t\t\t<div class=\"elementor-column elementor-col-100 elementor-top-column elementor-element elementor-element-94f5c62\" data-id=\"94f5c62\" data-element_type=\"column\" data-e-type=\"column\">\n\t\t\t<div class=\"elementor-widget-wrap elementor-element-populated\">\n\t\t\t\t\t\t<div class=\"elementor-element elementor-element-99bd4ab elementor-widget elementor-widget-text-editor\" data-id=\"99bd4ab\" data-element_type=\"widget\" data-e-type=\"widget\" data-widget_type=\"text-editor.default\">\n\t\t\t\t<div class=\"elementor-widget-container\">\n\t\t\t\t\t\t\t\t\t<p><strong>Turismo Costa del Sol Malaga<\/strong> performs different actions so you can calculate the carbon footprint of your trip with this Carbon Footprint Calculator that you can see and use on their website:<a href=\"https:\/\/www.visitacostadelsol.com\/planifica\/turismo-responsable\/calcula-tu-huella\">(www.visitacostadelsol.com\/)<\/a> in addition to compensate this carbon footprint with different actions promoted by the Diputaci\u00f3n de M\u00e1laga and make your trip a little more respectful with the environment<a href=\"https:\/\/www.visitacostadelsol.com\/planifica\/turismo-responsable\">(www.visitacostadelsol.com\/)<\/a>.<\/p>\n\t\t\t\t\t\t\t\t<\/div>\n\t\t\t\t<\/div>\n\t\t\t\t\t<\/div>\n\t\t<\/div>\n\t\t\t\t\t<\/div>\n\t\t<\/section>\n\t\t\t\t<section class=\"elementor-section elementor-top-section elementor-element elementor-element-ebe62ac elementor-section-boxed elementor-section-height-default elementor-section-height-default\" data-id=\"ebe62ac\" data-element_type=\"section\" data-e-type=\"section\">\n\t\t\t\t\t\t<div class=\"elementor-container elementor-column-gap-default\">\n\t\t\t\t\t<div class=\"elementor-column elementor-col-100 elementor-top-column elementor-element elementor-element-5399a4c\" data-id=\"5399a4c\" data-element_type=\"column\" data-e-type=\"column\">\n\t\t\t<div class=\"elementor-widget-wrap elementor-element-populated\">\n\t\t\t\t\t\t<div class=\"elementor-element elementor-element-af1dadf elementor-widget elementor-widget-text-editor\" data-id=\"af1dadf\" data-element_type=\"widget\" data-e-type=\"widget\" data-widget_type=\"text-editor.default\">\n\t\t\t\t<div class=\"elementor-widget-container\">\n\t\t\t\t\t\t\t\t\t<p>We invite you to take one of our <strong> <a href=\"https:\/\/electriccartour.com\/en\/malaga-tours\/\">Tours of Malaga<\/a><\/strong> with our Electric Car Tour team. Discover Malaga!<\/p>\n\t\t\t\t\t\t\t\t<\/div>\n\t\t\t\t<\/div>\n\t\t\t\t\t<\/div>\n\t\t<\/div>\n\t\t\t\t\t<\/div>\n\t\t<\/section>\n\t\t\t\t<section class=\"elementor-section elementor-top-section elementor-element elementor-element-98fc31b elementor-section-boxed elementor-section-height-default elementor-section-height-default\" data-id=\"98fc31b\" data-element_type=\"section\" data-e-type=\"section\">\n\t\t\t\t\t\t<div class=\"elementor-container elementor-column-gap-default\">\n\t\t\t\t\t<div class=\"elementor-column elementor-col-100 elementor-top-column elementor-element elementor-element-b42b41e\" data-id=\"b42b41e\" data-element_type=\"column\" data-e-type=\"column\">\n\t\t\t<div class=\"elementor-widget-wrap elementor-element-populated\">\n\t\t\t\t\t\t<div class=\"elementor-element elementor-element-d6158b9 elementor-align-center elementor-widget elementor-widget-button\" data-id=\"d6158b9\" data-element_type=\"widget\" data-e-type=\"widget\" data-widget_type=\"button.default\">\n\t\t\t\t<div class=\"elementor-widget-container\">\n\t\t\t\t\t\t\t\t\t<div class=\"elementor-button-wrapper\">\n\t\t\t\t\t<a class=\"elementor-button elementor-button-link elementor-size-sm\" href=\"https:\/\/electriccartour.com\/en\/malaga-tours\/\">\n\t\t\t\t\t\t<span class=\"elementor-button-content-wrapper\">\n\t\t\t\t\t\t\t\t\t<span class=\"elementor-button-text\">Book your tour in Malaga and live a unique experience.<\/span>\n\t\t\t\t\t<\/span>\n\t\t\t\t\t<\/a>\n\t\t\t\t<\/div>\n\t\t\t\t\t\t\t\t<\/div>\n\t\t\t\t<\/div>\n\t\t\t\t\t<\/div>\n\t\t<\/div>\n\t\t\t\t\t<\/div>\n\t\t<\/section>\n\t\t\t\t<section class=\"elementor-section elementor-top-section elementor-element elementor-element-5eea676 elementor-section-boxed elementor-section-height-default elementor-section-height-default\" data-id=\"5eea676\" data-element_type=\"section\" data-e-type=\"section\">\n\t\t\t\t\t\t<div class=\"elementor-container elementor-column-gap-default\">\n\t\t\t\t\t<div class=\"elementor-column elementor-col-33 elementor-top-column elementor-element elementor-element-d0ff116\" data-id=\"d0ff116\" data-element_type=\"column\" data-e-type=\"column\">\n\t\t\t<div class=\"elementor-widget-wrap elementor-element-populated\">\n\t\t\t\t\t\t<div class=\"elementor-element elementor-element-12c7249 elementor-widget elementor-widget-image\" data-id=\"12c7249\" data-element_type=\"widget\" data-e-type=\"widget\" data-widget_type=\"image.default\">\n\t\t\t\t<div class=\"elementor-widget-container\">\n\t\t\t\t\t\t\t\t\t\t\t\t\t\t\t<img loading=\"lazy\" decoding=\"async\" width=\"640\" height=\"853\" src=\"https:\/\/i0.wp.com\/electriccartour.com\/wp-content\/uploads\/2024\/07\/arboles-malaga-viva.jpeg?fit=640%2C853&amp;ssl=1\" class=\"attachment-large size-large wp-image-10936\" alt=\"arboles m\u00e1laga viva\" srcset=\"https:\/\/i0.wp.com\/electriccartour.com\/wp-content\/uploads\/2024\/07\/arboles-malaga-viva.jpeg?w=1200&amp;ssl=1 1200w, https:\/\/i0.wp.com\/electriccartour.com\/wp-content\/uploads\/2024\/07\/arboles-malaga-viva.jpeg?resize=225%2C300&amp;ssl=1 225w, https:\/\/i0.wp.com\/electriccartour.com\/wp-content\/uploads\/2024\/07\/arboles-malaga-viva.jpeg?resize=768%2C1024&amp;ssl=1 768w, https:\/\/i0.wp.com\/electriccartour.com\/wp-content\/uploads\/2024\/07\/arboles-malaga-viva.jpeg?resize=1152%2C1536&amp;ssl=1 1152w\" sizes=\"(max-width: 640px) 100vw, 640px\" \/>\t\t\t\t\t\t\t\t\t\t\t\t\t\t\t<\/div>\n\t\t\t\t<\/div>\n\t\t\t\t\t<\/div>\n\t\t<\/div>\n\t\t\t\t<div class=\"elementor-column elementor-col-33 elementor-top-column elementor-element elementor-element-a0aafc5\" data-id=\"a0aafc5\" data-element_type=\"column\" data-e-type=\"column\">\n\t\t\t<div class=\"elementor-widget-wrap elementor-element-populated\">\n\t\t\t\t\t\t<div class=\"elementor-element elementor-element-22e42b5 elementor-widget elementor-widget-image\" data-id=\"22e42b5\" data-element_type=\"widget\" data-e-type=\"widget\" data-widget_type=\"image.default\">\n\t\t\t\t<div class=\"elementor-widget-container\">\n\t\t\t\t\t\t\t\t\t\t\t\t\t\t\t<img loading=\"lazy\" decoding=\"async\" width=\"640\" height=\"853\" src=\"https:\/\/i0.wp.com\/electriccartour.com\/wp-content\/uploads\/2024\/07\/actividades-arbolada-malaga-viva.jpeg?fit=640%2C853&amp;ssl=1\" class=\"attachment-large size-large wp-image-10940\" alt=\"actividades arbolada m\u00e1laga viva\" srcset=\"https:\/\/i0.wp.com\/electriccartour.com\/wp-content\/uploads\/2024\/07\/actividades-arbolada-malaga-viva.jpeg?w=1200&amp;ssl=1 1200w, https:\/\/i0.wp.com\/electriccartour.com\/wp-content\/uploads\/2024\/07\/actividades-arbolada-malaga-viva.jpeg?resize=225%2C300&amp;ssl=1 225w, https:\/\/i0.wp.com\/electriccartour.com\/wp-content\/uploads\/2024\/07\/actividades-arbolada-malaga-viva.jpeg?resize=768%2C1024&amp;ssl=1 768w, https:\/\/i0.wp.com\/electriccartour.com\/wp-content\/uploads\/2024\/07\/actividades-arbolada-malaga-viva.jpeg?resize=1152%2C1536&amp;ssl=1 1152w\" sizes=\"(max-width: 640px) 100vw, 640px\" \/>\t\t\t\t\t\t\t\t\t\t\t\t\t\t\t<\/div>\n\t\t\t\t<\/div>\n\t\t\t\t\t<\/div>\n\t\t<\/div>\n\t\t\t\t<div class=\"elementor-column elementor-col-33 elementor-top-column elementor-element elementor-element-40a0895\" data-id=\"40a0895\" data-element_type=\"column\" data-e-type=\"column\">\n\t\t\t<div class=\"elementor-widget-wrap elementor-element-populated\">\n\t\t\t\t\t\t<div class=\"elementor-element elementor-element-c081d76 elementor-widget elementor-widget-image\" data-id=\"c081d76\" data-element_type=\"widget\" data-e-type=\"widget\" data-widget_type=\"image.default\">\n\t\t\t\t<div class=\"elementor-widget-container\">\n\t\t\t\t\t\t\t\t\t\t\t\t\t\t\t<img loading=\"lazy\" decoding=\"async\" width=\"640\" height=\"853\" src=\"https:\/\/i0.wp.com\/electriccartour.com\/wp-content\/uploads\/2024\/07\/arbolada-equipo-malaga-viva.jpeg?fit=640%2C853&amp;ssl=1\" class=\"attachment-large size-large wp-image-10944\" alt=\"equipo arbolada m\u00e1laga viva\" srcset=\"https:\/\/i0.wp.com\/electriccartour.com\/wp-content\/uploads\/2024\/07\/arbolada-equipo-malaga-viva.jpeg?w=1200&amp;ssl=1 1200w, https:\/\/i0.wp.com\/electriccartour.com\/wp-content\/uploads\/2024\/07\/arbolada-equipo-malaga-viva.jpeg?resize=225%2C300&amp;ssl=1 225w, https:\/\/i0.wp.com\/electriccartour.com\/wp-content\/uploads\/2024\/07\/arbolada-equipo-malaga-viva.jpeg?resize=768%2C1024&amp;ssl=1 768w, https:\/\/i0.wp.com\/electriccartour.com\/wp-content\/uploads\/2024\/07\/arbolada-equipo-malaga-viva.jpeg?resize=1152%2C1536&amp;ssl=1 1152w\" sizes=\"(max-width: 640px) 100vw, 640px\" \/>\t\t\t\t\t\t\t\t\t\t\t\t\t\t\t<\/div>\n\t\t\t\t<\/div>\n\t\t\t\t\t<\/div>\n\t\t<\/div>\n\t\t\t\t\t<\/div>\n\t\t<\/section>\n\t\t\t\t<section class=\"elementor-section elementor-top-section elementor-element elementor-element-89b93bc elementor-section-boxed elementor-section-height-default elementor-section-height-default\" data-id=\"89b93bc\" data-element_type=\"section\" data-e-type=\"section\">\n\t\t\t\t\t\t<div class=\"elementor-container elementor-column-gap-default\">\n\t\t\t\t\t<div class=\"elementor-column elementor-col-100 elementor-top-column elementor-element elementor-element-14be473\" data-id=\"14be473\" data-element_type=\"column\" data-e-type=\"column\">\n\t\t\t<div class=\"elementor-widget-wrap elementor-element-populated\">\n\t\t\t\t\t\t<div class=\"elementor-element elementor-element-8db5feb elementor-widget elementor-widget-image\" data-id=\"8db5feb\" data-element_type=\"widget\" data-e-type=\"widget\" data-widget_type=\"image.default\">\n\t\t\t\t<div class=\"elementor-widget-container\">\n\t\t\t\t\t\t\t\t\t\t\t\t\t\t\t<img loading=\"lazy\" decoding=\"async\" width=\"640\" height=\"480\" src=\"https:\/\/i0.wp.com\/electriccartour.com\/wp-content\/uploads\/2024\/07\/arboles-malagaviva.jpeg?fit=640%2C480&amp;ssl=1\" class=\"attachment-large size-large wp-image-10948\" alt=\"arboles m\u00e1laga viva\" srcset=\"https:\/\/i0.wp.com\/electriccartour.com\/wp-content\/uploads\/2024\/07\/arboles-malagaviva.jpeg?w=1600&amp;ssl=1 1600w, https:\/\/i0.wp.com\/electriccartour.com\/wp-content\/uploads\/2024\/07\/arboles-malagaviva.jpeg?resize=300%2C225&amp;ssl=1 300w, https:\/\/i0.wp.com\/electriccartour.com\/wp-content\/uploads\/2024\/07\/arboles-malagaviva.jpeg?resize=1024%2C768&amp;ssl=1 1024w, https:\/\/i0.wp.com\/electriccartour.com\/wp-content\/uploads\/2024\/07\/arboles-malagaviva.jpeg?resize=768%2C576&amp;ssl=1 768w, https:\/\/i0.wp.com\/electriccartour.com\/wp-content\/uploads\/2024\/07\/arboles-malagaviva.jpeg?resize=1536%2C1152&amp;ssl=1 1536w, https:\/\/i0.wp.com\/electriccartour.com\/wp-content\/uploads\/2024\/07\/arboles-malagaviva.jpeg?resize=1568%2C1176&amp;ssl=1 1568w, https:\/\/i0.wp.com\/electriccartour.com\/wp-content\/uploads\/2024\/07\/arboles-malagaviva.jpeg?resize=1320%2C990&amp;ssl=1 1320w\" sizes=\"(max-width: 640px) 100vw, 640px\" \/>\t\t\t\t\t\t\t\t\t\t\t\t\t\t\t<\/div>\n\t\t\t\t<\/div>\n\t\t\t\t\t<\/div>\n\t\t<\/div>\n\t\t\t\t\t<\/div>\n\t\t<\/section>\n\t\t\t\t<\/div>\n\t\t","protected":false},"excerpt":{"rendered":"<p>Eco Tour in Malaga in a 100% electric car. As you may already know, the Electric Car Tour team&#8217;s goal is to promote sustainable tourism and care for the environment with our Eco City Tours in Malaga. Last March, our family took part in one of the tree planting activities promoted by M\u00e1laga Viva to &hellip; <\/p>\n<p class=\"link-more\"><a href=\"https:\/\/electriccartour.com\/en\/city-tour-eco-malaga\/\" class=\"more-link\">Continue reading<span class=\"screen-reader-text\"> &#8220;City Tour Eco Malaga&#8221;<\/span><\/a><\/p>\n","protected":false},"author":1,"featured_media":6416,"comment_status":"closed","ping_status":"closed","sticky":false,"template":"","format":"standard","meta":{"_jetpack_memberships_contains_paid_content":false,"_joinchat":[],"footnotes":""},"categories":[32],"tags":[],"class_list":["post-10974","post","type-post","status-publish","format-standard","has-post-thumbnail","hentry","category-uncategorized","entry"],"yoast_head":"<!-- This site is optimized with the Yoast SEO plugin v27.4 - https:\/\/yoast.com\/product\/yoast-seo-wordpress\/ -->\n<title>City Tour Eco Malaga - Tours en Coche El\u00e9ctrico en M\u00e1laga \u267b\ufe0f | Electric Car Tour<\/title>\n<meta name=\"description\" content=\"Tour in Malaga eco in a 100% electric car. A tour to discover the city in the most sustainable, ecological and fun way.\" \/>\n<meta name=\"robots\" content=\"index, follow, max-snippet:-1, max-image-preview:large, max-video-preview:-1\" \/>\n<link rel=\"canonical\" href=\"https:\/\/electriccartour.com\/en\/city-tour-eco-malaga\/\" \/>\n<meta property=\"og:locale\" content=\"en_US\" \/>\n<meta property=\"og:type\" content=\"article\" \/>\n<meta property=\"og:title\" content=\"City Tour Eco Malaga - Tours en Coche El\u00e9ctrico en M\u00e1laga \u267b\ufe0f | Electric Car Tour\" \/>\n<meta property=\"og:description\" content=\"Tour in Malaga eco in a 100% electric car. A tour to discover the city in the most sustainable, ecological and fun way.\" \/>\n<meta property=\"og:url\" content=\"https:\/\/electriccartour.com\/en\/city-tour-eco-malaga\/\" \/>\n<meta property=\"og:site_name\" content=\"Tours en Coche El\u00e9ctrico en M\u00e1laga \u267b\ufe0f | Electric Car Tour\" \/>\n<meta property=\"article:publisher\" content=\"https:\/\/www.facebook.com\/Tourenvechiculoselectricos\/\" \/>\n<meta property=\"article:author\" content=\"https:\/\/www.facebook.com\/Tourenvechiculoselectricos\/\" \/>\n<meta property=\"article:published_time\" content=\"2024-07-06T11:06:15+00:00\" \/>\n<meta property=\"article:modified_time\" content=\"2025-02-16T20:05:57+00:00\" \/>\n<meta property=\"og:image\" content=\"https:\/\/i0.wp.com\/electriccartour.com\/wp-content\/uploads\/2023\/01\/tour-natural-park-montes-de-malaga-scaled.webp?fit=2560%2C1707&ssl=1\" \/>\n\t<meta property=\"og:image:width\" content=\"2560\" \/>\n\t<meta property=\"og:image:height\" content=\"1707\" \/>\n\t<meta property=\"og:image:type\" content=\"image\/webp\" \/>\n<meta name=\"author\" content=\"electriccartour\" \/>\n<meta name=\"twitter:card\" content=\"summary_large_image\" \/>\n<meta name=\"twitter:creator\" content=\"@https:\/\/twitter.com\/electric_tour\" \/>\n<meta name=\"twitter:site\" content=\"@electric_tour\" \/>\n<meta name=\"twitter:label1\" content=\"Written by\" \/>\n\t<meta name=\"twitter:data1\" content=\"electriccartour\" \/>\n\t<meta name=\"twitter:label2\" content=\"Est. reading time\" \/>\n\t<meta name=\"twitter:data2\" content=\"3 minutes\" \/>\n<script type=\"application\/ld+json\" class=\"yoast-schema-graph\">{\"@context\":\"https:\\\/\\\/schema.org\",\"@graph\":[{\"@type\":\"Article\",\"@id\":\"https:\\\/\\\/electriccartour.com\\\/en\\\/city-tour-eco-malaga\\\/#article\",\"isPartOf\":{\"@id\":\"https:\\\/\\\/electriccartour.com\\\/en\\\/city-tour-eco-malaga\\\/\"},\"author\":{\"name\":\"electriccartour\",\"@id\":\"https:\\\/\\\/electriccartour.com\\\/en\\\/#\\\/schema\\\/person\\\/14020537da6216f7471b49e5e929cba1\"},\"headline\":\"City Tour Eco Malaga\",\"datePublished\":\"2024-07-06T11:06:15+00:00\",\"dateModified\":\"2025-02-16T20:05:57+00:00\",\"mainEntityOfPage\":{\"@id\":\"https:\\\/\\\/electriccartour.com\\\/en\\\/city-tour-eco-malaga\\\/\"},\"wordCount\":586,\"publisher\":{\"@id\":\"https:\\\/\\\/electriccartour.com\\\/en\\\/#organization\"},\"image\":{\"@id\":\"https:\\\/\\\/electriccartour.com\\\/en\\\/city-tour-eco-malaga\\\/#primaryimage\"},\"thumbnailUrl\":\"https:\\\/\\\/i0.wp.com\\\/electriccartour.com\\\/wp-content\\\/uploads\\\/2023\\\/01\\\/tour-natural-park-montes-de-malaga-scaled.webp?fit=2560%2C1707&ssl=1\",\"inLanguage\":\"en-US\"},{\"@type\":\"WebPage\",\"@id\":\"https:\\\/\\\/electriccartour.com\\\/en\\\/city-tour-eco-malaga\\\/\",\"url\":\"https:\\\/\\\/electriccartour.com\\\/en\\\/city-tour-eco-malaga\\\/\",\"name\":\"City Tour Eco Malaga - Tours en Coche El\u00e9ctrico en M\u00e1laga \u267b\ufe0f | Electric Car Tour\",\"isPartOf\":{\"@id\":\"https:\\\/\\\/electriccartour.com\\\/en\\\/#website\"},\"primaryImageOfPage\":{\"@id\":\"https:\\\/\\\/electriccartour.com\\\/en\\\/city-tour-eco-malaga\\\/#primaryimage\"},\"image\":{\"@id\":\"https:\\\/\\\/electriccartour.com\\\/en\\\/city-tour-eco-malaga\\\/#primaryimage\"},\"thumbnailUrl\":\"https:\\\/\\\/i0.wp.com\\\/electriccartour.com\\\/wp-content\\\/uploads\\\/2023\\\/01\\\/tour-natural-park-montes-de-malaga-scaled.webp?fit=2560%2C1707&ssl=1\",\"datePublished\":\"2024-07-06T11:06:15+00:00\",\"dateModified\":\"2025-02-16T20:05:57+00:00\",\"description\":\"Tour in Malaga eco in a 100% electric car. A tour to discover the city in the most sustainable, ecological and fun way.\",\"breadcrumb\":{\"@id\":\"https:\\\/\\\/electriccartour.com\\\/en\\\/city-tour-eco-malaga\\\/#breadcrumb\"},\"inLanguage\":\"en-US\",\"potentialAction\":[{\"@type\":\"ReadAction\",\"target\":[\"https:\\\/\\\/electriccartour.com\\\/en\\\/city-tour-eco-malaga\\\/\"]}]},{\"@type\":\"ImageObject\",\"inLanguage\":\"en-US\",\"@id\":\"https:\\\/\\\/electriccartour.com\\\/en\\\/city-tour-eco-malaga\\\/#primaryimage\",\"url\":\"https:\\\/\\\/i0.wp.com\\\/electriccartour.com\\\/wp-content\\\/uploads\\\/2023\\\/01\\\/tour-natural-park-montes-de-malaga-scaled.webp?fit=2560%2C1707&ssl=1\",\"contentUrl\":\"https:\\\/\\\/i0.wp.com\\\/electriccartour.com\\\/wp-content\\\/uploads\\\/2023\\\/01\\\/tour-natural-park-montes-de-malaga-scaled.webp?fit=2560%2C1707&ssl=1\",\"width\":2560,\"height\":1707,\"caption\":\"tour gastron\u00f3mico parque natural montes de m\u00e1laga con almuerzo en restaurante t\u00edpico de la zona.\"},{\"@type\":\"BreadcrumbList\",\"@id\":\"https:\\\/\\\/electriccartour.com\\\/en\\\/city-tour-eco-malaga\\\/#breadcrumb\",\"itemListElement\":[{\"@type\":\"ListItem\",\"position\":1,\"name\":\"Portada\",\"item\":\"https:\\\/\\\/electriccartour.com\\\/en\\\/\"},{\"@type\":\"ListItem\",\"position\":2,\"name\":\"City Tour Eco Malaga\"}]},{\"@type\":\"WebSite\",\"@id\":\"https:\\\/\\\/electriccartour.com\\\/en\\\/#website\",\"url\":\"https:\\\/\\\/electriccartour.com\\\/en\\\/\",\"name\":\"Tours en Coche El\u00e9ctrico en M\u00e1laga \u267b\ufe0f | Electric Car Tour\",\"description\":\"Descubre M\u00e1laga de forma sostenible con Electric Car Tour. Disfruta de tours guiados en coche el\u00e9ctrico y explora los principales atractivos tur\u00edsticos de la ciudad.\",\"publisher\":{\"@id\":\"https:\\\/\\\/electriccartour.com\\\/en\\\/#organization\"},\"alternateName\":\"Electric Car Tour - M\u00e1laga\",\"potentialAction\":[{\"@type\":\"SearchAction\",\"target\":{\"@type\":\"EntryPoint\",\"urlTemplate\":\"https:\\\/\\\/electriccartour.com\\\/en\\\/?s={search_term_string}\"},\"query-input\":{\"@type\":\"PropertyValueSpecification\",\"valueRequired\":true,\"valueName\":\"search_term_string\"}}],\"inLanguage\":\"en-US\"},{\"@type\":\"Organization\",\"@id\":\"https:\\\/\\\/electriccartour.com\\\/en\\\/#organization\",\"name\":\"Electric Car Tour\",\"alternateName\":\"electriccartour\",\"url\":\"https:\\\/\\\/electriccartour.com\\\/en\\\/\",\"logo\":{\"@type\":\"ImageObject\",\"inLanguage\":\"en-US\",\"@id\":\"https:\\\/\\\/electriccartour.com\\\/en\\\/#\\\/schema\\\/logo\\\/image\\\/\",\"url\":\"https:\\\/\\\/i0.wp.com\\\/electriccartour.com\\\/wp-content\\\/uploads\\\/2021\\\/12\\\/181002_ECT_Logo5389f3-1920w.png?fit=1920%2C462&ssl=1\",\"contentUrl\":\"https:\\\/\\\/i0.wp.com\\\/electriccartour.com\\\/wp-content\\\/uploads\\\/2021\\\/12\\\/181002_ECT_Logo5389f3-1920w.png?fit=1920%2C462&ssl=1\",\"width\":1920,\"height\":462,\"caption\":\"Electric Car Tour\"},\"image\":{\"@id\":\"https:\\\/\\\/electriccartour.com\\\/en\\\/#\\\/schema\\\/logo\\\/image\\\/\"},\"sameAs\":[\"https:\\\/\\\/www.facebook.com\\\/Tourenvechiculoselectricos\\\/\",\"https:\\\/\\\/x.com\\\/electric_tour\",\"https:\\\/\\\/www.youtube.com\\\/channel\\\/UClzjmLNm6Auwdnix5FwnxXw\",\"https:\\\/\\\/www.instagram.com\\\/electriccartour\\\/\",\"https:\\\/\\\/tripadvisor.com\\\/Attraction_Review-g187438-d15198737-Reviews-Electric_Car_Tour-Malaga_Costa_del_Sol_Province_of_Malaga_Andalucia.html\"]},{\"@type\":\"Person\",\"@id\":\"https:\\\/\\\/electriccartour.com\\\/en\\\/#\\\/schema\\\/person\\\/14020537da6216f7471b49e5e929cba1\",\"name\":\"electriccartour\",\"image\":{\"@type\":\"ImageObject\",\"inLanguage\":\"en-US\",\"@id\":\"https:\\\/\\\/secure.gravatar.com\\\/avatar\\\/fe8515b4ef6ae0fb0465b6ace38c4969d9b25f2d9a0c49eee2553face0582368?s=96&d=mm&r=g\",\"url\":\"https:\\\/\\\/secure.gravatar.com\\\/avatar\\\/fe8515b4ef6ae0fb0465b6ace38c4969d9b25f2d9a0c49eee2553face0582368?s=96&d=mm&r=g\",\"contentUrl\":\"https:\\\/\\\/secure.gravatar.com\\\/avatar\\\/fe8515b4ef6ae0fb0465b6ace38c4969d9b25f2d9a0c49eee2553face0582368?s=96&d=mm&r=g\",\"caption\":\"electriccartour\"},\"sameAs\":[\"http:\\\/\\\/electriccartour.com\",\"https:\\\/\\\/www.facebook.com\\\/Tourenvechiculoselectricos\\\/\",\"https:\\\/\\\/www.instagram.com\\\/electriccartour\\\/\",\"https:\\\/\\\/www.linkedin.com\\\/in\\\/gema-martnez-aa8ab2183\",\"https:\\\/\\\/x.com\\\/https:\\\/\\\/twitter.com\\\/electric_tour\",\"https:\\\/\\\/www.youtube.com\\\/channel\\\/UClzjmLNm6Auwdnix5FwnxXw\"],\"url\":\"https:\\\/\\\/electriccartour.com\\\/en\\\/author\\\/electriccartour\\\/\"}]}<\/script>\n<!-- \/ Yoast SEO plugin. -->","yoast_head_json":{"title":"City Tour Eco Malaga - Tours en Coche El\u00e9ctrico en M\u00e1laga \u267b\ufe0f | Electric Car Tour","description":"Tour in Malaga eco in a 100% electric car. A tour to discover the city in the most sustainable, ecological and fun way.","robots":{"index":"index","follow":"follow","max-snippet":"max-snippet:-1","max-image-preview":"max-image-preview:large","max-video-preview":"max-video-preview:-1"},"canonical":"https:\/\/electriccartour.com\/en\/city-tour-eco-malaga\/","og_locale":"en_US","og_type":"article","og_title":"City Tour Eco Malaga - Tours en Coche El\u00e9ctrico en M\u00e1laga \u267b\ufe0f | Electric Car Tour","og_description":"Tour in Malaga eco in a 100% electric car. A tour to discover the city in the most sustainable, ecological and fun way.","og_url":"https:\/\/electriccartour.com\/en\/city-tour-eco-malaga\/","og_site_name":"Tours en Coche El\u00e9ctrico en M\u00e1laga \u267b\ufe0f | Electric Car Tour","article_publisher":"https:\/\/www.facebook.com\/Tourenvechiculoselectricos\/","article_author":"https:\/\/www.facebook.com\/Tourenvechiculoselectricos\/","article_published_time":"2024-07-06T11:06:15+00:00","article_modified_time":"2025-02-16T20:05:57+00:00","og_image":[{"width":2560,"height":1707,"url":"https:\/\/i0.wp.com\/electriccartour.com\/wp-content\/uploads\/2023\/01\/tour-natural-park-montes-de-malaga-scaled.webp?fit=2560%2C1707&ssl=1","type":"image\/webp"}],"author":"electriccartour","twitter_card":"summary_large_image","twitter_creator":"@https:\/\/twitter.com\/electric_tour","twitter_site":"@electric_tour","twitter_misc":{"Written by":"electriccartour","Est. reading time":"3 minutes"},"schema":{"@context":"https:\/\/schema.org","@graph":[{"@type":"Article","@id":"https:\/\/electriccartour.com\/en\/city-tour-eco-malaga\/#article","isPartOf":{"@id":"https:\/\/electriccartour.com\/en\/city-tour-eco-malaga\/"},"author":{"name":"electriccartour","@id":"https:\/\/electriccartour.com\/en\/#\/schema\/person\/14020537da6216f7471b49e5e929cba1"},"headline":"City Tour Eco Malaga","datePublished":"2024-07-06T11:06:15+00:00","dateModified":"2025-02-16T20:05:57+00:00","mainEntityOfPage":{"@id":"https:\/\/electriccartour.com\/en\/city-tour-eco-malaga\/"},"wordCount":586,"publisher":{"@id":"https:\/\/electriccartour.com\/en\/#organization"},"image":{"@id":"https:\/\/electriccartour.com\/en\/city-tour-eco-malaga\/#primaryimage"},"thumbnailUrl":"https:\/\/i0.wp.com\/electriccartour.com\/wp-content\/uploads\/2023\/01\/tour-natural-park-montes-de-malaga-scaled.webp?fit=2560%2C1707&ssl=1","inLanguage":"en-US"},{"@type":"WebPage","@id":"https:\/\/electriccartour.com\/en\/city-tour-eco-malaga\/","url":"https:\/\/electriccartour.com\/en\/city-tour-eco-malaga\/","name":"City Tour Eco Malaga - Tours en Coche El\u00e9ctrico en M\u00e1laga \u267b\ufe0f | Electric Car Tour","isPartOf":{"@id":"https:\/\/electriccartour.com\/en\/#website"},"primaryImageOfPage":{"@id":"https:\/\/electriccartour.com\/en\/city-tour-eco-malaga\/#primaryimage"},"image":{"@id":"https:\/\/electriccartour.com\/en\/city-tour-eco-malaga\/#primaryimage"},"thumbnailUrl":"https:\/\/i0.wp.com\/electriccartour.com\/wp-content\/uploads\/2023\/01\/tour-natural-park-montes-de-malaga-scaled.webp?fit=2560%2C1707&ssl=1","datePublished":"2024-07-06T11:06:15+00:00","dateModified":"2025-02-16T20:05:57+00:00","description":"Tour in Malaga eco in a 100% electric car. A tour to discover the city in the most sustainable, ecological and fun way.","breadcrumb":{"@id":"https:\/\/electriccartour.com\/en\/city-tour-eco-malaga\/#breadcrumb"},"inLanguage":"en-US","potentialAction":[{"@type":"ReadAction","target":["https:\/\/electriccartour.com\/en\/city-tour-eco-malaga\/"]}]},{"@type":"ImageObject","inLanguage":"en-US","@id":"https:\/\/electriccartour.com\/en\/city-tour-eco-malaga\/#primaryimage","url":"https:\/\/i0.wp.com\/electriccartour.com\/wp-content\/uploads\/2023\/01\/tour-natural-park-montes-de-malaga-scaled.webp?fit=2560%2C1707&ssl=1","contentUrl":"https:\/\/i0.wp.com\/electriccartour.com\/wp-content\/uploads\/2023\/01\/tour-natural-park-montes-de-malaga-scaled.webp?fit=2560%2C1707&ssl=1","width":2560,"height":1707,"caption":"tour gastron\u00f3mico parque natural montes de m\u00e1laga con almuerzo en restaurante t\u00edpico de la zona."},{"@type":"BreadcrumbList","@id":"https:\/\/electriccartour.com\/en\/city-tour-eco-malaga\/#breadcrumb","itemListElement":[{"@type":"ListItem","position":1,"name":"Portada","item":"https:\/\/electriccartour.com\/en\/"},{"@type":"ListItem","position":2,"name":"City Tour Eco Malaga"}]},{"@type":"WebSite","@id":"https:\/\/electriccartour.com\/en\/#website","url":"https:\/\/electriccartour.com\/en\/","name":"Tours en Coche El\u00e9ctrico en M\u00e1laga \u267b\ufe0f | Electric Car Tour","description":"Descubre M\u00e1laga de forma sostenible con Electric Car Tour. Disfruta de tours guiados en coche el\u00e9ctrico y explora los principales atractivos tur\u00edsticos de la ciudad.","publisher":{"@id":"https:\/\/electriccartour.com\/en\/#organization"},"alternateName":"Electric Car Tour - M\u00e1laga","potentialAction":[{"@type":"SearchAction","target":{"@type":"EntryPoint","urlTemplate":"https:\/\/electriccartour.com\/en\/?s={search_term_string}"},"query-input":{"@type":"PropertyValueSpecification","valueRequired":true,"valueName":"search_term_string"}}],"inLanguage":"en-US"},{"@type":"Organization","@id":"https:\/\/electriccartour.com\/en\/#organization","name":"Electric Car Tour","alternateName":"electriccartour","url":"https:\/\/electriccartour.com\/en\/","logo":{"@type":"ImageObject","inLanguage":"en-US","@id":"https:\/\/electriccartour.com\/en\/#\/schema\/logo\/image\/","url":"https:\/\/i0.wp.com\/electriccartour.com\/wp-content\/uploads\/2021\/12\/181002_ECT_Logo5389f3-1920w.png?fit=1920%2C462&ssl=1","contentUrl":"https:\/\/i0.wp.com\/electriccartour.com\/wp-content\/uploads\/2021\/12\/181002_ECT_Logo5389f3-1920w.png?fit=1920%2C462&ssl=1","width":1920,"height":462,"caption":"Electric Car Tour"},"image":{"@id":"https:\/\/electriccartour.com\/en\/#\/schema\/logo\/image\/"},"sameAs":["https:\/\/www.facebook.com\/Tourenvechiculoselectricos\/","https:\/\/x.com\/electric_tour","https:\/\/www.youtube.com\/channel\/UClzjmLNm6Auwdnix5FwnxXw","https:\/\/www.instagram.com\/electriccartour\/","https:\/\/tripadvisor.com\/Attraction_Review-g187438-d15198737-Reviews-Electric_Car_Tour-Malaga_Costa_del_Sol_Province_of_Malaga_Andalucia.html"]},{"@type":"Person","@id":"https:\/\/electriccartour.com\/en\/#\/schema\/person\/14020537da6216f7471b49e5e929cba1","name":"electriccartour","image":{"@type":"ImageObject","inLanguage":"en-US","@id":"https:\/\/secure.gravatar.com\/avatar\/fe8515b4ef6ae0fb0465b6ace38c4969d9b25f2d9a0c49eee2553face0582368?s=96&d=mm&r=g","url":"https:\/\/secure.gravatar.com\/avatar\/fe8515b4ef6ae0fb0465b6ace38c4969d9b25f2d9a0c49eee2553face0582368?s=96&d=mm&r=g","contentUrl":"https:\/\/secure.gravatar.com\/avatar\/fe8515b4ef6ae0fb0465b6ace38c4969d9b25f2d9a0c49eee2553face0582368?s=96&d=mm&r=g","caption":"electriccartour"},"sameAs":["http:\/\/electriccartour.com","https:\/\/www.facebook.com\/Tourenvechiculoselectricos\/","https:\/\/www.instagram.com\/electriccartour\/","https:\/\/www.linkedin.com\/in\/gema-martnez-aa8ab2183","https:\/\/x.com\/https:\/\/twitter.com\/electric_tour","https:\/\/www.youtube.com\/channel\/UClzjmLNm6Auwdnix5FwnxXw"],"url":"https:\/\/electriccartour.com\/en\/author\/electriccartour\/"}]}},"jetpack_featured_media_url":"https:\/\/i0.wp.com\/electriccartour.com\/wp-content\/uploads\/2023\/01\/tour-natural-park-montes-de-malaga-scaled.webp?fit=2560%2C1707&ssl=1","jetpack_sharing_enabled":true,"_links":{"self":[{"href":"https:\/\/electriccartour.com\/en\/wp-json\/wp\/v2\/posts\/10974","targetHints":{"allow":["GET"]}}],"collection":[{"href":"https:\/\/electriccartour.com\/en\/wp-json\/wp\/v2\/posts"}],"about":[{"href":"https:\/\/electriccartour.com\/en\/wp-json\/wp\/v2\/types\/post"}],"author":[{"embeddable":true,"href":"https:\/\/electriccartour.com\/en\/wp-json\/wp\/v2\/users\/1"}],"replies":[{"embeddable":true,"href":"https:\/\/electriccartour.com\/en\/wp-json\/wp\/v2\/comments?post=10974"}],"version-history":[{"count":0,"href":"https:\/\/electriccartour.com\/en\/wp-json\/wp\/v2\/posts\/10974\/revisions"}],"wp:featuredmedia":[{"embeddable":true,"href":"https:\/\/electriccartour.com\/en\/wp-json\/wp\/v2\/media\/6416"}],"wp:attachment":[{"href":"https:\/\/electriccartour.com\/en\/wp-json\/wp\/v2\/media?parent=10974"}],"wp:term":[{"taxonomy":"category","embeddable":true,"href":"https:\/\/electriccartour.com\/en\/wp-json\/wp\/v2\/categories?post=10974"},{"taxonomy":"post_tag","embeddable":true,"href":"https:\/\/electriccartour.com\/en\/wp-json\/wp\/v2\/tags?post=10974"}],"curies":[{"name":"wp","href":"https:\/\/api.w.org\/{rel}","templated":true}]}}