{"id":11182,"date":"2024-10-26T09:53:41","date_gmt":"2024-10-26T08:53:41","guid":{"rendered":"https:\/\/electriccartour.com\/%f0%9f%8e%84christmas-and-christmas-lights-in-malaga-2024-the-best-tours-and-events\/"},"modified":"2024-12-30T21:43:28","modified_gmt":"2024-12-30T20:43:28","slug":"%f0%9f%8e%84christmas-and-christmas-lights-in-malaga-2024-the-best-tours-and-events","status":"publish","type":"post","link":"https:\/\/electriccartour.com\/en\/%f0%9f%8e%84christmas-and-christmas-lights-in-malaga-2024-the-best-tours-and-events\/","title":{"rendered":"Christmas in Malaga 2024: Complete Guide to Enjoying the Holidays"},"content":{"rendered":"\t\t<div data-elementor-type=\"wp-post\" data-elementor-id=\"11182\" class=\"elementor elementor-11182 elementor-11163\" data-elementor-post-type=\"post\">\n\t\t\t\t\t\t<section class=\"elementor-section elementor-top-section elementor-element elementor-element-ba1f347 elementor-section-boxed elementor-section-height-default elementor-section-height-default\" data-id=\"ba1f347\" data-element_type=\"section\" data-e-type=\"section\">\n\t\t\t\t\t\t<div class=\"elementor-container elementor-column-gap-default\">\n\t\t\t\t\t<div class=\"elementor-column elementor-col-100 elementor-top-column elementor-element elementor-element-3bf5139\" data-id=\"3bf5139\" data-element_type=\"column\" data-e-type=\"column\">\n\t\t\t<div class=\"elementor-widget-wrap elementor-element-populated\">\n\t\t\t\t\t\t<div class=\"elementor-element elementor-element-e56e9fe elementor-widget elementor-widget-text-editor\" data-id=\"e56e9fe\" data-element_type=\"widget\" data-e-type=\"widget\" data-widget_type=\"text-editor.default\">\n\t\t\t\t<div class=\"elementor-widget-container\">\n\t\t\t\t\t\t\t\t\t<p><strong>Christmas in Malaga is one of the most magical times of the year.<\/strong> The city is transformed into a spectacle of lights and color, attracting thousands of visitors from all over the world. In this guide, we tell you everything you need to know to make the most of <strong>Christmas in Malaga in 2024:<\/strong> from the famous lights switch-on to the Christmas markets and the best activities for the whole family. <\/p>\n\t\t\t\t\t\t\t\t<\/div>\n\t\t\t\t<\/div>\n\t\t\t\t\t<\/div>\n\t\t<\/div>\n\t\t\t\t\t<\/div>\n\t\t<\/section>\n\t\t\t\t<section class=\"elementor-section elementor-top-section elementor-element elementor-element-9d08fa3 elementor-section-boxed elementor-section-height-default elementor-section-height-default\" data-id=\"9d08fa3\" data-element_type=\"section\" data-e-type=\"section\">\n\t\t\t\t\t\t<div class=\"elementor-container elementor-column-gap-default\">\n\t\t\t\t\t<div class=\"elementor-column elementor-col-50 elementor-top-column elementor-element elementor-element-4e8289c\" data-id=\"4e8289c\" data-element_type=\"column\" data-e-type=\"column\">\n\t\t\t<div class=\"elementor-widget-wrap elementor-element-populated\">\n\t\t\t\t\t\t<div class=\"elementor-element elementor-element-47255cf elementor-widget elementor-widget-image\" data-id=\"47255cf\" data-element_type=\"widget\" data-e-type=\"widget\" data-widget_type=\"image.default\">\n\t\t\t\t<div class=\"elementor-widget-container\">\n\t\t\t\t\t\t\t\t\t\t\t\t\t\t\t<img fetchpriority=\"high\" decoding=\"async\" width=\"640\" height=\"427\" src=\"https:\/\/i0.wp.com\/electriccartour.com\/wp-content\/uploads\/2024\/10\/luces-navidad-calle-larios-2024-scaled.webp?fit=640%2C427&amp;ssl=1\" class=\"attachment-large size-large wp-image-11777\" alt=\"luces de navidad en calle larios de m\u00e1laga 2024\" srcset=\"https:\/\/i0.wp.com\/electriccartour.com\/wp-content\/uploads\/2024\/10\/luces-navidad-calle-larios-2024-scaled.webp?w=2560&amp;ssl=1 2560w, https:\/\/i0.wp.com\/electriccartour.com\/wp-content\/uploads\/2024\/10\/luces-navidad-calle-larios-2024-scaled.webp?resize=300%2C200&amp;ssl=1 300w, https:\/\/i0.wp.com\/electriccartour.com\/wp-content\/uploads\/2024\/10\/luces-navidad-calle-larios-2024-scaled.webp?resize=1024%2C683&amp;ssl=1 1024w, https:\/\/i0.wp.com\/electriccartour.com\/wp-content\/uploads\/2024\/10\/luces-navidad-calle-larios-2024-scaled.webp?resize=768%2C512&amp;ssl=1 768w, https:\/\/i0.wp.com\/electriccartour.com\/wp-content\/uploads\/2024\/10\/luces-navidad-calle-larios-2024-scaled.webp?resize=1536%2C1024&amp;ssl=1 1536w, https:\/\/i0.wp.com\/electriccartour.com\/wp-content\/uploads\/2024\/10\/luces-navidad-calle-larios-2024-scaled.webp?resize=2048%2C1365&amp;ssl=1 2048w, https:\/\/i0.wp.com\/electriccartour.com\/wp-content\/uploads\/2024\/10\/luces-navidad-calle-larios-2024-scaled.webp?resize=1568%2C1045&amp;ssl=1 1568w, https:\/\/i0.wp.com\/electriccartour.com\/wp-content\/uploads\/2024\/10\/luces-navidad-calle-larios-2024-scaled.webp?resize=1320%2C880&amp;ssl=1 1320w, https:\/\/i0.wp.com\/electriccartour.com\/wp-content\/uploads\/2024\/10\/luces-navidad-calle-larios-2024-scaled.webp?w=1920&amp;ssl=1 1920w\" sizes=\"(max-width: 640px) 100vw, 640px\" \/>\t\t\t\t\t\t\t\t\t\t\t\t\t\t\t<\/div>\n\t\t\t\t<\/div>\n\t\t\t\t\t<\/div>\n\t\t<\/div>\n\t\t\t\t<div class=\"elementor-column elementor-col-50 elementor-top-column elementor-element elementor-element-abd4f9e\" data-id=\"abd4f9e\" data-element_type=\"column\" data-e-type=\"column\">\n\t\t\t<div class=\"elementor-widget-wrap elementor-element-populated\">\n\t\t\t\t\t\t<div class=\"elementor-element elementor-element-ad44aa2 elementor-widget elementor-widget-image\" data-id=\"ad44aa2\" data-element_type=\"widget\" data-e-type=\"widget\" data-widget_type=\"image.default\">\n\t\t\t\t<div class=\"elementor-widget-container\">\n\t\t\t\t\t\t\t\t\t\t\t\t\t\t\t<img decoding=\"async\" width=\"640\" height=\"427\" src=\"https:\/\/i0.wp.com\/electriccartour.com\/wp-content\/uploads\/2024\/10\/angel-luces-navidad-malaga-scaled.webp?fit=640%2C427&amp;ssl=1\" class=\"attachment-large size-large wp-image-11781\" alt=\"\u00e1ngel de las luces de Navidad en m\u00e1laga 2024\" srcset=\"https:\/\/i0.wp.com\/electriccartour.com\/wp-content\/uploads\/2024\/10\/angel-luces-navidad-malaga-scaled.webp?w=2560&amp;ssl=1 2560w, https:\/\/i0.wp.com\/electriccartour.com\/wp-content\/uploads\/2024\/10\/angel-luces-navidad-malaga-scaled.webp?resize=300%2C200&amp;ssl=1 300w, https:\/\/i0.wp.com\/electriccartour.com\/wp-content\/uploads\/2024\/10\/angel-luces-navidad-malaga-scaled.webp?resize=1024%2C683&amp;ssl=1 1024w, https:\/\/i0.wp.com\/electriccartour.com\/wp-content\/uploads\/2024\/10\/angel-luces-navidad-malaga-scaled.webp?resize=768%2C512&amp;ssl=1 768w, https:\/\/i0.wp.com\/electriccartour.com\/wp-content\/uploads\/2024\/10\/angel-luces-navidad-malaga-scaled.webp?resize=1536%2C1024&amp;ssl=1 1536w, https:\/\/i0.wp.com\/electriccartour.com\/wp-content\/uploads\/2024\/10\/angel-luces-navidad-malaga-scaled.webp?resize=2048%2C1365&amp;ssl=1 2048w, https:\/\/i0.wp.com\/electriccartour.com\/wp-content\/uploads\/2024\/10\/angel-luces-navidad-malaga-scaled.webp?resize=1568%2C1045&amp;ssl=1 1568w, https:\/\/i0.wp.com\/electriccartour.com\/wp-content\/uploads\/2024\/10\/angel-luces-navidad-malaga-scaled.webp?resize=1320%2C880&amp;ssl=1 1320w, https:\/\/i0.wp.com\/electriccartour.com\/wp-content\/uploads\/2024\/10\/angel-luces-navidad-malaga-scaled.webp?w=1920&amp;ssl=1 1920w\" sizes=\"(max-width: 640px) 100vw, 640px\" \/>\t\t\t\t\t\t\t\t\t\t\t\t\t\t\t<\/div>\n\t\t\t\t<\/div>\n\t\t\t\t\t<\/div>\n\t\t<\/div>\n\t\t\t\t\t<\/div>\n\t\t<\/section>\n\t\t\t\t<section class=\"elementor-section elementor-top-section elementor-element elementor-element-423d2d5 elementor-section-boxed elementor-section-height-default elementor-section-height-default\" data-id=\"423d2d5\" data-element_type=\"section\" data-e-type=\"section\">\n\t\t\t\t\t\t<div class=\"elementor-container elementor-column-gap-default\">\n\t\t\t\t\t<div class=\"elementor-column elementor-col-100 elementor-top-column elementor-element elementor-element-ca11b70\" data-id=\"ca11b70\" data-element_type=\"column\" data-e-type=\"column\">\n\t\t\t<div class=\"elementor-widget-wrap elementor-element-populated\">\n\t\t\t\t\t\t<div class=\"elementor-element elementor-element-6c5b2d1 elementor-widget elementor-widget-heading\" data-id=\"6c5b2d1\" data-element_type=\"widget\" data-e-type=\"widget\" data-widget_type=\"heading.default\">\n\t\t\t\t<div class=\"elementor-widget-container\">\n\t\t\t\t\t<h2 class=\"elementor-heading-title elementor-size-default\">1. \u2728 The Lighting of the Lights in Larios Street<\/h2>\t\t\t\t<\/div>\n\t\t\t\t<\/div>\n\t\t\t\t\t<\/div>\n\t\t<\/div>\n\t\t\t\t\t<\/div>\n\t\t<\/section>\n\t\t\t\t<section class=\"elementor-section elementor-top-section elementor-element elementor-element-1b83209 elementor-section-boxed elementor-section-height-default elementor-section-height-default\" data-id=\"1b83209\" data-element_type=\"section\" data-e-type=\"section\">\n\t\t\t\t\t\t<div class=\"elementor-container elementor-column-gap-default\">\n\t\t\t\t\t<div class=\"elementor-column elementor-col-100 elementor-top-column elementor-element elementor-element-dc09fdf\" data-id=\"dc09fdf\" data-element_type=\"column\" data-e-type=\"column\">\n\t\t\t<div class=\"elementor-widget-wrap elementor-element-populated\">\n\t\t\t\t\t\t<div class=\"elementor-element elementor-element-22de32e elementor-widget elementor-widget-text-editor\" data-id=\"22de32e\" data-element_type=\"widget\" data-e-type=\"widget\" data-widget_type=\"text-editor.default\">\n\t\t\t\t<div class=\"elementor-widget-container\">\n\t\t\t\t\t\t\t\t\t<p>The most anticipated event is undoubtedly the <strong>lighting of lights on Calle Larios<\/strong>, which this year will take place on <strong>November 29 at 18:30. <\/strong>This iconic street in the center of Malaga will shine with its characteristic light and music show, where the impressive <strong>16 Heavenly Angels<\/strong> will once again star. The show will be repeated <strong>three times a day, at 18:30, 20:00 and 21:00<\/strong>, throughout the Christmas season. <\/p>\n\t\t\t\t\t\t\t\t<\/div>\n\t\t\t\t<\/div>\n\t\t\t\t\t<\/div>\n\t\t<\/div>\n\t\t\t\t\t<\/div>\n\t\t<\/section>\n\t\t\t\t<section class=\"elementor-section elementor-top-section elementor-element elementor-element-cd8956b elementor-section-boxed elementor-section-height-default elementor-section-height-default\" data-id=\"cd8956b\" data-element_type=\"section\" data-e-type=\"section\">\n\t\t\t\t\t\t<div class=\"elementor-container elementor-column-gap-default\">\n\t\t\t\t\t<div class=\"elementor-column elementor-col-100 elementor-top-column elementor-element elementor-element-8c9245e\" data-id=\"8c9245e\" data-element_type=\"column\" data-e-type=\"column\">\n\t\t\t<div class=\"elementor-widget-wrap elementor-element-populated\">\n\t\t\t\t\t\t<div class=\"elementor-element elementor-element-34f44a8 elementor-widget elementor-widget-text-editor\" data-id=\"34f44a8\" data-element_type=\"widget\" data-e-type=\"widget\" data-widget_type=\"text-editor.default\">\n\t\t\t\t<div class=\"elementor-widget-container\">\n\t\t\t\t\t\t\t\t\t<p><em><strong>Tip:<\/strong><\/em> For the best views, <strong>arrive early<\/strong> and be sure to find a good spot on <strong>Calle Larios<\/strong> or <strong>Plaza de la Constituci\u00f3n<\/strong>.<\/p>\n\t\t\t\t\t\t\t\t<\/div>\n\t\t\t\t<\/div>\n\t\t\t\t\t<\/div>\n\t\t<\/div>\n\t\t\t\t\t<\/div>\n\t\t<\/section>\n\t\t\t\t<section class=\"elementor-section elementor-top-section elementor-element elementor-element-acd8c70 elementor-section-boxed elementor-section-height-default elementor-section-height-default\" data-id=\"acd8c70\" data-element_type=\"section\" data-e-type=\"section\">\n\t\t\t\t\t\t<div class=\"elementor-container elementor-column-gap-default\">\n\t\t\t\t\t<div class=\"elementor-column elementor-col-50 elementor-top-column elementor-element elementor-element-2d2a0d0\" data-id=\"2d2a0d0\" data-element_type=\"column\" data-e-type=\"column\">\n\t\t\t<div class=\"elementor-widget-wrap elementor-element-populated\">\n\t\t\t\t\t\t<div class=\"elementor-element elementor-element-c373921 elementor-widget elementor-widget-image\" data-id=\"c373921\" data-element_type=\"widget\" data-e-type=\"widget\" data-widget_type=\"image.default\">\n\t\t\t\t<div class=\"elementor-widget-container\">\n\t\t\t\t\t\t\t\t\t\t\t\t\t\t\t<img decoding=\"async\" width=\"640\" height=\"427\" src=\"https:\/\/i0.wp.com\/electriccartour.com\/wp-content\/uploads\/2024\/10\/alumbrado-navidadeno-calles-malaga-scaled.webp?fit=640%2C427&amp;ssl=1\" class=\"attachment-large size-large wp-image-11785\" alt=\"alumbrado navide\u00f1o en las calles de m\u00e1laga\" srcset=\"https:\/\/i0.wp.com\/electriccartour.com\/wp-content\/uploads\/2024\/10\/alumbrado-navidadeno-calles-malaga-scaled.webp?w=2560&amp;ssl=1 2560w, https:\/\/i0.wp.com\/electriccartour.com\/wp-content\/uploads\/2024\/10\/alumbrado-navidadeno-calles-malaga-scaled.webp?resize=300%2C200&amp;ssl=1 300w, https:\/\/i0.wp.com\/electriccartour.com\/wp-content\/uploads\/2024\/10\/alumbrado-navidadeno-calles-malaga-scaled.webp?resize=1024%2C683&amp;ssl=1 1024w, https:\/\/i0.wp.com\/electriccartour.com\/wp-content\/uploads\/2024\/10\/alumbrado-navidadeno-calles-malaga-scaled.webp?resize=768%2C512&amp;ssl=1 768w, https:\/\/i0.wp.com\/electriccartour.com\/wp-content\/uploads\/2024\/10\/alumbrado-navidadeno-calles-malaga-scaled.webp?resize=1536%2C1024&amp;ssl=1 1536w, https:\/\/i0.wp.com\/electriccartour.com\/wp-content\/uploads\/2024\/10\/alumbrado-navidadeno-calles-malaga-scaled.webp?resize=2048%2C1365&amp;ssl=1 2048w, https:\/\/i0.wp.com\/electriccartour.com\/wp-content\/uploads\/2024\/10\/alumbrado-navidadeno-calles-malaga-scaled.webp?resize=1568%2C1045&amp;ssl=1 1568w, https:\/\/i0.wp.com\/electriccartour.com\/wp-content\/uploads\/2024\/10\/alumbrado-navidadeno-calles-malaga-scaled.webp?resize=1320%2C880&amp;ssl=1 1320w, https:\/\/i0.wp.com\/electriccartour.com\/wp-content\/uploads\/2024\/10\/alumbrado-navidadeno-calles-malaga-scaled.webp?w=1920&amp;ssl=1 1920w\" sizes=\"(max-width: 640px) 100vw, 640px\" \/>\t\t\t\t\t\t\t\t\t\t\t\t\t\t\t<\/div>\n\t\t\t\t<\/div>\n\t\t\t\t\t<\/div>\n\t\t<\/div>\n\t\t\t\t<div class=\"elementor-column elementor-col-50 elementor-top-column elementor-element elementor-element-1f38f64\" data-id=\"1f38f64\" data-element_type=\"column\" data-e-type=\"column\">\n\t\t\t<div class=\"elementor-widget-wrap elementor-element-populated\">\n\t\t\t\t\t\t<div class=\"elementor-element elementor-element-432e93c elementor-widget elementor-widget-image\" data-id=\"432e93c\" data-element_type=\"widget\" data-e-type=\"widget\" data-widget_type=\"image.default\">\n\t\t\t\t<div class=\"elementor-widget-container\">\n\t\t\t\t\t\t\t\t\t\t\t\t\t\t\t<img loading=\"lazy\" decoding=\"async\" width=\"200\" height=\"300\" src=\"https:\/\/i0.wp.com\/electriccartour.com\/wp-content\/uploads\/2024\/10\/luces-navidad-malaga-palacio-scaled.webp?fit=200%2C300&amp;ssl=1\" class=\"attachment-medium size-medium wp-image-11789\" alt=\"luces de navidad en el hotel m\u00e1laga palacio de m\u00e1laga\" srcset=\"https:\/\/i0.wp.com\/electriccartour.com\/wp-content\/uploads\/2024\/10\/luces-navidad-malaga-palacio-scaled.webp?w=1707&amp;ssl=1 1707w, https:\/\/i0.wp.com\/electriccartour.com\/wp-content\/uploads\/2024\/10\/luces-navidad-malaga-palacio-scaled.webp?resize=200%2C300&amp;ssl=1 200w, https:\/\/i0.wp.com\/electriccartour.com\/wp-content\/uploads\/2024\/10\/luces-navidad-malaga-palacio-scaled.webp?resize=683%2C1024&amp;ssl=1 683w, https:\/\/i0.wp.com\/electriccartour.com\/wp-content\/uploads\/2024\/10\/luces-navidad-malaga-palacio-scaled.webp?resize=768%2C1152&amp;ssl=1 768w, https:\/\/i0.wp.com\/electriccartour.com\/wp-content\/uploads\/2024\/10\/luces-navidad-malaga-palacio-scaled.webp?resize=1024%2C1536&amp;ssl=1 1024w, https:\/\/i0.wp.com\/electriccartour.com\/wp-content\/uploads\/2024\/10\/luces-navidad-malaga-palacio-scaled.webp?resize=1365%2C2048&amp;ssl=1 1365w, https:\/\/i0.wp.com\/electriccartour.com\/wp-content\/uploads\/2024\/10\/luces-navidad-malaga-palacio-scaled.webp?resize=1568%2C2352&amp;ssl=1 1568w, https:\/\/i0.wp.com\/electriccartour.com\/wp-content\/uploads\/2024\/10\/luces-navidad-malaga-palacio-scaled.webp?resize=1320%2C1980&amp;ssl=1 1320w\" sizes=\"(max-width: 200px) 100vw, 200px\" \/>\t\t\t\t\t\t\t\t\t\t\t\t\t\t\t<\/div>\n\t\t\t\t<\/div>\n\t\t\t\t\t<\/div>\n\t\t<\/div>\n\t\t\t\t\t<\/div>\n\t\t<\/section>\n\t\t\t\t<section class=\"elementor-section elementor-top-section elementor-element elementor-element-6073b9c elementor-section-boxed elementor-section-height-default elementor-section-height-default\" data-id=\"6073b9c\" data-element_type=\"section\" data-e-type=\"section\">\n\t\t\t\t\t\t<div class=\"elementor-container elementor-column-gap-default\">\n\t\t\t\t\t<div class=\"elementor-column elementor-col-100 elementor-top-column elementor-element elementor-element-b530919\" data-id=\"b530919\" data-element_type=\"column\" data-e-type=\"column\">\n\t\t\t<div class=\"elementor-widget-wrap elementor-element-populated\">\n\t\t\t\t\t\t<div class=\"elementor-element elementor-element-51a117f elementor-widget elementor-widget-heading\" data-id=\"51a117f\" data-element_type=\"widget\" data-e-type=\"widget\" data-widget_type=\"heading.default\">\n\t\t\t\t<div class=\"elementor-widget-container\">\n\t\t\t\t\t<h2 class=\"elementor-heading-title elementor-size-default\">2. Christmas Markets that You Can't Miss<\/h2>\t\t\t\t<\/div>\n\t\t\t\t<\/div>\n\t\t\t\t\t<\/div>\n\t\t<\/div>\n\t\t\t\t\t<\/div>\n\t\t<\/section>\n\t\t\t\t<section class=\"elementor-section elementor-top-section elementor-element elementor-element-a095bb1 elementor-section-boxed elementor-section-height-default elementor-section-height-default\" data-id=\"a095bb1\" data-element_type=\"section\" data-e-type=\"section\">\n\t\t\t\t\t\t<div class=\"elementor-container elementor-column-gap-default\">\n\t\t\t\t\t<div class=\"elementor-column elementor-col-100 elementor-top-column elementor-element elementor-element-32bff7b\" data-id=\"32bff7b\" data-element_type=\"column\" data-e-type=\"column\">\n\t\t\t<div class=\"elementor-widget-wrap elementor-element-populated\">\n\t\t\t\t\t\t<div class=\"elementor-element elementor-element-19a21b0 elementor-widget elementor-widget-text-editor\" data-id=\"19a21b0\" data-element_type=\"widget\" data-e-type=\"widget\" data-widget_type=\"text-editor.default\">\n\t\t\t\t<div class=\"elementor-widget-container\">\n\t\t\t\t\t\t\t\t\t<p><strong>The flea markets<\/strong> are an essential part of Christmas in Malaga. Here are the highlights for 2024: <\/p>\n\t\t\t\t\t\t\t\t<\/div>\n\t\t\t\t<\/div>\n\t\t\t\t\t<\/div>\n\t\t<\/div>\n\t\t\t\t\t<\/div>\n\t\t<\/section>\n\t\t\t\t<section class=\"elementor-section elementor-top-section elementor-element elementor-element-90270a2 elementor-section-boxed elementor-section-height-default elementor-section-height-default\" data-id=\"90270a2\" data-element_type=\"section\" data-e-type=\"section\">\n\t\t\t\t\t\t<div class=\"elementor-container elementor-column-gap-default\">\n\t\t\t\t\t<div class=\"elementor-column elementor-col-100 elementor-top-column elementor-element elementor-element-76c2ec6\" data-id=\"76c2ec6\" data-element_type=\"column\" data-e-type=\"column\">\n\t\t\t<div class=\"elementor-widget-wrap elementor-element-populated\">\n\t\t\t\t\t\t<div class=\"elementor-element elementor-element-9f93d39 elementor-widget elementor-widget-text-editor\" data-id=\"9f93d39\" data-element_type=\"widget\" data-e-type=\"widget\" data-widget_type=\"text-editor.default\">\n\t\t\t\t<div class=\"elementor-widget-container\">\n\t\t\t\t\t\t\t\t\t<ul>\n<li><strong>Malaga&#8217;s Paseo del Parque Market:<\/strong> Along the Paseo del Parque in Malaga, you can find different stalls of traditional crafts of Christmas in Malaga. Sweets, nougats, chocolates and mantecados complement the offer of this Christmas Market that has been celebrated in the city for more than 30 years. They will be available to visit from November 22nd to January 5th.  <\/li>\n<\/ul>\n\t\t\t\t\t\t\t\t<\/div>\n\t\t\t\t<\/div>\n\t\t\t\t\t<\/div>\n\t\t<\/div>\n\t\t\t\t\t<\/div>\n\t\t<\/section>\n\t\t\t\t<section class=\"elementor-section elementor-top-section elementor-element elementor-element-9ea0ed9 elementor-section-boxed elementor-section-height-default elementor-section-height-default\" data-id=\"9ea0ed9\" data-element_type=\"section\" data-e-type=\"section\">\n\t\t\t\t\t\t<div class=\"elementor-container elementor-column-gap-default\">\n\t\t\t\t\t<div class=\"elementor-column elementor-col-100 elementor-top-column elementor-element elementor-element-a2d71e7\" data-id=\"a2d71e7\" data-element_type=\"column\" data-e-type=\"column\">\n\t\t\t<div class=\"elementor-widget-wrap elementor-element-populated\">\n\t\t\t\t\t\t<div class=\"elementor-element elementor-element-7af35c8 elementor-widget elementor-widget-text-editor\" data-id=\"7af35c8\" data-element_type=\"widget\" data-e-type=\"widget\" data-widget_type=\"text-editor.default\">\n\t\t\t\t<div class=\"elementor-widget-container\">\n\t\t\t\t\t\t\t\t\t<ul>\n<li><a href=\"https:\/\/www.muelleuno.com\/\"><strong>Muelle Uno<\/strong>:<\/a> This market runs until January 10 and has more than 50 craft stalls, gourmet products and a wide gastronomic offer. In addition, you will find the Snow Village and activities for children, perfect for an afternoon with the family. <\/li>\n<\/ul>\n\t\t\t\t\t\t\t\t<\/div>\n\t\t\t\t<\/div>\n\t\t\t\t\t<\/div>\n\t\t<\/div>\n\t\t\t\t\t<\/div>\n\t\t<\/section>\n\t\t\t\t<section class=\"elementor-section elementor-top-section elementor-element elementor-element-396d37d elementor-section-boxed elementor-section-height-default elementor-section-height-default\" data-id=\"396d37d\" data-element_type=\"section\" data-e-type=\"section\">\n\t\t\t\t\t\t<div class=\"elementor-container elementor-column-gap-default\">\n\t\t\t\t\t<div class=\"elementor-column elementor-col-100 elementor-top-column elementor-element elementor-element-9d58cfd\" data-id=\"9d58cfd\" data-element_type=\"column\" data-e-type=\"column\">\n\t\t\t<div class=\"elementor-widget-wrap elementor-element-populated\">\n\t\t\t\t\t\t<div class=\"elementor-element elementor-element-b149d1f elementor-widget elementor-widget-image\" data-id=\"b149d1f\" data-element_type=\"widget\" data-e-type=\"widget\" data-widget_type=\"image.default\">\n\t\t\t\t<div class=\"elementor-widget-container\">\n\t\t\t\t\t\t\t\t\t\t\t\t\t\t\t<img loading=\"lazy\" decoding=\"async\" width=\"300\" height=\"226\" src=\"https:\/\/i0.wp.com\/electriccartour.com\/wp-content\/uploads\/2023\/12\/navidad-en-malaga-mercadillos.jpg?fit=300%2C226&amp;ssl=1\" class=\"attachment-medium size-medium wp-image-10101\" alt=\"Mercado Navide\u00f1o en el parque de M\u00e1laga\" srcset=\"https:\/\/i0.wp.com\/electriccartour.com\/wp-content\/uploads\/2023\/12\/navidad-en-malaga-mercadillos.jpg?w=640&amp;ssl=1 640w, https:\/\/i0.wp.com\/electriccartour.com\/wp-content\/uploads\/2023\/12\/navidad-en-malaga-mercadillos.jpg?resize=300%2C226&amp;ssl=1 300w, https:\/\/i0.wp.com\/electriccartour.com\/wp-content\/uploads\/2023\/12\/navidad-en-malaga-mercadillos.jpg?resize=450%2C340&amp;ssl=1 450w\" sizes=\"(max-width: 300px) 100vw, 300px\" \/>\t\t\t\t\t\t\t\t\t\t\t\t\t\t\t<\/div>\n\t\t\t\t<\/div>\n\t\t\t\t\t<\/div>\n\t\t<\/div>\n\t\t\t\t\t<\/div>\n\t\t<\/section>\n\t\t\t\t<section class=\"elementor-section elementor-top-section elementor-element elementor-element-f601ece elementor-section-boxed elementor-section-height-default elementor-section-height-default\" data-id=\"f601ece\" data-element_type=\"section\" data-e-type=\"section\">\n\t\t\t\t\t\t<div class=\"elementor-container elementor-column-gap-default\">\n\t\t\t\t\t<div class=\"elementor-column elementor-col-100 elementor-top-column elementor-element elementor-element-8116c4d\" data-id=\"8116c4d\" data-element_type=\"column\" data-e-type=\"column\">\n\t\t\t<div class=\"elementor-widget-wrap elementor-element-populated\">\n\t\t\t\t\t\t<div class=\"elementor-element elementor-element-b6292da elementor-widget elementor-widget-text-editor\" data-id=\"b6292da\" data-element_type=\"widget\" data-e-type=\"widget\" data-widget_type=\"text-editor.default\">\n\t\t\t\t<div class=\"elementor-widget-container\">\n\t\t\t\t\t\t\t\t\t<ul>\n<li><a href=\"https:\/\/www.google.com\/maps\/place\/Plaza+de+la+Merced,+Distrito+Centro,+29012+M%C3%A1laga\/@36.7232806,-4.4200254,603m\/data=!3m2!1e3!4b1!4m6!3m5!1s0xd72f7c06da78cdb:0x37f4bd0885b18c0e!8m2!3d36.7232763!4d-4.4174051!16s%2Fg%2F11xqpy5nq?authuser=0&amp;entry=ttu&amp;g_ep=EgoyMDI0MTEwNS4wIKXMDSoASAFQAw%3D%3D\"><strong>Plaza de la Merced Market<\/strong>:<\/a> A classic downtown market, where you can buy Christmas items, handmade gifts and traditional sweets.<\/li>\n<li><a href=\"https:\/\/www.elcorteingles.es\/centroscomerciales\/es\/eci\/centros\/centro-comercial-malaga\/eventos\/disfruta-del-mercadillo-de-navidad\"><strong>El Corte Ingl\u00e9s Christmas Market.<\/strong><\/a>  This year again in the surroundings of the Corte Ingles shopping center. You can enjoy another Christmas market with a lot of tradition in Malaga. Christmas decorations, gifts, products made with care and sweets that will fill your table with tradition.    <strong>From Thursday, November 28 to January 5.<\/strong><\/li>\n<\/ul>\n\t\t\t\t\t\t\t\t<\/div>\n\t\t\t\t<\/div>\n\t\t\t\t\t<\/div>\n\t\t<\/div>\n\t\t\t\t\t<\/div>\n\t\t<\/section>\n\t\t\t\t<section class=\"elementor-section elementor-top-section elementor-element elementor-element-e58fd7c elementor-section-boxed elementor-section-height-default elementor-section-height-default\" data-id=\"e58fd7c\" data-element_type=\"section\" data-e-type=\"section\">\n\t\t\t\t\t\t<div class=\"elementor-container elementor-column-gap-default\">\n\t\t\t\t\t<div class=\"elementor-column elementor-col-100 elementor-top-column elementor-element elementor-element-1077d1d\" data-id=\"1077d1d\" data-element_type=\"column\" data-e-type=\"column\">\n\t\t\t<div class=\"elementor-widget-wrap elementor-element-populated\">\n\t\t\t\t\t\t<div class=\"elementor-element elementor-element-5a9c33b elementor-widget elementor-widget-text-editor\" data-id=\"5a9c33b\" data-element_type=\"widget\" data-e-type=\"widget\" data-widget_type=\"text-editor.default\">\n\t\t\t\t<div class=\"elementor-widget-container\">\n\t\t\t\t\t\t\t\t\t<p><em><strong>Extra Tip:<\/strong><\/em> Visit the Pier One flea market at sunset to enjoy the views of the illuminated harbor and Christmas lights reflected in the water.<\/p>\n\t\t\t\t\t\t\t\t<\/div>\n\t\t\t\t<\/div>\n\t\t\t\t\t<\/div>\n\t\t<\/div>\n\t\t\t\t\t<\/div>\n\t\t<\/section>\n\t\t\t\t<section class=\"elementor-section elementor-top-section elementor-element elementor-element-bad07a5 elementor-section-boxed elementor-section-height-default elementor-section-height-default\" data-id=\"bad07a5\" data-element_type=\"section\" data-e-type=\"section\">\n\t\t\t\t\t\t<div class=\"elementor-container elementor-column-gap-default\">\n\t\t\t\t\t<div class=\"elementor-column elementor-col-100 elementor-top-column elementor-element elementor-element-339abe8\" data-id=\"339abe8\" data-element_type=\"column\" data-e-type=\"column\">\n\t\t\t<div class=\"elementor-widget-wrap elementor-element-populated\">\n\t\t\t\t\t\t<div class=\"elementor-element elementor-element-fdab333 elementor-widget elementor-widget-heading\" data-id=\"fdab333\" data-element_type=\"widget\" data-e-type=\"widget\" data-widget_type=\"heading.default\">\n\t\t\t\t<div class=\"elementor-widget-container\">\n\t\t\t\t\t<h2 class=\"elementor-heading-title elementor-size-default\">3. Bethlehem and Christmas Traditions <\/h2>\t\t\t\t<\/div>\n\t\t\t\t<\/div>\n\t\t\t\t\t<\/div>\n\t\t<\/div>\n\t\t\t\t\t<\/div>\n\t\t<\/section>\n\t\t\t\t<section class=\"elementor-section elementor-top-section elementor-element elementor-element-5b01419 elementor-section-boxed elementor-section-height-default elementor-section-height-default\" data-id=\"5b01419\" data-element_type=\"section\" data-e-type=\"section\">\n\t\t\t\t\t\t<div class=\"elementor-container elementor-column-gap-default\">\n\t\t\t\t\t<div class=\"elementor-column elementor-col-100 elementor-top-column elementor-element elementor-element-91d0a17\" data-id=\"91d0a17\" data-element_type=\"column\" data-e-type=\"column\">\n\t\t\t<div class=\"elementor-widget-wrap elementor-element-populated\">\n\t\t\t\t\t\t<div class=\"elementor-element elementor-element-c9dabd0 elementor-widget elementor-widget-text-editor\" data-id=\"c9dabd0\" data-element_type=\"widget\" data-e-type=\"widget\" data-widget_type=\"text-editor.default\">\n\t\t\t\t<div class=\"elementor-widget-container\">\n\t\t\t\t\t\t\t\t\t<p>You can&#8217;t miss <strong>the <a href=\"https:\/\/malagacatedral.com\/\">monumental Nativity Scene at Malaga Cathedral<\/a><\/strong>, which this year includes an interactive section for the little ones. Other <strong>notable nativity scenes<\/strong> include those in the <strong>churches of San Juan and Santo Domingo<\/strong>, as well as the famous <a href=\"https:\/\/www.elpalo.org\/el-tradicional-belen-de-la-mosca-cumple-su-decimo-aniversario-en-la-montana\/\"><strong>the famous living nativity scene in the neighborhood of El Palo.<\/strong><\/a> Also at the <a href=\"https:\/\/www.malaga.eu\/\"><strong>Malaga City Hall<\/strong><\/a> you can enjoy one of the most important and historic nativity scenes in the city. <\/p>\n\t\t\t\t\t\t\t\t<\/div>\n\t\t\t\t<\/div>\n\t\t\t\t\t<\/div>\n\t\t<\/div>\n\t\t\t\t\t<\/div>\n\t\t<\/section>\n\t\t\t\t<section class=\"elementor-section elementor-top-section elementor-element elementor-element-736100f elementor-section-boxed elementor-section-height-default elementor-section-height-default\" data-id=\"736100f\" data-element_type=\"section\" data-e-type=\"section\">\n\t\t\t\t\t\t<div class=\"elementor-container elementor-column-gap-default\">\n\t\t\t\t\t<div class=\"elementor-column elementor-col-50 elementor-top-column elementor-element elementor-element-7eccb70\" data-id=\"7eccb70\" data-element_type=\"column\" data-e-type=\"column\">\n\t\t\t<div class=\"elementor-widget-wrap elementor-element-populated\">\n\t\t\t\t\t\t<div class=\"elementor-element elementor-element-8ef092a elementor-widget elementor-widget-image\" data-id=\"8ef092a\" data-element_type=\"widget\" data-e-type=\"widget\" data-widget_type=\"image.default\">\n\t\t\t\t<div class=\"elementor-widget-container\">\n\t\t\t\t\t\t\t\t\t\t\t\t\t\t\t<img loading=\"lazy\" decoding=\"async\" width=\"640\" height=\"427\" src=\"https:\/\/i0.wp.com\/electriccartour.com\/wp-content\/uploads\/2023\/12\/larios-alumbrado-navidad-scaled.webp?fit=640%2C427&amp;ssl=1\" class=\"attachment-large size-large wp-image-10097\" alt=\"Alumbrado navide\u00f1o de la calle Larios\" srcset=\"https:\/\/i0.wp.com\/electriccartour.com\/wp-content\/uploads\/2023\/12\/larios-alumbrado-navidad-scaled.webp?w=2560&amp;ssl=1 2560w, https:\/\/i0.wp.com\/electriccartour.com\/wp-content\/uploads\/2023\/12\/larios-alumbrado-navidad-scaled.webp?resize=300%2C200&amp;ssl=1 300w, https:\/\/i0.wp.com\/electriccartour.com\/wp-content\/uploads\/2023\/12\/larios-alumbrado-navidad-scaled.webp?resize=1024%2C683&amp;ssl=1 1024w, https:\/\/i0.wp.com\/electriccartour.com\/wp-content\/uploads\/2023\/12\/larios-alumbrado-navidad-scaled.webp?resize=768%2C512&amp;ssl=1 768w, https:\/\/i0.wp.com\/electriccartour.com\/wp-content\/uploads\/2023\/12\/larios-alumbrado-navidad-scaled.webp?resize=1536%2C1024&amp;ssl=1 1536w, https:\/\/i0.wp.com\/electriccartour.com\/wp-content\/uploads\/2023\/12\/larios-alumbrado-navidad-scaled.webp?resize=2048%2C1365&amp;ssl=1 2048w, https:\/\/i0.wp.com\/electriccartour.com\/wp-content\/uploads\/2023\/12\/larios-alumbrado-navidad-scaled.webp?resize=1568%2C1045&amp;ssl=1 1568w, https:\/\/i0.wp.com\/electriccartour.com\/wp-content\/uploads\/2023\/12\/larios-alumbrado-navidad-scaled.webp?resize=1320%2C880&amp;ssl=1 1320w, https:\/\/i0.wp.com\/electriccartour.com\/wp-content\/uploads\/2023\/12\/larios-alumbrado-navidad-scaled.webp?resize=450%2C300&amp;ssl=1 450w, https:\/\/i0.wp.com\/electriccartour.com\/wp-content\/uploads\/2023\/12\/larios-alumbrado-navidad-scaled.webp?w=1920&amp;ssl=1 1920w\" sizes=\"(max-width: 640px) 100vw, 640px\" \/>\t\t\t\t\t\t\t\t\t\t\t\t\t\t\t<\/div>\n\t\t\t\t<\/div>\n\t\t\t\t\t<\/div>\n\t\t<\/div>\n\t\t\t\t<div class=\"elementor-column elementor-col-50 elementor-top-column elementor-element elementor-element-4765dae\" data-id=\"4765dae\" data-element_type=\"column\" data-e-type=\"column\">\n\t\t\t<div class=\"elementor-widget-wrap elementor-element-populated\">\n\t\t\t\t\t\t<div class=\"elementor-element elementor-element-c8bb00d elementor-widget elementor-widget-image\" data-id=\"c8bb00d\" data-element_type=\"widget\" data-e-type=\"widget\" data-widget_type=\"image.default\">\n\t\t\t\t<div class=\"elementor-widget-container\">\n\t\t\t\t\t\t\t\t\t\t\t\t\t\t\t<img loading=\"lazy\" decoding=\"async\" width=\"640\" height=\"360\" src=\"https:\/\/i0.wp.com\/electriccartour.com\/wp-content\/uploads\/2024\/10\/espectaculo-luces-navidad-catedral-malaga.webp?fit=640%2C360&amp;ssl=1\" class=\"attachment-large size-large wp-image-11170\" alt=\"espect\u00e1culo-luces-navidad-catedral-m\u00e1laga\" srcset=\"https:\/\/i0.wp.com\/electriccartour.com\/wp-content\/uploads\/2024\/10\/espectaculo-luces-navidad-catedral-malaga.webp?w=1200&amp;ssl=1 1200w, https:\/\/i0.wp.com\/electriccartour.com\/wp-content\/uploads\/2024\/10\/espectaculo-luces-navidad-catedral-malaga.webp?resize=300%2C169&amp;ssl=1 300w, https:\/\/i0.wp.com\/electriccartour.com\/wp-content\/uploads\/2024\/10\/espectaculo-luces-navidad-catedral-malaga.webp?resize=1024%2C576&amp;ssl=1 1024w, https:\/\/i0.wp.com\/electriccartour.com\/wp-content\/uploads\/2024\/10\/espectaculo-luces-navidad-catedral-malaga.webp?resize=768%2C432&amp;ssl=1 768w\" sizes=\"(max-width: 640px) 100vw, 640px\" \/>\t\t\t\t\t\t\t\t\t\t\t\t\t\t\t<\/div>\n\t\t\t\t<\/div>\n\t\t\t\t\t<\/div>\n\t\t<\/div>\n\t\t\t\t\t<\/div>\n\t\t<\/section>\n\t\t\t\t<section class=\"elementor-section elementor-top-section elementor-element elementor-element-1eec754 elementor-section-boxed elementor-section-height-default elementor-section-height-default\" data-id=\"1eec754\" data-element_type=\"section\" data-e-type=\"section\">\n\t\t\t\t\t\t<div class=\"elementor-container elementor-column-gap-default\">\n\t\t\t\t\t<div class=\"elementor-column elementor-col-100 elementor-top-column elementor-element elementor-element-b7cf13b\" data-id=\"b7cf13b\" data-element_type=\"column\" data-e-type=\"column\">\n\t\t\t<div class=\"elementor-widget-wrap elementor-element-populated\">\n\t\t\t\t\t\t<div class=\"elementor-element elementor-element-1f35279 elementor-widget elementor-widget-heading\" data-id=\"1f35279\" data-element_type=\"widget\" data-e-type=\"widget\" data-widget_type=\"heading.default\">\n\t\t\t\t<div class=\"elementor-widget-container\">\n\t\t\t\t\t<h2 class=\"elementor-heading-title elementor-size-default\">4. Activities and Entertainment for the whole Family<\/h2>\t\t\t\t<\/div>\n\t\t\t\t<\/div>\n\t\t\t\t\t<\/div>\n\t\t<\/div>\n\t\t\t\t\t<\/div>\n\t\t<\/section>\n\t\t\t\t<section class=\"elementor-section elementor-top-section elementor-element elementor-element-89dcb6b elementor-section-boxed elementor-section-height-default elementor-section-height-default\" data-id=\"89dcb6b\" data-element_type=\"section\" data-e-type=\"section\">\n\t\t\t\t\t\t<div class=\"elementor-container elementor-column-gap-default\">\n\t\t\t\t\t<div class=\"elementor-column elementor-col-100 elementor-top-column elementor-element elementor-element-0f17781\" data-id=\"0f17781\" data-element_type=\"column\" data-e-type=\"column\">\n\t\t\t<div class=\"elementor-widget-wrap elementor-element-populated\">\n\t\t\t\t\t\t<div class=\"elementor-element elementor-element-302bfaf elementor-widget elementor-widget-text-editor\" data-id=\"302bfaf\" data-element_type=\"widget\" data-e-type=\"widget\" data-widget_type=\"text-editor.default\">\n\t\t\t\t<div class=\"elementor-widget-container\">\n\t\t\t\t\t\t\t\t\t<p><strong>Malaga is full of Christmas activities<\/strong> for all ages. Here are some not to be missed:<\/p>\n\t\t\t\t\t\t\t\t<\/div>\n\t\t\t\t<\/div>\n\t\t\t\t\t<\/div>\n\t\t<\/div>\n\t\t\t\t\t<\/div>\n\t\t<\/section>\n\t\t\t\t<section class=\"elementor-section elementor-top-section elementor-element elementor-element-03f6fd3 elementor-section-boxed elementor-section-height-default elementor-section-height-default\" data-id=\"03f6fd3\" data-element_type=\"section\" data-e-type=\"section\">\n\t\t\t\t\t\t<div class=\"elementor-container elementor-column-gap-default\">\n\t\t\t\t\t<div class=\"elementor-column elementor-col-100 elementor-top-column elementor-element elementor-element-b902ad3\" data-id=\"b902ad3\" data-element_type=\"column\" data-e-type=\"column\">\n\t\t\t<div class=\"elementor-widget-wrap elementor-element-populated\">\n\t\t\t\t\t\t<div class=\"elementor-element elementor-element-19b915c elementor-widget elementor-widget-text-editor\" data-id=\"19b915c\" data-element_type=\"widget\" data-e-type=\"widget\" data-widget_type=\"text-editor.default\">\n\t\t\t\t<div class=\"elementor-widget-container\">\n\t\t\t\t\t\t\t\t\t<ul>\n<li><strong>Christmas concerts<\/strong> at the Plaza de la Constituci\u00f3n. From November 29th at the inauguration of the Christmas lighting, different shows and concerts of Christmas music will begin. On a stage in the Plaza itself, you can enjoy the most Christmas atmosphere in the city. <a href=\"\"><strong>On the official website of the City Council<\/strong><\/a> you have the official Agenda. Special recommendation of the <a href=\"\"><strong>Ortigosa Flamenco Music Group.<\/strong><\/a>  <\/li>\n<li><strong>Ice rinks<\/strong> in the city center and in the Paseo del Parque.<\/li>\n<\/ul>\n\t\t\t\t\t\t\t\t<\/div>\n\t\t\t\t<\/div>\n\t\t\t\t\t<\/div>\n\t\t<\/div>\n\t\t\t\t\t<\/div>\n\t\t<\/section>\n\t\t\t\t<section class=\"elementor-section elementor-top-section elementor-element elementor-element-0070614 elementor-section-boxed elementor-section-height-default elementor-section-height-default\" data-id=\"0070614\" data-element_type=\"section\" data-e-type=\"section\">\n\t\t\t\t\t\t<div class=\"elementor-container elementor-column-gap-default\">\n\t\t\t\t\t<div class=\"elementor-column elementor-col-100 elementor-top-column elementor-element elementor-element-5f3a933\" data-id=\"5f3a933\" data-element_type=\"column\" data-e-type=\"column\">\n\t\t\t<div class=\"elementor-widget-wrap elementor-element-populated\">\n\t\t\t\t\t\t<div class=\"elementor-element elementor-element-baca15c elementor-widget elementor-widget-image\" data-id=\"baca15c\" data-element_type=\"widget\" data-e-type=\"widget\" data-widget_type=\"image.default\">\n\t\t\t\t<div class=\"elementor-widget-container\">\n\t\t\t\t\t\t\t\t\t\t\t\t\t\t\t<img loading=\"lazy\" decoding=\"async\" width=\"300\" height=\"168\" src=\"https:\/\/i0.wp.com\/electriccartour.com\/wp-content\/uploads\/2024\/10\/reyes-magos-navidad-malaga.webp?fit=300%2C168&amp;ssl=1\" class=\"attachment-large size-large wp-image-11524\" alt=\"reyes magos de la cabalgata de navidad en m\u00e1laga\" \/>\t\t\t\t\t\t\t\t\t\t\t\t\t\t\t<\/div>\n\t\t\t\t<\/div>\n\t\t\t\t\t<\/div>\n\t\t<\/div>\n\t\t\t\t\t<\/div>\n\t\t<\/section>\n\t\t\t\t<section class=\"elementor-section elementor-top-section elementor-element elementor-element-2f7a528 elementor-section-boxed elementor-section-height-default elementor-section-height-default\" data-id=\"2f7a528\" data-element_type=\"section\" data-e-type=\"section\">\n\t\t\t\t\t\t<div class=\"elementor-container elementor-column-gap-default\">\n\t\t\t\t\t<div class=\"elementor-column elementor-col-100 elementor-top-column elementor-element elementor-element-3603d00\" data-id=\"3603d00\" data-element_type=\"column\" data-e-type=\"column\">\n\t\t\t<div class=\"elementor-widget-wrap elementor-element-populated\">\n\t\t\t\t\t\t<div class=\"elementor-element elementor-element-48c8bae elementor-widget elementor-widget-text-editor\" data-id=\"48c8bae\" data-element_type=\"widget\" data-e-type=\"widget\" data-widget_type=\"text-editor.default\">\n\t\t\t\t<div class=\"elementor-widget-container\">\n\t\t\t\t\t\t\t\t\t<ul>\n<li><strong>The traditional Three Kings Parade on January 5<\/strong>, which will run through the main streets of Malaga and will culminate in the Alameda Principal with a great show. Also in the <strong>different districts and neighborhoods<\/strong> of the city are held other <strong>Three Kings parades<\/strong>, in which the residents of the city participate on January 4.<\/li>\n<li>Enjoy the <strong>traditional gastronomy of these holidays.<\/strong> It is highly recommended to try the churros with hot chocolate in the traditional cafes <strong><a href=\"http:\/\/www.casa-aranda.net\/\">( Aranda House )<\/a><\/strong><\/li>\n<\/ul>\n\t\t\t\t\t\t\t\t<\/div>\n\t\t\t\t<\/div>\n\t\t\t\t\t<\/div>\n\t\t<\/div>\n\t\t\t\t\t<\/div>\n\t\t<\/section>\n\t\t\t\t<section class=\"elementor-section elementor-top-section elementor-element elementor-element-e82bebf elementor-section-boxed elementor-section-height-default elementor-section-height-default\" data-id=\"e82bebf\" data-element_type=\"section\" data-e-type=\"section\">\n\t\t\t\t\t\t<div class=\"elementor-container elementor-column-gap-default\">\n\t\t\t\t\t<div class=\"elementor-column elementor-col-100 elementor-top-column elementor-element elementor-element-e631000\" data-id=\"e631000\" data-element_type=\"column\" data-e-type=\"column\">\n\t\t\t<div class=\"elementor-widget-wrap elementor-element-populated\">\n\t\t\t\t\t\t<div class=\"elementor-element elementor-element-cbb9654 elementor-widget elementor-widget-image\" data-id=\"cbb9654\" data-element_type=\"widget\" data-e-type=\"widget\" data-widget_type=\"image.default\">\n\t\t\t\t<div class=\"elementor-widget-container\">\n\t\t\t\t\t\t\t\t\t\t\t\t\t\t\t<img loading=\"lazy\" decoding=\"async\" width=\"300\" height=\"153\" src=\"https:\/\/i0.wp.com\/electriccartour.com\/wp-content\/uploads\/2024\/10\/churros-con-chocolate-casa-aranda.webp?fit=300%2C153&amp;ssl=1\" class=\"attachment-medium size-medium wp-image-11174\" alt=\"churros-con-chocolate-casa-aranda\" srcset=\"https:\/\/i0.wp.com\/electriccartour.com\/wp-content\/uploads\/2024\/10\/churros-con-chocolate-casa-aranda.webp?w=1220&amp;ssl=1 1220w, https:\/\/i0.wp.com\/electriccartour.com\/wp-content\/uploads\/2024\/10\/churros-con-chocolate-casa-aranda.webp?resize=300%2C153&amp;ssl=1 300w, https:\/\/i0.wp.com\/electriccartour.com\/wp-content\/uploads\/2024\/10\/churros-con-chocolate-casa-aranda.webp?resize=1024%2C521&amp;ssl=1 1024w, https:\/\/i0.wp.com\/electriccartour.com\/wp-content\/uploads\/2024\/10\/churros-con-chocolate-casa-aranda.webp?resize=768%2C391&amp;ssl=1 768w\" sizes=\"(max-width: 300px) 100vw, 300px\" \/>\t\t\t\t\t\t\t\t\t\t\t\t\t\t\t<\/div>\n\t\t\t\t<\/div>\n\t\t\t\t\t<\/div>\n\t\t<\/div>\n\t\t\t\t\t<\/div>\n\t\t<\/section>\n\t\t\t\t<section class=\"elementor-section elementor-top-section elementor-element elementor-element-7019ae8 elementor-section-boxed elementor-section-height-default elementor-section-height-default\" data-id=\"7019ae8\" data-element_type=\"section\" data-e-type=\"section\">\n\t\t\t\t\t\t<div class=\"elementor-container elementor-column-gap-default\">\n\t\t\t\t\t<div class=\"elementor-column elementor-col-100 elementor-top-column elementor-element elementor-element-2a8b92e\" data-id=\"2a8b92e\" data-element_type=\"column\" data-e-type=\"column\">\n\t\t\t<div class=\"elementor-widget-wrap elementor-element-populated\">\n\t\t\t\t\t\t<div class=\"elementor-element elementor-element-65f1cc1 elementor-widget elementor-widget-text-editor\" data-id=\"65f1cc1\" data-element_type=\"widget\" data-e-type=\"widget\" data-widget_type=\"text-editor.default\">\n\t\t\t\t<div class=\"elementor-widget-container\">\n\t\t\t\t\t\t\t\t\t<ul>\n<li><a href=\"https:\/\/lucesdelaconcepcion.es\/\"><strong>Lights of the Conception<\/strong><\/a>A great <strong>light show at the Botanical Garden of La Concepcion<\/strong> <strong>from November 29th to January 6th.<\/strong> In the heart of a majestic nature, where the landscapes seem to come out of a fairy tale, ILLUSION is born, a show that transcends the everyday and transports us to a world of magic and wonder.<\/li>\n<\/ul>\n\t\t\t\t\t\t\t\t<\/div>\n\t\t\t\t<\/div>\n\t\t\t\t<div class=\"elementor-element elementor-element-8d06ab7 elementor-widget elementor-widget-image\" data-id=\"8d06ab7\" data-element_type=\"widget\" data-e-type=\"widget\" data-widget_type=\"image.default\">\n\t\t\t\t<div class=\"elementor-widget-container\">\n\t\t\t\t\t\t\t\t\t\t\t\t\t\t\t<img loading=\"lazy\" decoding=\"async\" width=\"300\" height=\"225\" src=\"https:\/\/i0.wp.com\/electriccartour.com\/wp-content\/uploads\/2024\/10\/luces-de-la-concepcion.webp?fit=300%2C225&amp;ssl=1\" class=\"attachment-medium size-medium wp-image-11453\" alt=\"luces de navidad en el jard\u00edn bot\u00e1nico de la Concepci\u00f3n\" srcset=\"https:\/\/i0.wp.com\/electriccartour.com\/wp-content\/uploads\/2024\/10\/luces-de-la-concepcion.webp?w=1024&amp;ssl=1 1024w, https:\/\/i0.wp.com\/electriccartour.com\/wp-content\/uploads\/2024\/10\/luces-de-la-concepcion.webp?resize=300%2C225&amp;ssl=1 300w, https:\/\/i0.wp.com\/electriccartour.com\/wp-content\/uploads\/2024\/10\/luces-de-la-concepcion.webp?resize=768%2C576&amp;ssl=1 768w\" sizes=\"(max-width: 300px) 100vw, 300px\" \/>\t\t\t\t\t\t\t\t\t\t\t\t\t\t\t<\/div>\n\t\t\t\t<\/div>\n\t\t\t\t\t<\/div>\n\t\t<\/div>\n\t\t\t\t\t<\/div>\n\t\t<\/section>\n\t\t\t\t<section class=\"elementor-section elementor-top-section elementor-element elementor-element-986052f elementor-section-boxed elementor-section-height-default elementor-section-height-default\" data-id=\"986052f\" data-element_type=\"section\" data-e-type=\"section\">\n\t\t\t\t\t\t<div class=\"elementor-container elementor-column-gap-default\">\n\t\t\t\t\t<div class=\"elementor-column elementor-col-100 elementor-top-column elementor-element elementor-element-43c0de4\" data-id=\"43c0de4\" data-element_type=\"column\" data-e-type=\"column\">\n\t\t\t<div class=\"elementor-widget-wrap elementor-element-populated\">\n\t\t\t\t\t\t<div class=\"elementor-element elementor-element-9876fdb elementor-widget elementor-widget-text-editor\" data-id=\"9876fdb\" data-element_type=\"widget\" data-e-type=\"widget\" data-widget_type=\"text-editor.default\">\n\t\t\t\t<div class=\"elementor-widget-container\">\n\t\t\t\t\t\t\t\t\t<ul>\n<li><a href=\"https:\/\/festivaldelaslinternasmalaga.es\/\"><strong>Lantern Festival at Parque del Oeste<\/strong>:<\/a> One of this year&#8217;s new features, with illuminated lanterns inspired by Chinese tradition, <strong>available from November 30 to February 15.<\/strong><\/li>\n<\/ul>\n\t\t\t\t\t\t\t\t<\/div>\n\t\t\t\t<\/div>\n\t\t\t\t\t<\/div>\n\t\t<\/div>\n\t\t\t\t\t<\/div>\n\t\t<\/section>\n\t\t\t\t<section class=\"elementor-section elementor-top-section elementor-element elementor-element-a524d62 elementor-section-boxed elementor-section-height-default elementor-section-height-default\" data-id=\"a524d62\" data-element_type=\"section\" data-e-type=\"section\">\n\t\t\t\t\t\t<div class=\"elementor-container elementor-column-gap-default\">\n\t\t\t\t\t<div class=\"elementor-column elementor-col-100 elementor-top-column elementor-element elementor-element-497a2bf\" data-id=\"497a2bf\" data-element_type=\"column\" data-e-type=\"column\">\n\t\t\t<div class=\"elementor-widget-wrap elementor-element-populated\">\n\t\t\t\t\t\t<div class=\"elementor-element elementor-element-89a6acc elementor-widget elementor-widget-heading\" data-id=\"89a6acc\" data-element_type=\"widget\" data-e-type=\"widget\" data-widget_type=\"heading.default\">\n\t\t\t\t<div class=\"elementor-widget-container\">\n\t\t\t\t\t<h3 class=\"elementor-heading-title elementor-size-default\">Events for this weekend: (30\/12\/2024 - 06\/01\/2025)<\/h3>\t\t\t\t<\/div>\n\t\t\t\t<\/div>\n\t\t\t\t\t<\/div>\n\t\t<\/div>\n\t\t\t\t\t<\/div>\n\t\t<\/section>\n\t\t\t\t<section class=\"elementor-section elementor-top-section elementor-element elementor-element-a0703c8 elementor-section-boxed elementor-section-height-default elementor-section-height-default\" data-id=\"a0703c8\" data-element_type=\"section\" data-e-type=\"section\">\n\t\t\t\t\t\t<div class=\"elementor-container elementor-column-gap-default\">\n\t\t\t\t\t<div class=\"elementor-column elementor-col-100 elementor-top-column elementor-element elementor-element-5789df1\" data-id=\"5789df1\" data-element_type=\"column\" data-e-type=\"column\">\n\t\t\t<div class=\"elementor-widget-wrap elementor-element-populated\">\n\t\t\t\t\t\t<div class=\"elementor-element elementor-element-f0ae2d9 elementor-widget elementor-widget-heading\" data-id=\"f0ae2d9\" data-element_type=\"widget\" data-e-type=\"widget\" data-widget_type=\"heading.default\">\n\t\t\t\t<div class=\"elementor-widget-container\">\n\t\t\t\t\t<h3 class=\"elementor-heading-title elementor-size-default\">Gastronomy:  <\/h3>\t\t\t\t<\/div>\n\t\t\t\t<\/div>\n\t\t\t\t\t<\/div>\n\t\t<\/div>\n\t\t\t\t\t<\/div>\n\t\t<\/section>\n\t\t\t\t<section class=\"elementor-section elementor-top-section elementor-element elementor-element-a6aa639 elementor-section-boxed elementor-section-height-default elementor-section-height-default\" data-id=\"a6aa639\" data-element_type=\"section\" data-e-type=\"section\">\n\t\t\t\t\t\t<div class=\"elementor-container elementor-column-gap-default\">\n\t\t\t\t\t<div class=\"elementor-column elementor-col-100 elementor-top-column elementor-element elementor-element-db4b573\" data-id=\"db4b573\" data-element_type=\"column\" data-e-type=\"column\">\n\t\t\t<div class=\"elementor-widget-wrap elementor-element-populated\">\n\t\t\t\t\t\t<div class=\"elementor-element elementor-element-4263fdf elementor-widget elementor-widget-text-editor\" data-id=\"4263fdf\" data-element_type=\"widget\" data-e-type=\"widget\" data-widget_type=\"text-editor.default\">\n\t\t\t\t<div class=\"elementor-widget-container\">\n\t\t\t\t\t\t\t\t\t<ul>\n<li><strong>Christmas markets in Paseo del Parque and Muelle Uno, and in the Plaza del Centro Comercial El Cortes Ingl\u00e9s.  <\/strong>With a myriad of craft stalls, food and gifts. A perfect place to enjoy the Christmas atmosphere and taste the <strong>traditional sweets<\/strong>. <\/li>\n<\/ul>\n\t\t\t\t\t\t\t\t<\/div>\n\t\t\t\t<\/div>\n\t\t\t\t\t<\/div>\n\t\t<\/div>\n\t\t\t\t\t<\/div>\n\t\t<\/section>\n\t\t\t\t<section class=\"elementor-section elementor-top-section elementor-element elementor-element-f82c81a elementor-section-boxed elementor-section-height-default elementor-section-height-default\" data-id=\"f82c81a\" data-element_type=\"section\" data-e-type=\"section\">\n\t\t\t\t\t\t<div class=\"elementor-container elementor-column-gap-default\">\n\t\t\t\t\t<div class=\"elementor-column elementor-col-100 elementor-top-column elementor-element elementor-element-dade244\" data-id=\"dade244\" data-element_type=\"column\" data-e-type=\"column\">\n\t\t\t<div class=\"elementor-widget-wrap elementor-element-populated\">\n\t\t\t\t\t\t<div class=\"elementor-element elementor-element-760339d elementor-widget elementor-widget-text-editor\" data-id=\"760339d\" data-element_type=\"widget\" data-e-type=\"widget\" data-widget_type=\"text-editor.default\">\n\t\t\t\t<div class=\"elementor-widget-container\">\n\t\t\t\t\t\t\t\t\t<ul>\n<li><strong>Christmas Cocktail Route.  <\/strong>Several bars and restaurants in the center of Malaga participate in this route, offering special Christmas-themed cocktails.<\/li>\n<\/ul>\n\t\t\t\t\t\t\t\t<\/div>\n\t\t\t\t<\/div>\n\t\t\t\t\t<\/div>\n\t\t<\/div>\n\t\t\t\t\t<\/div>\n\t\t<\/section>\n\t\t\t\t<section class=\"elementor-section elementor-top-section elementor-element elementor-element-d848b37 elementor-section-boxed elementor-section-height-default elementor-section-height-default\" data-id=\"d848b37\" data-element_type=\"section\" data-e-type=\"section\">\n\t\t\t\t\t\t<div class=\"elementor-container elementor-column-gap-default\">\n\t\t\t\t\t<div class=\"elementor-column elementor-col-100 elementor-top-column elementor-element elementor-element-73c47d7\" data-id=\"73c47d7\" data-element_type=\"column\" data-e-type=\"column\">\n\t\t\t<div class=\"elementor-widget-wrap elementor-element-populated\">\n\t\t\t\t\t\t<div class=\"elementor-element elementor-element-99ba2d0 elementor-widget elementor-widget-text-editor\" data-id=\"99ba2d0\" data-element_type=\"widget\" data-e-type=\"widget\" data-widget_type=\"text-editor.default\">\n\t\t\t\t<div class=\"elementor-widget-container\">\n\t\t\t\t\t\t\t\t\t<ul>\n<li><strong>Chocoland at Muelle Uno.  <\/strong>A space dedicated to chocolate lovers, with stalls offering various chocolate delicacies.<\/li>\n<\/ul>\n\t\t\t\t\t\t\t\t<\/div>\n\t\t\t\t<\/div>\n\t\t\t\t\t<\/div>\n\t\t<\/div>\n\t\t\t\t\t<\/div>\n\t\t<\/section>\n\t\t\t\t<section class=\"elementor-section elementor-top-section elementor-element elementor-element-625e65a elementor-section-boxed elementor-section-height-default elementor-section-height-default\" data-id=\"625e65a\" data-element_type=\"section\" data-e-type=\"section\">\n\t\t\t\t\t\t<div class=\"elementor-container elementor-column-gap-default\">\n\t\t\t\t\t<div class=\"elementor-column elementor-col-100 elementor-top-column elementor-element elementor-element-ae9dd10\" data-id=\"ae9dd10\" data-element_type=\"column\" data-e-type=\"column\">\n\t\t\t<div class=\"elementor-widget-wrap elementor-element-populated\">\n\t\t\t\t\t\t<div class=\"elementor-element elementor-element-7844cb7 elementor-widget elementor-widget-image\" data-id=\"7844cb7\" data-element_type=\"widget\" data-e-type=\"widget\" data-widget_type=\"image.default\">\n\t\t\t\t<div class=\"elementor-widget-container\">\n\t\t\t\t\t\t\t\t\t\t\t\t\t\t\t<img loading=\"lazy\" decoding=\"async\" width=\"300\" height=\"160\" src=\"https:\/\/i0.wp.com\/electriccartour.com\/wp-content\/uploads\/2024\/10\/zambombas-de-malaga-en-navidad.webp?fit=300%2C160&amp;ssl=1\" class=\"attachment-medium size-medium wp-image-11566\" alt=\"conciertos de m\u00fasica en navidad de m\u00e1laga 2024\" srcset=\"https:\/\/i0.wp.com\/electriccartour.com\/wp-content\/uploads\/2024\/10\/zambombas-de-malaga-en-navidad.webp?w=1500&amp;ssl=1 1500w, https:\/\/i0.wp.com\/electriccartour.com\/wp-content\/uploads\/2024\/10\/zambombas-de-malaga-en-navidad.webp?resize=300%2C160&amp;ssl=1 300w, https:\/\/i0.wp.com\/electriccartour.com\/wp-content\/uploads\/2024\/10\/zambombas-de-malaga-en-navidad.webp?resize=1024%2C546&amp;ssl=1 1024w, https:\/\/i0.wp.com\/electriccartour.com\/wp-content\/uploads\/2024\/10\/zambombas-de-malaga-en-navidad.webp?resize=768%2C410&amp;ssl=1 768w, https:\/\/i0.wp.com\/electriccartour.com\/wp-content\/uploads\/2024\/10\/zambombas-de-malaga-en-navidad.webp?resize=1320%2C704&amp;ssl=1 1320w\" sizes=\"(max-width: 300px) 100vw, 300px\" \/>\t\t\t\t\t\t\t\t\t\t\t\t\t\t\t<\/div>\n\t\t\t\t<\/div>\n\t\t\t\t\t<\/div>\n\t\t<\/div>\n\t\t\t\t\t<\/div>\n\t\t<\/section>\n\t\t\t\t<section class=\"elementor-section elementor-top-section elementor-element elementor-element-6d1b2d9 elementor-section-boxed elementor-section-height-default elementor-section-height-default\" data-id=\"6d1b2d9\" data-element_type=\"section\" data-e-type=\"section\">\n\t\t\t\t\t\t<div class=\"elementor-container elementor-column-gap-default\">\n\t\t\t\t\t<div class=\"elementor-column elementor-col-100 elementor-top-column elementor-element elementor-element-d47ee7d\" data-id=\"d47ee7d\" data-element_type=\"column\" data-e-type=\"column\">\n\t\t\t<div class=\"elementor-widget-wrap elementor-element-populated\">\n\t\t\t\t\t\t<div class=\"elementor-element elementor-element-44dbf76 elementor-widget elementor-widget-heading\" data-id=\"44dbf76\" data-element_type=\"widget\" data-e-type=\"widget\" data-widget_type=\"heading.default\">\n\t\t\t\t<div class=\"elementor-widget-container\">\n\t\t\t\t\t<h3 class=\"elementor-heading-title elementor-size-default\">Events on New Year's Eve (December 31, 2024):<\/h3>\t\t\t\t<\/div>\n\t\t\t\t<\/div>\n\t\t\t\t\t<\/div>\n\t\t<\/div>\n\t\t\t\t\t<\/div>\n\t\t<\/section>\n\t\t\t\t<section class=\"elementor-section elementor-top-section elementor-element elementor-element-c9a9548 elementor-section-boxed elementor-section-height-default elementor-section-height-default\" data-id=\"c9a9548\" data-element_type=\"section\" data-e-type=\"section\">\n\t\t\t\t\t\t<div class=\"elementor-container elementor-column-gap-default\">\n\t\t\t\t\t<div class=\"elementor-column elementor-col-100 elementor-top-column elementor-element elementor-element-aac9c22\" data-id=\"aac9c22\" data-element_type=\"column\" data-e-type=\"column\">\n\t\t\t<div class=\"elementor-widget-wrap elementor-element-populated\">\n\t\t\t\t\t\t<div class=\"elementor-element elementor-element-32a79eb elementor-widget elementor-widget-text-editor\" data-id=\"32a79eb\" data-element_type=\"widget\" data-e-type=\"widget\" data-widget_type=\"text-editor.default\">\n\t\t\t\t<div class=\"elementor-widget-container\">\n\t\t\t\t\t\t\t\t\t<p>Concerts in the Plaza de la Constituci\u00f3n in Malaga for the next weekend, within the cycle &#8220;Music at Christmas&#8221;:<\/p>\n\t\t\t\t\t\t\t\t<\/div>\n\t\t\t\t<\/div>\n\t\t\t\t\t<\/div>\n\t\t<\/div>\n\t\t\t\t\t<\/div>\n\t\t<\/section>\n\t\t\t\t<section class=\"elementor-section elementor-top-section elementor-element elementor-element-029e314 elementor-section-boxed elementor-section-height-default elementor-section-height-default\" data-id=\"029e314\" data-element_type=\"section\" data-e-type=\"section\">\n\t\t\t\t\t\t<div class=\"elementor-container elementor-column-gap-default\">\n\t\t\t\t\t<div class=\"elementor-column elementor-col-100 elementor-top-column elementor-element elementor-element-74cbf09\" data-id=\"74cbf09\" data-element_type=\"column\" data-e-type=\"column\">\n\t\t\t<div class=\"elementor-widget-wrap elementor-element-populated\">\n\t\t\t\t\t\t<div class=\"elementor-element elementor-element-d3b92a1 elementor-widget elementor-widget-text-editor\" data-id=\"d3b92a1\" data-element_type=\"widget\" data-e-type=\"widget\" data-widget_type=\"text-editor.default\">\n\t\t\t\t<div class=\"elementor-widget-container\">\n\t\t\t\t\t\t\t\t\t<p><strong>Celebration at the Plaza de la Constituci\u00f3n:<\/strong><\/p>\n<ul>\n<li>The City Council of Malaga has prepared <strong>a special New Year&#8217;s Eve in the Plaza de la Constituci\u00f3n<\/strong> to say goodbye to 2024 and welcome 2025. The party <strong>will start after nine o&#8217;clock<\/strong> at night. There will be <strong>5,000 bags of grapes and 5,000 bags of cotillion.<\/strong> We will also have<strong> a multimedia show and the S\u00f3tano Sur Orchestra. <\/strong>   <\/li>\n<\/ul>\n\t\t\t\t\t\t\t\t<\/div>\n\t\t\t\t<\/div>\n\t\t\t\t\t<\/div>\n\t\t<\/div>\n\t\t\t\t\t<\/div>\n\t\t<\/section>\n\t\t\t\t<section class=\"elementor-section elementor-top-section elementor-element elementor-element-4439de2 elementor-section-boxed elementor-section-height-default elementor-section-height-default\" data-id=\"4439de2\" data-element_type=\"section\" data-e-type=\"section\">\n\t\t\t\t\t\t<div class=\"elementor-container elementor-column-gap-default\">\n\t\t\t\t\t<div class=\"elementor-column elementor-col-100 elementor-top-column elementor-element elementor-element-40d38d0\" data-id=\"40d38d0\" data-element_type=\"column\" data-e-type=\"column\">\n\t\t\t<div class=\"elementor-widget-wrap elementor-element-populated\">\n\t\t\t\t\t\t<div class=\"elementor-element elementor-element-00a73b4 elementor-widget elementor-widget-text-editor\" data-id=\"00a73b4\" data-element_type=\"widget\" data-e-type=\"widget\" data-widget_type=\"text-editor.default\">\n\t\t\t\t<div class=\"elementor-widget-container\">\n\t\t\t\t\t\t\t\t\t<p><strong>Parties in local and discotheques:<\/strong><\/p>\n<ul>\n<li>Several <strong>clubs and discos in Malaga offer dinners and<\/strong> theme <strong>parties<\/strong> to celebrate New Year&#8217;s Eve. It is advisable to consult in advance and make reservations due to the high demand. <\/li>\n<\/ul>\n\t\t\t\t\t\t\t\t<\/div>\n\t\t\t\t<\/div>\n\t\t\t\t\t<\/div>\n\t\t<\/div>\n\t\t\t\t\t<\/div>\n\t\t<\/section>\n\t\t\t\t<section class=\"elementor-section elementor-top-section elementor-element elementor-element-a34a3c4 elementor-section-boxed elementor-section-height-default elementor-section-height-default\" data-id=\"a34a3c4\" data-element_type=\"section\" data-e-type=\"section\">\n\t\t\t\t\t\t<div class=\"elementor-container elementor-column-gap-default\">\n\t\t\t\t\t<div class=\"elementor-column elementor-col-100 elementor-top-column elementor-element elementor-element-9d22dde\" data-id=\"9d22dde\" data-element_type=\"column\" data-e-type=\"column\">\n\t\t\t<div class=\"elementor-widget-wrap elementor-element-populated\">\n\t\t\t\t\t\t<div class=\"elementor-element elementor-element-fe479e0 elementor-widget elementor-widget-heading\" data-id=\"fe479e0\" data-element_type=\"widget\" data-e-type=\"widget\" data-widget_type=\"heading.default\">\n\t\t\t\t<div class=\"elementor-widget-container\">\n\t\t\t\t\t<h3 class=\"elementor-heading-title elementor-size-default\">Events for the next weekend (January 4 and 5, 2025), Three Kings Parade:<\/h3>\t\t\t\t<\/div>\n\t\t\t\t<\/div>\n\t\t\t\t\t<\/div>\n\t\t<\/div>\n\t\t\t\t\t<\/div>\n\t\t<\/section>\n\t\t\t\t<section class=\"elementor-section elementor-top-section elementor-element elementor-element-ff5bac5 elementor-section-boxed elementor-section-height-default elementor-section-height-default\" data-id=\"ff5bac5\" data-element_type=\"section\" data-e-type=\"section\">\n\t\t\t\t\t\t<div class=\"elementor-container elementor-column-gap-default\">\n\t\t\t\t\t<div class=\"elementor-column elementor-col-100 elementor-top-column elementor-element elementor-element-0e6f6be\" data-id=\"0e6f6be\" data-element_type=\"column\" data-e-type=\"column\">\n\t\t\t<div class=\"elementor-widget-wrap elementor-element-populated\">\n\t\t\t\t\t\t<div class=\"elementor-element elementor-element-db390b3 elementor-widget elementor-widget-text-editor\" data-id=\"db390b3\" data-element_type=\"widget\" data-e-type=\"widget\" data-widget_type=\"text-editor.default\">\n\t\t\t\t<div class=\"elementor-widget-container\">\n\t\t\t\t\t\t\t\t\t<ul>\n<li><strong>January 5, 2025.<\/strong> The <strong>traditional Cavalcade<\/strong> will travel through the main streets of Malaga, distributing illusion and candy to children and adults. The route along the historic center and from 18:00 h The exact route will be announced by the <strong><a href=\"https:\/\/www.campamentos.info\/noticias\/cabalgata-de-reyes-magos-recorrido-y-horarios-en-ciudades-de-espana\/Cabalgata-de-Reyes-Magos-en-Malaga#:~:text=Horario%20de%20la%20cabalgata%20de,Ayuntamiento%20de%20M%C3%A1laga\">Ayuntamien. <\/a><\/strong>  <\/li>\n<\/ul>\n\t\t\t\t\t\t\t\t<\/div>\n\t\t\t\t<\/div>\n\t\t\t\t\t<\/div>\n\t\t<\/div>\n\t\t\t\t\t<\/div>\n\t\t<\/section>\n\t\t\t\t<section class=\"elementor-section elementor-top-section elementor-element elementor-element-d4e4de9 elementor-section-boxed elementor-section-height-default elementor-section-height-default\" data-id=\"d4e4de9\" data-element_type=\"section\" data-e-type=\"section\">\n\t\t\t\t\t\t<div class=\"elementor-container elementor-column-gap-default\">\n\t\t\t\t\t<div class=\"elementor-column elementor-col-100 elementor-top-column elementor-element elementor-element-becf341\" data-id=\"becf341\" data-element_type=\"column\" data-e-type=\"column\">\n\t\t\t<div class=\"elementor-widget-wrap elementor-element-populated\">\n\t\t\t\t\t\t<div class=\"elementor-element elementor-element-5d9ac6b elementor-widget elementor-widget-text-editor\" data-id=\"5d9ac6b\" data-element_type=\"widget\" data-e-type=\"widget\" data-widget_type=\"text-editor.default\">\n\t\t\t\t<div class=\"elementor-widget-container\">\n\t\t\t\t\t\t\t\t\t<ul>\n<li><strong>On January 4, 2025,<\/strong> there will also be <strong>different parades of kings in other neighborhoods or districts,<\/strong> Cruz de Humilladero District, Miraflores District, Puerto de la Torre District, Churriana, el Palo, among others.  <\/li>\n<\/ul>\n\t\t\t\t\t\t\t\t<\/div>\n\t\t\t\t<\/div>\n\t\t\t\t\t<\/div>\n\t\t<\/div>\n\t\t\t\t\t<\/div>\n\t\t<\/section>\n\t\t\t\t<section class=\"elementor-section elementor-top-section elementor-element elementor-element-01bd5cd elementor-section-boxed elementor-section-height-default elementor-section-height-default\" data-id=\"01bd5cd\" data-element_type=\"section\" data-e-type=\"section\">\n\t\t\t\t\t\t<div class=\"elementor-container elementor-column-gap-default\">\n\t\t\t\t\t<div class=\"elementor-column elementor-col-50 elementor-top-column elementor-element elementor-element-4ee9839\" data-id=\"4ee9839\" data-element_type=\"column\" data-e-type=\"column\">\n\t\t\t<div class=\"elementor-widget-wrap elementor-element-populated\">\n\t\t\t\t\t\t<div class=\"elementor-element elementor-element-2e98675 elementor-widget elementor-widget-image\" data-id=\"2e98675\" data-element_type=\"widget\" data-e-type=\"widget\" data-widget_type=\"image.default\">\n\t\t\t\t<div class=\"elementor-widget-container\">\n\t\t\t\t\t\t\t\t\t\t\t\t\t\t\t<img loading=\"lazy\" decoding=\"async\" width=\"640\" height=\"360\" src=\"https:\/\/i0.wp.com\/electriccartour.com\/wp-content\/uploads\/2024\/10\/esposicion-tesoros-reyes-magos-scaled.webp?fit=640%2C360&amp;ssl=1\" class=\"attachment-large size-large wp-image-11769\" alt=\"exposici\u00f3n tesoros de los reyes magos en navidad de m\u00e1laga\" srcset=\"https:\/\/i0.wp.com\/electriccartour.com\/wp-content\/uploads\/2024\/10\/esposicion-tesoros-reyes-magos-scaled.webp?w=2560&amp;ssl=1 2560w, https:\/\/i0.wp.com\/electriccartour.com\/wp-content\/uploads\/2024\/10\/esposicion-tesoros-reyes-magos-scaled.webp?resize=300%2C169&amp;ssl=1 300w, https:\/\/i0.wp.com\/electriccartour.com\/wp-content\/uploads\/2024\/10\/esposicion-tesoros-reyes-magos-scaled.webp?resize=1024%2C576&amp;ssl=1 1024w, https:\/\/i0.wp.com\/electriccartour.com\/wp-content\/uploads\/2024\/10\/esposicion-tesoros-reyes-magos-scaled.webp?resize=768%2C432&amp;ssl=1 768w, https:\/\/i0.wp.com\/electriccartour.com\/wp-content\/uploads\/2024\/10\/esposicion-tesoros-reyes-magos-scaled.webp?resize=1536%2C864&amp;ssl=1 1536w, https:\/\/i0.wp.com\/electriccartour.com\/wp-content\/uploads\/2024\/10\/esposicion-tesoros-reyes-magos-scaled.webp?resize=2048%2C1152&amp;ssl=1 2048w, https:\/\/i0.wp.com\/electriccartour.com\/wp-content\/uploads\/2024\/10\/esposicion-tesoros-reyes-magos-scaled.webp?resize=1568%2C882&amp;ssl=1 1568w, https:\/\/i0.wp.com\/electriccartour.com\/wp-content\/uploads\/2024\/10\/esposicion-tesoros-reyes-magos-scaled.webp?resize=1320%2C743&amp;ssl=1 1320w, https:\/\/i0.wp.com\/electriccartour.com\/wp-content\/uploads\/2024\/10\/esposicion-tesoros-reyes-magos-scaled.webp?w=1920&amp;ssl=1 1920w\" sizes=\"(max-width: 640px) 100vw, 640px\" \/>\t\t\t\t\t\t\t\t\t\t\t\t\t\t\t<\/div>\n\t\t\t\t<\/div>\n\t\t\t\t\t<\/div>\n\t\t<\/div>\n\t\t\t\t<div class=\"elementor-column elementor-col-50 elementor-top-column elementor-element elementor-element-2142e82\" data-id=\"2142e82\" data-element_type=\"column\" data-e-type=\"column\">\n\t\t\t<div class=\"elementor-widget-wrap elementor-element-populated\">\n\t\t\t\t\t\t<div class=\"elementor-element elementor-element-ecabe9f elementor-widget elementor-widget-image\" data-id=\"ecabe9f\" data-element_type=\"widget\" data-e-type=\"widget\" data-widget_type=\"image.default\">\n\t\t\t\t<div class=\"elementor-widget-container\">\n\t\t\t\t\t\t\t\t\t\t\t\t\t\t\t<img loading=\"lazy\" decoding=\"async\" width=\"300\" height=\"225\" src=\"https:\/\/i0.wp.com\/electriccartour.com\/wp-content\/uploads\/2024\/10\/selfie-reyes-magos-de-horiente-scaled.webp?fit=300%2C225&amp;ssl=1\" class=\"attachment-medium size-medium wp-image-11773\" alt=\"foto con los reyes magos de horiente\" srcset=\"https:\/\/i0.wp.com\/electriccartour.com\/wp-content\/uploads\/2024\/10\/selfie-reyes-magos-de-horiente-scaled.webp?w=2560&amp;ssl=1 2560w, https:\/\/i0.wp.com\/electriccartour.com\/wp-content\/uploads\/2024\/10\/selfie-reyes-magos-de-horiente-scaled.webp?resize=300%2C225&amp;ssl=1 300w, https:\/\/i0.wp.com\/electriccartour.com\/wp-content\/uploads\/2024\/10\/selfie-reyes-magos-de-horiente-scaled.webp?resize=1024%2C768&amp;ssl=1 1024w, https:\/\/i0.wp.com\/electriccartour.com\/wp-content\/uploads\/2024\/10\/selfie-reyes-magos-de-horiente-scaled.webp?resize=768%2C576&amp;ssl=1 768w, https:\/\/i0.wp.com\/electriccartour.com\/wp-content\/uploads\/2024\/10\/selfie-reyes-magos-de-horiente-scaled.webp?resize=1536%2C1152&amp;ssl=1 1536w, https:\/\/i0.wp.com\/electriccartour.com\/wp-content\/uploads\/2024\/10\/selfie-reyes-magos-de-horiente-scaled.webp?resize=2048%2C1536&amp;ssl=1 2048w, https:\/\/i0.wp.com\/electriccartour.com\/wp-content\/uploads\/2024\/10\/selfie-reyes-magos-de-horiente-scaled.webp?resize=1568%2C1176&amp;ssl=1 1568w, https:\/\/i0.wp.com\/electriccartour.com\/wp-content\/uploads\/2024\/10\/selfie-reyes-magos-de-horiente-scaled.webp?resize=1320%2C990&amp;ssl=1 1320w, https:\/\/i0.wp.com\/electriccartour.com\/wp-content\/uploads\/2024\/10\/selfie-reyes-magos-de-horiente-scaled.webp?w=1920&amp;ssl=1 1920w\" sizes=\"(max-width: 300px) 100vw, 300px\" \/>\t\t\t\t\t\t\t\t\t\t\t\t\t\t\t<\/div>\n\t\t\t\t<\/div>\n\t\t\t\t\t<\/div>\n\t\t<\/div>\n\t\t\t\t\t<\/div>\n\t\t<\/section>\n\t\t\t\t<section class=\"elementor-section elementor-top-section elementor-element elementor-element-2994644 elementor-section-boxed elementor-section-height-default elementor-section-height-default\" data-id=\"2994644\" data-element_type=\"section\" data-e-type=\"section\">\n\t\t\t\t\t\t<div class=\"elementor-container elementor-column-gap-default\">\n\t\t\t\t\t<div class=\"elementor-column elementor-col-100 elementor-top-column elementor-element elementor-element-05ecbfb\" data-id=\"05ecbfb\" data-element_type=\"column\" data-e-type=\"column\">\n\t\t\t<div class=\"elementor-widget-wrap elementor-element-populated\">\n\t\t\t\t\t\t<div class=\"elementor-element elementor-element-4ac1497 elementor-widget elementor-widget-heading\" data-id=\"4ac1497\" data-element_type=\"widget\" data-e-type=\"widget\" data-widget_type=\"heading.default\">\n\t\t\t\t<div class=\"elementor-widget-container\">\n\t\t\t\t\t<h3 class=\"elementor-heading-title elementor-size-default\">Featured events:<\/h3>\t\t\t\t<\/div>\n\t\t\t\t<\/div>\n\t\t\t\t\t<\/div>\n\t\t<\/div>\n\t\t\t\t\t<\/div>\n\t\t<\/section>\n\t\t\t\t<section class=\"elementor-section elementor-top-section elementor-element elementor-element-5fc3537 elementor-section-boxed elementor-section-height-default elementor-section-height-default\" data-id=\"5fc3537\" data-element_type=\"section\" data-e-type=\"section\">\n\t\t\t\t\t\t<div class=\"elementor-container elementor-column-gap-default\">\n\t\t\t\t\t<div class=\"elementor-column elementor-col-100 elementor-top-column elementor-element elementor-element-74cbd64\" data-id=\"74cbd64\" data-element_type=\"column\" data-e-type=\"column\">\n\t\t\t<div class=\"elementor-widget-wrap elementor-element-populated\">\n\t\t\t\t\t\t<div class=\"elementor-element elementor-element-3520093 elementor-widget elementor-widget-text-editor\" data-id=\"3520093\" data-element_type=\"widget\" data-e-type=\"widget\" data-widget_type=\"text-editor.default\">\n\t\t\t\t<div class=\"elementor-widget-container\">\n\t\t\t\t\t\t\t\t\t<ul>\n<li>\n<div class=\"flex-shrink-0 flex flex-col relative items-end\">\n<div class=\"pt-0\">\n<div class=\"gizmo-bot-avatar flex h-8 w-8 items-center justify-center overflow-hidden rounded-full\">\n<div> <strong> Exhibition<\/strong> <strong>Treasures of the Magi&#8217;.<\/strong><\/div>\n<div>Presented at the Museum of the <a href=\"https:\/\/tesorosdelosmagos.com\/\"><strong>Agrupaci\u00f3n de Cofrad\u00edas de M\u00e1laga<\/strong><\/a>offering a unique experience that unveils the history and legacy of the wise men of the East. <strong>From November 16th to January 28th.<\/strong> An exceptional opportunity to <strong>explore the symbolism and influence of the Magi<\/strong> throughout the centuries. It combines art, history and technology in <strong>an experience suitable for the whole family.<\/strong> <\/div>\n<\/div>\n<\/div>\n<\/div>\n<\/li>\n<\/ul>\n\t\t\t\t\t\t\t\t<\/div>\n\t\t\t\t<\/div>\n\t\t\t\t\t<\/div>\n\t\t<\/div>\n\t\t\t\t\t<\/div>\n\t\t<\/section>\n\t\t\t\t<section class=\"elementor-section elementor-top-section elementor-element elementor-element-b894e7a elementor-section-boxed elementor-section-height-default elementor-section-height-default\" data-id=\"b894e7a\" data-element_type=\"section\" data-e-type=\"section\">\n\t\t\t\t\t\t<div class=\"elementor-container elementor-column-gap-default\">\n\t\t\t\t\t<div class=\"elementor-column elementor-col-100 elementor-top-column elementor-element elementor-element-11b4891\" data-id=\"11b4891\" data-element_type=\"column\" data-e-type=\"column\">\n\t\t\t<div class=\"elementor-widget-wrap elementor-element-populated\">\n\t\t\t\t\t\t<div class=\"elementor-element elementor-element-80160a1 elementor-widget elementor-widget-text-editor\" data-id=\"80160a1\" data-element_type=\"widget\" data-e-type=\"widget\" data-widget_type=\"text-editor.default\">\n\t\t\t\t<div class=\"elementor-widget-container\">\n\t\t\t\t\t\t\t\t\t<p><a href=\"https:\/\/www.malaga.eu\/la-ciudad\/agenda\/detalle-actividad\/index.html?id=136925\"><strong>Christmas Amusement Park in Teatinos<\/strong><\/a><\/p>\n<ul>\n<li><strong>Date:<\/strong> Until January 6<\/li>\n<li><strong>Schedule:<\/strong>\n<ul>\n<li>Weekdays: 17:00 to 20:30 hours<\/li>\n<li>Weekends and holidays: 12:00 to 13:30 and 17:00 to 22:00 hours.  <\/li>\n<\/ul>\n<\/li>\n<li>It includes musical performances, workshops, theater, children&#8217;s attractions and food stands.<\/li>\n<\/ul>\n\t\t\t\t\t\t\t\t<\/div>\n\t\t\t\t<\/div>\n\t\t\t\t\t<\/div>\n\t\t<\/div>\n\t\t\t\t\t<\/div>\n\t\t<\/section>\n\t\t\t\t<section class=\"elementor-section elementor-top-section elementor-element elementor-element-9a0b641 elementor-section-boxed elementor-section-height-default elementor-section-height-default\" data-id=\"9a0b641\" data-element_type=\"section\" data-e-type=\"section\">\n\t\t\t\t\t\t<div class=\"elementor-container elementor-column-gap-default\">\n\t\t\t\t\t<div class=\"elementor-column elementor-col-100 elementor-top-column elementor-element elementor-element-047d4d8\" data-id=\"047d4d8\" data-element_type=\"column\" data-e-type=\"column\">\n\t\t\t<div class=\"elementor-widget-wrap elementor-element-populated\">\n\t\t\t\t\t\t<div class=\"elementor-element elementor-element-38c9489 elementor-widget elementor-widget-text-editor\" data-id=\"38c9489\" data-element_type=\"widget\" data-e-type=\"widget\" data-widget_type=\"text-editor.default\">\n\t\t\t\t<div class=\"elementor-widget-container\">\n\t\t\t\t\t\t\t\t\t<p><strong><a href=\"https:\/\/www.instagram.com\/distrito2malagaeste\/reel\/DDhNonFN_xd\/\">Santa Claus Village<\/a> in Virginia Beach Park<\/strong><\/p>\n<ul>\n<li><strong>Date:<\/strong> Saturday, December 21<\/li>\n<li><strong>Hours:<\/strong> 11:00 am to 3:00 pm and 4:00 pm to 7:00 pm<\/li>\n<li>A magical space for the little ones with the presence of Santa Claus and his elves, bouncy castles, Christmas workshops, puppet theater, ice rink, Christmas train and a mechanical reindeer. Virginia Beach, El Palo Neighborhood. <\/li>\n<\/ul>\n\t\t\t\t\t\t\t\t<\/div>\n\t\t\t\t<\/div>\n\t\t\t\t\t<\/div>\n\t\t<\/div>\n\t\t\t\t\t<\/div>\n\t\t<\/section>\n\t\t\t\t<section class=\"elementor-section elementor-top-section elementor-element elementor-element-667ec14 elementor-section-boxed elementor-section-height-default elementor-section-height-default\" data-id=\"667ec14\" data-element_type=\"section\" data-e-type=\"section\">\n\t\t\t\t\t\t<div class=\"elementor-container elementor-column-gap-default\">\n\t\t\t\t\t<div class=\"elementor-column elementor-col-100 elementor-top-column elementor-element elementor-element-5b8f1e7\" data-id=\"5b8f1e7\" data-element_type=\"column\" data-e-type=\"column\">\n\t\t\t<div class=\"elementor-widget-wrap elementor-element-populated\">\n\t\t\t\t\t\t<div class=\"elementor-element elementor-element-55b339d elementor-widget elementor-widget-image\" data-id=\"55b339d\" data-element_type=\"widget\" data-e-type=\"widget\" data-widget_type=\"image.default\">\n\t\t\t\t<div class=\"elementor-widget-container\">\n\t\t\t\t\t\t\t\t\t\t\t\t\t\t\t<img loading=\"lazy\" decoding=\"async\" width=\"300\" height=\"200\" src=\"https:\/\/i0.wp.com\/electriccartour.com\/wp-content\/uploads\/2022\/12\/tour-malaga-Christmas-scaled.jpg?fit=300%2C200&amp;ssl=1\" class=\"attachment-medium size-medium wp-image-5896\" alt=\"tour m\u00e1laga en navidad\" srcset=\"https:\/\/i0.wp.com\/electriccartour.com\/wp-content\/uploads\/2022\/12\/tour-malaga-Christmas-scaled.jpg?w=2560&amp;ssl=1 2560w, https:\/\/i0.wp.com\/electriccartour.com\/wp-content\/uploads\/2022\/12\/tour-malaga-Christmas-scaled.jpg?resize=300%2C200&amp;ssl=1 300w, https:\/\/i0.wp.com\/electriccartour.com\/wp-content\/uploads\/2022\/12\/tour-malaga-Christmas-scaled.jpg?resize=1024%2C683&amp;ssl=1 1024w, https:\/\/i0.wp.com\/electriccartour.com\/wp-content\/uploads\/2022\/12\/tour-malaga-Christmas-scaled.jpg?resize=768%2C512&amp;ssl=1 768w, https:\/\/i0.wp.com\/electriccartour.com\/wp-content\/uploads\/2022\/12\/tour-malaga-Christmas-scaled.jpg?resize=1536%2C1024&amp;ssl=1 1536w, https:\/\/i0.wp.com\/electriccartour.com\/wp-content\/uploads\/2022\/12\/tour-malaga-Christmas-scaled.jpg?resize=2048%2C1365&amp;ssl=1 2048w, https:\/\/i0.wp.com\/electriccartour.com\/wp-content\/uploads\/2022\/12\/tour-malaga-Christmas-scaled.jpg?resize=1568%2C1045&amp;ssl=1 1568w, https:\/\/i0.wp.com\/electriccartour.com\/wp-content\/uploads\/2022\/12\/tour-malaga-Christmas-scaled.jpg?resize=1320%2C880&amp;ssl=1 1320w, https:\/\/i0.wp.com\/electriccartour.com\/wp-content\/uploads\/2022\/12\/tour-malaga-Christmas-scaled.jpg?resize=450%2C300&amp;ssl=1 450w, https:\/\/i0.wp.com\/electriccartour.com\/wp-content\/uploads\/2022\/12\/tour-malaga-Christmas-scaled.jpg?w=1920&amp;ssl=1 1920w\" sizes=\"(max-width: 300px) 100vw, 300px\" \/>\t\t\t\t\t\t\t\t\t\t\t\t\t\t\t<\/div>\n\t\t\t\t<\/div>\n\t\t\t\t\t<\/div>\n\t\t<\/div>\n\t\t\t\t\t<\/div>\n\t\t<\/section>\n\t\t\t\t<section class=\"elementor-section elementor-top-section elementor-element elementor-element-140f8ef elementor-section-boxed elementor-section-height-default elementor-section-height-default\" data-id=\"140f8ef\" data-element_type=\"section\" data-e-type=\"section\">\n\t\t\t\t\t\t<div class=\"elementor-container elementor-column-gap-default\">\n\t\t\t\t\t<div class=\"elementor-column elementor-col-100 elementor-top-column elementor-element elementor-element-bac265a\" data-id=\"bac265a\" data-element_type=\"column\" data-e-type=\"column\">\n\t\t\t<div class=\"elementor-widget-wrap elementor-element-populated\">\n\t\t\t\t\t\t<div class=\"elementor-element elementor-element-ef38c83 elementor-widget elementor-widget-heading\" data-id=\"ef38c83\" data-element_type=\"widget\" data-e-type=\"widget\" data-widget_type=\"heading.default\">\n\t\t\t\t<div class=\"elementor-widget-container\">\n\t\t\t\t\t<h3 class=\"elementor-heading-title elementor-size-default\">5. Christmas Tour by Electric Car<\/h3>\t\t\t\t<\/div>\n\t\t\t\t<\/div>\n\t\t\t\t\t<\/div>\n\t\t<\/div>\n\t\t\t\t\t<\/div>\n\t\t<\/section>\n\t\t\t\t<section class=\"elementor-section elementor-top-section elementor-element elementor-element-6294421 elementor-section-boxed elementor-section-height-default elementor-section-height-default\" data-id=\"6294421\" data-element_type=\"section\" data-e-type=\"section\">\n\t\t\t\t\t\t<div class=\"elementor-container elementor-column-gap-default\">\n\t\t\t\t\t<div class=\"elementor-column elementor-col-100 elementor-top-column elementor-element elementor-element-5007745\" data-id=\"5007745\" data-element_type=\"column\" data-e-type=\"column\">\n\t\t\t<div class=\"elementor-widget-wrap elementor-element-populated\">\n\t\t\t\t\t\t<div class=\"elementor-element elementor-element-1b4ea6a elementor-widget elementor-widget-text-editor\" data-id=\"1b4ea6a\" data-element_type=\"widget\" data-e-type=\"widget\" data-widget_type=\"text-editor.default\">\n\t\t\t\t<div class=\"elementor-widget-container\">\n\t\t\t\t\t\t\t\t\t<p>If you want to <strong>enjoy Christmas in Malaga in a unique way<\/strong>, we recommend <strong>an electric car tour through the historic center<\/strong>. This experience will allow you to see the Christmas lights from a different angle, without worrying about traffic or parking, as well as having the best recommendations in the city from our local guides. <\/p>\n\t\t\t\t\t\t\t\t<\/div>\n\t\t\t\t<\/div>\n\t\t\t\t\t<\/div>\n\t\t<\/div>\n\t\t\t\t\t<\/div>\n\t\t<\/section>\n\t\t\t\t<section class=\"elementor-section elementor-top-section elementor-element elementor-element-b94c12a elementor-section-boxed elementor-section-height-default elementor-section-height-default\" data-id=\"b94c12a\" data-element_type=\"section\" data-e-type=\"section\">\n\t\t\t\t\t\t<div class=\"elementor-container elementor-column-gap-default\">\n\t\t\t\t\t<div class=\"elementor-column elementor-col-100 elementor-top-column elementor-element elementor-element-e29fc85\" data-id=\"e29fc85\" data-element_type=\"column\" data-e-type=\"column\">\n\t\t\t<div class=\"elementor-widget-wrap elementor-element-populated\">\n\t\t\t\t\t\t<div class=\"elementor-element elementor-element-4f9a119 elementor-widget elementor-widget-image\" data-id=\"4f9a119\" data-element_type=\"widget\" data-e-type=\"widget\" data-widget_type=\"image.default\">\n\t\t\t\t<div class=\"elementor-widget-container\">\n\t\t\t\t\t\t\t\t\t\t\t\t\t\t\t<img loading=\"lazy\" decoding=\"async\" width=\"300\" height=\"200\" src=\"https:\/\/i0.wp.com\/electriccartour.com\/wp-content\/uploads\/2023\/06\/tour-electric-car-malaga-muelle-1-scaled.webp?fit=300%2C200&amp;ssl=1\" class=\"attachment-medium size-medium wp-image-8818\" alt=\"tour m\u00e1laga en coche el\u00e9ctrico por el puerto y paseo mar\u00edtimo\" srcset=\"https:\/\/i0.wp.com\/electriccartour.com\/wp-content\/uploads\/2023\/06\/tour-electric-car-malaga-muelle-1-scaled.webp?w=2560&amp;ssl=1 2560w, https:\/\/i0.wp.com\/electriccartour.com\/wp-content\/uploads\/2023\/06\/tour-electric-car-malaga-muelle-1-scaled.webp?resize=300%2C200&amp;ssl=1 300w, https:\/\/i0.wp.com\/electriccartour.com\/wp-content\/uploads\/2023\/06\/tour-electric-car-malaga-muelle-1-scaled.webp?resize=1024%2C683&amp;ssl=1 1024w, https:\/\/i0.wp.com\/electriccartour.com\/wp-content\/uploads\/2023\/06\/tour-electric-car-malaga-muelle-1-scaled.webp?resize=768%2C512&amp;ssl=1 768w, https:\/\/i0.wp.com\/electriccartour.com\/wp-content\/uploads\/2023\/06\/tour-electric-car-malaga-muelle-1-scaled.webp?resize=1536%2C1024&amp;ssl=1 1536w, https:\/\/i0.wp.com\/electriccartour.com\/wp-content\/uploads\/2023\/06\/tour-electric-car-malaga-muelle-1-scaled.webp?resize=2048%2C1365&amp;ssl=1 2048w, https:\/\/i0.wp.com\/electriccartour.com\/wp-content\/uploads\/2023\/06\/tour-electric-car-malaga-muelle-1-scaled.webp?resize=1568%2C1045&amp;ssl=1 1568w, https:\/\/i0.wp.com\/electriccartour.com\/wp-content\/uploads\/2023\/06\/tour-electric-car-malaga-muelle-1-scaled.webp?resize=1320%2C880&amp;ssl=1 1320w, https:\/\/i0.wp.com\/electriccartour.com\/wp-content\/uploads\/2023\/06\/tour-electric-car-malaga-muelle-1-scaled.webp?resize=450%2C300&amp;ssl=1 450w, https:\/\/i0.wp.com\/electriccartour.com\/wp-content\/uploads\/2023\/06\/tour-electric-car-malaga-muelle-1-scaled.webp?w=1920&amp;ssl=1 1920w\" sizes=\"(max-width: 300px) 100vw, 300px\" \/>\t\t\t\t\t\t\t\t\t\t\t\t\t\t\t<\/div>\n\t\t\t\t<\/div>\n\t\t\t\t\t<\/div>\n\t\t<\/div>\n\t\t\t\t\t<\/div>\n\t\t<\/section>\n\t\t\t\t<section class=\"elementor-section elementor-top-section elementor-element elementor-element-ba30f49 elementor-section-boxed elementor-section-height-default elementor-section-height-default\" data-id=\"ba30f49\" data-element_type=\"section\" data-e-type=\"section\">\n\t\t\t\t\t\t<div class=\"elementor-container elementor-column-gap-default\">\n\t\t\t\t\t<div class=\"elementor-column elementor-col-100 elementor-top-column elementor-element elementor-element-dd081c8\" data-id=\"dd081c8\" data-element_type=\"column\" data-e-type=\"column\">\n\t\t\t<div class=\"elementor-widget-wrap elementor-element-populated\">\n\t\t\t\t\t\t<div class=\"elementor-element elementor-element-536182f elementor-widget elementor-widget-heading\" data-id=\"536182f\" data-element_type=\"widget\" data-e-type=\"widget\" data-widget_type=\"heading.default\">\n\t\t\t\t<div class=\"elementor-widget-container\">\n\t\t\t\t\t<h2 class=\"elementor-heading-title elementor-size-default\">6. Practical Tips for Visiting Malaga at Christmas<\/h2>\t\t\t\t<\/div>\n\t\t\t\t<\/div>\n\t\t\t\t\t<\/div>\n\t\t<\/div>\n\t\t\t\t\t<\/div>\n\t\t<\/section>\n\t\t\t\t<section class=\"elementor-section elementor-top-section elementor-element elementor-element-db1d4d9 elementor-section-boxed elementor-section-height-default elementor-section-height-default\" data-id=\"db1d4d9\" data-element_type=\"section\" data-e-type=\"section\">\n\t\t\t\t\t\t<div class=\"elementor-container elementor-column-gap-default\">\n\t\t\t\t\t<div class=\"elementor-column elementor-col-100 elementor-top-column elementor-element elementor-element-731dc1b\" data-id=\"731dc1b\" data-element_type=\"column\" data-e-type=\"column\">\n\t\t\t<div class=\"elementor-widget-wrap elementor-element-populated\">\n\t\t\t\t\t\t<div class=\"elementor-element elementor-element-baafcf6 elementor-widget elementor-widget-text-editor\" data-id=\"baafcf6\" data-element_type=\"widget\" data-e-type=\"widget\" data-widget_type=\"text-editor.default\">\n\t\t\t\t<div class=\"elementor-widget-container\">\n\t\t\t\t\t\t\t\t\t<p>&#8211; <strong> Accommodation:<\/strong> Book your hotel in advance, as the city fills up with tourists during these dates.<br \/>&#8211;<strong> Transportation:<\/strong> Use public transportation or bike and electric car rental services to get around the city in a sustainable way.<br \/>&#8211;<strong> Weather:<\/strong> Although Malaga has a mild winter, bring a jacket for the cooler nights.<\/p>\n\t\t\t\t\t\t\t\t<\/div>\n\t\t\t\t<\/div>\n\t\t\t\t\t<\/div>\n\t\t<\/div>\n\t\t\t\t\t<\/div>\n\t\t<\/section>\n\t\t\t\t<section class=\"elementor-section elementor-top-section elementor-element elementor-element-78af569 elementor-section-boxed elementor-section-height-default elementor-section-height-default\" data-id=\"78af569\" data-element_type=\"section\" data-e-type=\"section\">\n\t\t\t\t\t\t<div class=\"elementor-container elementor-column-gap-default\">\n\t\t\t\t\t<div class=\"elementor-column elementor-col-100 elementor-top-column elementor-element elementor-element-79307ec\" data-id=\"79307ec\" data-element_type=\"column\" data-e-type=\"column\">\n\t\t\t<div class=\"elementor-widget-wrap elementor-element-populated\">\n\t\t\t\t\t\t<div class=\"elementor-element elementor-element-4370cda elementor-widget elementor-widget-text-editor\" data-id=\"4370cda\" data-element_type=\"widget\" data-e-type=\"widget\" data-widget_type=\"text-editor.default\">\n\t\t\t\t<div class=\"elementor-widget-container\">\n\t\t\t\t\t\t\t\t\t<p><strong>Discover Malaga on an electric and ecological tour.<\/strong>  Our tour will take you through the main attractions and most illuminated places of the city. Enjoy the magic of Malaga in a unique and sustainable way.   <a href=\"https:\/\/electriccartour.com\/en\/malaga-christmas-lights-tour\/\"><strong>Book your tour now and experience an unforgettable Christmas in Malaga!<\/strong><\/a><\/p>\n\t\t\t\t\t\t\t\t<\/div>\n\t\t\t\t<\/div>\n\t\t\t\t\t<\/div>\n\t\t<\/div>\n\t\t\t\t\t<\/div>\n\t\t<\/section>\n\t\t\t\t<section class=\"elementor-section elementor-top-section elementor-element elementor-element-fc2365a elementor-section-boxed elementor-section-height-default elementor-section-height-default\" data-id=\"fc2365a\" data-element_type=\"section\" data-e-type=\"section\">\n\t\t\t\t\t\t<div class=\"elementor-container elementor-column-gap-default\">\n\t\t\t\t\t<div class=\"elementor-column elementor-col-100 elementor-top-column elementor-element elementor-element-8cf0792\" data-id=\"8cf0792\" data-element_type=\"column\" data-e-type=\"column\">\n\t\t\t<div class=\"elementor-widget-wrap elementor-element-populated\">\n\t\t\t\t\t\t<div class=\"elementor-element elementor-element-809ddde elementor-widget elementor-widget-heading\" data-id=\"809ddde\" data-element_type=\"widget\" data-e-type=\"widget\" data-widget_type=\"heading.default\">\n\t\t\t\t<div class=\"elementor-widget-container\">\n\t\t\t\t\t<h3 class=\"elementor-heading-title elementor-size-default\">Updated 30 \/ December \/2024<\/h3>\t\t\t\t<\/div>\n\t\t\t\t<\/div>\n\t\t\t\t\t<\/div>\n\t\t<\/div>\n\t\t\t\t\t<\/div>\n\t\t<\/section>\n\t\t\t\t<\/div>\n\t\t","protected":false},"excerpt":{"rendered":"<p>Christmas in Malaga is one of the most magical times of the year. The city is transformed into a spectacle of lights and color, attracting thousands of visitors from all over the world. In this guide, we tell you everything you need to know to make the most of Christmas in Malaga in 2024: from &hellip; <\/p>\n<p class=\"link-more\"><a href=\"https:\/\/electriccartour.com\/en\/%f0%9f%8e%84christmas-and-christmas-lights-in-malaga-2024-the-best-tours-and-events\/\" class=\"more-link\">Continue reading<span class=\"screen-reader-text\"> &#8220;Christmas in Malaga 2024: Complete Guide to Enjoying the Holidays&#8221;<\/span><\/a><\/p>\n","protected":false},"author":1,"featured_media":11165,"comment_status":"closed","ping_status":"closed","sticky":false,"template":"","format":"standard","meta":{"_jetpack_memberships_contains_paid_content":false,"_joinchat":[],"footnotes":""},"categories":[32],"tags":[],"class_list":["post-11182","post","type-post","status-publish","format-standard","has-post-thumbnail","hentry","category-uncategorized","entry"],"yoast_head":"<!-- This site is optimized with the Yoast SEO plugin v27.4 - https:\/\/yoast.com\/product\/yoast-seo-wordpress\/ -->\n<title>Christmas in Malaga 2024: Complete Guide, best tours and events<\/title>\n<meta name=\"description\" content=\"Discover Christmas in Malaga with its traditions and shows, and enjoy the Christmas lights in an electric car tour.\" \/>\n<meta name=\"robots\" content=\"index, follow, max-snippet:-1, max-image-preview:large, max-video-preview:-1\" \/>\n<link rel=\"canonical\" href=\"https:\/\/electriccartour.com\/en\/%f0%9f%8e%84christmas-and-christmas-lights-in-malaga-2024-the-best-tours-and-events\/\" \/>\n<meta property=\"og:locale\" content=\"en_US\" \/>\n<meta property=\"og:type\" content=\"article\" \/>\n<meta property=\"og:title\" content=\"Christmas in Malaga 2024: Complete Guide, best tours and events\" \/>\n<meta property=\"og:description\" content=\"Discover Christmas in Malaga with its traditions and shows, and enjoy the Christmas lights in an electric car tour.\" \/>\n<meta property=\"og:url\" content=\"https:\/\/electriccartour.com\/en\/%f0%9f%8e%84christmas-and-christmas-lights-in-malaga-2024-the-best-tours-and-events\/\" \/>\n<meta property=\"og:site_name\" content=\"Tours en Coche El\u00e9ctrico en M\u00e1laga \u267b\ufe0f | Electric Car Tour\" \/>\n<meta property=\"article:publisher\" content=\"https:\/\/www.facebook.com\/Tourenvechiculoselectricos\/\" \/>\n<meta property=\"article:author\" content=\"https:\/\/www.facebook.com\/Tourenvechiculoselectricos\/\" \/>\n<meta property=\"article:published_time\" content=\"2024-10-26T08:53:41+00:00\" \/>\n<meta property=\"article:modified_time\" content=\"2024-12-30T20:43:28+00:00\" \/>\n<meta property=\"og:image\" content=\"https:\/\/i0.wp.com\/electriccartour.com\/wp-content\/uploads\/2024\/10\/alumbrado-calle-larios-navidad-2024-scaled.webp?fit=2560%2C1707&ssl=1\" \/>\n\t<meta property=\"og:image:width\" content=\"2560\" \/>\n\t<meta property=\"og:image:height\" content=\"1707\" \/>\n\t<meta property=\"og:image:type\" content=\"image\/webp\" \/>\n<meta name=\"author\" content=\"electriccartour\" \/>\n<meta name=\"twitter:card\" content=\"summary_large_image\" \/>\n<meta name=\"twitter:creator\" content=\"@https:\/\/twitter.com\/electric_tour\" \/>\n<meta name=\"twitter:site\" content=\"@electric_tour\" \/>\n<meta name=\"twitter:label1\" content=\"Written by\" \/>\n\t<meta name=\"twitter:data1\" content=\"electriccartour\" \/>\n\t<meta name=\"twitter:label2\" content=\"Est. reading time\" \/>\n\t<meta name=\"twitter:data2\" content=\"7 minutes\" \/>\n<script type=\"application\/ld+json\" class=\"yoast-schema-graph\">{\"@context\":\"https:\\\/\\\/schema.org\",\"@graph\":[{\"@type\":\"Article\",\"@id\":\"https:\\\/\\\/electriccartour.com\\\/en\\\/%f0%9f%8e%84christmas-and-christmas-lights-in-malaga-2024-the-best-tours-and-events\\\/#article\",\"isPartOf\":{\"@id\":\"https:\\\/\\\/electriccartour.com\\\/en\\\/%f0%9f%8e%84christmas-and-christmas-lights-in-malaga-2024-the-best-tours-and-events\\\/\"},\"author\":{\"name\":\"electriccartour\",\"@id\":\"https:\\\/\\\/electriccartour.com\\\/en\\\/#\\\/schema\\\/person\\\/14020537da6216f7471b49e5e929cba1\"},\"headline\":\"Christmas in Malaga 2024: Complete Guide to Enjoying the Holidays\",\"datePublished\":\"2024-10-26T08:53:41+00:00\",\"dateModified\":\"2024-12-30T20:43:28+00:00\",\"mainEntityOfPage\":{\"@id\":\"https:\\\/\\\/electriccartour.com\\\/en\\\/%f0%9f%8e%84christmas-and-christmas-lights-in-malaga-2024-the-best-tours-and-events\\\/\"},\"wordCount\":1352,\"publisher\":{\"@id\":\"https:\\\/\\\/electriccartour.com\\\/en\\\/#organization\"},\"image\":{\"@id\":\"https:\\\/\\\/electriccartour.com\\\/en\\\/%f0%9f%8e%84christmas-and-christmas-lights-in-malaga-2024-the-best-tours-and-events\\\/#primaryimage\"},\"thumbnailUrl\":\"https:\\\/\\\/i0.wp.com\\\/electriccartour.com\\\/wp-content\\\/uploads\\\/2024\\\/10\\\/alumbrado-calle-larios-navidad-2024-scaled.webp?fit=2560%2C1707&ssl=1\",\"inLanguage\":\"en-US\"},{\"@type\":\"WebPage\",\"@id\":\"https:\\\/\\\/electriccartour.com\\\/en\\\/%f0%9f%8e%84christmas-and-christmas-lights-in-malaga-2024-the-best-tours-and-events\\\/\",\"url\":\"https:\\\/\\\/electriccartour.com\\\/en\\\/%f0%9f%8e%84christmas-and-christmas-lights-in-malaga-2024-the-best-tours-and-events\\\/\",\"name\":\"Christmas in Malaga 2024: Complete Guide, best tours and events\",\"isPartOf\":{\"@id\":\"https:\\\/\\\/electriccartour.com\\\/en\\\/#website\"},\"primaryImageOfPage\":{\"@id\":\"https:\\\/\\\/electriccartour.com\\\/en\\\/%f0%9f%8e%84christmas-and-christmas-lights-in-malaga-2024-the-best-tours-and-events\\\/#primaryimage\"},\"image\":{\"@id\":\"https:\\\/\\\/electriccartour.com\\\/en\\\/%f0%9f%8e%84christmas-and-christmas-lights-in-malaga-2024-the-best-tours-and-events\\\/#primaryimage\"},\"thumbnailUrl\":\"https:\\\/\\\/i0.wp.com\\\/electriccartour.com\\\/wp-content\\\/uploads\\\/2024\\\/10\\\/alumbrado-calle-larios-navidad-2024-scaled.webp?fit=2560%2C1707&ssl=1\",\"datePublished\":\"2024-10-26T08:53:41+00:00\",\"dateModified\":\"2024-12-30T20:43:28+00:00\",\"description\":\"Discover Christmas in Malaga with its traditions and shows, and enjoy the Christmas lights in an electric car tour.\",\"breadcrumb\":{\"@id\":\"https:\\\/\\\/electriccartour.com\\\/en\\\/%f0%9f%8e%84christmas-and-christmas-lights-in-malaga-2024-the-best-tours-and-events\\\/#breadcrumb\"},\"inLanguage\":\"en-US\",\"potentialAction\":[{\"@type\":\"ReadAction\",\"target\":[\"https:\\\/\\\/electriccartour.com\\\/en\\\/%f0%9f%8e%84christmas-and-christmas-lights-in-malaga-2024-the-best-tours-and-events\\\/\"]}]},{\"@type\":\"ImageObject\",\"inLanguage\":\"en-US\",\"@id\":\"https:\\\/\\\/electriccartour.com\\\/en\\\/%f0%9f%8e%84christmas-and-christmas-lights-in-malaga-2024-the-best-tours-and-events\\\/#primaryimage\",\"url\":\"https:\\\/\\\/i0.wp.com\\\/electriccartour.com\\\/wp-content\\\/uploads\\\/2024\\\/10\\\/alumbrado-calle-larios-navidad-2024-scaled.webp?fit=2560%2C1707&ssl=1\",\"contentUrl\":\"https:\\\/\\\/i0.wp.com\\\/electriccartour.com\\\/wp-content\\\/uploads\\\/2024\\\/10\\\/alumbrado-calle-larios-navidad-2024-scaled.webp?fit=2560%2C1707&ssl=1\",\"width\":2560,\"height\":1707,\"caption\":\"alumbrado de Navidad 2024 en calle Larios de M\u00e1laga\"},{\"@type\":\"BreadcrumbList\",\"@id\":\"https:\\\/\\\/electriccartour.com\\\/en\\\/%f0%9f%8e%84christmas-and-christmas-lights-in-malaga-2024-the-best-tours-and-events\\\/#breadcrumb\",\"itemListElement\":[{\"@type\":\"ListItem\",\"position\":1,\"name\":\"Portada\",\"item\":\"https:\\\/\\\/electriccartour.com\\\/en\\\/\"},{\"@type\":\"ListItem\",\"position\":2,\"name\":\"Christmas in Malaga 2024: Complete Guide to Enjoying the Holidays\"}]},{\"@type\":\"WebSite\",\"@id\":\"https:\\\/\\\/electriccartour.com\\\/en\\\/#website\",\"url\":\"https:\\\/\\\/electriccartour.com\\\/en\\\/\",\"name\":\"Tours en Coche El\u00e9ctrico en M\u00e1laga \u267b\ufe0f | Electric Car Tour\",\"description\":\"Descubre M\u00e1laga de forma sostenible con Electric Car Tour. Disfruta de tours guiados en coche el\u00e9ctrico y explora los principales atractivos tur\u00edsticos de la ciudad.\",\"publisher\":{\"@id\":\"https:\\\/\\\/electriccartour.com\\\/en\\\/#organization\"},\"alternateName\":\"Electric Car Tour - M\u00e1laga\",\"potentialAction\":[{\"@type\":\"SearchAction\",\"target\":{\"@type\":\"EntryPoint\",\"urlTemplate\":\"https:\\\/\\\/electriccartour.com\\\/en\\\/?s={search_term_string}\"},\"query-input\":{\"@type\":\"PropertyValueSpecification\",\"valueRequired\":true,\"valueName\":\"search_term_string\"}}],\"inLanguage\":\"en-US\"},{\"@type\":\"Organization\",\"@id\":\"https:\\\/\\\/electriccartour.com\\\/en\\\/#organization\",\"name\":\"Electric Car Tour\",\"alternateName\":\"electriccartour\",\"url\":\"https:\\\/\\\/electriccartour.com\\\/en\\\/\",\"logo\":{\"@type\":\"ImageObject\",\"inLanguage\":\"en-US\",\"@id\":\"https:\\\/\\\/electriccartour.com\\\/en\\\/#\\\/schema\\\/logo\\\/image\\\/\",\"url\":\"https:\\\/\\\/i0.wp.com\\\/electriccartour.com\\\/wp-content\\\/uploads\\\/2021\\\/12\\\/181002_ECT_Logo5389f3-1920w.png?fit=1920%2C462&ssl=1\",\"contentUrl\":\"https:\\\/\\\/i0.wp.com\\\/electriccartour.com\\\/wp-content\\\/uploads\\\/2021\\\/12\\\/181002_ECT_Logo5389f3-1920w.png?fit=1920%2C462&ssl=1\",\"width\":1920,\"height\":462,\"caption\":\"Electric Car Tour\"},\"image\":{\"@id\":\"https:\\\/\\\/electriccartour.com\\\/en\\\/#\\\/schema\\\/logo\\\/image\\\/\"},\"sameAs\":[\"https:\\\/\\\/www.facebook.com\\\/Tourenvechiculoselectricos\\\/\",\"https:\\\/\\\/x.com\\\/electric_tour\",\"https:\\\/\\\/www.youtube.com\\\/channel\\\/UClzjmLNm6Auwdnix5FwnxXw\",\"https:\\\/\\\/www.instagram.com\\\/electriccartour\\\/\",\"https:\\\/\\\/tripadvisor.com\\\/Attraction_Review-g187438-d15198737-Reviews-Electric_Car_Tour-Malaga_Costa_del_Sol_Province_of_Malaga_Andalucia.html\"]},{\"@type\":\"Person\",\"@id\":\"https:\\\/\\\/electriccartour.com\\\/en\\\/#\\\/schema\\\/person\\\/14020537da6216f7471b49e5e929cba1\",\"name\":\"electriccartour\",\"image\":{\"@type\":\"ImageObject\",\"inLanguage\":\"en-US\",\"@id\":\"https:\\\/\\\/secure.gravatar.com\\\/avatar\\\/fe8515b4ef6ae0fb0465b6ace38c4969d9b25f2d9a0c49eee2553face0582368?s=96&d=mm&r=g\",\"url\":\"https:\\\/\\\/secure.gravatar.com\\\/avatar\\\/fe8515b4ef6ae0fb0465b6ace38c4969d9b25f2d9a0c49eee2553face0582368?s=96&d=mm&r=g\",\"contentUrl\":\"https:\\\/\\\/secure.gravatar.com\\\/avatar\\\/fe8515b4ef6ae0fb0465b6ace38c4969d9b25f2d9a0c49eee2553face0582368?s=96&d=mm&r=g\",\"caption\":\"electriccartour\"},\"sameAs\":[\"http:\\\/\\\/electriccartour.com\",\"https:\\\/\\\/www.facebook.com\\\/Tourenvechiculoselectricos\\\/\",\"https:\\\/\\\/www.instagram.com\\\/electriccartour\\\/\",\"https:\\\/\\\/www.linkedin.com\\\/in\\\/gema-martnez-aa8ab2183\",\"https:\\\/\\\/x.com\\\/https:\\\/\\\/twitter.com\\\/electric_tour\",\"https:\\\/\\\/www.youtube.com\\\/channel\\\/UClzjmLNm6Auwdnix5FwnxXw\"],\"url\":\"https:\\\/\\\/electriccartour.com\\\/en\\\/author\\\/electriccartour\\\/\"}]}<\/script>\n<!-- \/ Yoast SEO plugin. -->","yoast_head_json":{"title":"Christmas in Malaga 2024: Complete Guide, best tours and events","description":"Discover Christmas in Malaga with its traditions and shows, and enjoy the Christmas lights in an electric car tour.","robots":{"index":"index","follow":"follow","max-snippet":"max-snippet:-1","max-image-preview":"max-image-preview:large","max-video-preview":"max-video-preview:-1"},"canonical":"https:\/\/electriccartour.com\/en\/%f0%9f%8e%84christmas-and-christmas-lights-in-malaga-2024-the-best-tours-and-events\/","og_locale":"en_US","og_type":"article","og_title":"Christmas in Malaga 2024: Complete Guide, best tours and events","og_description":"Discover Christmas in Malaga with its traditions and shows, and enjoy the Christmas lights in an electric car tour.","og_url":"https:\/\/electriccartour.com\/en\/%f0%9f%8e%84christmas-and-christmas-lights-in-malaga-2024-the-best-tours-and-events\/","og_site_name":"Tours en Coche El\u00e9ctrico en M\u00e1laga \u267b\ufe0f | Electric Car Tour","article_publisher":"https:\/\/www.facebook.com\/Tourenvechiculoselectricos\/","article_author":"https:\/\/www.facebook.com\/Tourenvechiculoselectricos\/","article_published_time":"2024-10-26T08:53:41+00:00","article_modified_time":"2024-12-30T20:43:28+00:00","og_image":[{"width":2560,"height":1707,"url":"https:\/\/i0.wp.com\/electriccartour.com\/wp-content\/uploads\/2024\/10\/alumbrado-calle-larios-navidad-2024-scaled.webp?fit=2560%2C1707&ssl=1","type":"image\/webp"}],"author":"electriccartour","twitter_card":"summary_large_image","twitter_creator":"@https:\/\/twitter.com\/electric_tour","twitter_site":"@electric_tour","twitter_misc":{"Written by":"electriccartour","Est. reading time":"7 minutes"},"schema":{"@context":"https:\/\/schema.org","@graph":[{"@type":"Article","@id":"https:\/\/electriccartour.com\/en\/%f0%9f%8e%84christmas-and-christmas-lights-in-malaga-2024-the-best-tours-and-events\/#article","isPartOf":{"@id":"https:\/\/electriccartour.com\/en\/%f0%9f%8e%84christmas-and-christmas-lights-in-malaga-2024-the-best-tours-and-events\/"},"author":{"name":"electriccartour","@id":"https:\/\/electriccartour.com\/en\/#\/schema\/person\/14020537da6216f7471b49e5e929cba1"},"headline":"Christmas in Malaga 2024: Complete Guide to Enjoying the Holidays","datePublished":"2024-10-26T08:53:41+00:00","dateModified":"2024-12-30T20:43:28+00:00","mainEntityOfPage":{"@id":"https:\/\/electriccartour.com\/en\/%f0%9f%8e%84christmas-and-christmas-lights-in-malaga-2024-the-best-tours-and-events\/"},"wordCount":1352,"publisher":{"@id":"https:\/\/electriccartour.com\/en\/#organization"},"image":{"@id":"https:\/\/electriccartour.com\/en\/%f0%9f%8e%84christmas-and-christmas-lights-in-malaga-2024-the-best-tours-and-events\/#primaryimage"},"thumbnailUrl":"https:\/\/i0.wp.com\/electriccartour.com\/wp-content\/uploads\/2024\/10\/alumbrado-calle-larios-navidad-2024-scaled.webp?fit=2560%2C1707&ssl=1","inLanguage":"en-US"},{"@type":"WebPage","@id":"https:\/\/electriccartour.com\/en\/%f0%9f%8e%84christmas-and-christmas-lights-in-malaga-2024-the-best-tours-and-events\/","url":"https:\/\/electriccartour.com\/en\/%f0%9f%8e%84christmas-and-christmas-lights-in-malaga-2024-the-best-tours-and-events\/","name":"Christmas in Malaga 2024: Complete Guide, best tours and events","isPartOf":{"@id":"https:\/\/electriccartour.com\/en\/#website"},"primaryImageOfPage":{"@id":"https:\/\/electriccartour.com\/en\/%f0%9f%8e%84christmas-and-christmas-lights-in-malaga-2024-the-best-tours-and-events\/#primaryimage"},"image":{"@id":"https:\/\/electriccartour.com\/en\/%f0%9f%8e%84christmas-and-christmas-lights-in-malaga-2024-the-best-tours-and-events\/#primaryimage"},"thumbnailUrl":"https:\/\/i0.wp.com\/electriccartour.com\/wp-content\/uploads\/2024\/10\/alumbrado-calle-larios-navidad-2024-scaled.webp?fit=2560%2C1707&ssl=1","datePublished":"2024-10-26T08:53:41+00:00","dateModified":"2024-12-30T20:43:28+00:00","description":"Discover Christmas in Malaga with its traditions and shows, and enjoy the Christmas lights in an electric car tour.","breadcrumb":{"@id":"https:\/\/electriccartour.com\/en\/%f0%9f%8e%84christmas-and-christmas-lights-in-malaga-2024-the-best-tours-and-events\/#breadcrumb"},"inLanguage":"en-US","potentialAction":[{"@type":"ReadAction","target":["https:\/\/electriccartour.com\/en\/%f0%9f%8e%84christmas-and-christmas-lights-in-malaga-2024-the-best-tours-and-events\/"]}]},{"@type":"ImageObject","inLanguage":"en-US","@id":"https:\/\/electriccartour.com\/en\/%f0%9f%8e%84christmas-and-christmas-lights-in-malaga-2024-the-best-tours-and-events\/#primaryimage","url":"https:\/\/i0.wp.com\/electriccartour.com\/wp-content\/uploads\/2024\/10\/alumbrado-calle-larios-navidad-2024-scaled.webp?fit=2560%2C1707&ssl=1","contentUrl":"https:\/\/i0.wp.com\/electriccartour.com\/wp-content\/uploads\/2024\/10\/alumbrado-calle-larios-navidad-2024-scaled.webp?fit=2560%2C1707&ssl=1","width":2560,"height":1707,"caption":"alumbrado de Navidad 2024 en calle Larios de M\u00e1laga"},{"@type":"BreadcrumbList","@id":"https:\/\/electriccartour.com\/en\/%f0%9f%8e%84christmas-and-christmas-lights-in-malaga-2024-the-best-tours-and-events\/#breadcrumb","itemListElement":[{"@type":"ListItem","position":1,"name":"Portada","item":"https:\/\/electriccartour.com\/en\/"},{"@type":"ListItem","position":2,"name":"Christmas in Malaga 2024: Complete Guide to Enjoying the Holidays"}]},{"@type":"WebSite","@id":"https:\/\/electriccartour.com\/en\/#website","url":"https:\/\/electriccartour.com\/en\/","name":"Tours en Coche El\u00e9ctrico en M\u00e1laga \u267b\ufe0f | Electric Car Tour","description":"Descubre M\u00e1laga de forma sostenible con Electric Car Tour. Disfruta de tours guiados en coche el\u00e9ctrico y explora los principales atractivos tur\u00edsticos de la ciudad.","publisher":{"@id":"https:\/\/electriccartour.com\/en\/#organization"},"alternateName":"Electric Car Tour - M\u00e1laga","potentialAction":[{"@type":"SearchAction","target":{"@type":"EntryPoint","urlTemplate":"https:\/\/electriccartour.com\/en\/?s={search_term_string}"},"query-input":{"@type":"PropertyValueSpecification","valueRequired":true,"valueName":"search_term_string"}}],"inLanguage":"en-US"},{"@type":"Organization","@id":"https:\/\/electriccartour.com\/en\/#organization","name":"Electric Car Tour","alternateName":"electriccartour","url":"https:\/\/electriccartour.com\/en\/","logo":{"@type":"ImageObject","inLanguage":"en-US","@id":"https:\/\/electriccartour.com\/en\/#\/schema\/logo\/image\/","url":"https:\/\/i0.wp.com\/electriccartour.com\/wp-content\/uploads\/2021\/12\/181002_ECT_Logo5389f3-1920w.png?fit=1920%2C462&ssl=1","contentUrl":"https:\/\/i0.wp.com\/electriccartour.com\/wp-content\/uploads\/2021\/12\/181002_ECT_Logo5389f3-1920w.png?fit=1920%2C462&ssl=1","width":1920,"height":462,"caption":"Electric Car Tour"},"image":{"@id":"https:\/\/electriccartour.com\/en\/#\/schema\/logo\/image\/"},"sameAs":["https:\/\/www.facebook.com\/Tourenvechiculoselectricos\/","https:\/\/x.com\/electric_tour","https:\/\/www.youtube.com\/channel\/UClzjmLNm6Auwdnix5FwnxXw","https:\/\/www.instagram.com\/electriccartour\/","https:\/\/tripadvisor.com\/Attraction_Review-g187438-d15198737-Reviews-Electric_Car_Tour-Malaga_Costa_del_Sol_Province_of_Malaga_Andalucia.html"]},{"@type":"Person","@id":"https:\/\/electriccartour.com\/en\/#\/schema\/person\/14020537da6216f7471b49e5e929cba1","name":"electriccartour","image":{"@type":"ImageObject","inLanguage":"en-US","@id":"https:\/\/secure.gravatar.com\/avatar\/fe8515b4ef6ae0fb0465b6ace38c4969d9b25f2d9a0c49eee2553face0582368?s=96&d=mm&r=g","url":"https:\/\/secure.gravatar.com\/avatar\/fe8515b4ef6ae0fb0465b6ace38c4969d9b25f2d9a0c49eee2553face0582368?s=96&d=mm&r=g","contentUrl":"https:\/\/secure.gravatar.com\/avatar\/fe8515b4ef6ae0fb0465b6ace38c4969d9b25f2d9a0c49eee2553face0582368?s=96&d=mm&r=g","caption":"electriccartour"},"sameAs":["http:\/\/electriccartour.com","https:\/\/www.facebook.com\/Tourenvechiculoselectricos\/","https:\/\/www.instagram.com\/electriccartour\/","https:\/\/www.linkedin.com\/in\/gema-martnez-aa8ab2183","https:\/\/x.com\/https:\/\/twitter.com\/electric_tour","https:\/\/www.youtube.com\/channel\/UClzjmLNm6Auwdnix5FwnxXw"],"url":"https:\/\/electriccartour.com\/en\/author\/electriccartour\/"}]}},"jetpack_featured_media_url":"https:\/\/i0.wp.com\/electriccartour.com\/wp-content\/uploads\/2024\/10\/alumbrado-calle-larios-navidad-2024-scaled.webp?fit=2560%2C1707&ssl=1","jetpack_sharing_enabled":true,"_links":{"self":[{"href":"https:\/\/electriccartour.com\/en\/wp-json\/wp\/v2\/posts\/11182","targetHints":{"allow":["GET"]}}],"collection":[{"href":"https:\/\/electriccartour.com\/en\/wp-json\/wp\/v2\/posts"}],"about":[{"href":"https:\/\/electriccartour.com\/en\/wp-json\/wp\/v2\/types\/post"}],"author":[{"embeddable":true,"href":"https:\/\/electriccartour.com\/en\/wp-json\/wp\/v2\/users\/1"}],"replies":[{"embeddable":true,"href":"https:\/\/electriccartour.com\/en\/wp-json\/wp\/v2\/comments?post=11182"}],"version-history":[{"count":0,"href":"https:\/\/electriccartour.com\/en\/wp-json\/wp\/v2\/posts\/11182\/revisions"}],"wp:featuredmedia":[{"embeddable":true,"href":"https:\/\/electriccartour.com\/en\/wp-json\/wp\/v2\/media\/11165"}],"wp:attachment":[{"href":"https:\/\/electriccartour.com\/en\/wp-json\/wp\/v2\/media?parent=11182"}],"wp:term":[{"taxonomy":"category","embeddable":true,"href":"https:\/\/electriccartour.com\/en\/wp-json\/wp\/v2\/categories?post=11182"},{"taxonomy":"post_tag","embeddable":true,"href":"https:\/\/electriccartour.com\/en\/wp-json\/wp\/v2\/tags?post=11182"}],"curies":[{"name":"wp","href":"https:\/\/api.w.org\/{rel}","templated":true}]}}