{"id":6466,"date":"2022-12-03T19:15:44","date_gmt":"2022-12-03T18:15:44","guid":{"rendered":"https:\/\/electriccartour.com\/v-tourism-hub-costa-del-sol-awards\/"},"modified":"2025-02-16T21:48:04","modified_gmt":"2025-02-16T20:48:04","slug":"v-tourism-hub-costa-del-sol-awards","status":"publish","type":"post","link":"https:\/\/electriccartour.com\/en\/v-tourism-hub-costa-del-sol-awards\/","title":{"rendered":"V Tourism Hub Costa del Sol Awards"},"content":{"rendered":"\t\t<div data-elementor-type=\"wp-post\" data-elementor-id=\"6466\" class=\"elementor elementor-6466 elementor-5807\" data-elementor-post-type=\"post\">\n\t\t\t\t\t\t<section class=\"elementor-section elementor-top-section elementor-element elementor-element-9f75375 elementor-section-boxed elementor-section-height-default elementor-section-height-default\" data-id=\"9f75375\" data-element_type=\"section\" data-e-type=\"section\">\n\t\t\t\t\t\t<div class=\"elementor-container elementor-column-gap-default\">\n\t\t\t\t\t<div class=\"elementor-column elementor-col-100 elementor-top-column elementor-element elementor-element-78a9ff5\" data-id=\"78a9ff5\" data-element_type=\"column\" data-e-type=\"column\">\n\t\t\t<div class=\"elementor-widget-wrap elementor-element-populated\">\n\t\t\t\t\t\t<div class=\"elementor-element elementor-element-fd2a9e3 elementor-widget elementor-widget-heading\" data-id=\"fd2a9e3\" data-element_type=\"widget\" data-e-type=\"widget\" data-widget_type=\"heading.default\">\n\t\t\t\t<div class=\"elementor-widget-container\">\n\t\t\t\t\t<h2 class=\"elementor-heading-title elementor-size-default\">Electric Car Tour receives the 2nd Prize in the 5th edition of the Tourism Hub Costa del Sol Awards.<\/h2>\t\t\t\t<\/div>\n\t\t\t\t<\/div>\n\t\t\t\t\t<\/div>\n\t\t<\/div>\n\t\t\t\t\t<\/div>\n\t\t<\/section>\n\t\t\t\t<section class=\"elementor-section elementor-top-section elementor-element elementor-element-659db7c elementor-section-boxed elementor-section-height-default elementor-section-height-default\" data-id=\"659db7c\" data-element_type=\"section\" data-e-type=\"section\">\n\t\t\t\t\t\t<div class=\"elementor-container elementor-column-gap-default\">\n\t\t\t\t\t<div class=\"elementor-column elementor-col-100 elementor-top-column elementor-element elementor-element-c24a665\" data-id=\"c24a665\" data-element_type=\"column\" data-e-type=\"column\">\n\t\t\t<div class=\"elementor-widget-wrap elementor-element-populated\">\n\t\t\t\t\t\t<div class=\"elementor-element elementor-element-b5c9542 elementor-widget elementor-widget-text-editor\" data-id=\"b5c9542\" data-element_type=\"widget\" data-e-type=\"widget\" data-widget_type=\"text-editor.default\">\n\t\t\t\t<div class=\"elementor-widget-container\">\n\t\t\t\t\t\t\t\t\t<div class=\"summary text-center\">Costa del Sol Tourism held the gala of the fifth edition of the Awards for Entrepreneurial Tourism Initiatives and the closing of the sixth edition of the Costa del Sol Tourism Hub, where it has demonstrated its &#8220;commitment to entrepreneurship and innovation,&#8221; as stated by the president of the Provincial Council of Malaga and Costa del Sol Tourism, Francisco Salado.<\/div>\n<div> <\/div>\n<div>Thus, in its six years of existence, this program has mentored 60 business projects, but there have been more than 200 requests, which is proof of the attractiveness of Malaga and the Costa del Sol to host innovative and disruptive projects.<\/div>\n<div> <\/div>\n<div>On this occasion, the projects recognized in the Awards for Entrepreneurial Tourism Initiatives were<strong> Aumentur, Electric Car Tour &amp; App Tour Malaga and Exity<\/strong>.<\/div>\n<div> <\/div>\n<div> <strong>Electric Car Tour &amp; App Tour<\/strong> <strong>Malaga<\/strong> is an active tourism company that offers guided tours and GPS audio guided tours in electric cars. Its main target are national and international travelers visiting the city, but also couples or groups who want to enjoy another experience and discover Malaga in a different and fun way.<\/div>\n<div class=\"article-media article-media-hero\">  (* Source: <a href=\"https:\/\/www.teleprensa.com\/articulo\/malaga\/turismo-costa-sol-entrega-v-premios-iniciativas-turisticas-emprendedoras\/202212021622521353745.html\"> TelePrensa.com ; <\/a> Complete news: <a href=\"https:\/\/www.europapress.es\/andalucia\/malaga-00356\/noticia-turismo-costa-sol-entrega-premios-iniciativas-turisticas-emprendedoras-20221202161452.html\">&#8220;Europa Press<\/a>&#8221; )<\/div>\n\t\t\t\t\t\t\t\t<\/div>\n\t\t\t\t<\/div>\n\t\t\t\t\t<\/div>\n\t\t<\/div>\n\t\t\t\t\t<\/div>\n\t\t<\/section>\n\t\t\t\t<section class=\"elementor-section elementor-top-section elementor-element elementor-element-c7438c7 elementor-section-boxed elementor-section-height-default elementor-section-height-default\" data-id=\"c7438c7\" data-element_type=\"section\" data-e-type=\"section\">\n\t\t\t\t\t\t<div class=\"elementor-container elementor-column-gap-default\">\n\t\t\t\t\t<div class=\"elementor-column elementor-col-100 elementor-top-column elementor-element elementor-element-d47cca9\" data-id=\"d47cca9\" data-element_type=\"column\" data-e-type=\"column\">\n\t\t\t<div class=\"elementor-widget-wrap elementor-element-populated\">\n\t\t\t\t\t\t<section class=\"elementor-section elementor-inner-section elementor-element elementor-element-1cde728 elementor-section-boxed elementor-section-height-default elementor-section-height-default\" data-id=\"1cde728\" data-element_type=\"section\" data-e-type=\"section\">\n\t\t\t\t\t\t<div class=\"elementor-container elementor-column-gap-default\">\n\t\t\t\t\t<div class=\"elementor-column elementor-col-50 elementor-inner-column elementor-element elementor-element-5a5440c\" data-id=\"5a5440c\" data-element_type=\"column\" data-e-type=\"column\">\n\t\t\t<div class=\"elementor-widget-wrap elementor-element-populated\">\n\t\t\t\t\t\t<div class=\"elementor-element elementor-element-44ea58a elementor-widget elementor-widget-image\" data-id=\"44ea58a\" data-element_type=\"widget\" data-e-type=\"widget\" data-widget_type=\"image.default\">\n\t\t\t\t<div class=\"elementor-widget-container\">\n\t\t\t\t\t\t\t\t\t\t\t\t\t\t\t<img fetchpriority=\"high\" decoding=\"async\" width=\"300\" height=\"225\" src=\"https:\/\/i0.wp.com\/electriccartour.com\/wp-content\/uploads\/2022\/12\/Gema-Y-Alejandro-Premios-Tourism-Hub.jpg?fit=300%2C225&amp;ssl=1\" class=\"attachment-medium size-medium wp-image-5821\" alt=\"Gema y Alejandro Premios Turism Hub Costa del Sol\" srcset=\"https:\/\/i0.wp.com\/electriccartour.com\/wp-content\/uploads\/2022\/12\/Gema-Y-Alejandro-Premios-Tourism-Hub.jpg?w=2048&amp;ssl=1 2048w, https:\/\/i0.wp.com\/electriccartour.com\/wp-content\/uploads\/2022\/12\/Gema-Y-Alejandro-Premios-Tourism-Hub.jpg?resize=300%2C225&amp;ssl=1 300w, https:\/\/i0.wp.com\/electriccartour.com\/wp-content\/uploads\/2022\/12\/Gema-Y-Alejandro-Premios-Tourism-Hub.jpg?resize=1024%2C768&amp;ssl=1 1024w, https:\/\/i0.wp.com\/electriccartour.com\/wp-content\/uploads\/2022\/12\/Gema-Y-Alejandro-Premios-Tourism-Hub.jpg?resize=768%2C576&amp;ssl=1 768w, https:\/\/i0.wp.com\/electriccartour.com\/wp-content\/uploads\/2022\/12\/Gema-Y-Alejandro-Premios-Tourism-Hub.jpg?resize=1536%2C1152&amp;ssl=1 1536w, https:\/\/i0.wp.com\/electriccartour.com\/wp-content\/uploads\/2022\/12\/Gema-Y-Alejandro-Premios-Tourism-Hub.jpg?resize=1568%2C1176&amp;ssl=1 1568w, https:\/\/i0.wp.com\/electriccartour.com\/wp-content\/uploads\/2022\/12\/Gema-Y-Alejandro-Premios-Tourism-Hub.jpg?resize=1320%2C990&amp;ssl=1 1320w, https:\/\/i0.wp.com\/electriccartour.com\/wp-content\/uploads\/2022\/12\/Gema-Y-Alejandro-Premios-Tourism-Hub.jpg?resize=450%2C338&amp;ssl=1 450w, https:\/\/i0.wp.com\/electriccartour.com\/wp-content\/uploads\/2022\/12\/Gema-Y-Alejandro-Premios-Tourism-Hub.jpg?w=1920&amp;ssl=1 1920w\" sizes=\"(max-width: 300px) 100vw, 300px\" \/>\t\t\t\t\t\t\t\t\t\t\t\t\t\t\t<\/div>\n\t\t\t\t<\/div>\n\t\t\t\t\t<\/div>\n\t\t<\/div>\n\t\t\t\t<div class=\"elementor-column elementor-col-50 elementor-inner-column elementor-element elementor-element-9eb073b\" data-id=\"9eb073b\" data-element_type=\"column\" data-e-type=\"column\">\n\t\t\t<div class=\"elementor-widget-wrap elementor-element-populated\">\n\t\t\t\t\t\t<div class=\"elementor-element elementor-element-459c0dc elementor-widget elementor-widget-video\" data-id=\"459c0dc\" data-element_type=\"widget\" data-e-type=\"widget\" data-settings=\"{&quot;youtube_url&quot;:&quot;https:\\\/\\\/youtu.be\\\/5SfwHCdmi9A&quot;,&quot;video_type&quot;:&quot;youtube&quot;,&quot;controls&quot;:&quot;yes&quot;}\" data-widget_type=\"video.default\">\n\t\t\t\t<div class=\"elementor-widget-container\">\n\t\t\t\t\t\t\t<div class=\"elementor-wrapper elementor-open-inline\">\n\t\t\t<div class=\"elementor-video\"><\/div>\t\t<\/div>\n\t\t\t\t\t\t<\/div>\n\t\t\t\t<\/div>\n\t\t\t\t\t<\/div>\n\t\t<\/div>\n\t\t\t\t\t<\/div>\n\t\t<\/section>\n\t\t\t\t\t<\/div>\n\t\t<\/div>\n\t\t\t\t\t<\/div>\n\t\t<\/section>\n\t\t\t\t<section class=\"elementor-section elementor-top-section elementor-element elementor-element-0b791b1 elementor-section-boxed elementor-section-height-default elementor-section-height-default\" data-id=\"0b791b1\" data-element_type=\"section\" data-e-type=\"section\">\n\t\t\t\t\t\t<div class=\"elementor-container elementor-column-gap-default\">\n\t\t\t\t\t<div class=\"elementor-column elementor-col-100 elementor-top-column elementor-element elementor-element-a9a080a\" data-id=\"a9a080a\" data-element_type=\"column\" data-e-type=\"column\">\n\t\t\t<div class=\"elementor-widget-wrap elementor-element-populated\">\n\t\t\t\t\t\t<div class=\"elementor-element elementor-element-7ec233b elementor-widget elementor-widget-text-editor\" data-id=\"7ec233b\" data-element_type=\"widget\" data-e-type=\"widget\" data-widget_type=\"text-editor.default\">\n\t\t\t\t<div class=\"elementor-widget-container\">\n\t\t\t\t\t\t\t\t\t<p>We are very proud to receive this award and recognition from Turismo Costa del Sol. It is an honor to recognize the work done during these 4 years of project in which we are giving all the best of us for and for Malaga, and that our travelers take away from their stay the best essence of our beloved city.  <\/p>\n<p>I want to mention <strong>our local guide &#8220;Mario Hernandez&#8221;<\/strong> because he is also part of this award, and of the work we do every day in our tours.  <\/p>\n<p>We would like to thank <strong>Turismo Costa del Sol <\/strong>for the opportunity to participate in these V Awards, for all the work learned during these 4 months of mentoring and the visibility that Tourism Hub has given us. Also a special mention to <strong>Antonio Cordero<\/strong> from the Tourism Hub team, for the treatment and affection he has given us during this time, THANK YOU FROM THE HEART!<\/p>\n<p><i>&#8220;101 tv interview for the Tourism Hub Awards:&#8221;<\/i><\/p>\n<p><i> <\/i><\/p><\/p>\n\t\t\t\t\t\t\t\t<\/div>\n\t\t\t\t<\/div>\n\t\t\t\t<div class=\"elementor-element elementor-element-d3c9b78 elementor-widget elementor-widget-video\" data-id=\"d3c9b78\" data-element_type=\"widget\" data-e-type=\"widget\" data-settings=\"{&quot;youtube_url&quot;:&quot;https:\\\/\\\/youtu.be\\\/n3cQXp38BsY&quot;,&quot;video_type&quot;:&quot;youtube&quot;,&quot;controls&quot;:&quot;yes&quot;}\" data-widget_type=\"video.default\">\n\t\t\t\t<div class=\"elementor-widget-container\">\n\t\t\t\t\t\t\t<div class=\"elementor-wrapper elementor-open-inline\">\n\t\t\t<div class=\"elementor-video\"><\/div>\t\t<\/div>\n\t\t\t\t\t\t<\/div>\n\t\t\t\t<\/div>\n\t\t\t\t\t<\/div>\n\t\t<\/div>\n\t\t\t\t\t<\/div>\n\t\t<\/section>\n\t\t\t\t<section class=\"elementor-section elementor-top-section elementor-element elementor-element-5de5fc8 elementor-section-boxed elementor-section-height-default elementor-section-height-default\" data-id=\"5de5fc8\" data-element_type=\"section\" data-e-type=\"section\">\n\t\t\t\t\t\t<div class=\"elementor-container elementor-column-gap-default\">\n\t\t\t\t\t<div class=\"elementor-column elementor-col-100 elementor-top-column elementor-element elementor-element-76ad8df\" data-id=\"76ad8df\" data-element_type=\"column\" data-e-type=\"column\">\n\t\t\t<div class=\"elementor-widget-wrap elementor-element-populated\">\n\t\t\t\t\t\t<div class=\"elementor-element elementor-element-257073d elementor-align-center elementor-widget elementor-widget-button\" data-id=\"257073d\" data-element_type=\"widget\" data-e-type=\"widget\" data-widget_type=\"button.default\">\n\t\t\t\t<div class=\"elementor-widget-container\">\n\t\t\t\t\t\t\t\t\t<div class=\"elementor-button-wrapper\">\n\t\t\t\t\t<a class=\"elementor-button elementor-button-link elementor-size-sm\" href=\"https:\/\/electriccartour.com\/en\/malaga-tours\/\">\n\t\t\t\t\t\t<span class=\"elementor-button-content-wrapper\">\n\t\t\t\t\t\t\t\t\t<span class=\"elementor-button-text\">Explore Malaga with our electric car tours<\/span>\n\t\t\t\t\t<\/span>\n\t\t\t\t\t<\/a>\n\t\t\t\t<\/div>\n\t\t\t\t\t\t\t\t<\/div>\n\t\t\t\t<\/div>\n\t\t\t\t\t<\/div>\n\t\t<\/div>\n\t\t\t\t\t<\/div>\n\t\t<\/section>\n\t\t\t\t<\/div>\n\t\t","protected":false},"excerpt":{"rendered":"<p>Electric Car Tour receives the 2nd Prize in the 5th edition of the Tourism Hub Costa del Sol Awards. Costa del Sol Tourism held the gala of the fifth edition of the Awards for Entrepreneurial Tourism Initiatives and the closing of the sixth edition of the Costa del Sol Tourism Hub, where it has demonstrated &hellip; <\/p>\n<p class=\"link-more\"><a href=\"https:\/\/electriccartour.com\/en\/v-tourism-hub-costa-del-sol-awards\/\" class=\"more-link\">Continue reading<span class=\"screen-reader-text\"> &#8220;V Tourism Hub Costa del Sol Awards&#8221;<\/span><\/a><\/p>\n","protected":false},"author":1,"featured_media":5816,"comment_status":"closed","ping_status":"closed","sticky":false,"template":"","format":"standard","meta":{"_jetpack_memberships_contains_paid_content":false,"_joinchat":[],"footnotes":""},"categories":[32],"tags":[],"class_list":["post-6466","post","type-post","status-publish","format-standard","has-post-thumbnail","hentry","category-uncategorized","entry"],"yoast_head":"<!-- This site is optimized with the Yoast SEO plugin v27.5 - https:\/\/yoast.com\/product\/yoast-seo-wordpress\/ -->\n<title>V Tourism Hub Costa del Sol Tourism Awards: we took the 2nd prize!<\/title>\n<meta name=\"description\" content=\"We tell you how was the delivery of the V Tourism Hub Costa del Sol Awards where we were honored to receive the second prize.\" \/>\n<meta name=\"robots\" content=\"index, follow, max-snippet:-1, max-image-preview:large, max-video-preview:-1\" \/>\n<link rel=\"canonical\" href=\"https:\/\/electriccartour.com\/en\/v-tourism-hub-costa-del-sol-awards\/\" \/>\n<meta property=\"og:locale\" content=\"en_US\" \/>\n<meta property=\"og:type\" content=\"article\" \/>\n<meta property=\"og:title\" content=\"V Tourism Hub Costa del Sol Tourism Awards: we took the 2nd prize!\" \/>\n<meta property=\"og:description\" content=\"We tell you how was the delivery of the V Tourism Hub Costa del Sol Awards where we were honored to receive the second prize.\" \/>\n<meta property=\"og:url\" content=\"https:\/\/electriccartour.com\/en\/v-tourism-hub-costa-del-sol-awards\/\" \/>\n<meta property=\"og:site_name\" content=\"Tours en Coche El\u00e9ctrico en M\u00e1laga \u267b\ufe0f | Electric Car Tour\" \/>\n<meta property=\"article:publisher\" content=\"https:\/\/www.facebook.com\/Tourenvechiculoselectricos\/\" \/>\n<meta property=\"article:author\" content=\"https:\/\/www.facebook.com\/Tourenvechiculoselectricos\/\" \/>\n<meta property=\"article:published_time\" content=\"2022-12-03T18:15:44+00:00\" \/>\n<meta property=\"article:modified_time\" content=\"2025-02-16T20:48:04+00:00\" \/>\n<meta property=\"og:image\" content=\"https:\/\/i0.wp.com\/electriccartour.com\/wp-content\/uploads\/2022\/12\/Ami-y-Premios-Tourism-Hub.jpg?fit=2048%2C1536&ssl=1\" \/>\n\t<meta property=\"og:image:width\" content=\"2048\" \/>\n\t<meta property=\"og:image:height\" content=\"1536\" \/>\n\t<meta property=\"og:image:type\" content=\"image\/jpeg\" \/>\n<meta name=\"author\" content=\"electriccartour\" \/>\n<meta name=\"twitter:card\" content=\"summary_large_image\" \/>\n<meta name=\"twitter:creator\" content=\"@https:\/\/twitter.com\/electric_tour\" \/>\n<meta name=\"twitter:site\" content=\"@electric_tour\" \/>\n<meta name=\"twitter:label1\" content=\"Written by\" \/>\n\t<meta name=\"twitter:data1\" content=\"electriccartour\" \/>\n\t<meta name=\"twitter:label2\" content=\"Est. reading time\" \/>\n\t<meta name=\"twitter:data2\" content=\"2 minutes\" \/>\n<script type=\"application\/ld+json\" class=\"yoast-schema-graph\">{\"@context\":\"https:\\\/\\\/schema.org\",\"@graph\":[{\"@type\":\"Article\",\"@id\":\"https:\\\/\\\/electriccartour.com\\\/en\\\/v-tourism-hub-costa-del-sol-awards\\\/#article\",\"isPartOf\":{\"@id\":\"https:\\\/\\\/electriccartour.com\\\/en\\\/v-tourism-hub-costa-del-sol-awards\\\/\"},\"author\":{\"name\":\"electriccartour\",\"@id\":\"https:\\\/\\\/electriccartour.com\\\/en\\\/#\\\/schema\\\/person\\\/14020537da6216f7471b49e5e929cba1\"},\"headline\":\"V Tourism Hub Costa del Sol Awards\",\"datePublished\":\"2022-12-03T18:15:44+00:00\",\"dateModified\":\"2025-02-16T20:48:04+00:00\",\"mainEntityOfPage\":{\"@id\":\"https:\\\/\\\/electriccartour.com\\\/en\\\/v-tourism-hub-costa-del-sol-awards\\\/\"},\"wordCount\":388,\"publisher\":{\"@id\":\"https:\\\/\\\/electriccartour.com\\\/en\\\/#organization\"},\"image\":{\"@id\":\"https:\\\/\\\/electriccartour.com\\\/en\\\/v-tourism-hub-costa-del-sol-awards\\\/#primaryimage\"},\"thumbnailUrl\":\"https:\\\/\\\/i0.wp.com\\\/electriccartour.com\\\/wp-content\\\/uploads\\\/2022\\\/12\\\/Ami-y-Premios-Tourism-Hub.jpg?fit=2048%2C1536&ssl=1\",\"inLanguage\":\"en-US\"},{\"@type\":\"WebPage\",\"@id\":\"https:\\\/\\\/electriccartour.com\\\/en\\\/v-tourism-hub-costa-del-sol-awards\\\/\",\"url\":\"https:\\\/\\\/electriccartour.com\\\/en\\\/v-tourism-hub-costa-del-sol-awards\\\/\",\"name\":\"V Tourism Hub Costa del Sol Tourism Awards: we took the 2nd prize!\",\"isPartOf\":{\"@id\":\"https:\\\/\\\/electriccartour.com\\\/en\\\/#website\"},\"primaryImageOfPage\":{\"@id\":\"https:\\\/\\\/electriccartour.com\\\/en\\\/v-tourism-hub-costa-del-sol-awards\\\/#primaryimage\"},\"image\":{\"@id\":\"https:\\\/\\\/electriccartour.com\\\/en\\\/v-tourism-hub-costa-del-sol-awards\\\/#primaryimage\"},\"thumbnailUrl\":\"https:\\\/\\\/i0.wp.com\\\/electriccartour.com\\\/wp-content\\\/uploads\\\/2022\\\/12\\\/Ami-y-Premios-Tourism-Hub.jpg?fit=2048%2C1536&ssl=1\",\"datePublished\":\"2022-12-03T18:15:44+00:00\",\"dateModified\":\"2025-02-16T20:48:04+00:00\",\"description\":\"We tell you how was the delivery of the V Tourism Hub Costa del Sol Awards where we were honored to receive the second prize.\",\"breadcrumb\":{\"@id\":\"https:\\\/\\\/electriccartour.com\\\/en\\\/v-tourism-hub-costa-del-sol-awards\\\/#breadcrumb\"},\"inLanguage\":\"en-US\",\"potentialAction\":[{\"@type\":\"ReadAction\",\"target\":[\"https:\\\/\\\/electriccartour.com\\\/en\\\/v-tourism-hub-costa-del-sol-awards\\\/\"]}]},{\"@type\":\"ImageObject\",\"inLanguage\":\"en-US\",\"@id\":\"https:\\\/\\\/electriccartour.com\\\/en\\\/v-tourism-hub-costa-del-sol-awards\\\/#primaryimage\",\"url\":\"https:\\\/\\\/i0.wp.com\\\/electriccartour.com\\\/wp-content\\\/uploads\\\/2022\\\/12\\\/Ami-y-Premios-Tourism-Hub.jpg?fit=2048%2C1536&ssl=1\",\"contentUrl\":\"https:\\\/\\\/i0.wp.com\\\/electriccartour.com\\\/wp-content\\\/uploads\\\/2022\\\/12\\\/Ami-y-Premios-Tourism-Hub.jpg?fit=2048%2C1536&ssl=1\",\"width\":2048,\"height\":1536,\"caption\":\"Electric Car Tour y V Premios Tourism Hub Costa del Sol\"},{\"@type\":\"BreadcrumbList\",\"@id\":\"https:\\\/\\\/electriccartour.com\\\/en\\\/v-tourism-hub-costa-del-sol-awards\\\/#breadcrumb\",\"itemListElement\":[{\"@type\":\"ListItem\",\"position\":1,\"name\":\"Portada\",\"item\":\"https:\\\/\\\/electriccartour.com\\\/en\\\/\"},{\"@type\":\"ListItem\",\"position\":2,\"name\":\"V Tourism Hub Costa del Sol Awards\"}]},{\"@type\":\"WebSite\",\"@id\":\"https:\\\/\\\/electriccartour.com\\\/en\\\/#website\",\"url\":\"https:\\\/\\\/electriccartour.com\\\/en\\\/\",\"name\":\"Tours en Coche El\u00e9ctrico en M\u00e1laga \u267b\ufe0f | Electric Car Tour\",\"description\":\"Descubre M\u00e1laga de forma sostenible con Electric Car Tour. Disfruta de tours guiados en coche el\u00e9ctrico y explora los principales atractivos tur\u00edsticos de la ciudad.\",\"publisher\":{\"@id\":\"https:\\\/\\\/electriccartour.com\\\/en\\\/#organization\"},\"alternateName\":\"Electric Car Tour - M\u00e1laga\",\"potentialAction\":[{\"@type\":\"SearchAction\",\"target\":{\"@type\":\"EntryPoint\",\"urlTemplate\":\"https:\\\/\\\/electriccartour.com\\\/en\\\/?s={search_term_string}\"},\"query-input\":{\"@type\":\"PropertyValueSpecification\",\"valueRequired\":true,\"valueName\":\"search_term_string\"}}],\"inLanguage\":\"en-US\"},{\"@type\":\"Organization\",\"@id\":\"https:\\\/\\\/electriccartour.com\\\/en\\\/#organization\",\"name\":\"Electric Car Tour\",\"alternateName\":\"electriccartour\",\"url\":\"https:\\\/\\\/electriccartour.com\\\/en\\\/\",\"logo\":{\"@type\":\"ImageObject\",\"inLanguage\":\"en-US\",\"@id\":\"https:\\\/\\\/electriccartour.com\\\/en\\\/#\\\/schema\\\/logo\\\/image\\\/\",\"url\":\"https:\\\/\\\/i0.wp.com\\\/electriccartour.com\\\/wp-content\\\/uploads\\\/2021\\\/12\\\/181002_ECT_Logo5389f3-1920w.png?fit=1920%2C462&ssl=1\",\"contentUrl\":\"https:\\\/\\\/i0.wp.com\\\/electriccartour.com\\\/wp-content\\\/uploads\\\/2021\\\/12\\\/181002_ECT_Logo5389f3-1920w.png?fit=1920%2C462&ssl=1\",\"width\":1920,\"height\":462,\"caption\":\"Electric Car Tour\"},\"image\":{\"@id\":\"https:\\\/\\\/electriccartour.com\\\/en\\\/#\\\/schema\\\/logo\\\/image\\\/\"},\"sameAs\":[\"https:\\\/\\\/www.facebook.com\\\/Tourenvechiculoselectricos\\\/\",\"https:\\\/\\\/x.com\\\/electric_tour\",\"https:\\\/\\\/www.youtube.com\\\/channel\\\/UClzjmLNm6Auwdnix5FwnxXw\",\"https:\\\/\\\/www.instagram.com\\\/electriccartour\\\/\",\"https:\\\/\\\/tripadvisor.com\\\/Attraction_Review-g187438-d15198737-Reviews-Electric_Car_Tour-Malaga_Costa_del_Sol_Province_of_Malaga_Andalucia.html\"]},{\"@type\":\"Person\",\"@id\":\"https:\\\/\\\/electriccartour.com\\\/en\\\/#\\\/schema\\\/person\\\/14020537da6216f7471b49e5e929cba1\",\"name\":\"electriccartour\",\"image\":{\"@type\":\"ImageObject\",\"inLanguage\":\"en-US\",\"@id\":\"https:\\\/\\\/secure.gravatar.com\\\/avatar\\\/fe8515b4ef6ae0fb0465b6ace38c4969d9b25f2d9a0c49eee2553face0582368?s=96&d=mm&r=g\",\"url\":\"https:\\\/\\\/secure.gravatar.com\\\/avatar\\\/fe8515b4ef6ae0fb0465b6ace38c4969d9b25f2d9a0c49eee2553face0582368?s=96&d=mm&r=g\",\"contentUrl\":\"https:\\\/\\\/secure.gravatar.com\\\/avatar\\\/fe8515b4ef6ae0fb0465b6ace38c4969d9b25f2d9a0c49eee2553face0582368?s=96&d=mm&r=g\",\"caption\":\"electriccartour\"},\"sameAs\":[\"http:\\\/\\\/electriccartour.com\",\"https:\\\/\\\/www.facebook.com\\\/Tourenvechiculoselectricos\\\/\",\"https:\\\/\\\/www.instagram.com\\\/electriccartour\\\/\",\"https:\\\/\\\/www.linkedin.com\\\/in\\\/gema-martnez-aa8ab2183\",\"https:\\\/\\\/x.com\\\/https:\\\/\\\/twitter.com\\\/electric_tour\",\"https:\\\/\\\/www.youtube.com\\\/channel\\\/UClzjmLNm6Auwdnix5FwnxXw\"],\"url\":\"https:\\\/\\\/electriccartour.com\\\/en\\\/author\\\/electriccartour\\\/\"}]}<\/script>\n<!-- \/ Yoast SEO plugin. -->","yoast_head_json":{"title":"V Tourism Hub Costa del Sol Tourism Awards: we took the 2nd prize!","description":"We tell you how was the delivery of the V Tourism Hub Costa del Sol Awards where we were honored to receive the second prize.","robots":{"index":"index","follow":"follow","max-snippet":"max-snippet:-1","max-image-preview":"max-image-preview:large","max-video-preview":"max-video-preview:-1"},"canonical":"https:\/\/electriccartour.com\/en\/v-tourism-hub-costa-del-sol-awards\/","og_locale":"en_US","og_type":"article","og_title":"V Tourism Hub Costa del Sol Tourism Awards: we took the 2nd prize!","og_description":"We tell you how was the delivery of the V Tourism Hub Costa del Sol Awards where we were honored to receive the second prize.","og_url":"https:\/\/electriccartour.com\/en\/v-tourism-hub-costa-del-sol-awards\/","og_site_name":"Tours en Coche El\u00e9ctrico en M\u00e1laga \u267b\ufe0f | Electric Car Tour","article_publisher":"https:\/\/www.facebook.com\/Tourenvechiculoselectricos\/","article_author":"https:\/\/www.facebook.com\/Tourenvechiculoselectricos\/","article_published_time":"2022-12-03T18:15:44+00:00","article_modified_time":"2025-02-16T20:48:04+00:00","og_image":[{"width":2048,"height":1536,"url":"https:\/\/i0.wp.com\/electriccartour.com\/wp-content\/uploads\/2022\/12\/Ami-y-Premios-Tourism-Hub.jpg?fit=2048%2C1536&ssl=1","type":"image\/jpeg"}],"author":"electriccartour","twitter_card":"summary_large_image","twitter_creator":"@https:\/\/twitter.com\/electric_tour","twitter_site":"@electric_tour","twitter_misc":{"Written by":"electriccartour","Est. reading time":"2 minutes"},"schema":{"@context":"https:\/\/schema.org","@graph":[{"@type":"Article","@id":"https:\/\/electriccartour.com\/en\/v-tourism-hub-costa-del-sol-awards\/#article","isPartOf":{"@id":"https:\/\/electriccartour.com\/en\/v-tourism-hub-costa-del-sol-awards\/"},"author":{"name":"electriccartour","@id":"https:\/\/electriccartour.com\/en\/#\/schema\/person\/14020537da6216f7471b49e5e929cba1"},"headline":"V Tourism Hub Costa del Sol Awards","datePublished":"2022-12-03T18:15:44+00:00","dateModified":"2025-02-16T20:48:04+00:00","mainEntityOfPage":{"@id":"https:\/\/electriccartour.com\/en\/v-tourism-hub-costa-del-sol-awards\/"},"wordCount":388,"publisher":{"@id":"https:\/\/electriccartour.com\/en\/#organization"},"image":{"@id":"https:\/\/electriccartour.com\/en\/v-tourism-hub-costa-del-sol-awards\/#primaryimage"},"thumbnailUrl":"https:\/\/i0.wp.com\/electriccartour.com\/wp-content\/uploads\/2022\/12\/Ami-y-Premios-Tourism-Hub.jpg?fit=2048%2C1536&ssl=1","inLanguage":"en-US"},{"@type":"WebPage","@id":"https:\/\/electriccartour.com\/en\/v-tourism-hub-costa-del-sol-awards\/","url":"https:\/\/electriccartour.com\/en\/v-tourism-hub-costa-del-sol-awards\/","name":"V Tourism Hub Costa del Sol Tourism Awards: we took the 2nd prize!","isPartOf":{"@id":"https:\/\/electriccartour.com\/en\/#website"},"primaryImageOfPage":{"@id":"https:\/\/electriccartour.com\/en\/v-tourism-hub-costa-del-sol-awards\/#primaryimage"},"image":{"@id":"https:\/\/electriccartour.com\/en\/v-tourism-hub-costa-del-sol-awards\/#primaryimage"},"thumbnailUrl":"https:\/\/i0.wp.com\/electriccartour.com\/wp-content\/uploads\/2022\/12\/Ami-y-Premios-Tourism-Hub.jpg?fit=2048%2C1536&ssl=1","datePublished":"2022-12-03T18:15:44+00:00","dateModified":"2025-02-16T20:48:04+00:00","description":"We tell you how was the delivery of the V Tourism Hub Costa del Sol Awards where we were honored to receive the second prize.","breadcrumb":{"@id":"https:\/\/electriccartour.com\/en\/v-tourism-hub-costa-del-sol-awards\/#breadcrumb"},"inLanguage":"en-US","potentialAction":[{"@type":"ReadAction","target":["https:\/\/electriccartour.com\/en\/v-tourism-hub-costa-del-sol-awards\/"]}]},{"@type":"ImageObject","inLanguage":"en-US","@id":"https:\/\/electriccartour.com\/en\/v-tourism-hub-costa-del-sol-awards\/#primaryimage","url":"https:\/\/i0.wp.com\/electriccartour.com\/wp-content\/uploads\/2022\/12\/Ami-y-Premios-Tourism-Hub.jpg?fit=2048%2C1536&ssl=1","contentUrl":"https:\/\/i0.wp.com\/electriccartour.com\/wp-content\/uploads\/2022\/12\/Ami-y-Premios-Tourism-Hub.jpg?fit=2048%2C1536&ssl=1","width":2048,"height":1536,"caption":"Electric Car Tour y V Premios Tourism Hub Costa del Sol"},{"@type":"BreadcrumbList","@id":"https:\/\/electriccartour.com\/en\/v-tourism-hub-costa-del-sol-awards\/#breadcrumb","itemListElement":[{"@type":"ListItem","position":1,"name":"Portada","item":"https:\/\/electriccartour.com\/en\/"},{"@type":"ListItem","position":2,"name":"V Tourism Hub Costa del Sol Awards"}]},{"@type":"WebSite","@id":"https:\/\/electriccartour.com\/en\/#website","url":"https:\/\/electriccartour.com\/en\/","name":"Tours en Coche El\u00e9ctrico en M\u00e1laga \u267b\ufe0f | Electric Car Tour","description":"Descubre M\u00e1laga de forma sostenible con Electric Car Tour. Disfruta de tours guiados en coche el\u00e9ctrico y explora los principales atractivos tur\u00edsticos de la ciudad.","publisher":{"@id":"https:\/\/electriccartour.com\/en\/#organization"},"alternateName":"Electric Car Tour - M\u00e1laga","potentialAction":[{"@type":"SearchAction","target":{"@type":"EntryPoint","urlTemplate":"https:\/\/electriccartour.com\/en\/?s={search_term_string}"},"query-input":{"@type":"PropertyValueSpecification","valueRequired":true,"valueName":"search_term_string"}}],"inLanguage":"en-US"},{"@type":"Organization","@id":"https:\/\/electriccartour.com\/en\/#organization","name":"Electric Car Tour","alternateName":"electriccartour","url":"https:\/\/electriccartour.com\/en\/","logo":{"@type":"ImageObject","inLanguage":"en-US","@id":"https:\/\/electriccartour.com\/en\/#\/schema\/logo\/image\/","url":"https:\/\/i0.wp.com\/electriccartour.com\/wp-content\/uploads\/2021\/12\/181002_ECT_Logo5389f3-1920w.png?fit=1920%2C462&ssl=1","contentUrl":"https:\/\/i0.wp.com\/electriccartour.com\/wp-content\/uploads\/2021\/12\/181002_ECT_Logo5389f3-1920w.png?fit=1920%2C462&ssl=1","width":1920,"height":462,"caption":"Electric Car Tour"},"image":{"@id":"https:\/\/electriccartour.com\/en\/#\/schema\/logo\/image\/"},"sameAs":["https:\/\/www.facebook.com\/Tourenvechiculoselectricos\/","https:\/\/x.com\/electric_tour","https:\/\/www.youtube.com\/channel\/UClzjmLNm6Auwdnix5FwnxXw","https:\/\/www.instagram.com\/electriccartour\/","https:\/\/tripadvisor.com\/Attraction_Review-g187438-d15198737-Reviews-Electric_Car_Tour-Malaga_Costa_del_Sol_Province_of_Malaga_Andalucia.html"]},{"@type":"Person","@id":"https:\/\/electriccartour.com\/en\/#\/schema\/person\/14020537da6216f7471b49e5e929cba1","name":"electriccartour","image":{"@type":"ImageObject","inLanguage":"en-US","@id":"https:\/\/secure.gravatar.com\/avatar\/fe8515b4ef6ae0fb0465b6ace38c4969d9b25f2d9a0c49eee2553face0582368?s=96&d=mm&r=g","url":"https:\/\/secure.gravatar.com\/avatar\/fe8515b4ef6ae0fb0465b6ace38c4969d9b25f2d9a0c49eee2553face0582368?s=96&d=mm&r=g","contentUrl":"https:\/\/secure.gravatar.com\/avatar\/fe8515b4ef6ae0fb0465b6ace38c4969d9b25f2d9a0c49eee2553face0582368?s=96&d=mm&r=g","caption":"electriccartour"},"sameAs":["http:\/\/electriccartour.com","https:\/\/www.facebook.com\/Tourenvechiculoselectricos\/","https:\/\/www.instagram.com\/electriccartour\/","https:\/\/www.linkedin.com\/in\/gema-martnez-aa8ab2183","https:\/\/x.com\/https:\/\/twitter.com\/electric_tour","https:\/\/www.youtube.com\/channel\/UClzjmLNm6Auwdnix5FwnxXw"],"url":"https:\/\/electriccartour.com\/en\/author\/electriccartour\/"}]}},"jetpack_featured_media_url":"https:\/\/i0.wp.com\/electriccartour.com\/wp-content\/uploads\/2022\/12\/Ami-y-Premios-Tourism-Hub.jpg?fit=2048%2C1536&ssl=1","jetpack_sharing_enabled":true,"_links":{"self":[{"href":"https:\/\/electriccartour.com\/en\/wp-json\/wp\/v2\/posts\/6466","targetHints":{"allow":["GET"]}}],"collection":[{"href":"https:\/\/electriccartour.com\/en\/wp-json\/wp\/v2\/posts"}],"about":[{"href":"https:\/\/electriccartour.com\/en\/wp-json\/wp\/v2\/types\/post"}],"author":[{"embeddable":true,"href":"https:\/\/electriccartour.com\/en\/wp-json\/wp\/v2\/users\/1"}],"replies":[{"embeddable":true,"href":"https:\/\/electriccartour.com\/en\/wp-json\/wp\/v2\/comments?post=6466"}],"version-history":[{"count":0,"href":"https:\/\/electriccartour.com\/en\/wp-json\/wp\/v2\/posts\/6466\/revisions"}],"wp:featuredmedia":[{"embeddable":true,"href":"https:\/\/electriccartour.com\/en\/wp-json\/wp\/v2\/media\/5816"}],"wp:attachment":[{"href":"https:\/\/electriccartour.com\/en\/wp-json\/wp\/v2\/media?parent=6466"}],"wp:term":[{"taxonomy":"category","embeddable":true,"href":"https:\/\/electriccartour.com\/en\/wp-json\/wp\/v2\/categories?post=6466"},{"taxonomy":"post_tag","embeddable":true,"href":"https:\/\/electriccartour.com\/en\/wp-json\/wp\/v2\/tags?post=6466"}],"curies":[{"name":"wp","href":"https:\/\/api.w.org\/{rel}","templated":true}]}}