{"id":6472,"date":"2022-07-13T18:07:05","date_gmt":"2022-07-13T17:07:05","guid":{"rendered":"https:\/\/electriccartour.com\/andalusia-will-return-malaga-will-return\/"},"modified":"2025-02-16T21:52:06","modified_gmt":"2025-02-16T20:52:06","slug":"andalusia-will-return-malaga-will-return","status":"publish","type":"post","link":"https:\/\/electriccartour.com\/en\/andalusia-will-return-malaga-will-return\/","title":{"rendered":"Andalusia will return, Malaga will return."},"content":{"rendered":"\t\t<div data-elementor-type=\"wp-post\" data-elementor-id=\"6472\" class=\"elementor elementor-6472 elementor-4551\" data-elementor-post-type=\"post\">\n\t\t\t\t\t\t<section class=\"elementor-section elementor-top-section elementor-element elementor-element-ccea1ba elementor-section-boxed elementor-section-height-default elementor-section-height-default\" data-id=\"ccea1ba\" data-element_type=\"section\" data-e-type=\"section\">\n\t\t\t\t\t\t<div class=\"elementor-container elementor-column-gap-default\">\n\t\t\t\t\t<div class=\"elementor-column elementor-col-100 elementor-top-column elementor-element elementor-element-0b0f633\" data-id=\"0b0f633\" data-element_type=\"column\" data-e-type=\"column\">\n\t\t\t<div class=\"elementor-widget-wrap elementor-element-populated\">\n\t\t\t\t\t\t<div class=\"elementor-element elementor-element-40c8c50 elementor-widget elementor-widget-heading\" data-id=\"40c8c50\" data-element_type=\"widget\" data-e-type=\"widget\" data-widget_type=\"heading.default\">\n\t\t\t\t<div class=\"elementor-widget-container\">\n\t\t\t\t\t<h2 class=\"elementor-heading-title elementor-size-default\">Walking down the street I saw you...I saw you, I fell in love...with you.  <\/h2>\t\t\t\t<\/div>\n\t\t\t\t<\/div>\n\t\t\t\t\t<\/div>\n\t\t<\/div>\n\t\t\t\t\t<\/div>\n\t\t<\/section>\n\t\t\t\t<section class=\"elementor-section elementor-top-section elementor-element elementor-element-2e6b66a elementor-section-boxed elementor-section-height-default elementor-section-height-default\" data-id=\"2e6b66a\" data-element_type=\"section\" data-e-type=\"section\">\n\t\t\t\t\t\t<div class=\"elementor-container elementor-column-gap-default\">\n\t\t\t\t\t<div class=\"elementor-column elementor-col-100 elementor-top-column elementor-element elementor-element-038df02\" data-id=\"038df02\" data-element_type=\"column\" data-e-type=\"column\">\n\t\t\t<div class=\"elementor-widget-wrap elementor-element-populated\">\n\t\t\t\t\t\t<div class=\"elementor-element elementor-element-1febdb9 elementor-widget elementor-widget-text-editor\" data-id=\"1febdb9\" data-element_type=\"widget\" data-e-type=\"widget\" data-widget_type=\"text-editor.default\">\n\t\t\t\t<div class=\"elementor-widget-container\">\n\t\t\t\t\t\t\t\t\t<p>&#8220;<strong> Hello again, my traveler friend. <\/strong><br \/><strong>Today&#8217;s article is a nod to our old website, I wrote it during the confinement in the pandemic &#8220;Covid 19&#8221; and I did it with great affection to our city and the work we do for and for her, and that&#8217;s why I do not want you to miss this post.<\/strong> <\/p>\n<p>I would also like to mention our dear local guide ( Mario, from <a href=\"https:\/\/holalolatours.com\/\">Hola Lola<\/a> ) and thank him for continuing to work with us every day to make our beautiful city known.<\/p>\n<p>Don&#8217;t forget that always after the storm, the sun rises&#8230; &#8220;<\/p>\n\t\t\t\t\t\t\t\t<\/div>\n\t\t\t\t<\/div>\n\t\t\t\t\t<\/div>\n\t\t<\/div>\n\t\t\t\t\t<\/div>\n\t\t<\/section>\n\t\t\t\t<section class=\"elementor-section elementor-top-section elementor-element elementor-element-3eb8297 elementor-section-boxed elementor-section-height-default elementor-section-height-default\" data-id=\"3eb8297\" data-element_type=\"section\" data-e-type=\"section\">\n\t\t\t\t\t\t<div class=\"elementor-container elementor-column-gap-default\">\n\t\t\t\t\t<div class=\"elementor-column elementor-col-100 elementor-top-column elementor-element elementor-element-0421b17\" data-id=\"0421b17\" data-element_type=\"column\" data-e-type=\"column\">\n\t\t\t<div class=\"elementor-widget-wrap elementor-element-populated\">\n\t\t\t\t\t\t<div class=\"elementor-element elementor-element-963c5d7 elementor-widget elementor-widget-image\" data-id=\"963c5d7\" data-element_type=\"widget\" data-e-type=\"widget\" data-widget_type=\"image.default\">\n\t\t\t\t<div class=\"elementor-widget-container\">\n\t\t\t\t\t\t\t\t\t\t\t\t\t\t\t<img fetchpriority=\"high\" decoding=\"async\" width=\"300\" height=\"199\" src=\"https:\/\/i0.wp.com\/electriccartour.com\/wp-content\/uploads\/2022\/05\/malaga-vistas-gibralfaro-scaled.webp?fit=300%2C199&amp;ssl=1\" class=\"attachment-medium size-medium wp-image-2062\" alt=\"vistas desde el mirador de gibralfaro\" srcset=\"https:\/\/i0.wp.com\/electriccartour.com\/wp-content\/uploads\/2022\/05\/malaga-vistas-gibralfaro-scaled.webp?w=2560&amp;ssl=1 2560w, https:\/\/i0.wp.com\/electriccartour.com\/wp-content\/uploads\/2022\/05\/malaga-vistas-gibralfaro-scaled.webp?resize=300%2C199&amp;ssl=1 300w, https:\/\/i0.wp.com\/electriccartour.com\/wp-content\/uploads\/2022\/05\/malaga-vistas-gibralfaro-scaled.webp?resize=1024%2C680&amp;ssl=1 1024w, https:\/\/i0.wp.com\/electriccartour.com\/wp-content\/uploads\/2022\/05\/malaga-vistas-gibralfaro-scaled.webp?resize=768%2C510&amp;ssl=1 768w, https:\/\/i0.wp.com\/electriccartour.com\/wp-content\/uploads\/2022\/05\/malaga-vistas-gibralfaro-scaled.webp?resize=1536%2C1020&amp;ssl=1 1536w, https:\/\/i0.wp.com\/electriccartour.com\/wp-content\/uploads\/2022\/05\/malaga-vistas-gibralfaro-scaled.webp?resize=2048%2C1359&amp;ssl=1 2048w, https:\/\/i0.wp.com\/electriccartour.com\/wp-content\/uploads\/2022\/05\/malaga-vistas-gibralfaro-scaled.webp?resize=1568%2C1041&amp;ssl=1 1568w, https:\/\/i0.wp.com\/electriccartour.com\/wp-content\/uploads\/2022\/05\/malaga-vistas-gibralfaro-scaled.webp?resize=1320%2C876&amp;ssl=1 1320w, https:\/\/i0.wp.com\/electriccartour.com\/wp-content\/uploads\/2022\/05\/malaga-vistas-gibralfaro-scaled.webp?resize=450%2C299&amp;ssl=1 450w, https:\/\/i0.wp.com\/electriccartour.com\/wp-content\/uploads\/2022\/05\/malaga-vistas-gibralfaro-scaled.webp?w=1920&amp;ssl=1 1920w\" sizes=\"(max-width: 300px) 100vw, 300px\" \/>\t\t\t\t\t\t\t\t\t\t\t\t\t\t\t<\/div>\n\t\t\t\t<\/div>\n\t\t\t\t\t<\/div>\n\t\t<\/div>\n\t\t\t\t\t<\/div>\n\t\t<\/section>\n\t\t\t\t<section class=\"elementor-section elementor-top-section elementor-element elementor-element-c4c6af1 elementor-section-boxed elementor-section-height-default elementor-section-height-default\" data-id=\"c4c6af1\" data-element_type=\"section\" data-e-type=\"section\">\n\t\t\t\t\t\t<div class=\"elementor-container elementor-column-gap-default\">\n\t\t\t\t\t<div class=\"elementor-column elementor-col-100 elementor-top-column elementor-element elementor-element-540ea71\" data-id=\"540ea71\" data-element_type=\"column\" data-e-type=\"column\">\n\t\t\t<div class=\"elementor-widget-wrap elementor-element-populated\">\n\t\t\t\t\t\t<div class=\"elementor-element elementor-element-fdc3ae6 elementor-widget elementor-widget-text-editor\" data-id=\"fdc3ae6\" data-element_type=\"widget\" data-e-type=\"widget\" data-widget_type=\"text-editor.default\">\n\t\t\t\t<div class=\"elementor-widget-container\">\n\t\t\t\t\t\t\t\t\t<p>Today&#8217;s protagonist, our beautiful city, <b><br \/>\n  <a href=\"https:\/\/goo.gl\/maps\/7fBk4TXwvagVJyDz6\" target=\"_blank\" rel=\"noopener\">Malaga<\/a><br \/>\n<\/b>. And I can not fail to emphasize as in the previous post, that it is a destination that has a lot to offer, not only for its climate, its beaches, its cultural and leisure offerings; is that Malaga has a special charm that you breathe in its atmosphere when you walk through its streets.<\/p>\n<div>As a good lover of motoring and driving, in my beginnings I loved to get into my car and go for a ride and escape in my favorite places of reference reaching the beaches of <b><a href=\"https:\/\/goo.gl\/maps\/zq4AtEyBqvVSikwZ6\" target=\"_blank\" rel=\"noopener\">beaches of Huelin<\/a><\/b> y <a href=\"https:\/\/goo.gl\/maps\/usm7fxE7duzcchwy7\" target=\"_blank\" rel=\"noopener\"><b>Sacaba Beach<\/b><\/a>Sitting on the hood of the car while watching the calm sea was the best way to clear my mind and plan for the future.  <\/div>\n<div>Driving through the curves of the narrow road of the <b><br \/>\n  <a href=\"http:\/\/www.juntadeandalucia.es\/medioambiente\/servtc5\/ventana\/mostrarFicha.do?idEspacio=7425\" target=\"_blank\" rel=\"noopener\">Montes de M\u00e1laga Natural Park<\/a><br \/>\n<\/b>until you reach the Venta del Mirador and observe the incredible views of the coast, admiring to the west the <b><a href=\"http:\/\/www.malagaturismo.com\/es\/secciones\/paraje-natural-desembocadura-del-guadalhorce\/57\" target=\"_blank\" rel=\"noopener\">mouth of the Guadalhorce River<\/a><\/b> or to the east with the <b><br \/>\n  <a href=\"https:\/\/goo.gl\/maps\/C4VktJTCS9inhzQe6\" target=\"_blank\" rel=\"noopener\">Pe\u00f1on del Cuervo<\/a><br \/>\n<\/b>. Those days are left behind and forgotten by everyday life, studies, work and the endless responsibilities that come when you cross the line of twenty-something&#8230;<\/div>\n\t\t\t\t\t\t\t\t<\/div>\n\t\t\t\t<\/div>\n\t\t\t\t\t<\/div>\n\t\t<\/div>\n\t\t\t\t\t<\/div>\n\t\t<\/section>\n\t\t\t\t<section class=\"elementor-section elementor-top-section elementor-element elementor-element-cfabfbd elementor-section-boxed elementor-section-height-default elementor-section-height-default\" data-id=\"cfabfbd\" data-element_type=\"section\" data-e-type=\"section\">\n\t\t\t\t\t\t<div class=\"elementor-container elementor-column-gap-default\">\n\t\t\t\t\t<div class=\"elementor-column elementor-col-100 elementor-top-column elementor-element elementor-element-df7d281\" data-id=\"df7d281\" data-element_type=\"column\" data-e-type=\"column\">\n\t\t\t<div class=\"elementor-widget-wrap elementor-element-populated\">\n\t\t\t\t\t\t<div class=\"elementor-element elementor-element-91c0b0b elementor-widget elementor-widget-image\" data-id=\"91c0b0b\" data-element_type=\"widget\" data-e-type=\"widget\" data-widget_type=\"image.default\">\n\t\t\t\t<div class=\"elementor-widget-container\">\n\t\t\t\t\t\t\t\t\t\t\t\t\t\t\t<img decoding=\"async\" width=\"200\" height=\"300\" src=\"https:\/\/i0.wp.com\/electriccartour.com\/wp-content\/uploads\/2022\/05\/tour-in-malaga-electric-car-scaled.webp?fit=200%2C300&amp;ssl=1\" class=\"attachment-medium size-medium wp-image-1935\" alt=\"Tour en M\u00e1laga en coche el\u00e9ctrico recorriendo el centro hist\u00f3rico\" srcset=\"https:\/\/i0.wp.com\/electriccartour.com\/wp-content\/uploads\/2022\/05\/tour-in-malaga-electric-car-scaled.webp?w=1707&amp;ssl=1 1707w, https:\/\/i0.wp.com\/electriccartour.com\/wp-content\/uploads\/2022\/05\/tour-in-malaga-electric-car-scaled.webp?resize=200%2C300&amp;ssl=1 200w, https:\/\/i0.wp.com\/electriccartour.com\/wp-content\/uploads\/2022\/05\/tour-in-malaga-electric-car-scaled.webp?resize=683%2C1024&amp;ssl=1 683w, https:\/\/i0.wp.com\/electriccartour.com\/wp-content\/uploads\/2022\/05\/tour-in-malaga-electric-car-scaled.webp?resize=768%2C1152&amp;ssl=1 768w, https:\/\/i0.wp.com\/electriccartour.com\/wp-content\/uploads\/2022\/05\/tour-in-malaga-electric-car-scaled.webp?resize=1024%2C1536&amp;ssl=1 1024w, https:\/\/i0.wp.com\/electriccartour.com\/wp-content\/uploads\/2022\/05\/tour-in-malaga-electric-car-scaled.webp?resize=1365%2C2048&amp;ssl=1 1365w, https:\/\/i0.wp.com\/electriccartour.com\/wp-content\/uploads\/2022\/05\/tour-in-malaga-electric-car-scaled.webp?resize=1568%2C2352&amp;ssl=1 1568w, https:\/\/i0.wp.com\/electriccartour.com\/wp-content\/uploads\/2022\/05\/tour-in-malaga-electric-car-scaled.webp?resize=1320%2C1980&amp;ssl=1 1320w, https:\/\/i0.wp.com\/electriccartour.com\/wp-content\/uploads\/2022\/05\/tour-in-malaga-electric-car-scaled.webp?resize=450%2C675&amp;ssl=1 450w\" sizes=\"(max-width: 200px) 100vw, 200px\" \/>\t\t\t\t\t\t\t\t\t\t\t\t\t\t\t<\/div>\n\t\t\t\t<\/div>\n\t\t\t\t\t<\/div>\n\t\t<\/div>\n\t\t\t\t\t<\/div>\n\t\t<\/section>\n\t\t\t\t<section class=\"elementor-section elementor-top-section elementor-element elementor-element-07fc22a elementor-section-boxed elementor-section-height-default elementor-section-height-default\" data-id=\"07fc22a\" data-element_type=\"section\" data-e-type=\"section\">\n\t\t\t\t\t\t<div class=\"elementor-container elementor-column-gap-default\">\n\t\t\t\t\t<div class=\"elementor-column elementor-col-100 elementor-top-column elementor-element elementor-element-65d6846\" data-id=\"65d6846\" data-element_type=\"column\" data-e-type=\"column\">\n\t\t\t<div class=\"elementor-widget-wrap elementor-element-populated\">\n\t\t\t\t\t\t<div class=\"elementor-element elementor-element-a0de485 elementor-widget elementor-widget-text-editor\" data-id=\"a0de485\" data-element_type=\"widget\" data-e-type=\"widget\" data-widget_type=\"text-editor.default\">\n\t\t\t\t<div class=\"elementor-widget-container\">\n\t\t\t\t\t\t\t\t\t<p>After a few years with a wonderful family and the professional ambitions of an entrepreneur, a <b>TWIZY<\/b> crosses our lives, and I find again the charm of my city.<\/p>\n<p>I will never forget that first night when Gema and I said to take a ride with our little <b>Twizy<\/b> ( the &#8220;Uno&#8221; as we call it ). We proposed to do the route planned for future Tours, and so we did. We start at the <a href=\"https:\/\/goo.gl\/maps\/w8i63cfpvUvUSmrW6\" target=\"_blank\" rel=\"noopener\"><b>Paseo del Parque<\/b><\/a> with its numerous exotic flora that makes it one of the most important public parks in <b>Europe,<\/b> <b><a href=\"https:\/\/www.marriott.com\/hotels\/travel\/agpmg-ac-hotel-malaga-palacio\/\" target=\"_blank\" rel=\"noopener\">Hotel Malaga Palacio<\/a>, <a href=\"https:\/\/malagacatedral.com\/\" target=\"_blank\" rel=\"noopener\">Malaga Cathedral<\/a><\/b> called <b>&#8220;La Manquita&#8221;<\/b> one of our jewels, <b><a href=\"http:\/\/www.museosdeandalucia.es\/web\/museodemalaga\" target=\"_blank\" rel=\"noopener\">Museum of Malaga<\/a>, <a href=\"http:\/\/www.malaga.eu\/\" target=\"_blank\" rel=\"noopener\">City Hall<\/a>&#8230;<\/b> and then with splendid views of <b><a href=\"https:\/\/goo.gl\/maps\/QcauRTh49RHPVBX97\" target=\"_blank\" rel=\"noopener\">&#8220;La Coracha<\/a><\/b> about <a href=\"http:\/\/www.malagaturismo.com\/es\/recursos-turisticos\/detalle\/alcazaba\/6\" target=\"_blank\" rel=\"noopener\"><b>The Alcazaba<\/b><\/a>is when the emotions begin to surface. We continue the tour towards <b><br \/>\n  <a href=\"https:\/\/www.muelleuno.com\/\" target=\"_blank\" rel=\"noopener\">Pier One<\/a><br \/>\n<\/b> turning by <a href=\"http:\/\/www.malagaturismo.com\/es\/recursos-turisticos\/detalle\/fuente-de-las-tres-gracias\/490\" target=\"_blank\" rel=\"noopener\"><br \/>\n  <b>The Fountain of the Three Graces<\/b><br \/>\n<\/a> a tribute to fertility, once we enter through the <b><br \/>\n  <a href=\"https:\/\/goo.gl\/maps\/18P2r3F7dbW3EeDT9\" target=\"_blank\" rel=\"noopener\">Paseo de la Farola<\/a><br \/>\n<\/b> with the Cube of colors <b>( <a href=\"https:\/\/centrepompidou-malaga.eu\/\" target=\"_blank\" rel=\"noopener\">Pompidou Museum<\/a> )<\/b> the views of the sea and the marina begin.<\/p>\n<p>In the background: <b><br \/>\n  <a href=\"http:\/\/www.malagaturismo.com\/es\/recursos-turisticos\/detalle\/la-farola\/420\" target=\"_blank\" rel=\"noopener\">La Farola<\/a><br \/>\n<\/b> (&#8220;chubby and stubby&#8221;) attracts attention with its guiding light, and once we pass to its right we start our first stop at the <b>Mirador del Muelle Uno<\/b>. We named the site as the <b>&#8220;Skyline of Malaga&#8221;,<\/b> a dazzling view of the city from which we can admire all the splendor of <b>Malaga,<\/b> and it is here at that moment when we realized how fortunate we <b>Malague\u00f1os<\/b> are to live in this city.  <\/p>\n\t\t\t\t\t\t\t\t<\/div>\n\t\t\t\t<\/div>\n\t\t\t\t\t<\/div>\n\t\t<\/div>\n\t\t\t\t\t<\/div>\n\t\t<\/section>\n\t\t\t\t<section class=\"elementor-section elementor-top-section elementor-element elementor-element-e103834 elementor-section-boxed elementor-section-height-default elementor-section-height-default\" data-id=\"e103834\" data-element_type=\"section\" data-e-type=\"section\">\n\t\t\t\t\t\t<div class=\"elementor-container elementor-column-gap-default\">\n\t\t\t\t\t<div class=\"elementor-column elementor-col-100 elementor-top-column elementor-element elementor-element-e8f825c\" data-id=\"e8f825c\" data-element_type=\"column\" data-e-type=\"column\">\n\t\t\t<div class=\"elementor-widget-wrap elementor-element-populated\">\n\t\t\t\t\t\t<div class=\"elementor-element elementor-element-64c7a95 elementor-widget elementor-widget-image\" data-id=\"64c7a95\" data-element_type=\"widget\" data-e-type=\"widget\" data-widget_type=\"image.default\">\n\t\t\t\t<div class=\"elementor-widget-container\">\n\t\t\t\t\t\t\t\t\t\t\t\t\t\t\t<img decoding=\"async\" width=\"300\" height=\"225\" src=\"https:\/\/i0.wp.com\/electriccartour.com\/wp-content\/uploads\/2022\/07\/tour-por-malaga-pareja-scaled.webp?fit=300%2C225&amp;ssl=1\" class=\"attachment-medium size-medium wp-image-4566\" alt=\"tour por malaga parejas\" srcset=\"https:\/\/i0.wp.com\/electriccartour.com\/wp-content\/uploads\/2022\/07\/tour-por-malaga-pareja-scaled.webp?w=2560&amp;ssl=1 2560w, https:\/\/i0.wp.com\/electriccartour.com\/wp-content\/uploads\/2022\/07\/tour-por-malaga-pareja-scaled.webp?resize=300%2C225&amp;ssl=1 300w, https:\/\/i0.wp.com\/electriccartour.com\/wp-content\/uploads\/2022\/07\/tour-por-malaga-pareja-scaled.webp?resize=1024%2C768&amp;ssl=1 1024w, https:\/\/i0.wp.com\/electriccartour.com\/wp-content\/uploads\/2022\/07\/tour-por-malaga-pareja-scaled.webp?resize=768%2C576&amp;ssl=1 768w, https:\/\/i0.wp.com\/electriccartour.com\/wp-content\/uploads\/2022\/07\/tour-por-malaga-pareja-scaled.webp?resize=1536%2C1152&amp;ssl=1 1536w, https:\/\/i0.wp.com\/electriccartour.com\/wp-content\/uploads\/2022\/07\/tour-por-malaga-pareja-scaled.webp?resize=2048%2C1536&amp;ssl=1 2048w, https:\/\/i0.wp.com\/electriccartour.com\/wp-content\/uploads\/2022\/07\/tour-por-malaga-pareja-scaled.webp?resize=1568%2C1176&amp;ssl=1 1568w, https:\/\/i0.wp.com\/electriccartour.com\/wp-content\/uploads\/2022\/07\/tour-por-malaga-pareja-scaled.webp?resize=1320%2C990&amp;ssl=1 1320w, https:\/\/i0.wp.com\/electriccartour.com\/wp-content\/uploads\/2022\/07\/tour-por-malaga-pareja-scaled.webp?resize=450%2C338&amp;ssl=1 450w, https:\/\/i0.wp.com\/electriccartour.com\/wp-content\/uploads\/2022\/07\/tour-por-malaga-pareja-scaled.webp?w=1920&amp;ssl=1 1920w\" sizes=\"(max-width: 300px) 100vw, 300px\" \/>\t\t\t\t\t\t\t\t\t\t\t\t\t\t\t<\/div>\n\t\t\t\t<\/div>\n\t\t\t\t\t<\/div>\n\t\t<\/div>\n\t\t\t\t\t<\/div>\n\t\t<\/section>\n\t\t\t\t<section class=\"elementor-section elementor-top-section elementor-element elementor-element-77f8fdb elementor-section-boxed elementor-section-height-default elementor-section-height-default\" data-id=\"77f8fdb\" data-element_type=\"section\" data-e-type=\"section\">\n\t\t\t\t\t\t<div class=\"elementor-container elementor-column-gap-default\">\n\t\t\t\t\t<div class=\"elementor-column elementor-col-100 elementor-top-column elementor-element elementor-element-0cf2219\" data-id=\"0cf2219\" data-element_type=\"column\" data-e-type=\"column\">\n\t\t\t<div class=\"elementor-widget-wrap elementor-element-populated\">\n\t\t\t\t\t\t<div class=\"elementor-element elementor-element-0e972bd elementor-widget elementor-widget-text-editor\" data-id=\"0e972bd\" data-element_type=\"widget\" data-e-type=\"widget\" data-widget_type=\"text-editor.default\">\n\t\t\t\t<div class=\"elementor-widget-container\">\n\t\t\t\t\t\t\t\t\t<p>After a few minutes, we set off again in our small electric car with which we were delighted by the sensations that awoke us in that June sunset. Continuing our walk along the <b><a href=\"https:\/\/goo.gl\/maps\/WdwwriC13zakhTTr5\" target=\"_blank\" rel=\"noopener\">Pablo Ruiz Picasso promenade<\/a>,<\/b> we saw the beach bars almost full of people and that special smell made us think that it was the ideal time to open our mouths with some <b><a href=\"https:\/\/g.co\/kgs\/ScpQPF\" target=\"_blank\" rel=\"noopener\">&#8220;Espetitos de Sardinas&#8221;<\/a><\/b>. <\/p>\n<p>The next stop was at a bar in <b><a href=\"https:\/\/goo.gl\/maps\/vj175nRoLGEvpLNZA\" target=\"_blank\" rel=\"noopener\">Barrio del Palo <\/a>. &#8220;Pescaito frito&#8221;<\/b>, a <b>&#8220;tomatito picao&#8221;,<\/b> and a couple of beers &#8220;0,0&#8221; was the best option of the night.  <\/p>\n<div>Once back on that wonderful evening, passing by <b><br \/>\n  <a href=\"http:\/\/www.malagaturismo.com\/es\/recursos-turisticos\/detalle\/playa-los-banos-del-carmen\/741\" target=\"_blank\" rel=\"noopener\">Los Ba\u00f1os del Carmen<\/a><br \/>\n<\/b> back along <b>Paseo Mar\u00edtimo<\/b>, is the moment when the beauties shudder at the sight of the <b>Malaga Coast<\/b> on that summer night. The lights, <a href=\"http:\/\/www.malagaturismo.com\/es\/recursos-turisticos\/detalle\/la-farola\/420\" target=\"_blank\" rel=\"noopener\"><br \/>\n  <b>La Farola<\/b><br \/>\n<\/a> calling with its light, the smell of the sea, and that ride in the <a href=\"https:\/\/www.tahermo.com\/\" target=\"_blank\" rel=\"noopener\"><br \/>\n  <b>Renault Twizy<\/b><br \/>\n<\/a> with the breeze of the night, was the finishing <b>touch<\/b> to remember that moment when <b>Malaga returned to our lives<\/b>. <\/div>\n<div>Because&#8230; <b class=\"font-size-18 lh-1\">#willbebackMalaga<\/b><\/div>\n<div> <b class=\"font-size-18 lh-1\"><br \/>\n  <a href=\"https:\/\/www.instagram.com\/explore\/tags\/volver%C3%A1andaluc%C3%ADa\/\" target=\"_blank\" rel=\"noopener\">#will returnAndalusia<\/a><br \/>\n<\/b> as it did that night for us.<\/div>\n\t\t\t\t\t\t\t\t<\/div>\n\t\t\t\t<\/div>\n\t\t\t\t\t<\/div>\n\t\t<\/div>\n\t\t\t\t\t<\/div>\n\t\t<\/section>\n\t\t\t\t<section class=\"elementor-section elementor-top-section elementor-element elementor-element-729a80c elementor-section-boxed elementor-section-height-default elementor-section-height-default\" data-id=\"729a80c\" data-element_type=\"section\" data-e-type=\"section\">\n\t\t\t\t\t\t<div class=\"elementor-container elementor-column-gap-default\">\n\t\t\t\t\t<div class=\"elementor-column elementor-col-100 elementor-top-column elementor-element elementor-element-4eddf06\" data-id=\"4eddf06\" data-element_type=\"column\" data-e-type=\"column\">\n\t\t\t<div class=\"elementor-widget-wrap elementor-element-populated\">\n\t\t\t\t\t\t<div class=\"elementor-element elementor-element-80e8b81 elementor-widget elementor-widget-text-editor\" data-id=\"80e8b81\" data-element_type=\"widget\" data-e-type=\"widget\" data-widget_type=\"text-editor.default\">\n\t\t\t\t<div class=\"elementor-widget-container\">\n\t\t\t\t\t\t\t\t\t<p><b class=\"font-size-18 lh-1\"><span class=\"font-size-20 lh-1\">Driving on the streets  <\/span><\/b><\/p>\n<div><b class=\"lh-1 font-size-20\">  I saw you<\/b><\/div>\n<div><b class=\"lh-1 font-size-20\">  That one day I fell in love  <\/b><\/div>\n<div><b class=\"lh-1 font-size-20\">  of you&#8230;<\/b><\/div>\n<div><b class=\"lh-1 font-size-20\">  Malaga!<\/b><\/div>\n\t\t\t\t\t\t\t\t<\/div>\n\t\t\t\t<\/div>\n\t\t\t\t\t<\/div>\n\t\t<\/div>\n\t\t\t\t\t<\/div>\n\t\t<\/section>\n\t\t\t\t<section class=\"elementor-section elementor-top-section elementor-element elementor-element-c045d1a elementor-section-boxed elementor-section-height-default elementor-section-height-default\" data-id=\"c045d1a\" data-element_type=\"section\" data-e-type=\"section\">\n\t\t\t\t\t\t<div class=\"elementor-container elementor-column-gap-default\">\n\t\t\t\t\t<div class=\"elementor-column elementor-col-100 elementor-top-column elementor-element elementor-element-1fa6b37\" data-id=\"1fa6b37\" data-element_type=\"column\" data-e-type=\"column\">\n\t\t\t<div class=\"elementor-widget-wrap elementor-element-populated\">\n\t\t\t\t\t\t<div class=\"elementor-element elementor-element-78c7bb2 elementor-widget elementor-widget-text-editor\" data-id=\"78c7bb2\" data-element_type=\"widget\" data-e-type=\"widget\" data-widget_type=\"text-editor.default\">\n\t\t\t\t<div class=\"elementor-widget-container\">\n\t\t\t\t\t\t\t\t\t<p>Thanks to <b>Natalia Guidoni<span class=\"font-size-18 lh-1\"> <\/span>of <a href=\"http:\/\/cuevasdeandalucia.org\/\" target=\"_blank\" rel=\"noopener\">Asociaci\u00f3n Cuevas de Andaluc\u00eda<\/a>,<\/b> for the initiative <b>#volver\u00e1Andalucia<\/b>, <\/p>\n<p>because Andalusia deserves all this and more?  <\/p>\n<div>A <span class=\"font-size-18 lh-1\"><br \/>\n  <b><a href=\"http:\/\/www.andalucialab.org\/\" target=\"_blank\" rel=\"noopener\">Andaluc\u00edalab<\/a>,<span class=\"font-size-15 lh-1\"> for the work and attention they dedicate to us; to <\/span> their team of mentors, great as people and professionals; and especially to Vivianne Quill for her effort and continuous work with us. <\/b><br \/>\n<\/span><b><br \/>\n  <span class=\"font-size-15 lh-1\"> their team of mentors, great as people and professionals; and especially to Vivianne Quill for her effort and continuous work with us. <\/span><br \/>\n<\/b> <\/div>\n<div><b class=\"font-size-18 lh-1\">Thank you from the bottom of my heart&#8230;<\/b><\/div>\n<div><b class=\"font-size-18 lh-1\"> <\/b><\/div>\n<div><b class=\"font-size-18 lh-1\">Alejandro Acosta.<\/b><\/div>\n\t\t\t\t\t\t\t\t<\/div>\n\t\t\t\t<\/div>\n\t\t\t\t\t<\/div>\n\t\t<\/div>\n\t\t\t\t\t<\/div>\n\t\t<\/section>\n\t\t\t\t<section class=\"elementor-section elementor-top-section elementor-element elementor-element-445abb4 elementor-section-boxed elementor-section-height-default elementor-section-height-default\" data-id=\"445abb4\" data-element_type=\"section\" data-e-type=\"section\">\n\t\t\t\t\t\t<div class=\"elementor-container elementor-column-gap-default\">\n\t\t\t\t\t<div class=\"elementor-column elementor-col-100 elementor-top-column elementor-element elementor-element-8a79353\" data-id=\"8a79353\" data-element_type=\"column\" data-e-type=\"column\">\n\t\t\t<div class=\"elementor-widget-wrap elementor-element-populated\">\n\t\t\t\t\t\t<div class=\"elementor-element elementor-element-c09f963 elementor-align-center elementor-widget elementor-widget-button\" data-id=\"c09f963\" data-element_type=\"widget\" data-e-type=\"widget\" data-widget_type=\"button.default\">\n\t\t\t\t<div class=\"elementor-widget-container\">\n\t\t\t\t\t\t\t\t\t<div class=\"elementor-button-wrapper\">\n\t\t\t\t\t<a class=\"elementor-button elementor-button-link elementor-size-sm\" href=\"https:\/\/electriccartour.com\/en\/malaga-tours\/\">\n\t\t\t\t\t\t<span class=\"elementor-button-content-wrapper\">\n\t\t\t\t\t\t\t\t\t<span class=\"elementor-button-text\">Book your Tour in Malaga and live a unique experience.<\/span>\n\t\t\t\t\t<\/span>\n\t\t\t\t\t<\/a>\n\t\t\t\t<\/div>\n\t\t\t\t\t\t\t\t<\/div>\n\t\t\t\t<\/div>\n\t\t\t\t\t<\/div>\n\t\t<\/div>\n\t\t\t\t\t<\/div>\n\t\t<\/section>\n\t\t\t\t<section class=\"elementor-section elementor-top-section elementor-element elementor-element-320a8bc elementor-section-boxed elementor-section-height-default elementor-section-height-default\" data-id=\"320a8bc\" data-element_type=\"section\" data-e-type=\"section\">\n\t\t\t\t\t\t<div class=\"elementor-container elementor-column-gap-default\">\n\t\t\t\t\t<div class=\"elementor-column elementor-col-100 elementor-top-column elementor-element elementor-element-a2d735d\" data-id=\"a2d735d\" data-element_type=\"column\" data-e-type=\"column\">\n\t\t\t<div class=\"elementor-widget-wrap elementor-element-populated\">\n\t\t\t\t\t\t<div class=\"elementor-element elementor-element-9b38a66 elementor-widget elementor-widget-image\" data-id=\"9b38a66\" data-element_type=\"widget\" data-e-type=\"widget\" data-widget_type=\"image.default\">\n\t\t\t\t<div class=\"elementor-widget-container\">\n\t\t\t\t\t\t\t\t\t\t\t\t\t\t\t<img loading=\"lazy\" decoding=\"async\" width=\"640\" height=\"425\" src=\"https:\/\/i0.wp.com\/electriccartour.com\/wp-content\/uploads\/2022\/05\/tour-in-malaga-scaled.webp?fit=640%2C425&amp;ssl=1\" class=\"attachment-medium_large size-medium_large wp-image-1966\" alt=\"\" srcset=\"https:\/\/i0.wp.com\/electriccartour.com\/wp-content\/uploads\/2022\/05\/tour-in-malaga-scaled.webp?w=2560&amp;ssl=1 2560w, https:\/\/i0.wp.com\/electriccartour.com\/wp-content\/uploads\/2022\/05\/tour-in-malaga-scaled.webp?resize=300%2C199&amp;ssl=1 300w, https:\/\/i0.wp.com\/electriccartour.com\/wp-content\/uploads\/2022\/05\/tour-in-malaga-scaled.webp?resize=1024%2C680&amp;ssl=1 1024w, https:\/\/i0.wp.com\/electriccartour.com\/wp-content\/uploads\/2022\/05\/tour-in-malaga-scaled.webp?resize=768%2C510&amp;ssl=1 768w, https:\/\/i0.wp.com\/electriccartour.com\/wp-content\/uploads\/2022\/05\/tour-in-malaga-scaled.webp?resize=1536%2C1020&amp;ssl=1 1536w, https:\/\/i0.wp.com\/electriccartour.com\/wp-content\/uploads\/2022\/05\/tour-in-malaga-scaled.webp?resize=2048%2C1359&amp;ssl=1 2048w, https:\/\/i0.wp.com\/electriccartour.com\/wp-content\/uploads\/2022\/05\/tour-in-malaga-scaled.webp?resize=1568%2C1041&amp;ssl=1 1568w, https:\/\/i0.wp.com\/electriccartour.com\/wp-content\/uploads\/2022\/05\/tour-in-malaga-scaled.webp?resize=1320%2C876&amp;ssl=1 1320w, https:\/\/i0.wp.com\/electriccartour.com\/wp-content\/uploads\/2022\/05\/tour-in-malaga-scaled.webp?resize=450%2C299&amp;ssl=1 450w, https:\/\/i0.wp.com\/electriccartour.com\/wp-content\/uploads\/2022\/05\/tour-in-malaga-scaled.webp?w=1920&amp;ssl=1 1920w\" sizes=\"(max-width: 640px) 100vw, 640px\" \/>\t\t\t\t\t\t\t\t\t\t\t\t\t\t\t<\/div>\n\t\t\t\t<\/div>\n\t\t\t\t<div class=\"elementor-element elementor-element-7f04ccd elementor-widget elementor-widget-video\" data-id=\"7f04ccd\" data-element_type=\"widget\" data-e-type=\"widget\" data-settings=\"{&quot;youtube_url&quot;:&quot;https:\\\/\\\/youtu.be\\\/JSgtXrST6JQ&quot;,&quot;video_type&quot;:&quot;youtube&quot;,&quot;controls&quot;:&quot;yes&quot;}\" data-widget_type=\"video.default\">\n\t\t\t\t<div class=\"elementor-widget-container\">\n\t\t\t\t\t\t\t<div class=\"elementor-wrapper elementor-open-inline\">\n\t\t\t<div class=\"elementor-video\"><\/div>\t\t<\/div>\n\t\t\t\t\t\t<\/div>\n\t\t\t\t<\/div>\n\t\t\t\t\t<\/div>\n\t\t<\/div>\n\t\t\t\t\t<\/div>\n\t\t<\/section>\n\t\t\t\t<\/div>\n\t\t","protected":false},"excerpt":{"rendered":"<p>Walking down the street I saw you&#8230;I saw you, I fell in love&#8230;with you. &#8220; Hello again, my traveler friend. Today&#8217;s article is a nod to our old website, I wrote it during the confinement in the pandemic &#8220;Covid 19&#8221; and I did it with great affection to our city and the work we do &hellip; <\/p>\n<p class=\"link-more\"><a href=\"https:\/\/electriccartour.com\/en\/andalusia-will-return-malaga-will-return\/\" class=\"more-link\">Continue reading<span class=\"screen-reader-text\"> &#8220;Andalusia will return, Malaga will return.&#8221;<\/span><\/a><\/p>\n","protected":false},"author":1,"featured_media":2065,"comment_status":"closed","ping_status":"closed","sticky":false,"template":"","format":"standard","meta":{"_jetpack_memberships_contains_paid_content":false,"_joinchat":[],"footnotes":""},"categories":[32],"tags":[],"class_list":["post-6472","post","type-post","status-publish","format-standard","has-post-thumbnail","hentry","category-uncategorized","entry"],"yoast_head":"<!-- This site is optimized with the Yoast SEO plugin v27.5 - https:\/\/yoast.com\/product\/yoast-seo-wordpress\/ -->\n<title>Andalusia will return, Malaga will return [turismo en la era post Covid]<\/title>\n<meta name=\"description\" content=\"Volver\u00e1 Andaluc\u00eda is the way in which we share with you our love for our land by reviewing our favorite places.\" \/>\n<meta name=\"robots\" content=\"index, follow, max-snippet:-1, max-image-preview:large, max-video-preview:-1\" \/>\n<link rel=\"canonical\" href=\"https:\/\/electriccartour.com\/en\/andalusia-will-return-malaga-will-return\/\" \/>\n<meta property=\"og:locale\" content=\"en_US\" \/>\n<meta property=\"og:type\" content=\"article\" \/>\n<meta property=\"og:title\" content=\"Andalusia will return, Malaga will return [turismo en la era post Covid]\" \/>\n<meta property=\"og:description\" content=\"Volver\u00e1 Andaluc\u00eda is the way in which we share with you our love for our land by reviewing our favorite places.\" \/>\n<meta property=\"og:url\" content=\"https:\/\/electriccartour.com\/en\/andalusia-will-return-malaga-will-return\/\" \/>\n<meta property=\"og:site_name\" content=\"Tours en Coche El\u00e9ctrico en M\u00e1laga \u267b\ufe0f | Electric Car Tour\" \/>\n<meta property=\"article:publisher\" content=\"https:\/\/www.facebook.com\/Tourenvechiculoselectricos\/\" \/>\n<meta property=\"article:author\" content=\"https:\/\/www.facebook.com\/Tourenvechiculoselectricos\/\" \/>\n<meta property=\"article:published_time\" content=\"2022-07-13T17:07:05+00:00\" \/>\n<meta property=\"article:modified_time\" content=\"2025-02-16T20:52:06+00:00\" \/>\n<meta property=\"og:image\" content=\"https:\/\/i0.wp.com\/electriccartour.com\/wp-content\/uploads\/2022\/05\/malaga-encadenado-mirador.webp?fit=1600%2C1198&ssl=1\" \/>\n\t<meta property=\"og:image:width\" content=\"1600\" \/>\n\t<meta property=\"og:image:height\" content=\"1198\" \/>\n\t<meta property=\"og:image:type\" content=\"image\/webp\" \/>\n<meta name=\"author\" content=\"electriccartour\" \/>\n<meta name=\"twitter:card\" content=\"summary_large_image\" \/>\n<meta name=\"twitter:creator\" content=\"@https:\/\/twitter.com\/electric_tour\" \/>\n<meta name=\"twitter:site\" content=\"@electric_tour\" \/>\n<meta name=\"twitter:label1\" content=\"Written by\" \/>\n\t<meta name=\"twitter:data1\" content=\"electriccartour\" \/>\n\t<meta name=\"twitter:label2\" content=\"Est. reading time\" \/>\n\t<meta name=\"twitter:data2\" content=\"5 minutes\" \/>\n<script type=\"application\/ld+json\" class=\"yoast-schema-graph\">{\"@context\":\"https:\\\/\\\/schema.org\",\"@graph\":[{\"@type\":\"Article\",\"@id\":\"https:\\\/\\\/electriccartour.com\\\/en\\\/andalusia-will-return-malaga-will-return\\\/#article\",\"isPartOf\":{\"@id\":\"https:\\\/\\\/electriccartour.com\\\/en\\\/andalusia-will-return-malaga-will-return\\\/\"},\"author\":{\"name\":\"electriccartour\",\"@id\":\"https:\\\/\\\/electriccartour.com\\\/en\\\/#\\\/schema\\\/person\\\/14020537da6216f7471b49e5e929cba1\"},\"headline\":\"Andalusia will return, Malaga will return.\",\"datePublished\":\"2022-07-13T17:07:05+00:00\",\"dateModified\":\"2025-02-16T20:52:06+00:00\",\"mainEntityOfPage\":{\"@id\":\"https:\\\/\\\/electriccartour.com\\\/en\\\/andalusia-will-return-malaga-will-return\\\/\"},\"wordCount\":879,\"publisher\":{\"@id\":\"https:\\\/\\\/electriccartour.com\\\/en\\\/#organization\"},\"image\":{\"@id\":\"https:\\\/\\\/electriccartour.com\\\/en\\\/andalusia-will-return-malaga-will-return\\\/#primaryimage\"},\"thumbnailUrl\":\"https:\\\/\\\/i0.wp.com\\\/electriccartour.com\\\/wp-content\\\/uploads\\\/2022\\\/05\\\/malaga-encadenado-mirador.webp?fit=1600%2C1198&ssl=1\",\"inLanguage\":\"en-US\"},{\"@type\":\"WebPage\",\"@id\":\"https:\\\/\\\/electriccartour.com\\\/en\\\/andalusia-will-return-malaga-will-return\\\/\",\"url\":\"https:\\\/\\\/electriccartour.com\\\/en\\\/andalusia-will-return-malaga-will-return\\\/\",\"name\":\"Andalusia will return, Malaga will return [turismo en la era post Covid]\",\"isPartOf\":{\"@id\":\"https:\\\/\\\/electriccartour.com\\\/en\\\/#website\"},\"primaryImageOfPage\":{\"@id\":\"https:\\\/\\\/electriccartour.com\\\/en\\\/andalusia-will-return-malaga-will-return\\\/#primaryimage\"},\"image\":{\"@id\":\"https:\\\/\\\/electriccartour.com\\\/en\\\/andalusia-will-return-malaga-will-return\\\/#primaryimage\"},\"thumbnailUrl\":\"https:\\\/\\\/i0.wp.com\\\/electriccartour.com\\\/wp-content\\\/uploads\\\/2022\\\/05\\\/malaga-encadenado-mirador.webp?fit=1600%2C1198&ssl=1\",\"datePublished\":\"2022-07-13T17:07:05+00:00\",\"dateModified\":\"2025-02-16T20:52:06+00:00\",\"description\":\"Volver\u00e1 Andaluc\u00eda is the way in which we share with you our love for our land by reviewing our favorite places.\",\"breadcrumb\":{\"@id\":\"https:\\\/\\\/electriccartour.com\\\/en\\\/andalusia-will-return-malaga-will-return\\\/#breadcrumb\"},\"inLanguage\":\"en-US\",\"potentialAction\":[{\"@type\":\"ReadAction\",\"target\":[\"https:\\\/\\\/electriccartour.com\\\/en\\\/andalusia-will-return-malaga-will-return\\\/\"]}]},{\"@type\":\"ImageObject\",\"inLanguage\":\"en-US\",\"@id\":\"https:\\\/\\\/electriccartour.com\\\/en\\\/andalusia-will-return-malaga-will-return\\\/#primaryimage\",\"url\":\"https:\\\/\\\/i0.wp.com\\\/electriccartour.com\\\/wp-content\\\/uploads\\\/2022\\\/05\\\/malaga-encadenado-mirador.webp?fit=1600%2C1198&ssl=1\",\"contentUrl\":\"https:\\\/\\\/i0.wp.com\\\/electriccartour.com\\\/wp-content\\\/uploads\\\/2022\\\/05\\\/malaga-encadenado-mirador.webp?fit=1600%2C1198&ssl=1\",\"width\":1600,\"height\":1198,\"caption\":\"Vistas desde el Mirador de Gibralfaro: Un punto ic\u00f3nico de M\u00e1laga.\"},{\"@type\":\"BreadcrumbList\",\"@id\":\"https:\\\/\\\/electriccartour.com\\\/en\\\/andalusia-will-return-malaga-will-return\\\/#breadcrumb\",\"itemListElement\":[{\"@type\":\"ListItem\",\"position\":1,\"name\":\"Portada\",\"item\":\"https:\\\/\\\/electriccartour.com\\\/en\\\/\"},{\"@type\":\"ListItem\",\"position\":2,\"name\":\"Andalusia will return, Malaga will return.\"}]},{\"@type\":\"WebSite\",\"@id\":\"https:\\\/\\\/electriccartour.com\\\/en\\\/#website\",\"url\":\"https:\\\/\\\/electriccartour.com\\\/en\\\/\",\"name\":\"Tours en Coche El\u00e9ctrico en M\u00e1laga \u267b\ufe0f | Electric Car Tour\",\"description\":\"Descubre M\u00e1laga de forma sostenible con Electric Car Tour. Disfruta de tours guiados en coche el\u00e9ctrico y explora los principales atractivos tur\u00edsticos de la ciudad.\",\"publisher\":{\"@id\":\"https:\\\/\\\/electriccartour.com\\\/en\\\/#organization\"},\"alternateName\":\"Electric Car Tour - M\u00e1laga\",\"potentialAction\":[{\"@type\":\"SearchAction\",\"target\":{\"@type\":\"EntryPoint\",\"urlTemplate\":\"https:\\\/\\\/electriccartour.com\\\/en\\\/?s={search_term_string}\"},\"query-input\":{\"@type\":\"PropertyValueSpecification\",\"valueRequired\":true,\"valueName\":\"search_term_string\"}}],\"inLanguage\":\"en-US\"},{\"@type\":\"Organization\",\"@id\":\"https:\\\/\\\/electriccartour.com\\\/en\\\/#organization\",\"name\":\"Electric Car Tour\",\"alternateName\":\"electriccartour\",\"url\":\"https:\\\/\\\/electriccartour.com\\\/en\\\/\",\"logo\":{\"@type\":\"ImageObject\",\"inLanguage\":\"en-US\",\"@id\":\"https:\\\/\\\/electriccartour.com\\\/en\\\/#\\\/schema\\\/logo\\\/image\\\/\",\"url\":\"https:\\\/\\\/i0.wp.com\\\/electriccartour.com\\\/wp-content\\\/uploads\\\/2021\\\/12\\\/181002_ECT_Logo5389f3-1920w.png?fit=1920%2C462&ssl=1\",\"contentUrl\":\"https:\\\/\\\/i0.wp.com\\\/electriccartour.com\\\/wp-content\\\/uploads\\\/2021\\\/12\\\/181002_ECT_Logo5389f3-1920w.png?fit=1920%2C462&ssl=1\",\"width\":1920,\"height\":462,\"caption\":\"Electric Car Tour\"},\"image\":{\"@id\":\"https:\\\/\\\/electriccartour.com\\\/en\\\/#\\\/schema\\\/logo\\\/image\\\/\"},\"sameAs\":[\"https:\\\/\\\/www.facebook.com\\\/Tourenvechiculoselectricos\\\/\",\"https:\\\/\\\/x.com\\\/electric_tour\",\"https:\\\/\\\/www.youtube.com\\\/channel\\\/UClzjmLNm6Auwdnix5FwnxXw\",\"https:\\\/\\\/www.instagram.com\\\/electriccartour\\\/\",\"https:\\\/\\\/tripadvisor.com\\\/Attraction_Review-g187438-d15198737-Reviews-Electric_Car_Tour-Malaga_Costa_del_Sol_Province_of_Malaga_Andalucia.html\"]},{\"@type\":\"Person\",\"@id\":\"https:\\\/\\\/electriccartour.com\\\/en\\\/#\\\/schema\\\/person\\\/14020537da6216f7471b49e5e929cba1\",\"name\":\"electriccartour\",\"image\":{\"@type\":\"ImageObject\",\"inLanguage\":\"en-US\",\"@id\":\"https:\\\/\\\/secure.gravatar.com\\\/avatar\\\/fe8515b4ef6ae0fb0465b6ace38c4969d9b25f2d9a0c49eee2553face0582368?s=96&d=mm&r=g\",\"url\":\"https:\\\/\\\/secure.gravatar.com\\\/avatar\\\/fe8515b4ef6ae0fb0465b6ace38c4969d9b25f2d9a0c49eee2553face0582368?s=96&d=mm&r=g\",\"contentUrl\":\"https:\\\/\\\/secure.gravatar.com\\\/avatar\\\/fe8515b4ef6ae0fb0465b6ace38c4969d9b25f2d9a0c49eee2553face0582368?s=96&d=mm&r=g\",\"caption\":\"electriccartour\"},\"sameAs\":[\"http:\\\/\\\/electriccartour.com\",\"https:\\\/\\\/www.facebook.com\\\/Tourenvechiculoselectricos\\\/\",\"https:\\\/\\\/www.instagram.com\\\/electriccartour\\\/\",\"https:\\\/\\\/www.linkedin.com\\\/in\\\/gema-martnez-aa8ab2183\",\"https:\\\/\\\/x.com\\\/https:\\\/\\\/twitter.com\\\/electric_tour\",\"https:\\\/\\\/www.youtube.com\\\/channel\\\/UClzjmLNm6Auwdnix5FwnxXw\"],\"url\":\"https:\\\/\\\/electriccartour.com\\\/en\\\/author\\\/electriccartour\\\/\"}]}<\/script>\n<!-- \/ Yoast SEO plugin. -->","yoast_head_json":{"title":"Andalusia will return, Malaga will return [turismo en la era post Covid]","description":"Volver\u00e1 Andaluc\u00eda is the way in which we share with you our love for our land by reviewing our favorite places.","robots":{"index":"index","follow":"follow","max-snippet":"max-snippet:-1","max-image-preview":"max-image-preview:large","max-video-preview":"max-video-preview:-1"},"canonical":"https:\/\/electriccartour.com\/en\/andalusia-will-return-malaga-will-return\/","og_locale":"en_US","og_type":"article","og_title":"Andalusia will return, Malaga will return [turismo en la era post Covid]","og_description":"Volver\u00e1 Andaluc\u00eda is the way in which we share with you our love for our land by reviewing our favorite places.","og_url":"https:\/\/electriccartour.com\/en\/andalusia-will-return-malaga-will-return\/","og_site_name":"Tours en Coche El\u00e9ctrico en M\u00e1laga \u267b\ufe0f | Electric Car Tour","article_publisher":"https:\/\/www.facebook.com\/Tourenvechiculoselectricos\/","article_author":"https:\/\/www.facebook.com\/Tourenvechiculoselectricos\/","article_published_time":"2022-07-13T17:07:05+00:00","article_modified_time":"2025-02-16T20:52:06+00:00","og_image":[{"width":1600,"height":1198,"url":"https:\/\/i0.wp.com\/electriccartour.com\/wp-content\/uploads\/2022\/05\/malaga-encadenado-mirador.webp?fit=1600%2C1198&ssl=1","type":"image\/webp"}],"author":"electriccartour","twitter_card":"summary_large_image","twitter_creator":"@https:\/\/twitter.com\/electric_tour","twitter_site":"@electric_tour","twitter_misc":{"Written by":"electriccartour","Est. reading time":"5 minutes"},"schema":{"@context":"https:\/\/schema.org","@graph":[{"@type":"Article","@id":"https:\/\/electriccartour.com\/en\/andalusia-will-return-malaga-will-return\/#article","isPartOf":{"@id":"https:\/\/electriccartour.com\/en\/andalusia-will-return-malaga-will-return\/"},"author":{"name":"electriccartour","@id":"https:\/\/electriccartour.com\/en\/#\/schema\/person\/14020537da6216f7471b49e5e929cba1"},"headline":"Andalusia will return, Malaga will return.","datePublished":"2022-07-13T17:07:05+00:00","dateModified":"2025-02-16T20:52:06+00:00","mainEntityOfPage":{"@id":"https:\/\/electriccartour.com\/en\/andalusia-will-return-malaga-will-return\/"},"wordCount":879,"publisher":{"@id":"https:\/\/electriccartour.com\/en\/#organization"},"image":{"@id":"https:\/\/electriccartour.com\/en\/andalusia-will-return-malaga-will-return\/#primaryimage"},"thumbnailUrl":"https:\/\/i0.wp.com\/electriccartour.com\/wp-content\/uploads\/2022\/05\/malaga-encadenado-mirador.webp?fit=1600%2C1198&ssl=1","inLanguage":"en-US"},{"@type":"WebPage","@id":"https:\/\/electriccartour.com\/en\/andalusia-will-return-malaga-will-return\/","url":"https:\/\/electriccartour.com\/en\/andalusia-will-return-malaga-will-return\/","name":"Andalusia will return, Malaga will return [turismo en la era post Covid]","isPartOf":{"@id":"https:\/\/electriccartour.com\/en\/#website"},"primaryImageOfPage":{"@id":"https:\/\/electriccartour.com\/en\/andalusia-will-return-malaga-will-return\/#primaryimage"},"image":{"@id":"https:\/\/electriccartour.com\/en\/andalusia-will-return-malaga-will-return\/#primaryimage"},"thumbnailUrl":"https:\/\/i0.wp.com\/electriccartour.com\/wp-content\/uploads\/2022\/05\/malaga-encadenado-mirador.webp?fit=1600%2C1198&ssl=1","datePublished":"2022-07-13T17:07:05+00:00","dateModified":"2025-02-16T20:52:06+00:00","description":"Volver\u00e1 Andaluc\u00eda is the way in which we share with you our love for our land by reviewing our favorite places.","breadcrumb":{"@id":"https:\/\/electriccartour.com\/en\/andalusia-will-return-malaga-will-return\/#breadcrumb"},"inLanguage":"en-US","potentialAction":[{"@type":"ReadAction","target":["https:\/\/electriccartour.com\/en\/andalusia-will-return-malaga-will-return\/"]}]},{"@type":"ImageObject","inLanguage":"en-US","@id":"https:\/\/electriccartour.com\/en\/andalusia-will-return-malaga-will-return\/#primaryimage","url":"https:\/\/i0.wp.com\/electriccartour.com\/wp-content\/uploads\/2022\/05\/malaga-encadenado-mirador.webp?fit=1600%2C1198&ssl=1","contentUrl":"https:\/\/i0.wp.com\/electriccartour.com\/wp-content\/uploads\/2022\/05\/malaga-encadenado-mirador.webp?fit=1600%2C1198&ssl=1","width":1600,"height":1198,"caption":"Vistas desde el Mirador de Gibralfaro: Un punto ic\u00f3nico de M\u00e1laga."},{"@type":"BreadcrumbList","@id":"https:\/\/electriccartour.com\/en\/andalusia-will-return-malaga-will-return\/#breadcrumb","itemListElement":[{"@type":"ListItem","position":1,"name":"Portada","item":"https:\/\/electriccartour.com\/en\/"},{"@type":"ListItem","position":2,"name":"Andalusia will return, Malaga will return."}]},{"@type":"WebSite","@id":"https:\/\/electriccartour.com\/en\/#website","url":"https:\/\/electriccartour.com\/en\/","name":"Tours en Coche El\u00e9ctrico en M\u00e1laga \u267b\ufe0f | Electric Car Tour","description":"Descubre M\u00e1laga de forma sostenible con Electric Car Tour. Disfruta de tours guiados en coche el\u00e9ctrico y explora los principales atractivos tur\u00edsticos de la ciudad.","publisher":{"@id":"https:\/\/electriccartour.com\/en\/#organization"},"alternateName":"Electric Car Tour - M\u00e1laga","potentialAction":[{"@type":"SearchAction","target":{"@type":"EntryPoint","urlTemplate":"https:\/\/electriccartour.com\/en\/?s={search_term_string}"},"query-input":{"@type":"PropertyValueSpecification","valueRequired":true,"valueName":"search_term_string"}}],"inLanguage":"en-US"},{"@type":"Organization","@id":"https:\/\/electriccartour.com\/en\/#organization","name":"Electric Car Tour","alternateName":"electriccartour","url":"https:\/\/electriccartour.com\/en\/","logo":{"@type":"ImageObject","inLanguage":"en-US","@id":"https:\/\/electriccartour.com\/en\/#\/schema\/logo\/image\/","url":"https:\/\/i0.wp.com\/electriccartour.com\/wp-content\/uploads\/2021\/12\/181002_ECT_Logo5389f3-1920w.png?fit=1920%2C462&ssl=1","contentUrl":"https:\/\/i0.wp.com\/electriccartour.com\/wp-content\/uploads\/2021\/12\/181002_ECT_Logo5389f3-1920w.png?fit=1920%2C462&ssl=1","width":1920,"height":462,"caption":"Electric Car Tour"},"image":{"@id":"https:\/\/electriccartour.com\/en\/#\/schema\/logo\/image\/"},"sameAs":["https:\/\/www.facebook.com\/Tourenvechiculoselectricos\/","https:\/\/x.com\/electric_tour","https:\/\/www.youtube.com\/channel\/UClzjmLNm6Auwdnix5FwnxXw","https:\/\/www.instagram.com\/electriccartour\/","https:\/\/tripadvisor.com\/Attraction_Review-g187438-d15198737-Reviews-Electric_Car_Tour-Malaga_Costa_del_Sol_Province_of_Malaga_Andalucia.html"]},{"@type":"Person","@id":"https:\/\/electriccartour.com\/en\/#\/schema\/person\/14020537da6216f7471b49e5e929cba1","name":"electriccartour","image":{"@type":"ImageObject","inLanguage":"en-US","@id":"https:\/\/secure.gravatar.com\/avatar\/fe8515b4ef6ae0fb0465b6ace38c4969d9b25f2d9a0c49eee2553face0582368?s=96&d=mm&r=g","url":"https:\/\/secure.gravatar.com\/avatar\/fe8515b4ef6ae0fb0465b6ace38c4969d9b25f2d9a0c49eee2553face0582368?s=96&d=mm&r=g","contentUrl":"https:\/\/secure.gravatar.com\/avatar\/fe8515b4ef6ae0fb0465b6ace38c4969d9b25f2d9a0c49eee2553face0582368?s=96&d=mm&r=g","caption":"electriccartour"},"sameAs":["http:\/\/electriccartour.com","https:\/\/www.facebook.com\/Tourenvechiculoselectricos\/","https:\/\/www.instagram.com\/electriccartour\/","https:\/\/www.linkedin.com\/in\/gema-martnez-aa8ab2183","https:\/\/x.com\/https:\/\/twitter.com\/electric_tour","https:\/\/www.youtube.com\/channel\/UClzjmLNm6Auwdnix5FwnxXw"],"url":"https:\/\/electriccartour.com\/en\/author\/electriccartour\/"}]}},"jetpack_featured_media_url":"https:\/\/i0.wp.com\/electriccartour.com\/wp-content\/uploads\/2022\/05\/malaga-encadenado-mirador.webp?fit=1600%2C1198&ssl=1","jetpack_sharing_enabled":true,"_links":{"self":[{"href":"https:\/\/electriccartour.com\/en\/wp-json\/wp\/v2\/posts\/6472","targetHints":{"allow":["GET"]}}],"collection":[{"href":"https:\/\/electriccartour.com\/en\/wp-json\/wp\/v2\/posts"}],"about":[{"href":"https:\/\/electriccartour.com\/en\/wp-json\/wp\/v2\/types\/post"}],"author":[{"embeddable":true,"href":"https:\/\/electriccartour.com\/en\/wp-json\/wp\/v2\/users\/1"}],"replies":[{"embeddable":true,"href":"https:\/\/electriccartour.com\/en\/wp-json\/wp\/v2\/comments?post=6472"}],"version-history":[{"count":0,"href":"https:\/\/electriccartour.com\/en\/wp-json\/wp\/v2\/posts\/6472\/revisions"}],"wp:featuredmedia":[{"embeddable":true,"href":"https:\/\/electriccartour.com\/en\/wp-json\/wp\/v2\/media\/2065"}],"wp:attachment":[{"href":"https:\/\/electriccartour.com\/en\/wp-json\/wp\/v2\/media?parent=6472"}],"wp:term":[{"taxonomy":"category","embeddable":true,"href":"https:\/\/electriccartour.com\/en\/wp-json\/wp\/v2\/categories?post=6472"},{"taxonomy":"post_tag","embeddable":true,"href":"https:\/\/electriccartour.com\/en\/wp-json\/wp\/v2\/tags?post=6472"}],"curies":[{"name":"wp","href":"https:\/\/api.w.org\/{rel}","templated":true}]}}