{"id":8268,"date":"2023-05-21T20:40:41","date_gmt":"2023-05-21T19:40:41","guid":{"rendered":"https:\/\/electriccartour.com\/la-noche-en-blanco-de-malaga-2023\/"},"modified":"2025-03-10T21:59:00","modified_gmt":"2025-03-10T20:59:00","slug":"la-noche-en-blanco-de-malaga-2023","status":"publish","type":"post","link":"https:\/\/electriccartour.com\/en\/la-noche-en-blanco-de-malaga-2023\/","title":{"rendered":"La noche en Blanco de M\u00e1laga 2023"},"content":{"rendered":"\t\t<div data-elementor-type=\"wp-post\" data-elementor-id=\"8268\" class=\"elementor elementor-8268 elementor-8184\" data-elementor-post-type=\"post\">\n\t\t\t\t\t\t<section class=\"elementor-section elementor-top-section elementor-element elementor-element-b145f60 elementor-section-boxed elementor-section-height-default elementor-section-height-default\" data-id=\"b145f60\" data-element_type=\"section\" data-e-type=\"section\">\n\t\t\t\t\t\t<div class=\"elementor-container elementor-column-gap-default\">\n\t\t\t\t\t<div class=\"elementor-column elementor-col-100 elementor-top-column elementor-element elementor-element-6abad5b\" data-id=\"6abad5b\" data-element_type=\"column\" data-e-type=\"column\">\n\t\t\t<div class=\"elementor-widget-wrap elementor-element-populated\">\n\t\t\t\t\t\t<div class=\"elementor-element elementor-element-20f5d61 elementor-widget elementor-widget-text-editor\" data-id=\"20f5d61\" data-element_type=\"widget\" data-e-type=\"widget\" data-widget_type=\"text-editor.default\">\n\t\t\t\t<div class=\"elementor-widget-container\">\n\t\t\t\t\t\t\t\t\t<p>Today we present one of the most popular events in the city of Malaga,<\/p>\n<p>La noche en Blanco.<\/p>\n<p>La Noche en Blanco de M\u00e1laga is a cultural and artistic event held annually in the city of M\u00e1laga. During this night, numerous cultural and artistic activities will take place in different parts of the city.<\/p>\n\t\t\t\t\t\t\t\t<\/div>\n\t\t\t\t<\/div>\n\t\t\t\t\t<\/div>\n\t\t<\/div>\n\t\t\t\t\t<\/div>\n\t\t<\/section>\n\t\t\t\t<section class=\"elementor-section elementor-top-section elementor-element elementor-element-b1cbb86 elementor-section-boxed elementor-section-height-default elementor-section-height-default\" data-id=\"b1cbb86\" data-element_type=\"section\" data-e-type=\"section\">\n\t\t\t\t\t\t<div class=\"elementor-container elementor-column-gap-default\">\n\t\t\t\t\t<div class=\"elementor-column elementor-col-100 elementor-top-column elementor-element elementor-element-d7a367b\" data-id=\"d7a367b\" data-element_type=\"column\" data-e-type=\"column\">\n\t\t\t<div class=\"elementor-widget-wrap elementor-element-populated\">\n\t\t\t\t\t\t<div class=\"elementor-element elementor-element-c2e8754 elementor-widget elementor-widget-image\" data-id=\"c2e8754\" data-element_type=\"widget\" data-e-type=\"widget\" data-widget_type=\"image.default\">\n\t\t\t\t<div class=\"elementor-widget-container\">\n\t\t\t\t\t\t\t\t\t\t\t\t\t\t\t<img fetchpriority=\"high\" decoding=\"async\" width=\"640\" height=\"427\" src=\"https:\/\/i0.wp.com\/electriccartour.com\/wp-content\/uploads\/2023\/05\/alcazaba-de-malaga-noche-en-blanco-scaled.webp?fit=640%2C427&amp;ssl=1\" class=\"attachment-large size-large wp-image-8260\" alt=\"alcazaba de m\u00e1laga en la noche en blanco 2023\" srcset=\"https:\/\/i0.wp.com\/electriccartour.com\/wp-content\/uploads\/2023\/05\/alcazaba-de-malaga-noche-en-blanco-scaled.webp?w=2560&amp;ssl=1 2560w, https:\/\/i0.wp.com\/electriccartour.com\/wp-content\/uploads\/2023\/05\/alcazaba-de-malaga-noche-en-blanco-scaled.webp?resize=300%2C200&amp;ssl=1 300w, https:\/\/i0.wp.com\/electriccartour.com\/wp-content\/uploads\/2023\/05\/alcazaba-de-malaga-noche-en-blanco-scaled.webp?resize=1024%2C683&amp;ssl=1 1024w, https:\/\/i0.wp.com\/electriccartour.com\/wp-content\/uploads\/2023\/05\/alcazaba-de-malaga-noche-en-blanco-scaled.webp?resize=768%2C512&amp;ssl=1 768w, https:\/\/i0.wp.com\/electriccartour.com\/wp-content\/uploads\/2023\/05\/alcazaba-de-malaga-noche-en-blanco-scaled.webp?resize=1536%2C1024&amp;ssl=1 1536w, https:\/\/i0.wp.com\/electriccartour.com\/wp-content\/uploads\/2023\/05\/alcazaba-de-malaga-noche-en-blanco-scaled.webp?resize=2048%2C1365&amp;ssl=1 2048w, https:\/\/i0.wp.com\/electriccartour.com\/wp-content\/uploads\/2023\/05\/alcazaba-de-malaga-noche-en-blanco-scaled.webp?resize=1568%2C1045&amp;ssl=1 1568w, https:\/\/i0.wp.com\/electriccartour.com\/wp-content\/uploads\/2023\/05\/alcazaba-de-malaga-noche-en-blanco-scaled.webp?resize=1320%2C880&amp;ssl=1 1320w, https:\/\/i0.wp.com\/electriccartour.com\/wp-content\/uploads\/2023\/05\/alcazaba-de-malaga-noche-en-blanco-scaled.webp?resize=450%2C300&amp;ssl=1 450w, https:\/\/i0.wp.com\/electriccartour.com\/wp-content\/uploads\/2023\/05\/alcazaba-de-malaga-noche-en-blanco-scaled.webp?w=1920&amp;ssl=1 1920w\" sizes=\"(max-width: 640px) 100vw, 640px\" \/>\t\t\t\t\t\t\t\t\t\t\t\t\t\t\t<\/div>\n\t\t\t\t<\/div>\n\t\t\t\t\t<\/div>\n\t\t<\/div>\n\t\t\t\t\t<\/div>\n\t\t<\/section>\n\t\t\t\t<section class=\"elementor-section elementor-top-section elementor-element elementor-element-b281f12 elementor-section-boxed elementor-section-height-default elementor-section-height-default\" data-id=\"b281f12\" data-element_type=\"section\" data-e-type=\"section\">\n\t\t\t\t\t\t<div class=\"elementor-container elementor-column-gap-default\">\n\t\t\t\t\t<div class=\"elementor-column elementor-col-100 elementor-top-column elementor-element elementor-element-22574a8\" data-id=\"22574a8\" data-element_type=\"column\" data-e-type=\"column\">\n\t\t\t<div class=\"elementor-widget-wrap elementor-element-populated\">\n\t\t\t\t\t\t<div class=\"elementor-element elementor-element-cbd9e0b elementor-widget elementor-widget-text-editor\" data-id=\"cbd9e0b\" data-element_type=\"widget\" data-e-type=\"widget\" data-widget_type=\"text-editor.default\">\n\t\t\t\t<div class=\"elementor-widget-container\">\n\t\t\t\t\t\t\t\t\t<p>La Noche en Blanco offers a wide variety of events, such as concerts, exhibitions, dance performances, theater, film screenings, artistic interventions and much more. Museums, art galleries and other cultural venues are also often open free of charge throughout the night.<\/p>\n<p>It is a highly anticipated and popular event that attracts residents and visitors alike. La Noche en Blanco de M\u00e1laga aims to promote culture and art, as well as to encourage citizen participation in the cultural field.<\/p>\n<p>This event coincides with the flowering of the jacaranda in Malaga, which usually occurs between the months of May and June, creating a beautiful contrast with the blue sky and beautifying the streets and parks of the city. The flower petals fall to the ground creating a purple carpet, which adds a special touch to the urban landscape on this special night in the city of Malaga.<\/p>\n<p>Different activities are taking place tonight throughout the city, and what better way to get to know this event, than with a nice night tour like the one offered by Electric Car Tour. Here is their link to learn a little more about this special tour:  <\/p>\n<p><blockquote class=\"wp-embedded-content\" data-secret=\"AsuoFvEvpT\"><a href=\"https:\/\/electriccartour.com\/en\/malaga-night-tour\/\">Tour M\u00e1laga Noche<\/a><\/blockquote><iframe class=\"wp-embedded-content\" sandbox=\"allow-scripts\" security=\"restricted\" style=\"position: absolute; clip: rect(1px, 1px, 1px, 1px);\" title=\"&#8220;Tour M\u00e1laga Noche&#8221; &#8212; \u25b7 Tour en M\u00e1laga - Electric Car Tour \u267b\ufe0f City Tour Eco M\u00e1laga\" src=\"https:\/\/electriccartour.com\/en\/malaga-night-tour\/embed\/#?secret=6BWOr3qLbv#?secret=AsuoFvEvpT\" data-secret=\"AsuoFvEvpT\" width=\"600\" height=\"338\" frameborder=\"0\" marginwidth=\"0\" marginheight=\"0\" scrolling=\"no\"><\/iframe><\/p>\n\t\t\t\t\t\t\t\t<\/div>\n\t\t\t\t<\/div>\n\t\t\t\t\t<\/div>\n\t\t<\/div>\n\t\t\t\t\t<\/div>\n\t\t<\/section>\n\t\t\t\t<section class=\"elementor-section elementor-top-section elementor-element elementor-element-d837e8f elementor-section-boxed elementor-section-height-default elementor-section-height-default\" data-id=\"d837e8f\" data-element_type=\"section\" data-e-type=\"section\">\n\t\t\t\t\t\t<div class=\"elementor-container elementor-column-gap-default\">\n\t\t\t\t\t<div class=\"elementor-column elementor-col-100 elementor-top-column elementor-element elementor-element-765b792\" data-id=\"765b792\" data-element_type=\"column\" data-e-type=\"column\">\n\t\t\t<div class=\"elementor-widget-wrap elementor-element-populated\">\n\t\t\t\t\t\t<div class=\"elementor-element elementor-element-ce28760 elementor-align-center elementor-widget elementor-widget-button\" data-id=\"ce28760\" data-element_type=\"widget\" data-e-type=\"widget\" data-widget_type=\"button.default\">\n\t\t\t\t<div class=\"elementor-widget-container\">\n\t\t\t\t\t\t\t\t\t<div class=\"elementor-button-wrapper\">\n\t\t\t\t\t<a class=\"elementor-button elementor-button-link elementor-size-sm\" href=\"https:\/\/electriccartour.com\/en\/malaga-tours\/\">\n\t\t\t\t\t\t<span class=\"elementor-button-content-wrapper\">\n\t\t\t\t\t\t\t\t\t<span class=\"elementor-button-text\">Explore here our Malaga tour options<\/span>\n\t\t\t\t\t<\/span>\n\t\t\t\t\t<\/a>\n\t\t\t\t<\/div>\n\t\t\t\t\t\t\t\t<\/div>\n\t\t\t\t<\/div>\n\t\t\t\t\t<\/div>\n\t\t<\/div>\n\t\t\t\t\t<\/div>\n\t\t<\/section>\n\t\t\t\t<section class=\"elementor-section elementor-top-section elementor-element elementor-element-8110b7f elementor-section-boxed elementor-section-height-default elementor-section-height-default\" data-id=\"8110b7f\" data-element_type=\"section\" data-e-type=\"section\">\n\t\t\t\t\t\t<div class=\"elementor-container elementor-column-gap-default\">\n\t\t\t\t\t<div class=\"elementor-column elementor-col-100 elementor-top-column elementor-element elementor-element-ad221bd\" data-id=\"ad221bd\" data-element_type=\"column\" data-e-type=\"column\">\n\t\t\t<div class=\"elementor-widget-wrap elementor-element-populated\">\n\t\t\t\t\t\t<div class=\"elementor-element elementor-element-41fdc2d elementor-widget elementor-widget-gallery\" data-id=\"41fdc2d\" data-element_type=\"widget\" data-e-type=\"widget\" data-settings=\"{&quot;gap&quot;:{&quot;unit&quot;:&quot;px&quot;,&quot;size&quot;:3,&quot;sizes&quot;:[]},&quot;aspect_ratio&quot;:&quot;4:3&quot;,&quot;lazyload&quot;:&quot;yes&quot;,&quot;gallery_layout&quot;:&quot;grid&quot;,&quot;columns&quot;:4,&quot;columns_tablet&quot;:2,&quot;columns_mobile&quot;:1,&quot;gap_tablet&quot;:{&quot;unit&quot;:&quot;px&quot;,&quot;size&quot;:10,&quot;sizes&quot;:[]},&quot;gap_mobile&quot;:{&quot;unit&quot;:&quot;px&quot;,&quot;size&quot;:10,&quot;sizes&quot;:[]},&quot;link_to&quot;:&quot;file&quot;,&quot;overlay_background&quot;:&quot;yes&quot;,&quot;content_hover_animation&quot;:&quot;fade-in&quot;}\" data-widget_type=\"gallery.default\">\n\t\t\t\t<div class=\"elementor-widget-container\">\n\t\t\t\t\t\t\t<div class=\"elementor-gallery__container\">\n\t\t\t\t\t\t\t<a class=\"e-gallery-item elementor-gallery-item elementor-animated-content\" href=\"https:\/\/i0.wp.com\/electriccartour.com\/wp-content\/uploads\/2023\/05\/mima-noche-en-blanco-scaled.webp?fit=1707%2C2560&#038;ssl=1\" data-elementor-open-lightbox=\"yes\" data-elementor-lightbox-slideshow=\"41fdc2d\" data-elementor-lightbox-title=\"mima-noche-en-blanco\" data-elementor-lightbox-description=\"museo de la m\u00fasica mima en m\u00e1laga\" data-e-action-hash=\"#elementor-action%3Aaction%3Dlightbox%26settings%3DeyJpZCI6ODIyNywidXJsIjoiaHR0cHM6XC9cL2VsZWN0cmljY2FydG91ci5jb21cL3dwLWNvbnRlbnRcL3VwbG9hZHNcLzIwMjNcLzA1XC9taW1hLW5vY2hlLWVuLWJsYW5jby1zY2FsZWQud2VicCIsInNsaWRlc2hvdyI6IjQxZmRjMmQifQ%3D%3D\">\n\t\t\t\t\t<div class=\"e-gallery-image elementor-gallery-item__image\" data-thumbnail=\"https:\/\/i0.wp.com\/electriccartour.com\/wp-content\/uploads\/2023\/05\/mima-noche-en-blanco-scaled.webp?fit=640%2C960&amp;ssl=1\" data-width=\"640\" data-height=\"960\" aria-label=\"museo de la m\u00fasica mima en m\u00e1laga\" role=\"img\" ><\/div>\n\t\t\t\t\t\t\t\t\t\t\t<div class=\"elementor-gallery-item__overlay\"><\/div>\n\t\t\t\t\t\t\t\t\t\t\t\t\t\t<\/a>\n\t\t\t\t\t\t\t<a class=\"e-gallery-item elementor-gallery-item elementor-animated-content\" href=\"https:\/\/i0.wp.com\/electriccartour.com\/wp-content\/uploads\/2023\/05\/museo-de-la-musica-noche-en-blanco-scaled.webp?fit=2560%2C1707&#038;ssl=1\" data-elementor-open-lightbox=\"yes\" data-elementor-lightbox-slideshow=\"41fdc2d\" data-elementor-lightbox-title=\"museo-de-la-musica-noche-en-blanco\" data-elementor-lightbox-description=\"museo de la m\u00fasica mima\" data-e-action-hash=\"#elementor-action%3Aaction%3Dlightbox%26settings%3DeyJpZCI6ODIzMSwidXJsIjoiaHR0cHM6XC9cL2VsZWN0cmljY2FydG91ci5jb21cL3dwLWNvbnRlbnRcL3VwbG9hZHNcLzIwMjNcLzA1XC9tdXNlby1kZS1sYS1tdXNpY2Etbm9jaGUtZW4tYmxhbmNvLXNjYWxlZC53ZWJwIiwic2xpZGVzaG93IjoiNDFmZGMyZCJ9\">\n\t\t\t\t\t<div class=\"e-gallery-image elementor-gallery-item__image\" data-thumbnail=\"https:\/\/i0.wp.com\/electriccartour.com\/wp-content\/uploads\/2023\/05\/museo-de-la-musica-noche-en-blanco-scaled.webp?fit=640%2C427&amp;ssl=1\" data-width=\"640\" data-height=\"427\" aria-label=\"museo de la m\u00fasica mima\" role=\"img\" ><\/div>\n\t\t\t\t\t\t\t\t\t\t\t<div class=\"elementor-gallery-item__overlay\"><\/div>\n\t\t\t\t\t\t\t\t\t\t\t\t\t\t<\/a>\n\t\t\t\t\t\t\t<a class=\"e-gallery-item elementor-gallery-item elementor-animated-content\" href=\"https:\/\/i0.wp.com\/electriccartour.com\/wp-content\/uploads\/2023\/05\/musica-noche-en-blanco-scaled.webp?fit=2560%2C1707&#038;ssl=1\" data-elementor-open-lightbox=\"yes\" data-elementor-lightbox-slideshow=\"41fdc2d\" data-elementor-lightbox-title=\"musica-noche-en-blanco\" data-elementor-lightbox-description=\"eventos musicales noche en blanco de m\u00e1laga\" data-e-action-hash=\"#elementor-action%3Aaction%3Dlightbox%26settings%3DeyJpZCI6ODIzNSwidXJsIjoiaHR0cHM6XC9cL2VsZWN0cmljY2FydG91ci5jb21cL3dwLWNvbnRlbnRcL3VwbG9hZHNcLzIwMjNcLzA1XC9tdXNpY2Etbm9jaGUtZW4tYmxhbmNvLXNjYWxlZC53ZWJwIiwic2xpZGVzaG93IjoiNDFmZGMyZCJ9\">\n\t\t\t\t\t<div class=\"e-gallery-image elementor-gallery-item__image\" data-thumbnail=\"https:\/\/i0.wp.com\/electriccartour.com\/wp-content\/uploads\/2023\/05\/musica-noche-en-blanco-scaled.webp?fit=640%2C427&amp;ssl=1\" data-width=\"640\" data-height=\"427\" aria-label=\"eventos musicales noche en blanco de m\u00e1laga\" role=\"img\" ><\/div>\n\t\t\t\t\t\t\t\t\t\t\t<div class=\"elementor-gallery-item__overlay\"><\/div>\n\t\t\t\t\t\t\t\t\t\t\t\t\t\t<\/a>\n\t\t\t\t\t\t\t<a class=\"e-gallery-item elementor-gallery-item elementor-animated-content\" href=\"https:\/\/i0.wp.com\/electriccartour.com\/wp-content\/uploads\/2023\/05\/noche-en-blanco-2023-scaled.webp?fit=2560%2C1707&#038;ssl=1\" data-elementor-open-lightbox=\"yes\" data-elementor-lightbox-slideshow=\"41fdc2d\" data-elementor-lightbox-title=\"noche-en-blanco-2023\" data-elementor-lightbox-description=\"noche en blanco de m\u00e1laga 2023\" data-e-action-hash=\"#elementor-action%3Aaction%3Dlightbox%26settings%3DeyJpZCI6ODIzOSwidXJsIjoiaHR0cHM6XC9cL2VsZWN0cmljY2FydG91ci5jb21cL3dwLWNvbnRlbnRcL3VwbG9hZHNcLzIwMjNcLzA1XC9ub2NoZS1lbi1ibGFuY28tMjAyMy1zY2FsZWQud2VicCIsInNsaWRlc2hvdyI6IjQxZmRjMmQifQ%3D%3D\">\n\t\t\t\t\t<div class=\"e-gallery-image elementor-gallery-item__image\" data-thumbnail=\"https:\/\/i0.wp.com\/electriccartour.com\/wp-content\/uploads\/2023\/05\/noche-en-blanco-2023-scaled.webp?fit=640%2C427&amp;ssl=1\" data-width=\"640\" data-height=\"427\" aria-label=\"noche en blanco de m\u00e1laga 2023\" role=\"img\" ><\/div>\n\t\t\t\t\t\t\t\t\t\t\t<div class=\"elementor-gallery-item__overlay\"><\/div>\n\t\t\t\t\t\t\t\t\t\t\t\t\t\t<\/a>\n\t\t\t\t\t\t\t<a class=\"e-gallery-item elementor-gallery-item elementor-animated-content\" href=\"https:\/\/i0.wp.com\/electriccartour.com\/wp-content\/uploads\/2023\/05\/plaza-la-merced-noche-en-blanco-scaled.webp?fit=2560%2C1707&#038;ssl=1\" data-elementor-open-lightbox=\"yes\" data-elementor-lightbox-slideshow=\"41fdc2d\" data-elementor-lightbox-title=\"plaza-la-merced-noche-en-blanco\" data-elementor-lightbox-description=\"plaza de la merced en la noche en blanco\" data-e-action-hash=\"#elementor-action%3Aaction%3Dlightbox%26settings%3DeyJpZCI6ODI0MywidXJsIjoiaHR0cHM6XC9cL2VsZWN0cmljY2FydG91ci5jb21cL3dwLWNvbnRlbnRcL3VwbG9hZHNcLzIwMjNcLzA1XC9wbGF6YS1sYS1tZXJjZWQtbm9jaGUtZW4tYmxhbmNvLXNjYWxlZC53ZWJwIiwic2xpZGVzaG93IjoiNDFmZGMyZCJ9\">\n\t\t\t\t\t<div class=\"e-gallery-image elementor-gallery-item__image\" data-thumbnail=\"https:\/\/i0.wp.com\/electriccartour.com\/wp-content\/uploads\/2023\/05\/plaza-la-merced-noche-en-blanco-scaled.webp?fit=640%2C427&amp;ssl=1\" data-width=\"640\" data-height=\"427\" aria-label=\"plaza de la merced en la noche en blanco\" role=\"img\" ><\/div>\n\t\t\t\t\t\t\t\t\t\t\t<div class=\"elementor-gallery-item__overlay\"><\/div>\n\t\t\t\t\t\t\t\t\t\t\t\t\t\t<\/a>\n\t\t\t\t\t\t\t<a class=\"e-gallery-item elementor-gallery-item elementor-animated-content\" href=\"https:\/\/i0.wp.com\/electriccartour.com\/wp-content\/uploads\/2023\/05\/restos-romanos-mima-scaled.webp?fit=2560%2C1707&#038;ssl=1\" data-elementor-open-lightbox=\"yes\" data-elementor-lightbox-slideshow=\"41fdc2d\" data-elementor-lightbox-title=\"restos-romanos-mima\" data-elementor-lightbox-description=\"restos romanos en el museo de la m\u00fasica mima\" data-e-action-hash=\"#elementor-action%3Aaction%3Dlightbox%26settings%3DeyJpZCI6ODI0NywidXJsIjoiaHR0cHM6XC9cL2VsZWN0cmljY2FydG91ci5jb21cL3dwLWNvbnRlbnRcL3VwbG9hZHNcLzIwMjNcLzA1XC9yZXN0b3Mtcm9tYW5vcy1taW1hLXNjYWxlZC53ZWJwIiwic2xpZGVzaG93IjoiNDFmZGMyZCJ9\">\n\t\t\t\t\t<div class=\"e-gallery-image elementor-gallery-item__image\" data-thumbnail=\"https:\/\/i0.wp.com\/electriccartour.com\/wp-content\/uploads\/2023\/05\/restos-romanos-mima-scaled.webp?fit=640%2C427&amp;ssl=1\" data-width=\"640\" data-height=\"427\" aria-label=\"restos romanos en el museo de la m\u00fasica mima\" role=\"img\" ><\/div>\n\t\t\t\t\t\t\t\t\t\t\t<div class=\"elementor-gallery-item__overlay\"><\/div>\n\t\t\t\t\t\t\t\t\t\t\t\t\t\t<\/a>\n\t\t\t\t\t\t\t<a class=\"e-gallery-item elementor-gallery-item elementor-animated-content\" href=\"https:\/\/i0.wp.com\/electriccartour.com\/wp-content\/uploads\/2023\/05\/street-art-noche-en-blanco-scaled.webp?fit=2560%2C1707&#038;ssl=1\" data-elementor-open-lightbox=\"yes\" data-elementor-lightbox-slideshow=\"41fdc2d\" data-elementor-lightbox-title=\"street-art-noche-en-blanco\" data-elementor-lightbox-description=\"street art noche en blanco\" data-e-action-hash=\"#elementor-action%3Aaction%3Dlightbox%26settings%3DeyJpZCI6ODI1MSwidXJsIjoiaHR0cHM6XC9cL2VsZWN0cmljY2FydG91ci5jb21cL3dwLWNvbnRlbnRcL3VwbG9hZHNcLzIwMjNcLzA1XC9zdHJlZXQtYXJ0LW5vY2hlLWVuLWJsYW5jby1zY2FsZWQud2VicCIsInNsaWRlc2hvdyI6IjQxZmRjMmQifQ%3D%3D\">\n\t\t\t\t\t<div class=\"e-gallery-image elementor-gallery-item__image\" data-thumbnail=\"https:\/\/i0.wp.com\/electriccartour.com\/wp-content\/uploads\/2023\/05\/street-art-noche-en-blanco-scaled.webp?fit=640%2C427&amp;ssl=1\" data-width=\"640\" data-height=\"427\" aria-label=\"street art noche en blanco\" role=\"img\" ><\/div>\n\t\t\t\t\t\t\t\t\t\t\t<div class=\"elementor-gallery-item__overlay\"><\/div>\n\t\t\t\t\t\t\t\t\t\t\t\t\t\t<\/a>\n\t\t\t\t\t\t\t<a class=\"e-gallery-item elementor-gallery-item elementor-animated-content\" href=\"https:\/\/i0.wp.com\/electriccartour.com\/wp-content\/uploads\/2023\/05\/video-juegos-noche-en-blanco-scaled.webp?fit=1707%2C2560&#038;ssl=1\" data-elementor-open-lightbox=\"yes\" data-elementor-lightbox-slideshow=\"41fdc2d\" data-elementor-lightbox-title=\"video-juegos-noche-en-blanco\" data-elementor-lightbox-description=\"video juegos en la noche en blanco\" data-e-action-hash=\"#elementor-action%3Aaction%3Dlightbox%26settings%3DeyJpZCI6ODI1NSwidXJsIjoiaHR0cHM6XC9cL2VsZWN0cmljY2FydG91ci5jb21cL3dwLWNvbnRlbnRcL3VwbG9hZHNcLzIwMjNcLzA1XC92aWRlby1qdWVnb3Mtbm9jaGUtZW4tYmxhbmNvLXNjYWxlZC53ZWJwIiwic2xpZGVzaG93IjoiNDFmZGMyZCJ9\">\n\t\t\t\t\t<div class=\"e-gallery-image elementor-gallery-item__image\" data-thumbnail=\"https:\/\/i0.wp.com\/electriccartour.com\/wp-content\/uploads\/2023\/05\/video-juegos-noche-en-blanco-scaled.webp?fit=640%2C960&amp;ssl=1\" data-width=\"640\" data-height=\"960\" aria-label=\"video juegos en la noche en blanco\" role=\"img\" ><\/div>\n\t\t\t\t\t\t\t\t\t\t\t<div class=\"elementor-gallery-item__overlay\"><\/div>\n\t\t\t\t\t\t\t\t\t\t\t\t\t\t<\/a>\n\t\t\t\t\t<\/div>\n\t\t\t\t\t<\/div>\n\t\t\t\t<\/div>\n\t\t\t\t\t<\/div>\n\t\t<\/div>\n\t\t\t\t\t<\/div>\n\t\t<\/section>\n\t\t\t\t<\/div>\n\t\t","protected":false},"excerpt":{"rendered":"<p>Today we present one of the most popular events in the city of Malaga, La noche en Blanco. La Noche en Blanco de M\u00e1laga is a cultural and artistic event held annually in the city of M\u00e1laga. During this night, numerous cultural and artistic activities will take place in different parts of the city. La &hellip; <\/p>\n<p class=\"link-more\"><a href=\"https:\/\/electriccartour.com\/en\/la-noche-en-blanco-de-malaga-2023\/\" class=\"more-link\">Continue reading<span class=\"screen-reader-text\"> &#8220;La noche en Blanco de M\u00e1laga 2023&#8221;<\/span><\/a><\/p>\n","protected":false},"author":1,"featured_media":8252,"comment_status":"closed","ping_status":"closed","sticky":false,"template":"","format":"standard","meta":{"_jetpack_memberships_contains_paid_content":false,"_joinchat":[],"footnotes":""},"categories":[32],"tags":[],"class_list":["post-8268","post","type-post","status-publish","format-standard","has-post-thumbnail","hentry","category-uncategorized","entry"],"yoast_head":"<!-- This site is optimized with the Yoast SEO plugin v27.4 - https:\/\/yoast.com\/product\/yoast-seo-wordpress\/ -->\n<title>White Night in Malaga<\/title>\n<meta name=\"description\" content=\"La Noche en Blanco de M\u00e1laga is a cultural and artistic event held annually in the city of M\u00e1laga.\" \/>\n<meta name=\"robots\" content=\"index, follow, max-snippet:-1, max-image-preview:large, max-video-preview:-1\" \/>\n<link rel=\"canonical\" href=\"https:\/\/electriccartour.com\/en\/la-noche-en-blanco-de-malaga-2023\/\" \/>\n<meta property=\"og:locale\" content=\"en_US\" \/>\n<meta property=\"og:type\" content=\"article\" \/>\n<meta property=\"og:title\" content=\"White Night in Malaga\" \/>\n<meta property=\"og:description\" content=\"La Noche en Blanco de M\u00e1laga is a cultural and artistic event held annually in the city of M\u00e1laga.\" \/>\n<meta property=\"og:url\" content=\"https:\/\/electriccartour.com\/en\/la-noche-en-blanco-de-malaga-2023\/\" \/>\n<meta property=\"og:site_name\" content=\"Tours en Coche El\u00e9ctrico en M\u00e1laga \u267b\ufe0f | Electric Car Tour\" \/>\n<meta property=\"article:publisher\" content=\"https:\/\/www.facebook.com\/Tourenvechiculoselectricos\/\" \/>\n<meta property=\"article:author\" content=\"https:\/\/www.facebook.com\/Tourenvechiculoselectricos\/\" \/>\n<meta property=\"article:published_time\" content=\"2023-05-21T19:40:41+00:00\" \/>\n<meta property=\"article:modified_time\" content=\"2025-03-10T20:59:00+00:00\" \/>\n<meta property=\"og:image\" content=\"https:\/\/i0.wp.com\/electriccartour.com\/wp-content\/uploads\/2023\/05\/street-art-noche-en-blanco-scaled.webp?fit=2560%2C1707&ssl=1\" \/>\n\t<meta property=\"og:image:width\" content=\"2560\" \/>\n\t<meta property=\"og:image:height\" content=\"1707\" \/>\n\t<meta property=\"og:image:type\" content=\"image\/webp\" \/>\n<meta name=\"author\" content=\"electriccartour\" \/>\n<meta name=\"twitter:card\" content=\"summary_large_image\" \/>\n<meta name=\"twitter:creator\" content=\"@https:\/\/twitter.com\/electric_tour\" \/>\n<meta name=\"twitter:site\" content=\"@electric_tour\" \/>\n<meta name=\"twitter:label1\" content=\"Written by\" \/>\n\t<meta name=\"twitter:data1\" content=\"electriccartour\" \/>\n\t<meta name=\"twitter:label2\" content=\"Est. reading time\" \/>\n\t<meta name=\"twitter:data2\" content=\"1 minute\" \/>\n<script type=\"application\/ld+json\" class=\"yoast-schema-graph\">{\"@context\":\"https:\\\/\\\/schema.org\",\"@graph\":[{\"@type\":\"Article\",\"@id\":\"https:\\\/\\\/electriccartour.com\\\/en\\\/la-noche-en-blanco-de-malaga-2023\\\/#article\",\"isPartOf\":{\"@id\":\"https:\\\/\\\/electriccartour.com\\\/en\\\/la-noche-en-blanco-de-malaga-2023\\\/\"},\"author\":{\"name\":\"electriccartour\",\"@id\":\"https:\\\/\\\/electriccartour.com\\\/en\\\/#\\\/schema\\\/person\\\/14020537da6216f7471b49e5e929cba1\"},\"headline\":\"La noche en Blanco de M\u00e1laga 2023\",\"datePublished\":\"2023-05-21T19:40:41+00:00\",\"dateModified\":\"2025-03-10T20:59:00+00:00\",\"mainEntityOfPage\":{\"@id\":\"https:\\\/\\\/electriccartour.com\\\/en\\\/la-noche-en-blanco-de-malaga-2023\\\/\"},\"wordCount\":265,\"publisher\":{\"@id\":\"https:\\\/\\\/electriccartour.com\\\/en\\\/#organization\"},\"image\":{\"@id\":\"https:\\\/\\\/electriccartour.com\\\/en\\\/la-noche-en-blanco-de-malaga-2023\\\/#primaryimage\"},\"thumbnailUrl\":\"https:\\\/\\\/i0.wp.com\\\/electriccartour.com\\\/wp-content\\\/uploads\\\/2023\\\/05\\\/street-art-noche-en-blanco-scaled.webp?fit=2560%2C1707&ssl=1\",\"inLanguage\":\"en-US\"},{\"@type\":\"WebPage\",\"@id\":\"https:\\\/\\\/electriccartour.com\\\/en\\\/la-noche-en-blanco-de-malaga-2023\\\/\",\"url\":\"https:\\\/\\\/electriccartour.com\\\/en\\\/la-noche-en-blanco-de-malaga-2023\\\/\",\"name\":\"White Night in Malaga\",\"isPartOf\":{\"@id\":\"https:\\\/\\\/electriccartour.com\\\/en\\\/#website\"},\"primaryImageOfPage\":{\"@id\":\"https:\\\/\\\/electriccartour.com\\\/en\\\/la-noche-en-blanco-de-malaga-2023\\\/#primaryimage\"},\"image\":{\"@id\":\"https:\\\/\\\/electriccartour.com\\\/en\\\/la-noche-en-blanco-de-malaga-2023\\\/#primaryimage\"},\"thumbnailUrl\":\"https:\\\/\\\/i0.wp.com\\\/electriccartour.com\\\/wp-content\\\/uploads\\\/2023\\\/05\\\/street-art-noche-en-blanco-scaled.webp?fit=2560%2C1707&ssl=1\",\"datePublished\":\"2023-05-21T19:40:41+00:00\",\"dateModified\":\"2025-03-10T20:59:00+00:00\",\"description\":\"La Noche en Blanco de M\u00e1laga is a cultural and artistic event held annually in the city of M\u00e1laga.\",\"breadcrumb\":{\"@id\":\"https:\\\/\\\/electriccartour.com\\\/en\\\/la-noche-en-blanco-de-malaga-2023\\\/#breadcrumb\"},\"inLanguage\":\"en-US\",\"potentialAction\":[{\"@type\":\"ReadAction\",\"target\":[\"https:\\\/\\\/electriccartour.com\\\/en\\\/la-noche-en-blanco-de-malaga-2023\\\/\"]}]},{\"@type\":\"ImageObject\",\"inLanguage\":\"en-US\",\"@id\":\"https:\\\/\\\/electriccartour.com\\\/en\\\/la-noche-en-blanco-de-malaga-2023\\\/#primaryimage\",\"url\":\"https:\\\/\\\/i0.wp.com\\\/electriccartour.com\\\/wp-content\\\/uploads\\\/2023\\\/05\\\/street-art-noche-en-blanco-scaled.webp?fit=2560%2C1707&ssl=1\",\"contentUrl\":\"https:\\\/\\\/i0.wp.com\\\/electriccartour.com\\\/wp-content\\\/uploads\\\/2023\\\/05\\\/street-art-noche-en-blanco-scaled.webp?fit=2560%2C1707&ssl=1\",\"width\":2560,\"height\":1707,\"caption\":\"street art noche en blanco\"},{\"@type\":\"BreadcrumbList\",\"@id\":\"https:\\\/\\\/electriccartour.com\\\/en\\\/la-noche-en-blanco-de-malaga-2023\\\/#breadcrumb\",\"itemListElement\":[{\"@type\":\"ListItem\",\"position\":1,\"name\":\"Portada\",\"item\":\"https:\\\/\\\/electriccartour.com\\\/en\\\/\"},{\"@type\":\"ListItem\",\"position\":2,\"name\":\"La noche en Blanco de M\u00e1laga 2023\"}]},{\"@type\":\"WebSite\",\"@id\":\"https:\\\/\\\/electriccartour.com\\\/en\\\/#website\",\"url\":\"https:\\\/\\\/electriccartour.com\\\/en\\\/\",\"name\":\"Tours en Coche El\u00e9ctrico en M\u00e1laga \u267b\ufe0f | Electric Car Tour\",\"description\":\"Descubre M\u00e1laga de forma sostenible con Electric Car Tour. Disfruta de tours guiados en coche el\u00e9ctrico y explora los principales atractivos tur\u00edsticos de la ciudad.\",\"publisher\":{\"@id\":\"https:\\\/\\\/electriccartour.com\\\/en\\\/#organization\"},\"alternateName\":\"Electric Car Tour - M\u00e1laga\",\"potentialAction\":[{\"@type\":\"SearchAction\",\"target\":{\"@type\":\"EntryPoint\",\"urlTemplate\":\"https:\\\/\\\/electriccartour.com\\\/en\\\/?s={search_term_string}\"},\"query-input\":{\"@type\":\"PropertyValueSpecification\",\"valueRequired\":true,\"valueName\":\"search_term_string\"}}],\"inLanguage\":\"en-US\"},{\"@type\":\"Organization\",\"@id\":\"https:\\\/\\\/electriccartour.com\\\/en\\\/#organization\",\"name\":\"Electric Car Tour\",\"alternateName\":\"electriccartour\",\"url\":\"https:\\\/\\\/electriccartour.com\\\/en\\\/\",\"logo\":{\"@type\":\"ImageObject\",\"inLanguage\":\"en-US\",\"@id\":\"https:\\\/\\\/electriccartour.com\\\/en\\\/#\\\/schema\\\/logo\\\/image\\\/\",\"url\":\"https:\\\/\\\/i0.wp.com\\\/electriccartour.com\\\/wp-content\\\/uploads\\\/2021\\\/12\\\/181002_ECT_Logo5389f3-1920w.png?fit=1920%2C462&ssl=1\",\"contentUrl\":\"https:\\\/\\\/i0.wp.com\\\/electriccartour.com\\\/wp-content\\\/uploads\\\/2021\\\/12\\\/181002_ECT_Logo5389f3-1920w.png?fit=1920%2C462&ssl=1\",\"width\":1920,\"height\":462,\"caption\":\"Electric Car Tour\"},\"image\":{\"@id\":\"https:\\\/\\\/electriccartour.com\\\/en\\\/#\\\/schema\\\/logo\\\/image\\\/\"},\"sameAs\":[\"https:\\\/\\\/www.facebook.com\\\/Tourenvechiculoselectricos\\\/\",\"https:\\\/\\\/x.com\\\/electric_tour\",\"https:\\\/\\\/www.youtube.com\\\/channel\\\/UClzjmLNm6Auwdnix5FwnxXw\",\"https:\\\/\\\/www.instagram.com\\\/electriccartour\\\/\",\"https:\\\/\\\/tripadvisor.com\\\/Attraction_Review-g187438-d15198737-Reviews-Electric_Car_Tour-Malaga_Costa_del_Sol_Province_of_Malaga_Andalucia.html\"]},{\"@type\":\"Person\",\"@id\":\"https:\\\/\\\/electriccartour.com\\\/en\\\/#\\\/schema\\\/person\\\/14020537da6216f7471b49e5e929cba1\",\"name\":\"electriccartour\",\"image\":{\"@type\":\"ImageObject\",\"inLanguage\":\"en-US\",\"@id\":\"https:\\\/\\\/secure.gravatar.com\\\/avatar\\\/fe8515b4ef6ae0fb0465b6ace38c4969d9b25f2d9a0c49eee2553face0582368?s=96&d=mm&r=g\",\"url\":\"https:\\\/\\\/secure.gravatar.com\\\/avatar\\\/fe8515b4ef6ae0fb0465b6ace38c4969d9b25f2d9a0c49eee2553face0582368?s=96&d=mm&r=g\",\"contentUrl\":\"https:\\\/\\\/secure.gravatar.com\\\/avatar\\\/fe8515b4ef6ae0fb0465b6ace38c4969d9b25f2d9a0c49eee2553face0582368?s=96&d=mm&r=g\",\"caption\":\"electriccartour\"},\"sameAs\":[\"http:\\\/\\\/electriccartour.com\",\"https:\\\/\\\/www.facebook.com\\\/Tourenvechiculoselectricos\\\/\",\"https:\\\/\\\/www.instagram.com\\\/electriccartour\\\/\",\"https:\\\/\\\/www.linkedin.com\\\/in\\\/gema-martnez-aa8ab2183\",\"https:\\\/\\\/x.com\\\/https:\\\/\\\/twitter.com\\\/electric_tour\",\"https:\\\/\\\/www.youtube.com\\\/channel\\\/UClzjmLNm6Auwdnix5FwnxXw\"],\"url\":\"https:\\\/\\\/electriccartour.com\\\/en\\\/author\\\/electriccartour\\\/\"}]}<\/script>\n<!-- \/ Yoast SEO plugin. -->","yoast_head_json":{"title":"White Night in Malaga","description":"La Noche en Blanco de M\u00e1laga is a cultural and artistic event held annually in the city of M\u00e1laga.","robots":{"index":"index","follow":"follow","max-snippet":"max-snippet:-1","max-image-preview":"max-image-preview:large","max-video-preview":"max-video-preview:-1"},"canonical":"https:\/\/electriccartour.com\/en\/la-noche-en-blanco-de-malaga-2023\/","og_locale":"en_US","og_type":"article","og_title":"White Night in Malaga","og_description":"La Noche en Blanco de M\u00e1laga is a cultural and artistic event held annually in the city of M\u00e1laga.","og_url":"https:\/\/electriccartour.com\/en\/la-noche-en-blanco-de-malaga-2023\/","og_site_name":"Tours en Coche El\u00e9ctrico en M\u00e1laga \u267b\ufe0f | Electric Car Tour","article_publisher":"https:\/\/www.facebook.com\/Tourenvechiculoselectricos\/","article_author":"https:\/\/www.facebook.com\/Tourenvechiculoselectricos\/","article_published_time":"2023-05-21T19:40:41+00:00","article_modified_time":"2025-03-10T20:59:00+00:00","og_image":[{"width":2560,"height":1707,"url":"https:\/\/i0.wp.com\/electriccartour.com\/wp-content\/uploads\/2023\/05\/street-art-noche-en-blanco-scaled.webp?fit=2560%2C1707&ssl=1","type":"image\/webp"}],"author":"electriccartour","twitter_card":"summary_large_image","twitter_creator":"@https:\/\/twitter.com\/electric_tour","twitter_site":"@electric_tour","twitter_misc":{"Written by":"electriccartour","Est. reading time":"1 minute"},"schema":{"@context":"https:\/\/schema.org","@graph":[{"@type":"Article","@id":"https:\/\/electriccartour.com\/en\/la-noche-en-blanco-de-malaga-2023\/#article","isPartOf":{"@id":"https:\/\/electriccartour.com\/en\/la-noche-en-blanco-de-malaga-2023\/"},"author":{"name":"electriccartour","@id":"https:\/\/electriccartour.com\/en\/#\/schema\/person\/14020537da6216f7471b49e5e929cba1"},"headline":"La noche en Blanco de M\u00e1laga 2023","datePublished":"2023-05-21T19:40:41+00:00","dateModified":"2025-03-10T20:59:00+00:00","mainEntityOfPage":{"@id":"https:\/\/electriccartour.com\/en\/la-noche-en-blanco-de-malaga-2023\/"},"wordCount":265,"publisher":{"@id":"https:\/\/electriccartour.com\/en\/#organization"},"image":{"@id":"https:\/\/electriccartour.com\/en\/la-noche-en-blanco-de-malaga-2023\/#primaryimage"},"thumbnailUrl":"https:\/\/i0.wp.com\/electriccartour.com\/wp-content\/uploads\/2023\/05\/street-art-noche-en-blanco-scaled.webp?fit=2560%2C1707&ssl=1","inLanguage":"en-US"},{"@type":"WebPage","@id":"https:\/\/electriccartour.com\/en\/la-noche-en-blanco-de-malaga-2023\/","url":"https:\/\/electriccartour.com\/en\/la-noche-en-blanco-de-malaga-2023\/","name":"White Night in Malaga","isPartOf":{"@id":"https:\/\/electriccartour.com\/en\/#website"},"primaryImageOfPage":{"@id":"https:\/\/electriccartour.com\/en\/la-noche-en-blanco-de-malaga-2023\/#primaryimage"},"image":{"@id":"https:\/\/electriccartour.com\/en\/la-noche-en-blanco-de-malaga-2023\/#primaryimage"},"thumbnailUrl":"https:\/\/i0.wp.com\/electriccartour.com\/wp-content\/uploads\/2023\/05\/street-art-noche-en-blanco-scaled.webp?fit=2560%2C1707&ssl=1","datePublished":"2023-05-21T19:40:41+00:00","dateModified":"2025-03-10T20:59:00+00:00","description":"La Noche en Blanco de M\u00e1laga is a cultural and artistic event held annually in the city of M\u00e1laga.","breadcrumb":{"@id":"https:\/\/electriccartour.com\/en\/la-noche-en-blanco-de-malaga-2023\/#breadcrumb"},"inLanguage":"en-US","potentialAction":[{"@type":"ReadAction","target":["https:\/\/electriccartour.com\/en\/la-noche-en-blanco-de-malaga-2023\/"]}]},{"@type":"ImageObject","inLanguage":"en-US","@id":"https:\/\/electriccartour.com\/en\/la-noche-en-blanco-de-malaga-2023\/#primaryimage","url":"https:\/\/i0.wp.com\/electriccartour.com\/wp-content\/uploads\/2023\/05\/street-art-noche-en-blanco-scaled.webp?fit=2560%2C1707&ssl=1","contentUrl":"https:\/\/i0.wp.com\/electriccartour.com\/wp-content\/uploads\/2023\/05\/street-art-noche-en-blanco-scaled.webp?fit=2560%2C1707&ssl=1","width":2560,"height":1707,"caption":"street art noche en blanco"},{"@type":"BreadcrumbList","@id":"https:\/\/electriccartour.com\/en\/la-noche-en-blanco-de-malaga-2023\/#breadcrumb","itemListElement":[{"@type":"ListItem","position":1,"name":"Portada","item":"https:\/\/electriccartour.com\/en\/"},{"@type":"ListItem","position":2,"name":"La noche en Blanco de M\u00e1laga 2023"}]},{"@type":"WebSite","@id":"https:\/\/electriccartour.com\/en\/#website","url":"https:\/\/electriccartour.com\/en\/","name":"Tours en Coche El\u00e9ctrico en M\u00e1laga \u267b\ufe0f | Electric Car Tour","description":"Descubre M\u00e1laga de forma sostenible con Electric Car Tour. Disfruta de tours guiados en coche el\u00e9ctrico y explora los principales atractivos tur\u00edsticos de la ciudad.","publisher":{"@id":"https:\/\/electriccartour.com\/en\/#organization"},"alternateName":"Electric Car Tour - M\u00e1laga","potentialAction":[{"@type":"SearchAction","target":{"@type":"EntryPoint","urlTemplate":"https:\/\/electriccartour.com\/en\/?s={search_term_string}"},"query-input":{"@type":"PropertyValueSpecification","valueRequired":true,"valueName":"search_term_string"}}],"inLanguage":"en-US"},{"@type":"Organization","@id":"https:\/\/electriccartour.com\/en\/#organization","name":"Electric Car Tour","alternateName":"electriccartour","url":"https:\/\/electriccartour.com\/en\/","logo":{"@type":"ImageObject","inLanguage":"en-US","@id":"https:\/\/electriccartour.com\/en\/#\/schema\/logo\/image\/","url":"https:\/\/i0.wp.com\/electriccartour.com\/wp-content\/uploads\/2021\/12\/181002_ECT_Logo5389f3-1920w.png?fit=1920%2C462&ssl=1","contentUrl":"https:\/\/i0.wp.com\/electriccartour.com\/wp-content\/uploads\/2021\/12\/181002_ECT_Logo5389f3-1920w.png?fit=1920%2C462&ssl=1","width":1920,"height":462,"caption":"Electric Car Tour"},"image":{"@id":"https:\/\/electriccartour.com\/en\/#\/schema\/logo\/image\/"},"sameAs":["https:\/\/www.facebook.com\/Tourenvechiculoselectricos\/","https:\/\/x.com\/electric_tour","https:\/\/www.youtube.com\/channel\/UClzjmLNm6Auwdnix5FwnxXw","https:\/\/www.instagram.com\/electriccartour\/","https:\/\/tripadvisor.com\/Attraction_Review-g187438-d15198737-Reviews-Electric_Car_Tour-Malaga_Costa_del_Sol_Province_of_Malaga_Andalucia.html"]},{"@type":"Person","@id":"https:\/\/electriccartour.com\/en\/#\/schema\/person\/14020537da6216f7471b49e5e929cba1","name":"electriccartour","image":{"@type":"ImageObject","inLanguage":"en-US","@id":"https:\/\/secure.gravatar.com\/avatar\/fe8515b4ef6ae0fb0465b6ace38c4969d9b25f2d9a0c49eee2553face0582368?s=96&d=mm&r=g","url":"https:\/\/secure.gravatar.com\/avatar\/fe8515b4ef6ae0fb0465b6ace38c4969d9b25f2d9a0c49eee2553face0582368?s=96&d=mm&r=g","contentUrl":"https:\/\/secure.gravatar.com\/avatar\/fe8515b4ef6ae0fb0465b6ace38c4969d9b25f2d9a0c49eee2553face0582368?s=96&d=mm&r=g","caption":"electriccartour"},"sameAs":["http:\/\/electriccartour.com","https:\/\/www.facebook.com\/Tourenvechiculoselectricos\/","https:\/\/www.instagram.com\/electriccartour\/","https:\/\/www.linkedin.com\/in\/gema-martnez-aa8ab2183","https:\/\/x.com\/https:\/\/twitter.com\/electric_tour","https:\/\/www.youtube.com\/channel\/UClzjmLNm6Auwdnix5FwnxXw"],"url":"https:\/\/electriccartour.com\/en\/author\/electriccartour\/"}]}},"jetpack_featured_media_url":"https:\/\/i0.wp.com\/electriccartour.com\/wp-content\/uploads\/2023\/05\/street-art-noche-en-blanco-scaled.webp?fit=2560%2C1707&ssl=1","jetpack_sharing_enabled":true,"_links":{"self":[{"href":"https:\/\/electriccartour.com\/en\/wp-json\/wp\/v2\/posts\/8268","targetHints":{"allow":["GET"]}}],"collection":[{"href":"https:\/\/electriccartour.com\/en\/wp-json\/wp\/v2\/posts"}],"about":[{"href":"https:\/\/electriccartour.com\/en\/wp-json\/wp\/v2\/types\/post"}],"author":[{"embeddable":true,"href":"https:\/\/electriccartour.com\/en\/wp-json\/wp\/v2\/users\/1"}],"replies":[{"embeddable":true,"href":"https:\/\/electriccartour.com\/en\/wp-json\/wp\/v2\/comments?post=8268"}],"version-history":[{"count":0,"href":"https:\/\/electriccartour.com\/en\/wp-json\/wp\/v2\/posts\/8268\/revisions"}],"wp:featuredmedia":[{"embeddable":true,"href":"https:\/\/electriccartour.com\/en\/wp-json\/wp\/v2\/media\/8252"}],"wp:attachment":[{"href":"https:\/\/electriccartour.com\/en\/wp-json\/wp\/v2\/media?parent=8268"}],"wp:term":[{"taxonomy":"category","embeddable":true,"href":"https:\/\/electriccartour.com\/en\/wp-json\/wp\/v2\/categories?post=8268"},{"taxonomy":"post_tag","embeddable":true,"href":"https:\/\/electriccartour.com\/en\/wp-json\/wp\/v2\/tags?post=8268"}],"curies":[{"name":"wp","href":"https:\/\/api.w.org\/{rel}","templated":true}]}}