{"id":14656,"date":"2026-04-06T19:51:10","date_gmt":"2026-04-06T18:51:10","guid":{"rendered":"https:\/\/electriccartour.com\/foire-de-malaga-2026-guide-complet-avec-conseils-locaux\/"},"modified":"2026-04-19T16:38:49","modified_gmt":"2026-04-19T15:38:49","slug":"foire-de-malaga-2026-guide-complet-avec-conseils-locaux","status":"publish","type":"post","link":"https:\/\/electriccartour.com\/fr\/foire-de-malaga-2026-guide-complet-avec-conseils-locaux\/","title":{"rendered":"Foire de Malaga 2026 : guide complet avec conseils locaux"},"content":{"rendered":"\t\t<div data-elementor-type=\"wp-post\" data-elementor-id=\"14656\" class=\"elementor elementor-14656 elementor-14602\" data-elementor-post-type=\"post\">\n\t\t\t\t\t\t<section class=\"elementor-section elementor-top-section elementor-element elementor-element-a11f6a4 elementor-section-boxed elementor-section-height-default elementor-section-height-default\" data-id=\"a11f6a4\" data-element_type=\"section\" data-e-type=\"section\">\n\t\t\t\t\t\t<div class=\"elementor-container elementor-column-gap-default\">\n\t\t\t\t\t<div class=\"elementor-column elementor-col-100 elementor-top-column elementor-element elementor-element-1f424d2\" data-id=\"1f424d2\" data-element_type=\"column\" data-e-type=\"column\">\n\t\t\t<div class=\"elementor-widget-wrap elementor-element-populated\">\n\t\t\t\t\t\t<div class=\"elementor-element elementor-element-258d284 elementor-widget elementor-widget-heading\" data-id=\"258d284\" data-element_type=\"widget\" data-e-type=\"widget\" data-widget_type=\"heading.default\">\n\t\t\t\t<div class=\"elementor-widget-container\">\n\t\t\t\t\t<h2 class=\"elementor-heading-title elementor-size-default\">Quand aura lieu la Foire de Malaga 2026 ? Dates et dur\u00e9e <\/h2>\t\t\t\t<\/div>\n\t\t\t\t<\/div>\n\t\t\t\t\t<\/div>\n\t\t<\/div>\n\t\t\t\t\t<\/div>\n\t\t<\/section>\n\t\t\t\t<section class=\"elementor-section elementor-top-section elementor-element elementor-element-ecba563 elementor-section-boxed elementor-section-height-default elementor-section-height-default\" data-id=\"ecba563\" data-element_type=\"section\" data-e-type=\"section\">\n\t\t\t\t\t\t<div class=\"elementor-container elementor-column-gap-default\">\n\t\t\t\t\t<div class=\"elementor-column elementor-col-100 elementor-top-column elementor-element elementor-element-fbf16b8\" data-id=\"fbf16b8\" data-element_type=\"column\" data-e-type=\"column\">\n\t\t\t<div class=\"elementor-widget-wrap elementor-element-populated\">\n\t\t\t\t\t\t<div class=\"elementor-element elementor-element-51dc910 elementor-widget elementor-widget-text-editor\" data-id=\"51dc910\" data-element_type=\"widget\" data-e-type=\"widget\" data-widget_type=\"text-editor.default\">\n\t\t\t\t<div class=\"elementor-widget-container\">\n\t\t\t\t\t\t\t\t\t<p data-start=\"247\" data-end=\"564\">La <strong>Foire de Malaga 2026<\/strong> se tiendra <strong>du 15 au 22 ao\u00fbt,<\/strong> suivant la tradition de se tenir au milieu de l&rsquo;\u00e9t\u00e9. La foire commence par un <strong>feu d&rsquo;artifice<\/strong> sur la plage<strong> (le vendredi 14 \u00e0<\/strong> 00h00) et dure une semaine pleine d&rsquo;ambiance, de musique et d&rsquo;activit\u00e9s dans le centre historique et sur le site de la foire. <\/p>\t\t\t\t\t\t\t\t<\/div>\n\t\t\t\t<\/div>\n\t\t\t\t\t<\/div>\n\t\t<\/div>\n\t\t\t\t\t<\/div>\n\t\t<\/section>\n\t\t\t\t<section class=\"elementor-section elementor-top-section elementor-element elementor-element-da24e46 elementor-section-boxed elementor-section-height-default elementor-section-height-default\" data-id=\"da24e46\" data-element_type=\"section\" data-e-type=\"section\">\n\t\t\t\t\t\t<div class=\"elementor-container elementor-column-gap-default\">\n\t\t\t\t\t<div class=\"elementor-column elementor-col-100 elementor-top-column elementor-element elementor-element-caad24b\" data-id=\"caad24b\" data-element_type=\"column\" data-e-type=\"column\">\n\t\t\t<div class=\"elementor-widget-wrap elementor-element-populated\">\n\t\t\t\t\t\t<div class=\"elementor-element elementor-element-bedfd45 elementor-widget elementor-widget-text-editor\" data-id=\"bedfd45\" data-element_type=\"widget\" data-e-type=\"widget\" data-widget_type=\"text-editor.default\">\n\t\t\t\t<div class=\"elementor-widget-container\">\n\t\t\t\t\t\t\t\t\t<p>C&rsquo;est l&rsquo;un des moments les plus attendus de l&rsquo;ann\u00e9e \u00e0 Malaga, qui attire des milliers de visiteurs d\u00e9sireux de profiter de son atmosph\u00e8re unique.<\/p><ul><li><strong data-start=\"961\" data-end=\"974\">Dur\u00e9e :<\/strong> 8 jours d&rsquo;exposition<\/li><\/ul>\t\t\t\t\t\t\t\t<\/div>\n\t\t\t\t<\/div>\n\t\t\t\t\t<\/div>\n\t\t<\/div>\n\t\t\t\t\t<\/div>\n\t\t<\/section>\n\t\t\t\t<section class=\"elementor-section elementor-top-section elementor-element elementor-element-3209ca1 elementor-section-boxed elementor-section-height-default elementor-section-height-default\" data-id=\"3209ca1\" data-element_type=\"section\" data-e-type=\"section\">\n\t\t\t\t\t\t<div class=\"elementor-container elementor-column-gap-default\">\n\t\t\t\t\t<div class=\"elementor-column elementor-col-100 elementor-top-column elementor-element elementor-element-f407fef\" data-id=\"f407fef\" data-element_type=\"column\" data-e-type=\"column\">\n\t\t\t<div class=\"elementor-widget-wrap elementor-element-populated\">\n\t\t\t\t\t\t<div class=\"elementor-element elementor-element-25a3a29 elementor-widget elementor-widget-heading\" data-id=\"25a3a29\" data-element_type=\"widget\" data-e-type=\"widget\" data-widget_type=\"heading.default\">\n\t\t\t\t<div class=\"elementor-widget-container\">\n\t\t\t\t\t<h2 class=\"elementor-heading-title elementor-size-default\">Foire d'un jour dans le centre historique de Malaga<\/h2>\t\t\t\t<\/div>\n\t\t\t\t<\/div>\n\t\t\t\t\t<\/div>\n\t\t<\/div>\n\t\t\t\t\t<\/div>\n\t\t<\/section>\n\t\t\t\t<section class=\"elementor-section elementor-top-section elementor-element elementor-element-b70b342 elementor-section-boxed elementor-section-height-default elementor-section-height-default\" data-id=\"b70b342\" data-element_type=\"section\" data-e-type=\"section\">\n\t\t\t\t\t\t<div class=\"elementor-container elementor-column-gap-default\">\n\t\t\t\t\t<div class=\"elementor-column elementor-col-100 elementor-top-column elementor-element elementor-element-79b7f54\" data-id=\"79b7f54\" data-element_type=\"column\" data-e-type=\"column\">\n\t\t\t<div class=\"elementor-widget-wrap elementor-element-populated\">\n\t\t\t\t\t\t<div class=\"elementor-element elementor-element-ba18421 elementor-widget elementor-widget-text-editor\" data-id=\"ba18421\" data-element_type=\"widget\" data-e-type=\"widget\" data-widget_type=\"text-editor.default\">\n\t\t\t\t<div class=\"elementor-widget-container\">\n\t\t\t\t\t\t\t\t\t<p>La <strong>foire de Malaga de jour se d\u00e9roule dans le centre historique<\/strong>, o\u00f9 les rues se remplissent de musique, de danse et d&rsquo;une atmosph\u00e8re anim\u00e9e \u00e0 partir de midi. Des quartiers comme la<strong> Calle Larios, la Plaza de la Constituci\u00f3n<\/strong> et les environs deviennent l&rsquo;\u00e9picentre de la foire diurne, o\u00f9 les gens s&rsquo;amusent, dansent et boivent un verre au rythme de la musique traditionnelle et moderne. <\/p>\t\t\t\t\t\t\t\t<\/div>\n\t\t\t\t<\/div>\n\t\t\t\t\t<\/div>\n\t\t<\/div>\n\t\t\t\t\t<\/div>\n\t\t<\/section>\n\t\t\t\t<section class=\"elementor-section elementor-top-section elementor-element elementor-element-2ff02be elementor-section-boxed elementor-section-height-default elementor-section-height-default\" data-id=\"2ff02be\" data-element_type=\"section\" data-e-type=\"section\">\n\t\t\t\t\t\t<div class=\"elementor-container elementor-column-gap-default\">\n\t\t\t\t\t<div class=\"elementor-column elementor-col-100 elementor-top-column elementor-element elementor-element-5f3b70a\" data-id=\"5f3b70a\" data-element_type=\"column\" data-e-type=\"column\">\n\t\t\t<div class=\"elementor-widget-wrap elementor-element-populated\">\n\t\t\t\t\t\t<div class=\"elementor-element elementor-element-1620c69 elementor-widget elementor-widget-text-editor\" data-id=\"1620c69\" data-element_type=\"widget\" data-e-type=\"widget\" data-widget_type=\"text-editor.default\">\n\t\t\t\t<div class=\"elementor-widget-container\">\n\t\t\t\t\t\t\t\t\t<p>C&rsquo;est l&rsquo;endroit id\u00e9al pour ceux qui recherchent une atmosph\u00e8re plus ouverte et accessible, id\u00e9ale pour se promener, d\u00e9couvrir des coins de la ville et vivre la foire et ses traditions d&rsquo;une mani\u00e8re plus proche et plus spontan\u00e9e.<\/p>\t\t\t\t\t\t\t\t<\/div>\n\t\t\t\t<\/div>\n\t\t\t\t\t<\/div>\n\t\t<\/div>\n\t\t\t\t\t<\/div>\n\t\t<\/section>\n\t\t\t\t<section class=\"elementor-section elementor-top-section elementor-element elementor-element-7d04b0e elementor-section-boxed elementor-section-height-default elementor-section-height-default\" data-id=\"7d04b0e\" data-element_type=\"section\" data-e-type=\"section\">\n\t\t\t\t\t\t<div class=\"elementor-container elementor-column-gap-default\">\n\t\t\t\t\t<div class=\"elementor-column elementor-col-100 elementor-top-column elementor-element elementor-element-52b5f40\" data-id=\"52b5f40\" data-element_type=\"column\" data-e-type=\"column\">\n\t\t\t<div class=\"elementor-widget-wrap elementor-element-populated\">\n\t\t\t\t\t\t<div class=\"elementor-element elementor-element-60d65b7 elementor-widget elementor-widget-image\" data-id=\"60d65b7\" data-element_type=\"widget\" data-e-type=\"widget\" data-widget_type=\"image.default\">\n\t\t\t\t<div class=\"elementor-widget-container\">\n\t\t\t\t\t\t\t\t\t\t\t\t\t\t\t<img fetchpriority=\"high\" decoding=\"async\" width=\"640\" height=\"427\" src=\"https:\/\/i0.wp.com\/electriccartour.com\/wp-content\/uploads\/2026\/04\/feria-malaga-calle-larios.webp?fit=640%2C427&amp;ssl=1\" class=\"attachment-medium_large size-medium_large wp-image-14665\" alt=\"Calle Larios durante la Feria de M\u00e1laga con decoraci\u00f3n festiva y gran afluencia de personas paseando bajo toldos y guirnaldas\" srcset=\"https:\/\/i0.wp.com\/electriccartour.com\/wp-content\/uploads\/2026\/04\/feria-malaga-calle-larios.webp?w=1536&amp;ssl=1 1536w, https:\/\/i0.wp.com\/electriccartour.com\/wp-content\/uploads\/2026\/04\/feria-malaga-calle-larios.webp?resize=300%2C200&amp;ssl=1 300w, https:\/\/i0.wp.com\/electriccartour.com\/wp-content\/uploads\/2026\/04\/feria-malaga-calle-larios.webp?resize=1024%2C683&amp;ssl=1 1024w, https:\/\/i0.wp.com\/electriccartour.com\/wp-content\/uploads\/2026\/04\/feria-malaga-calle-larios.webp?resize=768%2C512&amp;ssl=1 768w, https:\/\/i0.wp.com\/electriccartour.com\/wp-content\/uploads\/2026\/04\/feria-malaga-calle-larios.webp?w=1280&amp;ssl=1 1280w\" sizes=\"(max-width: 640px) 100vw, 640px\" \/>\t\t\t\t\t\t\t\t\t\t\t\t\t\t\t<\/div>\n\t\t\t\t<\/div>\n\t\t\t\t\t<\/div>\n\t\t<\/div>\n\t\t\t\t\t<\/div>\n\t\t<\/section>\n\t\t\t\t<section class=\"elementor-section elementor-top-section elementor-element elementor-element-e1b90cb elementor-section-boxed elementor-section-height-default elementor-section-height-default\" data-id=\"e1b90cb\" data-element_type=\"section\" data-e-type=\"section\">\n\t\t\t\t\t\t<div class=\"elementor-container elementor-column-gap-default\">\n\t\t\t\t\t<div class=\"elementor-column elementor-col-100 elementor-top-column elementor-element elementor-element-609b994\" data-id=\"609b994\" data-element_type=\"column\" data-e-type=\"column\">\n\t\t\t<div class=\"elementor-widget-wrap elementor-element-populated\">\n\t\t\t\t\t\t<div class=\"elementor-element elementor-element-392b000 elementor-widget elementor-widget-heading\" data-id=\"392b000\" data-element_type=\"widget\" data-e-type=\"widget\" data-widget_type=\"heading.default\">\n\t\t\t\t<div class=\"elementor-widget-container\">\n\t\t\t\t\t<h2 class=\"elementor-heading-title elementor-size-default\">Le p\u00e8lerinage de la Virgen de la Victoria : le d\u00e9but de la Foire de Malaga<\/h2>\t\t\t\t<\/div>\n\t\t\t\t<\/div>\n\t\t\t\t\t<\/div>\n\t\t<\/div>\n\t\t\t\t\t<\/div>\n\t\t<\/section>\n\t\t\t\t<section class=\"elementor-section elementor-top-section elementor-element elementor-element-3e44e7d elementor-section-boxed elementor-section-height-default elementor-section-height-default\" data-id=\"3e44e7d\" data-element_type=\"section\" data-e-type=\"section\">\n\t\t\t\t\t\t<div class=\"elementor-container elementor-column-gap-default\">\n\t\t\t\t\t<div class=\"elementor-column elementor-col-100 elementor-top-column elementor-element elementor-element-49a1408\" data-id=\"49a1408\" data-element_type=\"column\" data-e-type=\"column\">\n\t\t\t<div class=\"elementor-widget-wrap elementor-element-populated\">\n\t\t\t\t\t\t<div class=\"elementor-element elementor-element-2ccef94 elementor-widget elementor-widget-text-editor\" data-id=\"2ccef94\" data-element_type=\"widget\" data-e-type=\"widget\" data-widget_type=\"text-editor.default\">\n\t\t\t\t<div class=\"elementor-widget-container\">\n\t\t\t\t\t\t\t\t\t<p>La <strong>foire de Malaga commence<\/strong> <strong>officiellement par l&rsquo;<\/strong> un de ses moments les plus sp\u00e9ciaux : le <strong>p\u00e8lerinage de la Virgen de la Victoria,<\/strong> <strong>patronne de la ville<\/strong>. Cet \u00e9v\u00e9nement a lieu le samedi pr\u00e9c\u00e9dant l&rsquo;ouverture de la foire et marque le d\u00e9but des c\u00e9l\u00e9brations. <\/p>\t\t\t\t\t\t\t\t<\/div>\n\t\t\t\t<\/div>\n\t\t\t\t\t<\/div>\n\t\t<\/div>\n\t\t\t\t\t<\/div>\n\t\t<\/section>\n\t\t\t\t<section class=\"elementor-section elementor-top-section elementor-element elementor-element-ba784d3 elementor-section-boxed elementor-section-height-default elementor-section-height-default\" data-id=\"ba784d3\" data-element_type=\"section\" data-e-type=\"section\">\n\t\t\t\t\t\t<div class=\"elementor-container elementor-column-gap-default\">\n\t\t\t\t\t<div class=\"elementor-column elementor-col-100 elementor-top-column elementor-element elementor-element-9a158bc\" data-id=\"9a158bc\" data-element_type=\"column\" data-e-type=\"column\">\n\t\t\t<div class=\"elementor-widget-wrap elementor-element-populated\">\n\t\t\t\t\t\t<div class=\"elementor-element elementor-element-3e5b033 elementor-widget elementor-widget-text-editor\" data-id=\"3e5b033\" data-element_type=\"widget\" data-e-type=\"widget\" data-widget_type=\"text-editor.default\">\n\t\t\t\t<div class=\"elementor-widget-container\">\n\t\t\t\t\t\t\t\t\t<p><strong>Pendant le p\u00e8lerinage, les habitants de Malaga accompagnent la Vierge<\/strong> depuis le centre-ville jusqu&rsquo;au Santuario de la Victoria, au cours d&rsquo;un <strong>voyage plein de traditions, de musique<\/strong> et d&rsquo;ambiance festive. C&rsquo;est un moment tr\u00e8s attendu par les habitants, o\u00f9 la d\u00e9votion et la f\u00eate se m\u00ealent dans une atmosph\u00e8re unique. <\/p>\t\t\t\t\t\t\t\t<\/div>\n\t\t\t\t<\/div>\n\t\t\t\t\t<\/div>\n\t\t<\/div>\n\t\t\t\t\t<\/div>\n\t\t<\/section>\n\t\t\t\t<section class=\"elementor-section elementor-top-section elementor-element elementor-element-bcc1b7e elementor-section-boxed elementor-section-height-default elementor-section-height-default\" data-id=\"bcc1b7e\" data-element_type=\"section\" data-e-type=\"section\">\n\t\t\t\t\t\t<div class=\"elementor-container elementor-column-gap-default\">\n\t\t\t\t\t<div class=\"elementor-column elementor-col-100 elementor-top-column elementor-element elementor-element-27c5ad9\" data-id=\"27c5ad9\" data-element_type=\"column\" data-e-type=\"column\">\n\t\t\t<div class=\"elementor-widget-wrap elementor-element-populated\">\n\t\t\t\t\t\t<div class=\"elementor-element elementor-element-b3dad60 elementor-widget elementor-widget-text-editor\" data-id=\"b3dad60\" data-element_type=\"widget\" data-e-type=\"widget\" data-widget_type=\"text-editor.default\">\n\t\t\t\t<div class=\"elementor-widget-container\">\n\t\t\t\t\t\t\t\t\t<p><strong>La Virgen de la Victoria est la patronne de Malaga depuis le XVe si\u00e8cle<\/strong> et est une figure tr\u00e8s importante pour la ville. <strong>Son histoire est li\u00e9e \u00e0 la conqu\u00eate de Malaga par les Rois Catholiques<\/strong>, et depuis lors, elle est devenue un symbole d&rsquo;identit\u00e9 et de tradition pour les habitants de Malaga.<\/p>\t\t\t\t\t\t\t\t<\/div>\n\t\t\t\t<\/div>\n\t\t\t\t\t<\/div>\n\t\t<\/div>\n\t\t\t\t\t<\/div>\n\t\t<\/section>\n\t\t\t\t<section class=\"elementor-section elementor-top-section elementor-element elementor-element-f7467d8 elementor-section-boxed elementor-section-height-default elementor-section-height-default\" data-id=\"f7467d8\" data-element_type=\"section\" data-e-type=\"section\">\n\t\t\t\t\t\t<div class=\"elementor-container elementor-column-gap-default\">\n\t\t\t\t\t<div class=\"elementor-column elementor-col-100 elementor-top-column elementor-element elementor-element-bf06639\" data-id=\"bf06639\" data-element_type=\"column\" data-e-type=\"column\">\n\t\t\t<div class=\"elementor-widget-wrap elementor-element-populated\">\n\t\t\t\t\t\t<div class=\"elementor-element elementor-element-88eb3af elementor-widget elementor-widget-image\" data-id=\"88eb3af\" data-element_type=\"widget\" data-e-type=\"widget\" data-widget_type=\"image.default\">\n\t\t\t\t<div class=\"elementor-widget-container\">\n\t\t\t\t\t\t\t\t\t\t\t\t\t\t\t<img decoding=\"async\" width=\"300\" height=\"192\" src=\"https:\/\/i0.wp.com\/electriccartour.com\/wp-content\/uploads\/2026\/04\/virgen-de-la-victoria-patrona-de-malaga.webp?fit=300%2C192&amp;ssl=1\" class=\"attachment-medium size-medium wp-image-14614\" alt=\"Virgen de la Victoria patrona de M\u00e1laga en su santuario durante la romer\u00eda\" srcset=\"https:\/\/i0.wp.com\/electriccartour.com\/wp-content\/uploads\/2026\/04\/virgen-de-la-victoria-patrona-de-malaga.webp?w=1170&amp;ssl=1 1170w, https:\/\/i0.wp.com\/electriccartour.com\/wp-content\/uploads\/2026\/04\/virgen-de-la-victoria-patrona-de-malaga.webp?resize=300%2C192&amp;ssl=1 300w, https:\/\/i0.wp.com\/electriccartour.com\/wp-content\/uploads\/2026\/04\/virgen-de-la-victoria-patrona-de-malaga.webp?resize=1024%2C656&amp;ssl=1 1024w, https:\/\/i0.wp.com\/electriccartour.com\/wp-content\/uploads\/2026\/04\/virgen-de-la-victoria-patrona-de-malaga.webp?resize=768%2C492&amp;ssl=1 768w\" sizes=\"(max-width: 300px) 100vw, 300px\" \/>\t\t\t\t\t\t\t\t\t\t\t\t\t\t\t<\/div>\n\t\t\t\t<\/div>\n\t\t\t\t\t<\/div>\n\t\t<\/div>\n\t\t\t\t\t<\/div>\n\t\t<\/section>\n\t\t\t\t<section class=\"elementor-section elementor-top-section elementor-element elementor-element-550b011 elementor-section-boxed elementor-section-height-default elementor-section-height-default\" data-id=\"550b011\" data-element_type=\"section\" data-e-type=\"section\">\n\t\t\t\t\t\t<div class=\"elementor-container elementor-column-gap-default\">\n\t\t\t\t\t<div class=\"elementor-column elementor-col-100 elementor-top-column elementor-element elementor-element-34aed72\" data-id=\"34aed72\" data-element_type=\"column\" data-e-type=\"column\">\n\t\t\t<div class=\"elementor-widget-wrap elementor-element-populated\">\n\t\t\t\t\t\t<div class=\"elementor-element elementor-element-37474dc elementor-widget elementor-widget-text-editor\" data-id=\"37474dc\" data-element_type=\"widget\" data-e-type=\"widget\" data-widget_type=\"text-editor.default\">\n\t\t\t\t<div class=\"elementor-widget-container\">\n\t\t\t\t\t\t\t\t\t<p>Bien qu&rsquo;il s&rsquo;agisse d&rsquo;un \u00e9v\u00e9nement \u00e0 forte <strong>composante religieuse, le p\u00e8lerinage a \u00e9galement un caract\u00e8re festif<\/strong> et constitue une bonne occasion de d\u00e9couvrir une partie plus authentique de la foire de Malaga.<\/p>\t\t\t\t\t\t\t\t<\/div>\n\t\t\t\t<\/div>\n\t\t\t\t\t<\/div>\n\t\t<\/div>\n\t\t\t\t\t<\/div>\n\t\t<\/section>\n\t\t\t\t<section class=\"elementor-section elementor-top-section elementor-element elementor-element-a1a930a elementor-section-boxed elementor-section-height-default elementor-section-height-default\" data-id=\"a1a930a\" data-element_type=\"section\" data-e-type=\"section\">\n\t\t\t\t\t\t<div class=\"elementor-container elementor-column-gap-default\">\n\t\t\t\t\t<div class=\"elementor-column elementor-col-100 elementor-top-column elementor-element elementor-element-d8f012a\" data-id=\"d8f012a\" data-element_type=\"column\" data-e-type=\"column\">\n\t\t\t<div class=\"elementor-widget-wrap elementor-element-populated\">\n\t\t\t\t\t\t<div class=\"elementor-element elementor-element-66fab54 elementor-widget elementor-widget-text-editor\" data-id=\"66fab54\" data-element_type=\"widget\" data-e-type=\"widget\" data-widget_type=\"text-editor.default\">\n\t\t\t\t<div class=\"elementor-widget-container\">\n\t\t\t\t\t\t\t\t\t<p><strong>Si vous \u00eates \u00e0 Malaga ce jour-l\u00e0, cela vaut la peine de venir vivre ce moment sp\u00e9cial<\/strong> avant le d\u00e9but de la foire.<\/p>\t\t\t\t\t\t\t\t<\/div>\n\t\t\t\t<\/div>\n\t\t\t\t\t<\/div>\n\t\t<\/div>\n\t\t\t\t\t<\/div>\n\t\t<\/section>\n\t\t\t\t<section class=\"elementor-section elementor-top-section elementor-element elementor-element-1cf7e6d elementor-section-boxed elementor-section-height-default elementor-section-height-default\" data-id=\"1cf7e6d\" data-element_type=\"section\" data-e-type=\"section\">\n\t\t\t\t\t\t<div class=\"elementor-container elementor-column-gap-default\">\n\t\t\t\t\t<div class=\"elementor-column elementor-col-100 elementor-top-column elementor-element elementor-element-0fae745\" data-id=\"0fae745\" data-element_type=\"column\" data-e-type=\"column\">\n\t\t\t<div class=\"elementor-widget-wrap elementor-element-populated\">\n\t\t\t\t\t\t<div class=\"elementor-element elementor-element-bfa2f3c elementor-widget elementor-widget-heading\" data-id=\"bfa2f3c\" data-element_type=\"widget\" data-e-type=\"widget\" data-widget_type=\"heading.default\">\n\t\t\t\t<div class=\"elementor-widget-container\">\n\t\t\t\t\t<h2 class=\"elementor-heading-title elementor-size-default\">Foire nocturne au champ de foire (Cortijo de Torres)<\/h2>\t\t\t\t<\/div>\n\t\t\t\t<\/div>\n\t\t\t\t\t<\/div>\n\t\t<\/div>\n\t\t\t\t\t<\/div>\n\t\t<\/section>\n\t\t\t\t<section class=\"elementor-section elementor-top-section elementor-element elementor-element-11d1080 elementor-section-boxed elementor-section-height-default elementor-section-height-default\" data-id=\"11d1080\" data-element_type=\"section\" data-e-type=\"section\">\n\t\t\t\t\t\t<div class=\"elementor-container elementor-column-gap-default\">\n\t\t\t\t\t<div class=\"elementor-column elementor-col-100 elementor-top-column elementor-element elementor-element-78695bc\" data-id=\"78695bc\" data-element_type=\"column\" data-e-type=\"column\">\n\t\t\t<div class=\"elementor-widget-wrap elementor-element-populated\">\n\t\t\t\t\t\t<div class=\"elementor-element elementor-element-e6c1b1e elementor-widget elementor-widget-text-editor\" data-id=\"e6c1b1e\" data-element_type=\"widget\" data-e-type=\"widget\" data-widget_type=\"text-editor.default\">\n\t\t\t\t<div class=\"elementor-widget-container\">\n\t\t\t\t\t\t\t\t\t<p>Contrairement \u00e0 la foire de jour du centre, <strong>le champ de foire est plus organis\u00e9 et dispose de grands espaces o\u00f9 se m\u00ealent musique, danse et gastronomie.<\/strong> C&rsquo;est l&rsquo;endroit id\u00e9al pour ceux qui recherchent une exp\u00e9rience plus intense et festive, avec des options pour tous les go\u00fbts. <\/p>\t\t\t\t\t\t\t\t<\/div>\n\t\t\t\t<\/div>\n\t\t\t\t\t<\/div>\n\t\t<\/div>\n\t\t\t\t\t<\/div>\n\t\t<\/section>\n\t\t\t\t<section class=\"elementor-section elementor-top-section elementor-element elementor-element-2f71454 elementor-section-boxed elementor-section-height-default elementor-section-height-default\" data-id=\"2f71454\" data-element_type=\"section\" data-e-type=\"section\">\n\t\t\t\t\t\t<div class=\"elementor-container elementor-column-gap-default\">\n\t\t\t\t\t<div class=\"elementor-column elementor-col-100 elementor-top-column elementor-element elementor-element-4551976\" data-id=\"4551976\" data-element_type=\"column\" data-e-type=\"column\">\n\t\t\t<div class=\"elementor-widget-wrap elementor-element-populated\">\n\t\t\t\t\t\t<div class=\"elementor-element elementor-element-af5601f elementor-widget elementor-widget-text-editor\" data-id=\"af5601f\" data-element_type=\"widget\" data-e-type=\"widget\" data-widget_type=\"text-editor.default\">\n\t\t\t\t<div class=\"elementor-widget-container\">\n\t\t\t\t\t\t\t\t\t<p><strong>Pendant la journ\u00e9e<\/strong>, le champ de foire de Cortijo de Torres a \u00e9galement sa propre atmosph\u00e8re, plus calme et plus traditionnelle. Il est courant de voir des <strong>habitants se promener \u00e0 cheval ou en cal\u00e8che, v\u00eatus de costumes de foire typiques,<\/strong> ce qui cr\u00e9e une sc\u00e8ne tr\u00e8s caract\u00e9ristique. C&rsquo;est aussi l&rsquo;occasion de fl\u00e2ner parmi les \u00e9tals et de d\u00e9guster la gastronomie locale dans une ambiance plus d\u00e9contract\u00e9e.  <\/p>\t\t\t\t\t\t\t\t<\/div>\n\t\t\t\t<\/div>\n\t\t\t\t\t<\/div>\n\t\t<\/div>\n\t\t\t\t\t<\/div>\n\t\t<\/section>\n\t\t\t\t<section class=\"elementor-section elementor-top-section elementor-element elementor-element-2cba7b7 elementor-section-boxed elementor-section-height-default elementor-section-height-default\" data-id=\"2cba7b7\" data-element_type=\"section\" data-e-type=\"section\">\n\t\t\t\t\t\t<div class=\"elementor-container elementor-column-gap-default\">\n\t\t\t\t\t<div class=\"elementor-column elementor-col-100 elementor-top-column elementor-element elementor-element-5109066\" data-id=\"5109066\" data-element_type=\"column\" data-e-type=\"column\">\n\t\t\t<div class=\"elementor-widget-wrap elementor-element-populated\">\n\t\t\t\t\t\t<div class=\"elementor-element elementor-element-a54b5e4 elementor-widget elementor-widget-image\" data-id=\"a54b5e4\" data-element_type=\"widget\" data-e-type=\"widget\" data-widget_type=\"image.default\">\n\t\t\t\t<div class=\"elementor-widget-container\">\n\t\t\t\t\t\t\t\t\t\t\t\t\t\t\t<img decoding=\"async\" width=\"300\" height=\"200\" src=\"https:\/\/i0.wp.com\/electriccartour.com\/wp-content\/uploads\/2026\/04\/programa-feria-de-malaga-atracciones.webp?fit=300%2C200&amp;ssl=1\" class=\"attachment-medium size-medium wp-image-14618\" alt=\"Atracciones y luces en el recinto ferial durante la Feria de M\u00e1laga de noche\" srcset=\"https:\/\/i0.wp.com\/electriccartour.com\/wp-content\/uploads\/2026\/04\/programa-feria-de-malaga-atracciones.webp?w=736&amp;ssl=1 736w, https:\/\/i0.wp.com\/electriccartour.com\/wp-content\/uploads\/2026\/04\/programa-feria-de-malaga-atracciones.webp?resize=300%2C200&amp;ssl=1 300w\" sizes=\"(max-width: 300px) 100vw, 300px\" \/>\t\t\t\t\t\t\t\t\t\t\t\t\t\t\t<\/div>\n\t\t\t\t<\/div>\n\t\t\t\t\t<\/div>\n\t\t<\/div>\n\t\t\t\t\t<\/div>\n\t\t<\/section>\n\t\t\t\t<section class=\"elementor-section elementor-top-section elementor-element elementor-element-6b432bd elementor-section-boxed elementor-section-height-default elementor-section-height-default\" data-id=\"6b432bd\" data-element_type=\"section\" data-e-type=\"section\">\n\t\t\t\t\t\t<div class=\"elementor-container elementor-column-gap-default\">\n\t\t\t\t\t<div class=\"elementor-column elementor-col-100 elementor-top-column elementor-element elementor-element-036afc7\" data-id=\"036afc7\" data-element_type=\"column\" data-e-type=\"column\">\n\t\t\t<div class=\"elementor-widget-wrap elementor-element-populated\">\n\t\t\t\t\t\t<div class=\"elementor-element elementor-element-8fe2bbe elementor-widget elementor-widget-text-editor\" data-id=\"8fe2bbe\" data-element_type=\"widget\" data-e-type=\"widget\" data-widget_type=\"text-editor.default\">\n\t\t\t\t<div class=\"elementor-widget-container\">\n\t\t\t\t\t\t\t\t\t<p><strong>La nuit<\/strong>,<strong> la foire de Malaga se d\u00e9place vers le parc des expositions de Cortijo de Torres, o\u00f9 l&rsquo;atmosph\u00e8re change compl\u00e8tement.<\/strong> C&rsquo;est l&rsquo;endroit id\u00e9al pour profiter de la foire jusqu&rsquo;au petit matin.<\/p>\t\t\t\t\t\t\t\t<\/div>\n\t\t\t\t<\/div>\n\t\t\t\t\t<\/div>\n\t\t<\/div>\n\t\t\t\t\t<\/div>\n\t\t<\/section>\n\t\t\t\t<section class=\"elementor-section elementor-top-section elementor-element elementor-element-45f73e7 elementor-section-boxed elementor-section-height-default elementor-section-height-default\" data-id=\"45f73e7\" data-element_type=\"section\" data-e-type=\"section\">\n\t\t\t\t\t\t<div class=\"elementor-container elementor-column-gap-default\">\n\t\t\t\t\t<div class=\"elementor-column elementor-col-100 elementor-top-column elementor-element elementor-element-4c9e055\" data-id=\"4c9e055\" data-element_type=\"column\" data-e-type=\"column\">\n\t\t\t<div class=\"elementor-widget-wrap elementor-element-populated\">\n\t\t\t\t\t\t<div class=\"elementor-element elementor-element-d56a7a8 elementor-widget elementor-widget-text-editor\" data-id=\"d56a7a8\" data-element_type=\"widget\" data-e-type=\"widget\" data-widget_type=\"text-editor.default\">\n\t\t\t\t<div class=\"elementor-widget-container\">\n\t\t\t\t\t\t\t\t\t<p><strong>Le site propose des \u00e9choppes traditionnelles, des restaurants et des attractions.<\/strong> C&rsquo;est donc une bonne option pour les groupes ou m\u00eame les familles, surtout en d\u00e9but de soir\u00e9e.<\/p>\t\t\t\t\t\t\t\t<\/div>\n\t\t\t\t<\/div>\n\t\t\t\t\t<\/div>\n\t\t<\/div>\n\t\t\t\t\t<\/div>\n\t\t<\/section>\n\t\t\t\t<section class=\"elementor-section elementor-top-section elementor-element elementor-element-3fda6cf elementor-section-boxed elementor-section-height-default elementor-section-height-default\" data-id=\"3fda6cf\" data-element_type=\"section\" data-e-type=\"section\">\n\t\t\t\t\t\t<div class=\"elementor-container elementor-column-gap-default\">\n\t\t\t\t\t<div class=\"elementor-column elementor-col-100 elementor-top-column elementor-element elementor-element-e6b9ca5\" data-id=\"e6b9ca5\" data-element_type=\"column\" data-e-type=\"column\">\n\t\t\t<div class=\"elementor-widget-wrap elementor-element-populated\">\n\t\t\t\t\t\t<div class=\"elementor-element elementor-element-2d5e049 elementor-widget elementor-widget-heading\" data-id=\"2d5e049\" data-element_type=\"widget\" data-e-type=\"widget\" data-widget_type=\"heading.default\">\n\t\t\t\t<div class=\"elementor-widget-container\">\n\t\t\t\t\t<h2 class=\"elementor-heading-title elementor-size-default\">Comment se d\u00e9placer pendant la foire de Malaga<\/h2>\t\t\t\t<\/div>\n\t\t\t\t<\/div>\n\t\t\t\t\t<\/div>\n\t\t<\/div>\n\t\t\t\t\t<\/div>\n\t\t<\/section>\n\t\t\t\t<section class=\"elementor-section elementor-top-section elementor-element elementor-element-69fc558 elementor-section-boxed elementor-section-height-default elementor-section-height-default\" data-id=\"69fc558\" data-element_type=\"section\" data-e-type=\"section\">\n\t\t\t\t\t\t<div class=\"elementor-container elementor-column-gap-default\">\n\t\t\t\t\t<div class=\"elementor-column elementor-col-100 elementor-top-column elementor-element elementor-element-bf4d08f\" data-id=\"bf4d08f\" data-element_type=\"column\" data-e-type=\"column\">\n\t\t\t<div class=\"elementor-widget-wrap elementor-element-populated\">\n\t\t\t\t\t\t<div class=\"elementor-element elementor-element-0613751 elementor-widget elementor-widget-text-editor\" data-id=\"0613751\" data-element_type=\"widget\" data-e-type=\"widget\" data-widget_type=\"text-editor.default\">\n\t\t\t\t<div class=\"elementor-widget-container\">\n\t\t\t\t\t\t\t\t\t<p><strong>Pendant la foire de Malaga,<\/strong> <strong>se d\u00e9placer dans la ville peut s&rsquo;av\u00e9rer difficile<\/strong> en raison de l&rsquo;afflux de personnes et des embouteillages dans le centre. C&rsquo;est pourquoi il est important de bien planifier vos d\u00e9placements, surtout si vous souhaitez vous rendre \u00e0 la foire pendant la journ\u00e9e ou la nuit. <\/p>\t\t\t\t\t\t\t\t<\/div>\n\t\t\t\t<\/div>\n\t\t\t\t\t<\/div>\n\t\t<\/div>\n\t\t\t\t\t<\/div>\n\t\t<\/section>\n\t\t\t\t<section class=\"elementor-section elementor-top-section elementor-element elementor-element-6fb4720 elementor-section-boxed elementor-section-height-default elementor-section-height-default\" data-id=\"6fb4720\" data-element_type=\"section\" data-e-type=\"section\">\n\t\t\t\t\t\t<div class=\"elementor-container elementor-column-gap-default\">\n\t\t\t\t\t<div class=\"elementor-column elementor-col-100 elementor-top-column elementor-element elementor-element-84ec984\" data-id=\"84ec984\" data-element_type=\"column\" data-e-type=\"column\">\n\t\t\t<div class=\"elementor-widget-wrap elementor-element-populated\">\n\t\t\t\t\t\t<div class=\"elementor-element elementor-element-f41ab3d elementor-widget elementor-widget-text-editor\" data-id=\"f41ab3d\" data-element_type=\"widget\" data-e-type=\"widget\" data-widget_type=\"text-editor.default\">\n\t\t\t\t<div class=\"elementor-widget-container\">\n\t\t\t\t\t\t\t\t\t<p>L&rsquo;<strong>une des options les plus recommand\u00e9es est d&rsquo;utiliser les transports publics<\/strong>, car la <strong>mairie renforce les lignes de bus<\/strong> pendant ces journ\u00e9es, avec des <strong>liaisons fr\u00e9quentes entre le centre et le parc des expositions de<\/strong> Cortijo de Torres.<\/p>\t\t\t\t\t\t\t\t<\/div>\n\t\t\t\t<\/div>\n\t\t\t\t\t<\/div>\n\t\t<\/div>\n\t\t\t\t\t<\/div>\n\t\t<\/section>\n\t\t\t\t<section class=\"elementor-section elementor-top-section elementor-element elementor-element-de327f6 elementor-section-boxed elementor-section-height-default elementor-section-height-default\" data-id=\"de327f6\" data-element_type=\"section\" data-e-type=\"section\">\n\t\t\t\t\t\t<div class=\"elementor-container elementor-column-gap-default\">\n\t\t\t\t\t<div class=\"elementor-column elementor-col-100 elementor-top-column elementor-element elementor-element-3eb9926\" data-id=\"3eb9926\" data-element_type=\"column\" data-e-type=\"column\">\n\t\t\t<div class=\"elementor-widget-wrap elementor-element-populated\">\n\t\t\t\t\t\t<div class=\"elementor-element elementor-element-3b5bb96 elementor-widget elementor-widget-image\" data-id=\"3b5bb96\" data-element_type=\"widget\" data-e-type=\"widget\" data-widget_type=\"image.default\">\n\t\t\t\t<div class=\"elementor-widget-container\">\n\t\t\t\t\t\t\t\t\t\t\t\t\t\t\t<img loading=\"lazy\" decoding=\"async\" width=\"300\" height=\"200\" src=\"https:\/\/i0.wp.com\/electriccartour.com\/wp-content\/uploads\/2026\/02\/fan-trip-malaga-tour-coche-electrico.webp?fit=300%2C200&amp;ssl=1\" class=\"attachment-medium size-medium wp-image-14365\" alt=\"Grupo de amigos durante un fan trip en tour guiado en coche el\u00e9ctrico por M\u00e1laga.\" srcset=\"https:\/\/i0.wp.com\/electriccartour.com\/wp-content\/uploads\/2026\/02\/fan-trip-malaga-tour-coche-electrico.webp?w=1536&amp;ssl=1 1536w, https:\/\/i0.wp.com\/electriccartour.com\/wp-content\/uploads\/2026\/02\/fan-trip-malaga-tour-coche-electrico.webp?resize=300%2C200&amp;ssl=1 300w, https:\/\/i0.wp.com\/electriccartour.com\/wp-content\/uploads\/2026\/02\/fan-trip-malaga-tour-coche-electrico.webp?resize=1024%2C683&amp;ssl=1 1024w, https:\/\/i0.wp.com\/electriccartour.com\/wp-content\/uploads\/2026\/02\/fan-trip-malaga-tour-coche-electrico.webp?resize=768%2C512&amp;ssl=1 768w, https:\/\/i0.wp.com\/electriccartour.com\/wp-content\/uploads\/2026\/02\/fan-trip-malaga-tour-coche-electrico.webp?w=1280&amp;ssl=1 1280w\" sizes=\"(max-width: 300px) 100vw, 300px\" \/>\t\t\t\t\t\t\t\t\t\t\t\t\t\t\t<\/div>\n\t\t\t\t<\/div>\n\t\t\t\t\t<\/div>\n\t\t<\/div>\n\t\t\t\t\t<\/div>\n\t\t<\/section>\n\t\t\t\t<section class=\"elementor-section elementor-top-section elementor-element elementor-element-f59d98a elementor-section-boxed elementor-section-height-default elementor-section-height-default\" data-id=\"f59d98a\" data-element_type=\"section\" data-e-type=\"section\">\n\t\t\t\t\t\t<div class=\"elementor-container elementor-column-gap-default\">\n\t\t\t\t\t<div class=\"elementor-column elementor-col-100 elementor-top-column elementor-element elementor-element-552e467\" data-id=\"552e467\" data-element_type=\"column\" data-e-type=\"column\">\n\t\t\t<div class=\"elementor-widget-wrap elementor-element-populated\">\n\t\t\t\t\t\t<div class=\"elementor-element elementor-element-e0aa9ac elementor-widget elementor-widget-text-editor\" data-id=\"e0aa9ac\" data-element_type=\"widget\" data-e-type=\"widget\" data-widget_type=\"text-editor.default\">\n\t\t\t\t<div class=\"elementor-widget-container\">\n\t\t\t\t\t\t\t\t\t<p><strong>Les taxis et les services de transport priv\u00e9s sont \u00e9galement courants<\/strong>, bien qu&rsquo;aux heures de pointe la demande puisse \u00eatre assez forte. Si vous d\u00e9cidez de vous d\u00e9placer en voiture, il est conseill\u00e9 de vous renseigner \u00e0 l&rsquo;avance sur les zones de stationnement disponibles, car de nombreuses rues du centre sont soumises \u00e0 des restrictions. <\/p>\t\t\t\t\t\t\t\t<\/div>\n\t\t\t\t<\/div>\n\t\t\t\t\t<\/div>\n\t\t<\/div>\n\t\t\t\t\t<\/div>\n\t\t<\/section>\n\t\t\t\t<section class=\"elementor-section elementor-top-section elementor-element elementor-element-eda68e4 elementor-section-boxed elementor-section-height-default elementor-section-height-default\" data-id=\"eda68e4\" data-element_type=\"section\" data-e-type=\"section\">\n\t\t\t\t\t\t<div class=\"elementor-container elementor-column-gap-default\">\n\t\t\t\t\t<div class=\"elementor-column elementor-col-100 elementor-top-column elementor-element elementor-element-46b6bcf\" data-id=\"46b6bcf\" data-element_type=\"column\" data-e-type=\"column\">\n\t\t\t<div class=\"elementor-widget-wrap elementor-element-populated\">\n\t\t\t\t\t\t<div class=\"elementor-element elementor-element-56b47e5 elementor-widget elementor-widget-text-editor\" data-id=\"56b47e5\" data-element_type=\"widget\" data-e-type=\"widget\" data-widget_type=\"text-editor.default\">\n\t\t\t\t<div class=\"elementor-widget-container\">\n\t\t\t\t\t\t\t\t\t<p>Pour <strong>ceux qui pr\u00e9f\u00e8rent une option plus confortable et diff\u00e9rente, il existe \u00e9galement des exp\u00e9riences guid\u00e9es dans la ville<\/strong> qui vous permettent de <strong>conna\u00eetre Malaga de mani\u00e8re plus d\u00e9tendue<\/strong> avant de profiter de la foire, en \u00e9vitant les probl\u00e8mes de circulation et de stationnement.<\/p>\t\t\t\t\t\t\t\t<\/div>\n\t\t\t\t<\/div>\n\t\t\t\t\t<\/div>\n\t\t<\/div>\n\t\t\t\t\t<\/div>\n\t\t<\/section>\n\t\t\t\t<section class=\"elementor-section elementor-top-section elementor-element elementor-element-839bd5d elementor-section-boxed elementor-section-height-default elementor-section-height-default\" data-id=\"839bd5d\" data-element_type=\"section\" data-e-type=\"section\">\n\t\t\t\t\t\t<div class=\"elementor-container elementor-column-gap-default\">\n\t\t\t\t\t<div class=\"elementor-column elementor-col-100 elementor-top-column elementor-element elementor-element-7d626b6\" data-id=\"7d626b6\" data-element_type=\"column\" data-e-type=\"column\">\n\t\t\t<div class=\"elementor-widget-wrap elementor-element-populated\">\n\t\t\t\t\t\t<div class=\"elementor-element elementor-element-57c58c7 elementor-widget elementor-widget-text-editor\" data-id=\"57c58c7\" data-element_type=\"widget\" data-e-type=\"widget\" data-widget_type=\"text-editor.default\">\n\t\t\t\t<div class=\"elementor-widget-container\">\n\t\t\t\t\t\t\t\t\t<p><strong>D\u00e9couvrez Malaga dans le confort et l&rsquo;insouciance avant de profiter de la foire, avec une visite en voiture \u00e9lectrique :<\/strong><\/p>\t\t\t\t\t\t\t\t<\/div>\n\t\t\t\t<\/div>\n\t\t\t\t\t<\/div>\n\t\t<\/div>\n\t\t\t\t\t<\/div>\n\t\t<\/section>\n\t\t\t\t<section class=\"elementor-section elementor-top-section elementor-element elementor-element-49808c0 elementor-section-boxed elementor-section-height-default elementor-section-height-default\" data-id=\"49808c0\" data-element_type=\"section\" data-e-type=\"section\">\n\t\t\t\t\t\t<div class=\"elementor-container elementor-column-gap-default\">\n\t\t\t\t\t<div class=\"elementor-column elementor-col-100 elementor-top-column elementor-element elementor-element-2081c59\" data-id=\"2081c59\" data-element_type=\"column\" data-e-type=\"column\">\n\t\t\t<div class=\"elementor-widget-wrap elementor-element-populated\">\n\t\t\t\t\t\t<div class=\"elementor-element elementor-element-dfbd883 elementor-align-center elementor-widget elementor-widget-button\" data-id=\"dfbd883\" data-element_type=\"widget\" data-e-type=\"widget\" data-widget_type=\"button.default\">\n\t\t\t\t<div class=\"elementor-widget-container\">\n\t\t\t\t\t\t\t\t\t<div class=\"elementor-button-wrapper\">\n\t\t\t\t\t<a class=\"elementor-button elementor-button-link elementor-size-sm\" href=\"https:\/\/electriccartour.com\/fr\/toutes-les-visites\/\">\n\t\t\t\t\t\t<span class=\"elementor-button-content-wrapper\">\n\t\t\t\t\t\t\t\t\t<span class=\"elementor-button-text\">R\u00e9servez une visite \u00e0 Malaga<\/span>\n\t\t\t\t\t<\/span>\n\t\t\t\t\t<\/a>\n\t\t\t\t<\/div>\n\t\t\t\t\t\t\t\t<\/div>\n\t\t\t\t<\/div>\n\t\t\t\t\t<\/div>\n\t\t<\/div>\n\t\t\t\t\t<\/div>\n\t\t<\/section>\n\t\t\t\t<section class=\"elementor-section elementor-top-section elementor-element elementor-element-3336cbb elementor-section-boxed elementor-section-height-default elementor-section-height-default\" data-id=\"3336cbb\" data-element_type=\"section\" data-e-type=\"section\">\n\t\t\t\t\t\t<div class=\"elementor-container elementor-column-gap-default\">\n\t\t\t\t\t<div class=\"elementor-column elementor-col-100 elementor-top-column elementor-element elementor-element-ddcae66\" data-id=\"ddcae66\" data-element_type=\"column\" data-e-type=\"column\">\n\t\t\t<div class=\"elementor-widget-wrap elementor-element-populated\">\n\t\t\t\t\t\t<div class=\"elementor-element elementor-element-4666947 elementor-widget elementor-widget-heading\" data-id=\"4666947\" data-element_type=\"widget\" data-e-type=\"widget\" data-widget_type=\"heading.default\">\n\t\t\t\t<div class=\"elementor-widget-container\">\n\t\t\t\t\t<h2 class=\"elementor-heading-title elementor-size-default\">Conseils locaux pour profiter de la foire de Malaga<\/h2>\t\t\t\t<\/div>\n\t\t\t\t<\/div>\n\t\t\t\t\t<\/div>\n\t\t<\/div>\n\t\t\t\t\t<\/div>\n\t\t<\/section>\n\t\t\t\t<section class=\"elementor-section elementor-top-section elementor-element elementor-element-138389e elementor-section-boxed elementor-section-height-default elementor-section-height-default\" data-id=\"138389e\" data-element_type=\"section\" data-e-type=\"section\">\n\t\t\t\t\t\t<div class=\"elementor-container elementor-column-gap-default\">\n\t\t\t\t\t<div class=\"elementor-column elementor-col-100 elementor-top-column elementor-element elementor-element-75a4c48\" data-id=\"75a4c48\" data-element_type=\"column\" data-e-type=\"column\">\n\t\t\t<div class=\"elementor-widget-wrap elementor-element-populated\">\n\t\t\t\t\t\t<div class=\"elementor-element elementor-element-796e421 elementor-widget elementor-widget-text-editor\" data-id=\"796e421\" data-element_type=\"widget\" data-e-type=\"widget\" data-widget_type=\"text-editor.default\">\n\t\t\t\t<div class=\"elementor-widget-container\">\n\t\t\t\t\t\t\t\t\t<p data-start=\"327\" data-end=\"499\">Si vous voulez <strong>profiter de la foire de Malaga comme un vrai local<\/strong>, quelques conseils peuvent faire toute la diff\u00e9rence et vous aider \u00e0 tirer le meilleur parti de l&rsquo;exp\u00e9rience.<\/p>\t\t\t\t\t\t\t\t<\/div>\n\t\t\t\t<\/div>\n\t\t\t\t\t<\/div>\n\t\t<\/div>\n\t\t\t\t\t<\/div>\n\t\t<\/section>\n\t\t\t\t<section class=\"elementor-section elementor-top-section elementor-element elementor-element-ea9a25a elementor-section-boxed elementor-section-height-default elementor-section-height-default\" data-id=\"ea9a25a\" data-element_type=\"section\" data-e-type=\"section\">\n\t\t\t\t\t\t<div class=\"elementor-container elementor-column-gap-default\">\n\t\t\t\t\t<div class=\"elementor-column elementor-col-100 elementor-top-column elementor-element elementor-element-22f9591\" data-id=\"22f9591\" data-element_type=\"column\" data-e-type=\"column\">\n\t\t\t<div class=\"elementor-widget-wrap elementor-element-populated\">\n\t\t\t\t\t\t<div class=\"elementor-element elementor-element-4f82194 elementor-widget elementor-widget-text-editor\" data-id=\"4f82194\" data-element_type=\"widget\" data-e-type=\"widget\" data-widget_type=\"text-editor.default\">\n\t\t\t\t<div class=\"elementor-widget-container\">\n\t\t\t\t\t\t\t\t\t<ul><li data-start=\"506\" data-end=\"657\"><strong data-start=\"506\" data-end=\"535\">Arrivez t\u00f4t au centre :<\/strong> pendant la journ\u00e9e, l&rsquo;ambiance commence \u00e0 s&rsquo;animer \u00e0 partir de midi, mais \u00e0 partir d&rsquo;une certaine heure, il peut y avoir beaucoup de monde.<\/li><li data-start=\"664\" data-end=\"813\"><strong data-start=\"664\" data-end=\"702\">Choisissez entre le centre et le champ de foire :<\/strong> la foire de jour est plus ouverte et accessible, tandis que la foire du soir dans le champ de foire est plus intense et festive.<\/li><\/ul>\t\t\t\t\t\t\t\t<\/div>\n\t\t\t\t<\/div>\n\t\t\t\t\t<\/div>\n\t\t<\/div>\n\t\t\t\t\t<\/div>\n\t\t<\/section>\n\t\t\t\t<section class=\"elementor-section elementor-top-section elementor-element elementor-element-b948689 elementor-section-boxed elementor-section-height-default elementor-section-height-default\" data-id=\"b948689\" data-element_type=\"section\" data-e-type=\"section\">\n\t\t\t\t\t\t<div class=\"elementor-container elementor-column-gap-default\">\n\t\t\t\t\t<div class=\"elementor-column elementor-col-100 elementor-top-column elementor-element elementor-element-4db8751\" data-id=\"4db8751\" data-element_type=\"column\" data-e-type=\"column\">\n\t\t\t<div class=\"elementor-widget-wrap elementor-element-populated\">\n\t\t\t\t\t\t<div class=\"elementor-element elementor-element-caa53f9 elementor-widget elementor-widget-text-editor\" data-id=\"caa53f9\" data-element_type=\"widget\" data-e-type=\"widget\" data-widget_type=\"text-editor.default\">\n\t\t\t\t<div class=\"elementor-widget-container\">\n\t\t\t\t\t\t\t\t\t<ul><li data-start=\"820\" data-end=\"942\"><strong data-start=\"820\" data-end=\"866\">Utilisez les transports publics autant que possible :<\/strong> vous \u00e9viterez les embouteillages et les probl\u00e8mes de stationnement, surtout la nuit.<\/li><li data-start=\"949\" data-end=\"1084\"><strong data-start=\"949\" data-end=\"985\">Hydratez-vous et prot\u00e9gez-vous de la chaleur :<\/strong> le mois d&rsquo;ao\u00fbt \u00e0 Malaga peut \u00eatre tr\u00e8s chaud, il est donc important d&rsquo;apporter de l&rsquo;eau et de vous prot\u00e9ger du soleil.<\/li><\/ul>\t\t\t\t\t\t\t\t<\/div>\n\t\t\t\t<\/div>\n\t\t\t\t\t<\/div>\n\t\t<\/div>\n\t\t\t\t\t<\/div>\n\t\t<\/section>\n\t\t\t\t<section class=\"elementor-section elementor-top-section elementor-element elementor-element-686404f elementor-section-boxed elementor-section-height-default elementor-section-height-default\" data-id=\"686404f\" data-element_type=\"section\" data-e-type=\"section\">\n\t\t\t\t\t\t<div class=\"elementor-container elementor-column-gap-default\">\n\t\t\t\t\t<div class=\"elementor-column elementor-col-100 elementor-top-column elementor-element elementor-element-37acad7\" data-id=\"37acad7\" data-element_type=\"column\" data-e-type=\"column\">\n\t\t\t<div class=\"elementor-widget-wrap elementor-element-populated\">\n\t\t\t\t\t\t<div class=\"elementor-element elementor-element-4d300ad elementor-widget elementor-widget-image\" data-id=\"4d300ad\" data-element_type=\"widget\" data-e-type=\"widget\" data-widget_type=\"image.default\">\n\t\t\t\t<div class=\"elementor-widget-container\">\n\t\t\t\t\t\t\t\t\t\t\t\t\t\t\t<img loading=\"lazy\" decoding=\"async\" width=\"300\" height=\"225\" src=\"https:\/\/i0.wp.com\/electriccartour.com\/wp-content\/uploads\/2025\/02\/surtido-tapas-tour-tapas-scaled.webp?fit=300%2C225&amp;ssl=1\" class=\"attachment-medium size-medium wp-image-12642\" alt=\"Plato con un surtido de tapas malague\u00f1as: tostas con boquerones y pimientos asados, queso curado con frutos secos y croquetas caseras, acompa\u00f1ado de dos cervezas fr\u00edas, con vistas al mar en una terraza\" srcset=\"https:\/\/i0.wp.com\/electriccartour.com\/wp-content\/uploads\/2025\/02\/surtido-tapas-tour-tapas-scaled.webp?w=2560&amp;ssl=1 2560w, https:\/\/i0.wp.com\/electriccartour.com\/wp-content\/uploads\/2025\/02\/surtido-tapas-tour-tapas-scaled.webp?resize=300%2C225&amp;ssl=1 300w, https:\/\/i0.wp.com\/electriccartour.com\/wp-content\/uploads\/2025\/02\/surtido-tapas-tour-tapas-scaled.webp?resize=1024%2C768&amp;ssl=1 1024w, https:\/\/i0.wp.com\/electriccartour.com\/wp-content\/uploads\/2025\/02\/surtido-tapas-tour-tapas-scaled.webp?resize=768%2C576&amp;ssl=1 768w, https:\/\/i0.wp.com\/electriccartour.com\/wp-content\/uploads\/2025\/02\/surtido-tapas-tour-tapas-scaled.webp?resize=1536%2C1152&amp;ssl=1 1536w, https:\/\/i0.wp.com\/electriccartour.com\/wp-content\/uploads\/2025\/02\/surtido-tapas-tour-tapas-scaled.webp?resize=2048%2C1536&amp;ssl=1 2048w, https:\/\/i0.wp.com\/electriccartour.com\/wp-content\/uploads\/2025\/02\/surtido-tapas-tour-tapas-scaled.webp?resize=1568%2C1176&amp;ssl=1 1568w, https:\/\/i0.wp.com\/electriccartour.com\/wp-content\/uploads\/2025\/02\/surtido-tapas-tour-tapas-scaled.webp?resize=1320%2C990&amp;ssl=1 1320w, https:\/\/i0.wp.com\/electriccartour.com\/wp-content\/uploads\/2025\/02\/surtido-tapas-tour-tapas-scaled.webp?w=1920&amp;ssl=1 1920w\" sizes=\"(max-width: 300px) 100vw, 300px\" \/>\t\t\t\t\t\t\t\t\t\t\t\t\t\t\t<\/div>\n\t\t\t\t<\/div>\n\t\t\t\t\t<\/div>\n\t\t<\/div>\n\t\t\t\t\t<\/div>\n\t\t<\/section>\n\t\t\t\t<section class=\"elementor-section elementor-top-section elementor-element elementor-element-1faed97 elementor-section-boxed elementor-section-height-default elementor-section-height-default\" data-id=\"1faed97\" data-element_type=\"section\" data-e-type=\"section\">\n\t\t\t\t\t\t<div class=\"elementor-container elementor-column-gap-default\">\n\t\t\t\t\t<div class=\"elementor-column elementor-col-100 elementor-top-column elementor-element elementor-element-c95864a\" data-id=\"c95864a\" data-element_type=\"column\" data-e-type=\"column\">\n\t\t\t<div class=\"elementor-widget-wrap elementor-element-populated\">\n\t\t\t\t\t\t<div class=\"elementor-element elementor-element-114d4c2 elementor-widget elementor-widget-text-editor\" data-id=\"114d4c2\" data-element_type=\"widget\" data-e-type=\"widget\" data-widget_type=\"text-editor.default\">\n\t\t\t\t<div class=\"elementor-widget-container\">\n\t\t\t\t\t\t\t\t\t<ul><li><strong data-start=\"1091\" data-end=\"1128\">Profitez de la gastronomie locale :<\/strong> ne partez pas sans avoir go\u00fbt\u00e9 aux sp\u00e9cialit\u00e9s typiques des \u00e9choppes.<\/li><\/ul>\t\t\t\t\t\t\t\t<\/div>\n\t\t\t\t<\/div>\n\t\t\t\t\t<\/div>\n\t\t<\/div>\n\t\t\t\t\t<\/div>\n\t\t<\/section>\n\t\t\t\t<section class=\"elementor-section elementor-top-section elementor-element elementor-element-2d14563 elementor-section-boxed elementor-section-height-default elementor-section-height-default\" data-id=\"2d14563\" data-element_type=\"section\" data-e-type=\"section\">\n\t\t\t\t\t\t<div class=\"elementor-container elementor-column-gap-default\">\n\t\t\t\t\t<div class=\"elementor-column elementor-col-100 elementor-top-column elementor-element elementor-element-a17eaa8\" data-id=\"a17eaa8\" data-element_type=\"column\" data-e-type=\"column\">\n\t\t\t<div class=\"elementor-widget-wrap elementor-element-populated\">\n\t\t\t\t\t\t<div class=\"elementor-element elementor-element-26dc4f2 elementor-widget elementor-widget-heading\" data-id=\"26dc4f2\" data-element_type=\"widget\" data-e-type=\"widget\" data-widget_type=\"heading.default\">\n\t\t\t\t<div class=\"elementor-widget-container\">\n\t\t\t\t\t<h2 class=\"elementor-heading-title elementor-size-default\">Questions fr\u00e9quemment pos\u00e9es sur la Foire de Malaga<\/h2>\t\t\t\t<\/div>\n\t\t\t\t<\/div>\n\t\t\t\t\t<\/div>\n\t\t<\/div>\n\t\t\t\t\t<\/div>\n\t\t<\/section>\n\t\t\t\t<section class=\"elementor-section elementor-top-section elementor-element elementor-element-1cabccb elementor-section-boxed elementor-section-height-default elementor-section-height-default\" data-id=\"1cabccb\" data-element_type=\"section\" data-e-type=\"section\">\n\t\t\t\t\t\t<div class=\"elementor-container elementor-column-gap-default\">\n\t\t\t\t\t<div class=\"elementor-column elementor-col-100 elementor-top-column elementor-element elementor-element-2491499\" data-id=\"2491499\" data-element_type=\"column\" data-e-type=\"column\">\n\t\t\t<div class=\"elementor-widget-wrap elementor-element-populated\">\n\t\t\t\t\t\t<div class=\"elementor-element elementor-element-7527264 elementor-widget elementor-widget-heading\" data-id=\"7527264\" data-element_type=\"widget\" data-e-type=\"widget\" data-widget_type=\"heading.default\">\n\t\t\t\t<div class=\"elementor-widget-container\">\n\t\t\t\t\t<h3 class=\"elementor-heading-title elementor-size-default\">Quand aura lieu la foire de Malaga 2026 ?<\/h3>\t\t\t\t<\/div>\n\t\t\t\t<\/div>\n\t\t\t\t\t<\/div>\n\t\t<\/div>\n\t\t\t\t\t<\/div>\n\t\t<\/section>\n\t\t\t\t<section class=\"elementor-section elementor-top-section elementor-element elementor-element-06bdd09 elementor-section-boxed elementor-section-height-default elementor-section-height-default\" data-id=\"06bdd09\" data-element_type=\"section\" data-e-type=\"section\">\n\t\t\t\t\t\t<div class=\"elementor-container elementor-column-gap-default\">\n\t\t\t\t\t<div class=\"elementor-column elementor-col-100 elementor-top-column elementor-element elementor-element-1c0b510\" data-id=\"1c0b510\" data-element_type=\"column\" data-e-type=\"column\">\n\t\t\t<div class=\"elementor-widget-wrap elementor-element-populated\">\n\t\t\t\t\t\t<div class=\"elementor-element elementor-element-cb4511c elementor-widget elementor-widget-text-editor\" data-id=\"cb4511c\" data-element_type=\"widget\" data-e-type=\"widget\" data-widget_type=\"text-editor.default\">\n\t\t\t\t<div class=\"elementor-widget-container\">\n\t\t\t\t\t\t\t\t\t<p><strong>La Foire de Malaga 2026 se tiendra du 15 au 22 ao\u00fbt et<\/strong> durera environ huit jours pleins d&rsquo;activit\u00e9s et d&rsquo;une atmosph\u00e8re festive.<\/p>\t\t\t\t\t\t\t\t<\/div>\n\t\t\t\t<\/div>\n\t\t\t\t\t<\/div>\n\t\t<\/div>\n\t\t\t\t\t<\/div>\n\t\t<\/section>\n\t\t\t\t<section class=\"elementor-section elementor-top-section elementor-element elementor-element-c4c4352 elementor-section-boxed elementor-section-height-default elementor-section-height-default\" data-id=\"c4c4352\" data-element_type=\"section\" data-e-type=\"section\">\n\t\t\t\t\t\t<div class=\"elementor-container elementor-column-gap-default\">\n\t\t\t\t\t<div class=\"elementor-column elementor-col-100 elementor-top-column elementor-element elementor-element-94fa3cb\" data-id=\"94fa3cb\" data-element_type=\"column\" data-e-type=\"column\">\n\t\t\t<div class=\"elementor-widget-wrap elementor-element-populated\">\n\t\t\t\t\t\t<div class=\"elementor-element elementor-element-283af1e elementor-widget elementor-widget-heading\" data-id=\"283af1e\" data-element_type=\"widget\" data-e-type=\"widget\" data-widget_type=\"heading.default\">\n\t\t\t\t<div class=\"elementor-widget-container\">\n\t\t\t\t\t<h3 class=\"elementor-heading-title elementor-size-default\">O\u00f9 se tient la foire de Malaga ?<\/h3>\t\t\t\t<\/div>\n\t\t\t\t<\/div>\n\t\t\t\t\t<\/div>\n\t\t<\/div>\n\t\t\t\t\t<\/div>\n\t\t<\/section>\n\t\t\t\t<section class=\"elementor-section elementor-top-section elementor-element elementor-element-9cd4e09 elementor-section-boxed elementor-section-height-default elementor-section-height-default\" data-id=\"9cd4e09\" data-element_type=\"section\" data-e-type=\"section\">\n\t\t\t\t\t\t<div class=\"elementor-container elementor-column-gap-default\">\n\t\t\t\t\t<div class=\"elementor-column elementor-col-100 elementor-top-column elementor-element elementor-element-df18753\" data-id=\"df18753\" data-element_type=\"column\" data-e-type=\"column\">\n\t\t\t<div class=\"elementor-widget-wrap elementor-element-populated\">\n\t\t\t\t\t\t<div class=\"elementor-element elementor-element-ec96318 elementor-widget elementor-widget-text-editor\" data-id=\"ec96318\" data-element_type=\"widget\" data-e-type=\"widget\" data-widget_type=\"text-editor.default\">\n\t\t\t\t<div class=\"elementor-widget-container\">\n\t\t\t\t\t\t\t\t\t<p>La foire <strong>est divis\u00e9e en deux zones principales : le centre historique,<\/strong> o\u00f9 se d\u00e9roule la foire de jour, et le <strong>parc des expositions Cortijo de Torres,<\/strong> o\u00f9 se d\u00e9roule la foire de nuit.<\/p>\t\t\t\t\t\t\t\t<\/div>\n\t\t\t\t<\/div>\n\t\t\t\t\t<\/div>\n\t\t<\/div>\n\t\t\t\t\t<\/div>\n\t\t<\/section>\n\t\t\t\t<section class=\"elementor-section elementor-top-section elementor-element elementor-element-a1e0323 elementor-section-boxed elementor-section-height-default elementor-section-height-default\" data-id=\"a1e0323\" data-element_type=\"section\" data-e-type=\"section\">\n\t\t\t\t\t\t<div class=\"elementor-container elementor-column-gap-default\">\n\t\t\t\t\t<div class=\"elementor-column elementor-col-100 elementor-top-column elementor-element elementor-element-fca7168\" data-id=\"fca7168\" data-element_type=\"column\" data-e-type=\"column\">\n\t\t\t<div class=\"elementor-widget-wrap elementor-element-populated\">\n\t\t\t\t\t\t<div class=\"elementor-element elementor-element-c37e07f elementor-widget elementor-widget-heading\" data-id=\"c37e07f\" data-element_type=\"widget\" data-e-type=\"widget\" data-widget_type=\"heading.default\">\n\t\t\t\t<div class=\"elementor-widget-container\">\n\t\t\t\t\t<h3 class=\"elementor-heading-title elementor-size-default\">\u2753 La fi\u00e8vre est-elle plus forte le jour ou la nuit ?<\/h3>\t\t\t\t<\/div>\n\t\t\t\t<\/div>\n\t\t\t\t\t<\/div>\n\t\t<\/div>\n\t\t\t\t\t<\/div>\n\t\t<\/section>\n\t\t\t\t<section class=\"elementor-section elementor-top-section elementor-element elementor-element-1f3f95a elementor-section-boxed elementor-section-height-default elementor-section-height-default\" data-id=\"1f3f95a\" data-element_type=\"section\" data-e-type=\"section\">\n\t\t\t\t\t\t<div class=\"elementor-container elementor-column-gap-default\">\n\t\t\t\t\t<div class=\"elementor-column elementor-col-100 elementor-top-column elementor-element elementor-element-06dd8c2\" data-id=\"06dd8c2\" data-element_type=\"column\" data-e-type=\"column\">\n\t\t\t<div class=\"elementor-widget-wrap elementor-element-populated\">\n\t\t\t\t\t\t<div class=\"elementor-element elementor-element-fd29045 elementor-widget elementor-widget-text-editor\" data-id=\"fd29045\" data-element_type=\"widget\" data-e-type=\"widget\" data-widget_type=\"text-editor.default\">\n\t\t\t\t<div class=\"elementor-widget-container\">\n\t\t\t\t\t\t\t\t\t<p>Tout d\u00e9pend de ce que vous recherchez. <strong>La foire de jour dans le centre est plus ouverte et accessible<\/strong>, tandis que <strong>la foire de nuit au champ de foire offre une atmosph\u00e8re plus intense<\/strong>, avec des stands, de la musique et des attractions.<\/p>\t\t\t\t\t\t\t\t<\/div>\n\t\t\t\t<\/div>\n\t\t\t\t\t<\/div>\n\t\t<\/div>\n\t\t\t\t\t<\/div>\n\t\t<\/section>\n\t\t\t\t<section class=\"elementor-section elementor-top-section elementor-element elementor-element-67f8b90 elementor-section-boxed elementor-section-height-default elementor-section-height-default\" data-id=\"67f8b90\" data-element_type=\"section\" data-e-type=\"section\">\n\t\t\t\t\t\t<div class=\"elementor-container elementor-column-gap-default\">\n\t\t\t\t\t<div class=\"elementor-column elementor-col-100 elementor-top-column elementor-element elementor-element-159ccb4\" data-id=\"159ccb4\" data-element_type=\"column\" data-e-type=\"column\">\n\t\t\t<div class=\"elementor-widget-wrap elementor-element-populated\">\n\t\t\t\t\t\t<div class=\"elementor-element elementor-element-e5c9add elementor-widget elementor-widget-heading\" data-id=\"e5c9add\" data-element_type=\"widget\" data-e-type=\"widget\" data-widget_type=\"heading.default\">\n\t\t\t\t<div class=\"elementor-widget-container\">\n\t\t\t\t\t<h3 class=\"elementor-heading-title elementor-size-default\">Comment se rendre au parc des expositions de Malaga ?<\/h3>\t\t\t\t<\/div>\n\t\t\t\t<\/div>\n\t\t\t\t\t<\/div>\n\t\t<\/div>\n\t\t\t\t\t<\/div>\n\t\t<\/section>\n\t\t\t\t<section class=\"elementor-section elementor-top-section elementor-element elementor-element-9430407 elementor-section-boxed elementor-section-height-default elementor-section-height-default\" data-id=\"9430407\" data-element_type=\"section\" data-e-type=\"section\">\n\t\t\t\t\t\t<div class=\"elementor-container elementor-column-gap-default\">\n\t\t\t\t\t<div class=\"elementor-column elementor-col-100 elementor-top-column elementor-element elementor-element-d992909\" data-id=\"d992909\" data-element_type=\"column\" data-e-type=\"column\">\n\t\t\t<div class=\"elementor-widget-wrap elementor-element-populated\">\n\t\t\t\t\t\t<div class=\"elementor-element elementor-element-5e04635 elementor-widget elementor-widget-text-editor\" data-id=\"5e04635\" data-element_type=\"widget\" data-e-type=\"widget\" data-widget_type=\"text-editor.default\">\n\t\t\t\t<div class=\"elementor-widget-container\">\n\t\t\t\t\t\t\t\t\t<p data-start=\"973\" data-end=\"1182\">La <strong>meilleure option est d&rsquo;utiliser les transports publics<\/strong>, car pendant la foire, les lignes de bus reliant le centre de la ville au parc des expositions sont renforc\u00e9es. Vous pouvez \u00e9galement opter pour les taxis ou les transports priv\u00e9s. <\/p>\t\t\t\t\t\t\t\t<\/div>\n\t\t\t\t<\/div>\n\t\t\t\t\t<\/div>\n\t\t<\/div>\n\t\t\t\t\t<\/div>\n\t\t<\/section>\n\t\t\t\t<section class=\"elementor-section elementor-top-section elementor-element elementor-element-2addff8 elementor-section-boxed elementor-section-height-default elementor-section-height-default\" data-id=\"2addff8\" data-element_type=\"section\" data-e-type=\"section\">\n\t\t\t\t\t\t<div class=\"elementor-container elementor-column-gap-default\">\n\t\t\t\t\t<div class=\"elementor-column elementor-col-100 elementor-top-column elementor-element elementor-element-93cc5d2\" data-id=\"93cc5d2\" data-element_type=\"column\" data-e-type=\"column\">\n\t\t\t<div class=\"elementor-widget-wrap elementor-element-populated\">\n\t\t\t\t\t\t<div class=\"elementor-element elementor-element-b18bc19 elementor-widget elementor-widget-heading\" data-id=\"b18bc19\" data-element_type=\"widget\" data-e-type=\"widget\" data-widget_type=\"heading.default\">\n\t\t\t\t<div class=\"elementor-widget-container\">\n\t\t\t\t\t<h3 class=\"elementor-heading-title elementor-size-default\">Peut-on aller \u00e0 la foire de Malaga avec des enfants ?<\/h3>\t\t\t\t<\/div>\n\t\t\t\t<\/div>\n\t\t\t\t\t<\/div>\n\t\t<\/div>\n\t\t\t\t\t<\/div>\n\t\t<\/section>\n\t\t\t\t<section class=\"elementor-section elementor-top-section elementor-element elementor-element-c718c72 elementor-section-boxed elementor-section-height-default elementor-section-height-default\" data-id=\"c718c72\" data-element_type=\"section\" data-e-type=\"section\">\n\t\t\t\t\t\t<div class=\"elementor-container elementor-column-gap-default\">\n\t\t\t\t\t<div class=\"elementor-column elementor-col-100 elementor-top-column elementor-element elementor-element-881a7a5\" data-id=\"881a7a5\" data-element_type=\"column\" data-e-type=\"column\">\n\t\t\t<div class=\"elementor-widget-wrap elementor-element-populated\">\n\t\t\t\t\t\t<div class=\"elementor-element elementor-element-b4f81f2 elementor-widget elementor-widget-text-editor\" data-id=\"b4f81f2\" data-element_type=\"widget\" data-e-type=\"widget\" data-widget_type=\"text-editor.default\">\n\t\t\t\t<div class=\"elementor-widget-container\">\n\t\t\t\t\t\t\t\t\t<p>Oui, <strong>la foire convient \u00e0 tout le monde.<\/strong> Pendant la journ\u00e9e, l&rsquo;atmosph\u00e8re est plus calme dans le centre et sur le champ de foire, tandis que le soir, il peut y avoir plus de monde, mais c&rsquo;est surtout le soir qu&rsquo;il y a des man\u00e8ges pour les enfants.  <\/p>\t\t\t\t\t\t\t\t<\/div>\n\t\t\t\t<\/div>\n\t\t\t\t\t<\/div>\n\t\t<\/div>\n\t\t\t\t\t<\/div>\n\t\t<\/section>\n\t\t\t\t<section class=\"elementor-section elementor-top-section elementor-element elementor-element-5ac7b21 elementor-section-boxed elementor-section-height-default elementor-section-height-default\" data-id=\"5ac7b21\" data-element_type=\"section\" data-e-type=\"section\">\n\t\t\t\t\t\t<div class=\"elementor-container elementor-column-gap-default\">\n\t\t\t\t\t<div class=\"elementor-column elementor-col-100 elementor-top-column elementor-element elementor-element-b7991e0\" data-id=\"b7991e0\" data-element_type=\"column\" data-e-type=\"column\">\n\t\t\t<div class=\"elementor-widget-wrap elementor-element-populated\">\n\t\t\t\t\t\t<div class=\"elementor-element elementor-element-4fa5994 elementor-widget elementor-widget-text-editor\" data-id=\"4fa5994\" data-element_type=\"widget\" data-e-type=\"widget\" data-widget_type=\"text-editor.default\">\n\t\t\t\t<div class=\"elementor-widget-container\">\n\t\t\t\t\t\t\t\t\t<p><strong>La Foire de Malaga est l&rsquo;un des festivals les plus importants de la ville,<\/strong> une occasion unique de d\u00e9couvrir ses traditions, son atmosph\u00e8re et sa gastronomie locale.<strong> Si vous voulez compl\u00e9ter l&rsquo;exp\u00e9rience, une bonne id\u00e9e est de d\u00e9couvrir la ville en voiture \u00e9lectrique,<\/strong> une fa\u00e7on diff\u00e9rente, confortable et amusante de conna\u00eetre Malaga.<\/p>\t\t\t\t\t\t\t\t<\/div>\n\t\t\t\t<\/div>\n\t\t\t\t\t<\/div>\n\t\t<\/div>\n\t\t\t\t\t<\/div>\n\t\t<\/section>\n\t\t\t\t<section class=\"elementor-section elementor-top-section elementor-element elementor-element-12a31ed elementor-section-boxed elementor-section-height-default elementor-section-height-default\" data-id=\"12a31ed\" data-element_type=\"section\" data-e-type=\"section\">\n\t\t\t\t\t\t<div class=\"elementor-container elementor-column-gap-default\">\n\t\t\t\t\t<div class=\"elementor-column elementor-col-100 elementor-top-column elementor-element elementor-element-8552b47\" data-id=\"8552b47\" data-element_type=\"column\" data-e-type=\"column\">\n\t\t\t<div class=\"elementor-widget-wrap elementor-element-populated\">\n\t\t\t\t\t\t<div class=\"elementor-element elementor-element-db9e294 elementor-align-center elementor-widget elementor-widget-button\" data-id=\"db9e294\" data-element_type=\"widget\" data-e-type=\"widget\" data-widget_type=\"button.default\">\n\t\t\t\t<div class=\"elementor-widget-container\">\n\t\t\t\t\t\t\t\t\t<div class=\"elementor-button-wrapper\">\n\t\t\t\t\t<a class=\"elementor-button elementor-button-link elementor-size-sm\" href=\"https:\/\/electriccartour.com\/fr\/toutes-les-visites\/\">\n\t\t\t\t\t\t<span class=\"elementor-button-content-wrapper\">\n\t\t\t\t\t\t\t\t\t<span class=\"elementor-button-text\">D\u00e9couvrez Malaga en voiture \u00e9lectrique<\/span>\n\t\t\t\t\t<\/span>\n\t\t\t\t\t<\/a>\n\t\t\t\t<\/div>\n\t\t\t\t\t\t\t\t<\/div>\n\t\t\t\t<\/div>\n\t\t\t\t\t<\/div>\n\t\t<\/div>\n\t\t\t\t\t<\/div>\n\t\t<\/section>\n\t\t\t\t<section class=\"elementor-section elementor-top-section elementor-element elementor-element-3383ade elementor-section-boxed elementor-section-height-default elementor-section-height-default\" data-id=\"3383ade\" data-element_type=\"section\" data-e-type=\"section\">\n\t\t\t\t\t\t<div class=\"elementor-container elementor-column-gap-default\">\n\t\t\t\t\t<div class=\"elementor-column elementor-col-33 elementor-top-column elementor-element elementor-element-5120830\" data-id=\"5120830\" data-element_type=\"column\" data-e-type=\"column\">\n\t\t\t<div class=\"elementor-widget-wrap elementor-element-populated\">\n\t\t\t\t\t\t<div class=\"elementor-element elementor-element-609fc7c elementor-widget elementor-widget-image\" data-id=\"609fc7c\" data-element_type=\"widget\" data-e-type=\"widget\" data-widget_type=\"image.default\">\n\t\t\t\t<div class=\"elementor-widget-container\">\n\t\t\t\t\t\t\t\t\t\t\t\t\t\t\t<img loading=\"lazy\" decoding=\"async\" width=\"640\" height=\"427\" src=\"https:\/\/i0.wp.com\/electriccartour.com\/wp-content\/uploads\/2026\/01\/plaza-toros-malagueta-electric-car-scaled.webp?fit=640%2C427&amp;ssl=1\" class=\"attachment-large size-large wp-image-14187\" alt=\"Veh\u00edculos el\u00e9ctricos del tour frente a la Plaza de Toros de La Malagueta en M\u00e1laga\" srcset=\"https:\/\/i0.wp.com\/electriccartour.com\/wp-content\/uploads\/2026\/01\/plaza-toros-malagueta-electric-car-scaled.webp?w=2560&amp;ssl=1 2560w, https:\/\/i0.wp.com\/electriccartour.com\/wp-content\/uploads\/2026\/01\/plaza-toros-malagueta-electric-car-scaled.webp?resize=300%2C200&amp;ssl=1 300w, https:\/\/i0.wp.com\/electriccartour.com\/wp-content\/uploads\/2026\/01\/plaza-toros-malagueta-electric-car-scaled.webp?resize=1024%2C683&amp;ssl=1 1024w, https:\/\/i0.wp.com\/electriccartour.com\/wp-content\/uploads\/2026\/01\/plaza-toros-malagueta-electric-car-scaled.webp?resize=768%2C512&amp;ssl=1 768w, https:\/\/i0.wp.com\/electriccartour.com\/wp-content\/uploads\/2026\/01\/plaza-toros-malagueta-electric-car-scaled.webp?resize=1536%2C1024&amp;ssl=1 1536w, https:\/\/i0.wp.com\/electriccartour.com\/wp-content\/uploads\/2026\/01\/plaza-toros-malagueta-electric-car-scaled.webp?resize=2048%2C1365&amp;ssl=1 2048w, https:\/\/i0.wp.com\/electriccartour.com\/wp-content\/uploads\/2026\/01\/plaza-toros-malagueta-electric-car-scaled.webp?resize=1568%2C1045&amp;ssl=1 1568w, https:\/\/i0.wp.com\/electriccartour.com\/wp-content\/uploads\/2026\/01\/plaza-toros-malagueta-electric-car-scaled.webp?resize=1320%2C880&amp;ssl=1 1320w, https:\/\/i0.wp.com\/electriccartour.com\/wp-content\/uploads\/2026\/01\/plaza-toros-malagueta-electric-car-scaled.webp?w=1920&amp;ssl=1 1920w\" sizes=\"(max-width: 640px) 100vw, 640px\" \/>\t\t\t\t\t\t\t\t\t\t\t\t\t\t\t<\/div>\n\t\t\t\t<\/div>\n\t\t\t\t\t<\/div>\n\t\t<\/div>\n\t\t\t\t<div class=\"elementor-column elementor-col-33 elementor-top-column elementor-element elementor-element-3fe41a3\" data-id=\"3fe41a3\" data-element_type=\"column\" data-e-type=\"column\">\n\t\t\t<div class=\"elementor-widget-wrap elementor-element-populated\">\n\t\t\t\t\t\t<div class=\"elementor-element elementor-element-ebda452 elementor-widget elementor-widget-image\" data-id=\"ebda452\" data-element_type=\"widget\" data-e-type=\"widget\" data-widget_type=\"image.default\">\n\t\t\t\t<div class=\"elementor-widget-container\">\n\t\t\t\t\t\t\t\t\t\t\t\t\t\t\t<img loading=\"lazy\" decoding=\"async\" width=\"640\" height=\"427\" src=\"https:\/\/i0.wp.com\/electriccartour.com\/wp-content\/uploads\/2026\/01\/mirador-muelle-uno.webp?fit=640%2C427&amp;ssl=1\" class=\"attachment-large size-large wp-image-14171\" alt=\"Veh\u00edculos el\u00e9ctricos del tour recorriendo el puerto de M\u00e1laga junto al Muelle Uno\" srcset=\"https:\/\/i0.wp.com\/electriccartour.com\/wp-content\/uploads\/2026\/01\/mirador-muelle-uno.webp?w=960&amp;ssl=1 960w, https:\/\/i0.wp.com\/electriccartour.com\/wp-content\/uploads\/2026\/01\/mirador-muelle-uno.webp?resize=300%2C200&amp;ssl=1 300w, https:\/\/i0.wp.com\/electriccartour.com\/wp-content\/uploads\/2026\/01\/mirador-muelle-uno.webp?resize=768%2C512&amp;ssl=1 768w\" sizes=\"(max-width: 640px) 100vw, 640px\" \/>\t\t\t\t\t\t\t\t\t\t\t\t\t\t\t<\/div>\n\t\t\t\t<\/div>\n\t\t\t\t\t<\/div>\n\t\t<\/div>\n\t\t\t\t<div class=\"elementor-column elementor-col-33 elementor-top-column elementor-element elementor-element-7753dd9\" data-id=\"7753dd9\" data-element_type=\"column\" data-e-type=\"column\">\n\t\t\t<div class=\"elementor-widget-wrap elementor-element-populated\">\n\t\t\t\t\t\t<div class=\"elementor-element elementor-element-23a15e2 elementor-widget elementor-widget-image\" data-id=\"23a15e2\" data-element_type=\"widget\" data-e-type=\"widget\" data-widget_type=\"image.default\">\n\t\t\t\t<div class=\"elementor-widget-container\">\n\t\t\t\t\t\t\t\t\t\t\t\t\t\t\t<img loading=\"lazy\" decoding=\"async\" width=\"640\" height=\"427\" src=\"https:\/\/i0.wp.com\/electriccartour.com\/wp-content\/uploads\/2024\/11\/tour-malaga-citroen-ami-amigos-scaled.webp?fit=640%2C427&amp;ssl=1\" class=\"attachment-large size-large wp-image-11394\" alt=\"tour m\u00e1laga citroen Ami grupo de amigos\" srcset=\"https:\/\/i0.wp.com\/electriccartour.com\/wp-content\/uploads\/2024\/11\/tour-malaga-citroen-ami-amigos-scaled.webp?w=2560&amp;ssl=1 2560w, https:\/\/i0.wp.com\/electriccartour.com\/wp-content\/uploads\/2024\/11\/tour-malaga-citroen-ami-amigos-scaled.webp?resize=300%2C200&amp;ssl=1 300w, https:\/\/i0.wp.com\/electriccartour.com\/wp-content\/uploads\/2024\/11\/tour-malaga-citroen-ami-amigos-scaled.webp?resize=1024%2C683&amp;ssl=1 1024w, https:\/\/i0.wp.com\/electriccartour.com\/wp-content\/uploads\/2024\/11\/tour-malaga-citroen-ami-amigos-scaled.webp?resize=768%2C512&amp;ssl=1 768w, https:\/\/i0.wp.com\/electriccartour.com\/wp-content\/uploads\/2024\/11\/tour-malaga-citroen-ami-amigos-scaled.webp?resize=1536%2C1024&amp;ssl=1 1536w, https:\/\/i0.wp.com\/electriccartour.com\/wp-content\/uploads\/2024\/11\/tour-malaga-citroen-ami-amigos-scaled.webp?resize=2048%2C1365&amp;ssl=1 2048w, https:\/\/i0.wp.com\/electriccartour.com\/wp-content\/uploads\/2024\/11\/tour-malaga-citroen-ami-amigos-scaled.webp?resize=1568%2C1045&amp;ssl=1 1568w, https:\/\/i0.wp.com\/electriccartour.com\/wp-content\/uploads\/2024\/11\/tour-malaga-citroen-ami-amigos-scaled.webp?resize=1320%2C880&amp;ssl=1 1320w, https:\/\/i0.wp.com\/electriccartour.com\/wp-content\/uploads\/2024\/11\/tour-malaga-citroen-ami-amigos-scaled.webp?w=1920&amp;ssl=1 1920w\" sizes=\"(max-width: 640px) 100vw, 640px\" \/>\t\t\t\t\t\t\t\t\t\t\t\t\t\t\t<\/div>\n\t\t\t\t<\/div>\n\t\t\t\t\t<\/div>\n\t\t<\/div>\n\t\t\t\t\t<\/div>\n\t\t<\/section>\n\t\t\t\t<\/div>\n\t\t","protected":false},"excerpt":{"rendered":"<p>Quand aura lieu la Foire de Malaga 2026 ? Dates et dur\u00e9e La Foire de Malaga 2026 se tiendra du 15 au 22 ao\u00fbt, suivant la tradition de se tenir au milieu de l&rsquo;\u00e9t\u00e9. La foire commence par un feu d&rsquo;artifice sur la plage (le vendredi 14 \u00e0 00h00) et dure une semaine pleine d&rsquo;ambiance, &hellip; <\/p>\n<p class=\"link-more\"><a href=\"https:\/\/electriccartour.com\/fr\/foire-de-malaga-2026-guide-complet-avec-conseils-locaux\/\" class=\"more-link\">Continuer la lecture <span class=\"screen-reader-text\"> \u00ab\u00a0Foire de Malaga 2026 : guide complet avec conseils locaux\u00a0\u00bb<\/span><\/a><\/p>\n","protected":false},"author":1,"featured_media":14610,"comment_status":"closed","ping_status":"closed","sticky":false,"template":"","format":"standard","meta":{"_jetpack_memberships_contains_paid_content":false,"_joinchat":[],"footnotes":""},"categories":[33,1],"tags":[],"class_list":["post-14656","post","type-post","status-publish","format-standard","has-post-thumbnail","hentry","category-non-classifiee","category-sin-categorizar","entry"],"yoast_head":"<!-- This site is optimized with the Yoast SEO plugin v27.4 - https:\/\/yoast.com\/product\/yoast-seo-wordpress\/ -->\n<title>Foire de Malaga 2026 : guide complet + conseils locaux<\/title>\n<meta name=\"description\" content=\"D\u00e9couvrez la Foire de Malaga 2026 : dates, horaires, zones et conseils locaux pour en profiter au maximum. Guide complet pour vivre la foire.\" \/>\n<meta name=\"robots\" content=\"index, follow, max-snippet:-1, max-image-preview:large, max-video-preview:-1\" \/>\n<link rel=\"canonical\" href=\"https:\/\/electriccartour.com\/fr\/foire-de-malaga-2026-guide-complet-avec-conseils-locaux\/\" \/>\n<meta property=\"og:locale\" content=\"fr_FR\" \/>\n<meta property=\"og:type\" content=\"article\" \/>\n<meta property=\"og:title\" content=\"Foire de Malaga 2026 : guide complet + conseils locaux\" \/>\n<meta property=\"og:description\" content=\"D\u00e9couvrez la Foire de Malaga 2026 : dates, horaires, zones et conseils locaux pour en profiter au maximum. Guide complet pour vivre la foire.\" \/>\n<meta property=\"og:url\" content=\"https:\/\/electriccartour.com\/fr\/foire-de-malaga-2026-guide-complet-avec-conseils-locaux\/\" \/>\n<meta property=\"og:site_name\" content=\"Tours en Coche El\u00e9ctrico en M\u00e1laga \u267b\ufe0f | Electric Car Tour\" \/>\n<meta property=\"article:publisher\" content=\"https:\/\/www.facebook.com\/Tourenvechiculoselectricos\/\" \/>\n<meta property=\"article:author\" content=\"https:\/\/www.facebook.com\/Tourenvechiculoselectricos\/\" \/>\n<meta property=\"article:published_time\" content=\"2026-04-06T18:51:10+00:00\" \/>\n<meta property=\"article:modified_time\" content=\"2026-04-19T15:38:49+00:00\" \/>\n<meta property=\"og:image\" content=\"https:\/\/electriccartour.com\/wp-content\/uploads\/2026\/04\/ambiente-tradicional-con-caballos-en-la-Feria-de-Malaga.webp\" \/>\n\t<meta property=\"og:image:width\" content=\"1536\" \/>\n\t<meta property=\"og:image:height\" content=\"1024\" \/>\n\t<meta property=\"og:image:type\" content=\"image\/webp\" \/>\n<meta name=\"author\" content=\"electriccartour\" \/>\n<meta name=\"twitter:card\" content=\"summary_large_image\" \/>\n<meta name=\"twitter:creator\" content=\"@https:\/\/twitter.com\/electric_tour\" \/>\n<meta name=\"twitter:site\" content=\"@electric_tour\" \/>\n<meta name=\"twitter:label1\" content=\"\u00c9crit par\" \/>\n\t<meta name=\"twitter:data1\" content=\"electriccartour\" \/>\n\t<meta name=\"twitter:label2\" content=\"Dur\u00e9e de lecture estim\u00e9e\" \/>\n\t<meta name=\"twitter:data2\" content=\"7 minutes\" \/>\n<script type=\"application\/ld+json\" class=\"yoast-schema-graph\">{\"@context\":\"https:\\\/\\\/schema.org\",\"@graph\":[{\"@type\":\"Article\",\"@id\":\"https:\\\/\\\/electriccartour.com\\\/fr\\\/foire-de-malaga-2026-guide-complet-avec-conseils-locaux\\\/#article\",\"isPartOf\":{\"@id\":\"https:\\\/\\\/electriccartour.com\\\/fr\\\/foire-de-malaga-2026-guide-complet-avec-conseils-locaux\\\/\"},\"author\":{\"name\":\"electriccartour\",\"@id\":\"https:\\\/\\\/electriccartour.com\\\/fr\\\/#\\\/schema\\\/person\\\/14020537da6216f7471b49e5e929cba1\"},\"headline\":\"Foire de Malaga 2026 : guide complet avec conseils locaux\",\"datePublished\":\"2026-04-06T18:51:10+00:00\",\"dateModified\":\"2026-04-19T15:38:49+00:00\",\"mainEntityOfPage\":{\"@id\":\"https:\\\/\\\/electriccartour.com\\\/fr\\\/foire-de-malaga-2026-guide-complet-avec-conseils-locaux\\\/\"},\"wordCount\":1448,\"publisher\":{\"@id\":\"https:\\\/\\\/electriccartour.com\\\/fr\\\/#organization\"},\"image\":{\"@id\":\"https:\\\/\\\/electriccartour.com\\\/fr\\\/foire-de-malaga-2026-guide-complet-avec-conseils-locaux\\\/#primaryimage\"},\"thumbnailUrl\":\"https:\\\/\\\/i0.wp.com\\\/electriccartour.com\\\/wp-content\\\/uploads\\\/2026\\\/04\\\/ambiente-tradicional-con-caballos-en-la-Feria-de-Malaga.webp?fit=1536%2C1024&ssl=1\",\"articleSection\":[\"Non classifi\u00e9(e)\",\"Sin categorizar\"],\"inLanguage\":\"fr-FR\"},{\"@type\":\"WebPage\",\"@id\":\"https:\\\/\\\/electriccartour.com\\\/fr\\\/foire-de-malaga-2026-guide-complet-avec-conseils-locaux\\\/\",\"url\":\"https:\\\/\\\/electriccartour.com\\\/fr\\\/foire-de-malaga-2026-guide-complet-avec-conseils-locaux\\\/\",\"name\":\"Foire de Malaga 2026 : guide complet + conseils locaux\",\"isPartOf\":{\"@id\":\"https:\\\/\\\/electriccartour.com\\\/fr\\\/#website\"},\"primaryImageOfPage\":{\"@id\":\"https:\\\/\\\/electriccartour.com\\\/fr\\\/foire-de-malaga-2026-guide-complet-avec-conseils-locaux\\\/#primaryimage\"},\"image\":{\"@id\":\"https:\\\/\\\/electriccartour.com\\\/fr\\\/foire-de-malaga-2026-guide-complet-avec-conseils-locaux\\\/#primaryimage\"},\"thumbnailUrl\":\"https:\\\/\\\/i0.wp.com\\\/electriccartour.com\\\/wp-content\\\/uploads\\\/2026\\\/04\\\/ambiente-tradicional-con-caballos-en-la-Feria-de-Malaga.webp?fit=1536%2C1024&ssl=1\",\"datePublished\":\"2026-04-06T18:51:10+00:00\",\"dateModified\":\"2026-04-19T15:38:49+00:00\",\"description\":\"D\u00e9couvrez la Foire de Malaga 2026 : dates, horaires, zones et conseils locaux pour en profiter au maximum. Guide complet pour vivre la foire.\",\"breadcrumb\":{\"@id\":\"https:\\\/\\\/electriccartour.com\\\/fr\\\/foire-de-malaga-2026-guide-complet-avec-conseils-locaux\\\/#breadcrumb\"},\"inLanguage\":\"fr-FR\",\"potentialAction\":[{\"@type\":\"ReadAction\",\"target\":[\"https:\\\/\\\/electriccartour.com\\\/fr\\\/foire-de-malaga-2026-guide-complet-avec-conseils-locaux\\\/\"]}]},{\"@type\":\"ImageObject\",\"inLanguage\":\"fr-FR\",\"@id\":\"https:\\\/\\\/electriccartour.com\\\/fr\\\/foire-de-malaga-2026-guide-complet-avec-conseils-locaux\\\/#primaryimage\",\"url\":\"https:\\\/\\\/i0.wp.com\\\/electriccartour.com\\\/wp-content\\\/uploads\\\/2026\\\/04\\\/ambiente-tradicional-con-caballos-en-la-Feria-de-Malaga.webp?fit=1536%2C1024&ssl=1\",\"contentUrl\":\"https:\\\/\\\/i0.wp.com\\\/electriccartour.com\\\/wp-content\\\/uploads\\\/2026\\\/04\\\/ambiente-tradicional-con-caballos-en-la-Feria-de-Malaga.webp?fit=1536%2C1024&ssl=1\",\"width\":1536,\"height\":1024,\"caption\":\"Coches de caballos y trajes t\u00edpicos en la Feria de M\u00e1laga\"},{\"@type\":\"BreadcrumbList\",\"@id\":\"https:\\\/\\\/electriccartour.com\\\/fr\\\/foire-de-malaga-2026-guide-complet-avec-conseils-locaux\\\/#breadcrumb\",\"itemListElement\":[{\"@type\":\"ListItem\",\"position\":1,\"name\":\"Portada\",\"item\":\"https:\\\/\\\/electriccartour.com\\\/fr\\\/\"},{\"@type\":\"ListItem\",\"position\":2,\"name\":\"Foire de Malaga 2026 : guide complet avec conseils locaux\"}]},{\"@type\":\"WebSite\",\"@id\":\"https:\\\/\\\/electriccartour.com\\\/fr\\\/#website\",\"url\":\"https:\\\/\\\/electriccartour.com\\\/fr\\\/\",\"name\":\"Tours en Coche El\u00e9ctrico en M\u00e1laga \u267b\ufe0f | Electric Car Tour\",\"description\":\"Descubre M\u00e1laga de forma sostenible con Electric Car Tour. Disfruta de tours guiados en coche el\u00e9ctrico y explora los principales atractivos tur\u00edsticos de la ciudad.\",\"publisher\":{\"@id\":\"https:\\\/\\\/electriccartour.com\\\/fr\\\/#organization\"},\"alternateName\":\"Electric Car Tour - M\u00e1laga\",\"potentialAction\":[{\"@type\":\"SearchAction\",\"target\":{\"@type\":\"EntryPoint\",\"urlTemplate\":\"https:\\\/\\\/electriccartour.com\\\/fr\\\/?s={search_term_string}\"},\"query-input\":{\"@type\":\"PropertyValueSpecification\",\"valueRequired\":true,\"valueName\":\"search_term_string\"}}],\"inLanguage\":\"fr-FR\"},{\"@type\":\"Organization\",\"@id\":\"https:\\\/\\\/electriccartour.com\\\/fr\\\/#organization\",\"name\":\"Electric Car Tour\",\"alternateName\":\"electriccartour\",\"url\":\"https:\\\/\\\/electriccartour.com\\\/fr\\\/\",\"logo\":{\"@type\":\"ImageObject\",\"inLanguage\":\"fr-FR\",\"@id\":\"https:\\\/\\\/electriccartour.com\\\/fr\\\/#\\\/schema\\\/logo\\\/image\\\/\",\"url\":\"https:\\\/\\\/i0.wp.com\\\/electriccartour.com\\\/wp-content\\\/uploads\\\/2021\\\/12\\\/181002_ECT_Logo5389f3-1920w.png?fit=1920%2C462&ssl=1\",\"contentUrl\":\"https:\\\/\\\/i0.wp.com\\\/electriccartour.com\\\/wp-content\\\/uploads\\\/2021\\\/12\\\/181002_ECT_Logo5389f3-1920w.png?fit=1920%2C462&ssl=1\",\"width\":1920,\"height\":462,\"caption\":\"Electric Car Tour\"},\"image\":{\"@id\":\"https:\\\/\\\/electriccartour.com\\\/fr\\\/#\\\/schema\\\/logo\\\/image\\\/\"},\"sameAs\":[\"https:\\\/\\\/www.facebook.com\\\/Tourenvechiculoselectricos\\\/\",\"https:\\\/\\\/x.com\\\/electric_tour\",\"https:\\\/\\\/www.youtube.com\\\/channel\\\/UClzjmLNm6Auwdnix5FwnxXw\",\"https:\\\/\\\/www.instagram.com\\\/electriccartour\\\/\",\"https:\\\/\\\/tripadvisor.com\\\/Attraction_Review-g187438-d15198737-Reviews-Electric_Car_Tour-Malaga_Costa_del_Sol_Province_of_Malaga_Andalucia.html\"]},{\"@type\":\"Person\",\"@id\":\"https:\\\/\\\/electriccartour.com\\\/fr\\\/#\\\/schema\\\/person\\\/14020537da6216f7471b49e5e929cba1\",\"name\":\"electriccartour\",\"image\":{\"@type\":\"ImageObject\",\"inLanguage\":\"fr-FR\",\"@id\":\"https:\\\/\\\/secure.gravatar.com\\\/avatar\\\/fe8515b4ef6ae0fb0465b6ace38c4969d9b25f2d9a0c49eee2553face0582368?s=96&d=mm&r=g\",\"url\":\"https:\\\/\\\/secure.gravatar.com\\\/avatar\\\/fe8515b4ef6ae0fb0465b6ace38c4969d9b25f2d9a0c49eee2553face0582368?s=96&d=mm&r=g\",\"contentUrl\":\"https:\\\/\\\/secure.gravatar.com\\\/avatar\\\/fe8515b4ef6ae0fb0465b6ace38c4969d9b25f2d9a0c49eee2553face0582368?s=96&d=mm&r=g\",\"caption\":\"electriccartour\"},\"sameAs\":[\"http:\\\/\\\/electriccartour.com\",\"https:\\\/\\\/www.facebook.com\\\/Tourenvechiculoselectricos\\\/\",\"https:\\\/\\\/www.instagram.com\\\/electriccartour\\\/\",\"https:\\\/\\\/www.linkedin.com\\\/in\\\/gema-martnez-aa8ab2183\",\"https:\\\/\\\/x.com\\\/https:\\\/\\\/twitter.com\\\/electric_tour\",\"https:\\\/\\\/www.youtube.com\\\/channel\\\/UClzjmLNm6Auwdnix5FwnxXw\"],\"url\":\"https:\\\/\\\/electriccartour.com\\\/fr\\\/author\\\/electriccartour\\\/\"}]}<\/script>\n<!-- \/ Yoast SEO plugin. -->","yoast_head_json":{"title":"Foire de Malaga 2026 : guide complet + conseils locaux","description":"D\u00e9couvrez la Foire de Malaga 2026 : dates, horaires, zones et conseils locaux pour en profiter au maximum. Guide complet pour vivre la foire.","robots":{"index":"index","follow":"follow","max-snippet":"max-snippet:-1","max-image-preview":"max-image-preview:large","max-video-preview":"max-video-preview:-1"},"canonical":"https:\/\/electriccartour.com\/fr\/foire-de-malaga-2026-guide-complet-avec-conseils-locaux\/","og_locale":"fr_FR","og_type":"article","og_title":"Foire de Malaga 2026 : guide complet + conseils locaux","og_description":"D\u00e9couvrez la Foire de Malaga 2026 : dates, horaires, zones et conseils locaux pour en profiter au maximum. Guide complet pour vivre la foire.","og_url":"https:\/\/electriccartour.com\/fr\/foire-de-malaga-2026-guide-complet-avec-conseils-locaux\/","og_site_name":"Tours en Coche El\u00e9ctrico en M\u00e1laga \u267b\ufe0f | Electric Car Tour","article_publisher":"https:\/\/www.facebook.com\/Tourenvechiculoselectricos\/","article_author":"https:\/\/www.facebook.com\/Tourenvechiculoselectricos\/","article_published_time":"2026-04-06T18:51:10+00:00","article_modified_time":"2026-04-19T15:38:49+00:00","og_image":[{"width":1536,"height":1024,"url":"https:\/\/electriccartour.com\/wp-content\/uploads\/2026\/04\/ambiente-tradicional-con-caballos-en-la-Feria-de-Malaga.webp","type":"image\/webp"}],"author":"electriccartour","twitter_card":"summary_large_image","twitter_creator":"@https:\/\/twitter.com\/electric_tour","twitter_site":"@electric_tour","twitter_misc":{"\u00c9crit par":"electriccartour","Dur\u00e9e de lecture estim\u00e9e":"7 minutes"},"schema":{"@context":"https:\/\/schema.org","@graph":[{"@type":"Article","@id":"https:\/\/electriccartour.com\/fr\/foire-de-malaga-2026-guide-complet-avec-conseils-locaux\/#article","isPartOf":{"@id":"https:\/\/electriccartour.com\/fr\/foire-de-malaga-2026-guide-complet-avec-conseils-locaux\/"},"author":{"name":"electriccartour","@id":"https:\/\/electriccartour.com\/fr\/#\/schema\/person\/14020537da6216f7471b49e5e929cba1"},"headline":"Foire de Malaga 2026 : guide complet avec conseils locaux","datePublished":"2026-04-06T18:51:10+00:00","dateModified":"2026-04-19T15:38:49+00:00","mainEntityOfPage":{"@id":"https:\/\/electriccartour.com\/fr\/foire-de-malaga-2026-guide-complet-avec-conseils-locaux\/"},"wordCount":1448,"publisher":{"@id":"https:\/\/electriccartour.com\/fr\/#organization"},"image":{"@id":"https:\/\/electriccartour.com\/fr\/foire-de-malaga-2026-guide-complet-avec-conseils-locaux\/#primaryimage"},"thumbnailUrl":"https:\/\/i0.wp.com\/electriccartour.com\/wp-content\/uploads\/2026\/04\/ambiente-tradicional-con-caballos-en-la-Feria-de-Malaga.webp?fit=1536%2C1024&ssl=1","articleSection":["Non classifi\u00e9(e)","Sin categorizar"],"inLanguage":"fr-FR"},{"@type":"WebPage","@id":"https:\/\/electriccartour.com\/fr\/foire-de-malaga-2026-guide-complet-avec-conseils-locaux\/","url":"https:\/\/electriccartour.com\/fr\/foire-de-malaga-2026-guide-complet-avec-conseils-locaux\/","name":"Foire de Malaga 2026 : guide complet + conseils locaux","isPartOf":{"@id":"https:\/\/electriccartour.com\/fr\/#website"},"primaryImageOfPage":{"@id":"https:\/\/electriccartour.com\/fr\/foire-de-malaga-2026-guide-complet-avec-conseils-locaux\/#primaryimage"},"image":{"@id":"https:\/\/electriccartour.com\/fr\/foire-de-malaga-2026-guide-complet-avec-conseils-locaux\/#primaryimage"},"thumbnailUrl":"https:\/\/i0.wp.com\/electriccartour.com\/wp-content\/uploads\/2026\/04\/ambiente-tradicional-con-caballos-en-la-Feria-de-Malaga.webp?fit=1536%2C1024&ssl=1","datePublished":"2026-04-06T18:51:10+00:00","dateModified":"2026-04-19T15:38:49+00:00","description":"D\u00e9couvrez la Foire de Malaga 2026 : dates, horaires, zones et conseils locaux pour en profiter au maximum. Guide complet pour vivre la foire.","breadcrumb":{"@id":"https:\/\/electriccartour.com\/fr\/foire-de-malaga-2026-guide-complet-avec-conseils-locaux\/#breadcrumb"},"inLanguage":"fr-FR","potentialAction":[{"@type":"ReadAction","target":["https:\/\/electriccartour.com\/fr\/foire-de-malaga-2026-guide-complet-avec-conseils-locaux\/"]}]},{"@type":"ImageObject","inLanguage":"fr-FR","@id":"https:\/\/electriccartour.com\/fr\/foire-de-malaga-2026-guide-complet-avec-conseils-locaux\/#primaryimage","url":"https:\/\/i0.wp.com\/electriccartour.com\/wp-content\/uploads\/2026\/04\/ambiente-tradicional-con-caballos-en-la-Feria-de-Malaga.webp?fit=1536%2C1024&ssl=1","contentUrl":"https:\/\/i0.wp.com\/electriccartour.com\/wp-content\/uploads\/2026\/04\/ambiente-tradicional-con-caballos-en-la-Feria-de-Malaga.webp?fit=1536%2C1024&ssl=1","width":1536,"height":1024,"caption":"Coches de caballos y trajes t\u00edpicos en la Feria de M\u00e1laga"},{"@type":"BreadcrumbList","@id":"https:\/\/electriccartour.com\/fr\/foire-de-malaga-2026-guide-complet-avec-conseils-locaux\/#breadcrumb","itemListElement":[{"@type":"ListItem","position":1,"name":"Portada","item":"https:\/\/electriccartour.com\/fr\/"},{"@type":"ListItem","position":2,"name":"Foire de Malaga 2026 : guide complet avec conseils locaux"}]},{"@type":"WebSite","@id":"https:\/\/electriccartour.com\/fr\/#website","url":"https:\/\/electriccartour.com\/fr\/","name":"Tours en Coche El\u00e9ctrico en M\u00e1laga \u267b\ufe0f | Electric Car Tour","description":"Descubre M\u00e1laga de forma sostenible con Electric Car Tour. Disfruta de tours guiados en coche el\u00e9ctrico y explora los principales atractivos tur\u00edsticos de la ciudad.","publisher":{"@id":"https:\/\/electriccartour.com\/fr\/#organization"},"alternateName":"Electric Car Tour - M\u00e1laga","potentialAction":[{"@type":"SearchAction","target":{"@type":"EntryPoint","urlTemplate":"https:\/\/electriccartour.com\/fr\/?s={search_term_string}"},"query-input":{"@type":"PropertyValueSpecification","valueRequired":true,"valueName":"search_term_string"}}],"inLanguage":"fr-FR"},{"@type":"Organization","@id":"https:\/\/electriccartour.com\/fr\/#organization","name":"Electric Car Tour","alternateName":"electriccartour","url":"https:\/\/electriccartour.com\/fr\/","logo":{"@type":"ImageObject","inLanguage":"fr-FR","@id":"https:\/\/electriccartour.com\/fr\/#\/schema\/logo\/image\/","url":"https:\/\/i0.wp.com\/electriccartour.com\/wp-content\/uploads\/2021\/12\/181002_ECT_Logo5389f3-1920w.png?fit=1920%2C462&ssl=1","contentUrl":"https:\/\/i0.wp.com\/electriccartour.com\/wp-content\/uploads\/2021\/12\/181002_ECT_Logo5389f3-1920w.png?fit=1920%2C462&ssl=1","width":1920,"height":462,"caption":"Electric Car Tour"},"image":{"@id":"https:\/\/electriccartour.com\/fr\/#\/schema\/logo\/image\/"},"sameAs":["https:\/\/www.facebook.com\/Tourenvechiculoselectricos\/","https:\/\/x.com\/electric_tour","https:\/\/www.youtube.com\/channel\/UClzjmLNm6Auwdnix5FwnxXw","https:\/\/www.instagram.com\/electriccartour\/","https:\/\/tripadvisor.com\/Attraction_Review-g187438-d15198737-Reviews-Electric_Car_Tour-Malaga_Costa_del_Sol_Province_of_Malaga_Andalucia.html"]},{"@type":"Person","@id":"https:\/\/electriccartour.com\/fr\/#\/schema\/person\/14020537da6216f7471b49e5e929cba1","name":"electriccartour","image":{"@type":"ImageObject","inLanguage":"fr-FR","@id":"https:\/\/secure.gravatar.com\/avatar\/fe8515b4ef6ae0fb0465b6ace38c4969d9b25f2d9a0c49eee2553face0582368?s=96&d=mm&r=g","url":"https:\/\/secure.gravatar.com\/avatar\/fe8515b4ef6ae0fb0465b6ace38c4969d9b25f2d9a0c49eee2553face0582368?s=96&d=mm&r=g","contentUrl":"https:\/\/secure.gravatar.com\/avatar\/fe8515b4ef6ae0fb0465b6ace38c4969d9b25f2d9a0c49eee2553face0582368?s=96&d=mm&r=g","caption":"electriccartour"},"sameAs":["http:\/\/electriccartour.com","https:\/\/www.facebook.com\/Tourenvechiculoselectricos\/","https:\/\/www.instagram.com\/electriccartour\/","https:\/\/www.linkedin.com\/in\/gema-martnez-aa8ab2183","https:\/\/x.com\/https:\/\/twitter.com\/electric_tour","https:\/\/www.youtube.com\/channel\/UClzjmLNm6Auwdnix5FwnxXw"],"url":"https:\/\/electriccartour.com\/fr\/author\/electriccartour\/"}]}},"jetpack_featured_media_url":"https:\/\/i0.wp.com\/electriccartour.com\/wp-content\/uploads\/2026\/04\/ambiente-tradicional-con-caballos-en-la-Feria-de-Malaga.webp?fit=1536%2C1024&ssl=1","jetpack_sharing_enabled":true,"_links":{"self":[{"href":"https:\/\/electriccartour.com\/fr\/wp-json\/wp\/v2\/posts\/14656","targetHints":{"allow":["GET"]}}],"collection":[{"href":"https:\/\/electriccartour.com\/fr\/wp-json\/wp\/v2\/posts"}],"about":[{"href":"https:\/\/electriccartour.com\/fr\/wp-json\/wp\/v2\/types\/post"}],"author":[{"embeddable":true,"href":"https:\/\/electriccartour.com\/fr\/wp-json\/wp\/v2\/users\/1"}],"replies":[{"embeddable":true,"href":"https:\/\/electriccartour.com\/fr\/wp-json\/wp\/v2\/comments?post=14656"}],"version-history":[{"count":3,"href":"https:\/\/electriccartour.com\/fr\/wp-json\/wp\/v2\/posts\/14656\/revisions"}],"predecessor-version":[{"id":14672,"href":"https:\/\/electriccartour.com\/fr\/wp-json\/wp\/v2\/posts\/14656\/revisions\/14672"}],"wp:featuredmedia":[{"embeddable":true,"href":"https:\/\/electriccartour.com\/fr\/wp-json\/wp\/v2\/media\/14610"}],"wp:attachment":[{"href":"https:\/\/electriccartour.com\/fr\/wp-json\/wp\/v2\/media?parent=14656"}],"wp:term":[{"taxonomy":"category","embeddable":true,"href":"https:\/\/electriccartour.com\/fr\/wp-json\/wp\/v2\/categories?post=14656"},{"taxonomy":"post_tag","embeddable":true,"href":"https:\/\/electriccartour.com\/fr\/wp-json\/wp\/v2\/tags?post=14656"}],"curies":[{"name":"wp","href":"https:\/\/api.w.org\/{rel}","templated":true}]}}