{"id":9682,"date":"2023-08-30T17:12:22","date_gmt":"2023-08-30T16:12:22","guid":{"rendered":"https:\/\/electriccartour.com\/voyager-en-voiture-electrique\/"},"modified":"2025-02-16T21:33:25","modified_gmt":"2025-02-16T20:33:25","slug":"voyager-en-voiture-electrique","status":"publish","type":"post","link":"https:\/\/electriccartour.com\/fr\/voyager-en-voiture-electrique\/","title":{"rendered":"Voyager en voiture \u00e9lectrique"},"content":{"rendered":"\t\t<div data-elementor-type=\"wp-post\" data-elementor-id=\"9682\" class=\"elementor elementor-9682 elementor-9632\" data-elementor-post-type=\"post\">\n\t\t\t\t\t\t<section class=\"elementor-section elementor-top-section elementor-element elementor-element-a9302d8 elementor-section-boxed elementor-section-height-default elementor-section-height-default\" data-id=\"a9302d8\" data-element_type=\"section\" data-e-type=\"section\">\n\t\t\t\t\t\t<div class=\"elementor-container elementor-column-gap-default\">\n\t\t\t\t\t<div class=\"elementor-column elementor-col-100 elementor-top-column elementor-element elementor-element-5a3471d\" data-id=\"5a3471d\" data-element_type=\"column\" data-e-type=\"column\">\n\t\t\t<div class=\"elementor-widget-wrap elementor-element-populated\">\n\t\t\t\t\t\t<div class=\"elementor-element elementor-element-692a0f3 elementor-widget elementor-widget-heading\" data-id=\"692a0f3\" data-element_type=\"widget\" data-e-type=\"widget\" data-widget_type=\"heading.default\">\n\t\t\t\t<div class=\"elementor-widget-container\">\n\t\t\t\t\t<h2 class=\"elementor-heading-title elementor-size-default\"><b><span style=\"color: var( --e-global-color-primary );letter-spacing: -0.02em\">L<\/span><span style=\"color: var( --e-global-color-primary );letter-spacing: -0.02em\">a famille Electric Car Tour voyage en voiture \u00e9lectrique<\/span><\/b><\/h2>\t\t\t\t<\/div>\n\t\t\t\t<\/div>\n\t\t\t\t\t<\/div>\n\t\t<\/div>\n\t\t\t\t\t<\/div>\n\t\t<\/section>\n\t\t\t\t<section class=\"elementor-section elementor-top-section elementor-element elementor-element-0f274b8 elementor-section-boxed elementor-section-height-default elementor-section-height-default\" data-id=\"0f274b8\" data-element_type=\"section\" data-e-type=\"section\">\n\t\t\t\t\t\t<div class=\"elementor-container elementor-column-gap-default\">\n\t\t\t\t\t<div class=\"elementor-column elementor-col-100 elementor-top-column elementor-element elementor-element-0b9a931\" data-id=\"0b9a931\" data-element_type=\"column\" data-e-type=\"column\">\n\t\t\t<div class=\"elementor-widget-wrap elementor-element-populated\">\n\t\t\t\t\t\t<div class=\"elementor-element elementor-element-9f50836 elementor-widget elementor-widget-image\" data-id=\"9f50836\" data-element_type=\"widget\" data-e-type=\"widget\" data-widget_type=\"image.default\">\n\t\t\t\t<div class=\"elementor-widget-container\">\n\t\t\t\t\t\t\t\t\t\t\t\t\t\t\t<img fetchpriority=\"high\" decoding=\"async\" width=\"300\" height=\"225\" src=\"https:\/\/i0.wp.com\/electriccartour.com\/wp-content\/uploads\/2023\/08\/viajando-en-coche-electrico-scaled.jpg?fit=300%2C225&amp;ssl=1\" class=\"attachment-medium size-medium wp-image-9639\" alt=\"viajando en coche el\u00e9ctrico\" srcset=\"https:\/\/i0.wp.com\/electriccartour.com\/wp-content\/uploads\/2023\/08\/viajando-en-coche-electrico-scaled.jpg?w=2560&amp;ssl=1 2560w, https:\/\/i0.wp.com\/electriccartour.com\/wp-content\/uploads\/2023\/08\/viajando-en-coche-electrico-scaled.jpg?resize=300%2C225&amp;ssl=1 300w, https:\/\/i0.wp.com\/electriccartour.com\/wp-content\/uploads\/2023\/08\/viajando-en-coche-electrico-scaled.jpg?resize=1024%2C768&amp;ssl=1 1024w, https:\/\/i0.wp.com\/electriccartour.com\/wp-content\/uploads\/2023\/08\/viajando-en-coche-electrico-scaled.jpg?resize=768%2C576&amp;ssl=1 768w, https:\/\/i0.wp.com\/electriccartour.com\/wp-content\/uploads\/2023\/08\/viajando-en-coche-electrico-scaled.jpg?resize=1536%2C1152&amp;ssl=1 1536w, https:\/\/i0.wp.com\/electriccartour.com\/wp-content\/uploads\/2023\/08\/viajando-en-coche-electrico-scaled.jpg?resize=2048%2C1536&amp;ssl=1 2048w, https:\/\/i0.wp.com\/electriccartour.com\/wp-content\/uploads\/2023\/08\/viajando-en-coche-electrico-scaled.jpg?resize=1568%2C1176&amp;ssl=1 1568w, https:\/\/i0.wp.com\/electriccartour.com\/wp-content\/uploads\/2023\/08\/viajando-en-coche-electrico-scaled.jpg?resize=1320%2C990&amp;ssl=1 1320w, https:\/\/i0.wp.com\/electriccartour.com\/wp-content\/uploads\/2023\/08\/viajando-en-coche-electrico-scaled.jpg?resize=450%2C338&amp;ssl=1 450w, https:\/\/i0.wp.com\/electriccartour.com\/wp-content\/uploads\/2023\/08\/viajando-en-coche-electrico-scaled.jpg?w=1920&amp;ssl=1 1920w\" sizes=\"(max-width: 300px) 100vw, 300px\" \/>\t\t\t\t\t\t\t\t\t\t\t\t\t\t\t<\/div>\n\t\t\t\t<\/div>\n\t\t\t\t\t<\/div>\n\t\t<\/div>\n\t\t\t\t\t<\/div>\n\t\t<\/section>\n\t\t\t\t<section class=\"elementor-section elementor-top-section elementor-element elementor-element-4bfde66 elementor-section-boxed elementor-section-height-default elementor-section-height-default\" data-id=\"4bfde66\" data-element_type=\"section\" data-e-type=\"section\">\n\t\t\t\t\t\t<div class=\"elementor-container elementor-column-gap-default\">\n\t\t\t\t\t<div class=\"elementor-column elementor-col-100 elementor-top-column elementor-element elementor-element-6bbfd87\" data-id=\"6bbfd87\" data-element_type=\"column\" data-e-type=\"column\">\n\t\t\t<div class=\"elementor-widget-wrap elementor-element-populated\">\n\t\t\t\t\t\t<div class=\"elementor-element elementor-element-b9cf693 elementor-widget elementor-widget-text-editor\" data-id=\"b9cf693\" data-element_type=\"widget\" data-e-type=\"widget\" data-widget_type=\"text-editor.default\">\n\t\t\t\t<div class=\"elementor-widget-container\">\n\t\t\t\t\t\t\t\t\t<p>Dans l&rsquo;article d&rsquo;aujourd&rsquo;hui, nous allons vous parler de l&rsquo;exp\u00e9rience de voyager dans une voiture \u00e9lectrique. La<b> famille Electric Car Tour voyage<\/b> <b>\u00e9galement en voiture \u00e9lectrique<\/b> pendant ses vacances car, bien que beaucoup de gens ne le croient pas, elle n&rsquo;est pas la seule \u00e0 voyager en voiture \u00e9lectrique :<\/p>\n\t\t\t\t\t\t\t\t<\/div>\n\t\t\t\t<\/div>\n\t\t\t\t\t<\/div>\n\t\t<\/div>\n\t\t\t\t\t<\/div>\n\t\t<\/section>\n\t\t\t\t<section class=\"elementor-section elementor-top-section elementor-element elementor-element-22de1b8 elementor-section-boxed elementor-section-height-default elementor-section-height-default\" data-id=\"22de1b8\" data-element_type=\"section\" data-e-type=\"section\">\n\t\t\t\t\t\t<div class=\"elementor-container elementor-column-gap-default\">\n\t\t\t\t\t<div class=\"elementor-column elementor-col-100 elementor-top-column elementor-element elementor-element-121e8fc\" data-id=\"121e8fc\" data-element_type=\"column\" data-e-type=\"column\">\n\t\t\t<div class=\"elementor-widget-wrap elementor-element-populated\">\n\t\t\t\t\t\t<div class=\"elementor-element elementor-element-08678e7 elementor-widget elementor-widget-heading\" data-id=\"08678e7\" data-element_type=\"widget\" data-e-type=\"widget\" data-widget_type=\"heading.default\">\n\t\t\t\t<div class=\"elementor-widget-container\">\n\t\t\t\t\t<h2 class=\"elementor-heading-title elementor-size-medium\"><u>Voyager en voiture \u00e9lectrique est<b> possible, et ce n'est pas une odyss\u00e9e<\/b>.<\/u><\/h2>\t\t\t\t<\/div>\n\t\t\t\t<\/div>\n\t\t\t\t\t<\/div>\n\t\t<\/div>\n\t\t\t\t\t<\/div>\n\t\t<\/section>\n\t\t\t\t<section class=\"elementor-section elementor-top-section elementor-element elementor-element-c3c291c elementor-section-boxed elementor-section-height-default elementor-section-height-default\" data-id=\"c3c291c\" data-element_type=\"section\" data-e-type=\"section\">\n\t\t\t\t\t\t<div class=\"elementor-container elementor-column-gap-default\">\n\t\t\t\t\t<div class=\"elementor-column elementor-col-100 elementor-top-column elementor-element elementor-element-a4a973e\" data-id=\"a4a973e\" data-element_type=\"column\" data-e-type=\"column\">\n\t\t\t<div class=\"elementor-widget-wrap elementor-element-populated\">\n\t\t\t\t\t\t<div class=\"elementor-element elementor-element-7b832c3 elementor-widget elementor-widget-text-editor\" data-id=\"7b832c3\" data-element_type=\"widget\" data-e-type=\"widget\" data-widget_type=\"text-editor.default\">\n\t\t\t\t<div class=\"elementor-widget-container\">\n\t\t\t\t\t\t\t\t\t<p>\u00c0 cette occasion et profitant de quelques jours de faible afflux de voyageurs dans la ville, nous avons pris quelques jours de cong\u00e9 pour profiter de la famille, et l&rsquo;endroit choisi est <b>\u00ab\u00a0La manga del mar menor\u00a0\u00bb<\/b> \u00e0<b> Murcia <\/b>.  <\/p>\n<p><b>Voyager en voiture \u00e9lectrique pr\u00e9sente plusieurs avantages et consid\u00e9rations<\/b> importants :<\/p>\n<p>Les voitures \u00e9lectriques \u00e9mettent moins de gaz \u00e0 effet de serre et de polluants locaux que les v\u00e9hicules \u00e0 combustion interne, contribuant ainsi \u00e0 la r\u00e9duction de la pollution atmosph\u00e9rique et du changement climatique.<\/p>\n<p>Conduite souple et silencieuse<b>, ils<\/b> sont r\u00e9put\u00e9s pour leur r\u00e9ponse instantan\u00e9e et leur silence de roulement. Il n&rsquo;y a pas de vibrations ni de bruits de moteur, ce qui rend la conduite plus agr\u00e9able.<\/p>\n<\/p>\n<p>Bien que l&rsquo;\u00e9lectricit\u00e9 soit souvent moins ch\u00e8re que l&rsquo;essence ou le diesel, ce qui permet de r\u00e9aliser des \u00e9conomies \u00e0 long terme, sur les longs trajets comme celui que nous nous appr\u00eatons \u00e0 faire, c&rsquo;est l&rsquo;une des consid\u00e9rations \u00e0 prendre en compte en raison du co\u00fbt plus \u00e9lev\u00e9 des bornes de recharge rapide que nous utiliserons au cours du voyage.  <\/p>\n<p>Malgr\u00e9 tout, \u00e0 la fin du voyage, nous avons fait le calcul et avons \u00e9conomis\u00e9 environ 40 euros par rapport \u00e0 une voiture diesel.  <\/p>\n\t\t\t\t\t\t\t\t<\/div>\n\t\t\t\t<\/div>\n\t\t\t\t\t<\/div>\n\t\t<\/div>\n\t\t\t\t\t<\/div>\n\t\t<\/section>\n\t\t\t\t<section class=\"elementor-section elementor-top-section elementor-element elementor-element-021383e elementor-section-boxed elementor-section-height-default elementor-section-height-default\" data-id=\"021383e\" data-element_type=\"section\" data-e-type=\"section\">\n\t\t\t\t\t\t<div class=\"elementor-container elementor-column-gap-default\">\n\t\t\t\t\t<div class=\"elementor-column elementor-col-100 elementor-top-column elementor-element elementor-element-a588e11\" data-id=\"a588e11\" data-element_type=\"column\" data-e-type=\"column\">\n\t\t\t<div class=\"elementor-widget-wrap elementor-element-populated\">\n\t\t\t\t\t\t<div class=\"elementor-element elementor-element-1eb5b37 elementor-widget elementor-widget-image\" data-id=\"1eb5b37\" data-element_type=\"widget\" data-e-type=\"widget\" data-widget_type=\"image.default\">\n\t\t\t\t<div class=\"elementor-widget-container\">\n\t\t\t\t\t\t\t\t\t\t\t\t\t\t\t<img decoding=\"async\" width=\"640\" height=\"288\" src=\"https:\/\/i0.wp.com\/electriccartour.com\/wp-content\/uploads\/2023\/08\/plano-viaje-en-coche-electrico.jpeg?fit=640%2C288&amp;ssl=1\" class=\"attachment-large size-large wp-image-9644\" alt=\"plano-viaje-en-coche-el\u00e9ctrico\" srcset=\"https:\/\/i0.wp.com\/electriccartour.com\/wp-content\/uploads\/2023\/08\/plano-viaje-en-coche-electrico.jpeg?w=2048&amp;ssl=1 2048w, https:\/\/i0.wp.com\/electriccartour.com\/wp-content\/uploads\/2023\/08\/plano-viaje-en-coche-electrico.jpeg?resize=300%2C135&amp;ssl=1 300w, https:\/\/i0.wp.com\/electriccartour.com\/wp-content\/uploads\/2023\/08\/plano-viaje-en-coche-electrico.jpeg?resize=1024%2C461&amp;ssl=1 1024w, https:\/\/i0.wp.com\/electriccartour.com\/wp-content\/uploads\/2023\/08\/plano-viaje-en-coche-electrico.jpeg?resize=768%2C345&amp;ssl=1 768w, https:\/\/i0.wp.com\/electriccartour.com\/wp-content\/uploads\/2023\/08\/plano-viaje-en-coche-electrico.jpeg?resize=1536%2C691&amp;ssl=1 1536w, https:\/\/i0.wp.com\/electriccartour.com\/wp-content\/uploads\/2023\/08\/plano-viaje-en-coche-electrico.jpeg?resize=1568%2C705&amp;ssl=1 1568w, https:\/\/i0.wp.com\/electriccartour.com\/wp-content\/uploads\/2023\/08\/plano-viaje-en-coche-electrico.jpeg?resize=1320%2C594&amp;ssl=1 1320w, https:\/\/i0.wp.com\/electriccartour.com\/wp-content\/uploads\/2023\/08\/plano-viaje-en-coche-electrico.jpeg?resize=450%2C202&amp;ssl=1 450w, https:\/\/i0.wp.com\/electriccartour.com\/wp-content\/uploads\/2023\/08\/plano-viaje-en-coche-electrico.jpeg?w=1920&amp;ssl=1 1920w\" sizes=\"(max-width: 640px) 100vw, 640px\" \/>\t\t\t\t\t\t\t\t\t\t\t\t\t\t\t<\/div>\n\t\t\t\t<\/div>\n\t\t\t\t\t<\/div>\n\t\t<\/div>\n\t\t\t\t\t<\/div>\n\t\t<\/section>\n\t\t\t\t<section class=\"elementor-section elementor-top-section elementor-element elementor-element-c835175 elementor-section-boxed elementor-section-height-default elementor-section-height-default\" data-id=\"c835175\" data-element_type=\"section\" data-e-type=\"section\">\n\t\t\t\t\t\t<div class=\"elementor-container elementor-column-gap-default\">\n\t\t\t\t\t<div class=\"elementor-column elementor-col-100 elementor-top-column elementor-element elementor-element-029b965\" data-id=\"029b965\" data-element_type=\"column\" data-e-type=\"column\">\n\t\t\t<div class=\"elementor-widget-wrap elementor-element-populated\">\n\t\t\t\t\t\t<div class=\"elementor-element elementor-element-0908c78 elementor-widget elementor-widget-text-editor\" data-id=\"0908c78\" data-element_type=\"widget\" data-e-type=\"widget\" data-widget_type=\"text-editor.default\">\n\t\t\t\t<div class=\"elementor-widget-container\">\n\t\t\t\t\t\t\t\t\t<p>Nous avons emprunt\u00e9 l&rsquo;autoroute et un tron\u00e7on d&rsquo;autoroute allant d&rsquo;<b>Almer\u00eda<\/b> \u00e0 presque <b>Carthag\u00e8ne<\/b>. <\/p>\n<p>Comme vous pouvez le voir sur la carte, le <b>trajet est d&rsquo;environ 400 km <\/b>et, afin de recharger notre v\u00e9hicule \u00e9lectrique et de nous restaurer entre-temps, nous avons choisi de nous arr\u00eater \u00e0 mi-chemin \u00e0 Almeria.  <\/p>\n<p>Bien que l&rsquo;autonomie des voitures \u00e9lectriques se soit consid\u00e9rablement am\u00e9lior\u00e9e ces derni\u00e8res ann\u00e9es, elle peut encore \u00eatre plus courte que celle des v\u00e9hicules \u00e0 combustion interne. En outre, il est important de planifier vos itin\u00e9raires en tenant compte de la disponibilit\u00e9 des stations de recharge.<\/p>\n<\/p>\n<p>Il est important de s&rsquo;assurer qu&rsquo;il y a suffisamment de points de charge dans les zones que vous pr\u00e9voyez de visiter et de disposer des outils n\u00e9cessaires pour atteindre ces points de charge. Aujourd&rsquo;hui, il existe d&rsquo;innombrables applications mobiles qui permettent de trouver des bornes de recharge et m\u00eame de planifier son trajet dans l&rsquo;APP. (electromaps, zunder, et les applications propres \u00e0 iberdrola, endesa, repsol et BP)<\/p>\n\t\t\t\t\t\t\t\t<\/div>\n\t\t\t\t<\/div>\n\t\t\t\t\t<\/div>\n\t\t<\/div>\n\t\t\t\t\t<\/div>\n\t\t<\/section>\n\t\t\t\t<section class=\"elementor-section elementor-top-section elementor-element elementor-element-5b60b83 elementor-section-boxed elementor-section-height-default elementor-section-height-default\" data-id=\"5b60b83\" data-element_type=\"section\" data-e-type=\"section\">\n\t\t\t\t\t\t<div class=\"elementor-container elementor-column-gap-default\">\n\t\t\t\t\t<div class=\"elementor-column elementor-col-100 elementor-top-column elementor-element elementor-element-811fe25\" data-id=\"811fe25\" data-element_type=\"column\" data-e-type=\"column\">\n\t\t\t<div class=\"elementor-widget-wrap elementor-element-populated\">\n\t\t\t\t\t\t<div class=\"elementor-element elementor-element-bd1a22c elementor-widget elementor-widget-image\" data-id=\"bd1a22c\" data-element_type=\"widget\" data-e-type=\"widget\" data-widget_type=\"image.default\">\n\t\t\t\t<div class=\"elementor-widget-container\">\n\t\t\t\t\t\t\t\t\t\t\t\t\t\t\t<img decoding=\"async\" width=\"640\" height=\"480\" src=\"https:\/\/i0.wp.com\/electriccartour.com\/wp-content\/uploads\/2023\/08\/punto-de-carga-viaje-coche-electrico-scaled.jpg?fit=640%2C480&amp;ssl=1\" class=\"attachment-large size-large wp-image-9648\" alt=\"punto-de-carga-viaje-coche-electrico\" srcset=\"https:\/\/i0.wp.com\/electriccartour.com\/wp-content\/uploads\/2023\/08\/punto-de-carga-viaje-coche-electrico-scaled.jpg?w=2560&amp;ssl=1 2560w, https:\/\/i0.wp.com\/electriccartour.com\/wp-content\/uploads\/2023\/08\/punto-de-carga-viaje-coche-electrico-scaled.jpg?resize=300%2C225&amp;ssl=1 300w, https:\/\/i0.wp.com\/electriccartour.com\/wp-content\/uploads\/2023\/08\/punto-de-carga-viaje-coche-electrico-scaled.jpg?resize=1024%2C768&amp;ssl=1 1024w, https:\/\/i0.wp.com\/electriccartour.com\/wp-content\/uploads\/2023\/08\/punto-de-carga-viaje-coche-electrico-scaled.jpg?resize=768%2C576&amp;ssl=1 768w, https:\/\/i0.wp.com\/electriccartour.com\/wp-content\/uploads\/2023\/08\/punto-de-carga-viaje-coche-electrico-scaled.jpg?resize=1536%2C1152&amp;ssl=1 1536w, https:\/\/i0.wp.com\/electriccartour.com\/wp-content\/uploads\/2023\/08\/punto-de-carga-viaje-coche-electrico-scaled.jpg?resize=2048%2C1536&amp;ssl=1 2048w, https:\/\/i0.wp.com\/electriccartour.com\/wp-content\/uploads\/2023\/08\/punto-de-carga-viaje-coche-electrico-scaled.jpg?resize=1568%2C1176&amp;ssl=1 1568w, https:\/\/i0.wp.com\/electriccartour.com\/wp-content\/uploads\/2023\/08\/punto-de-carga-viaje-coche-electrico-scaled.jpg?resize=1320%2C990&amp;ssl=1 1320w, https:\/\/i0.wp.com\/electriccartour.com\/wp-content\/uploads\/2023\/08\/punto-de-carga-viaje-coche-electrico-scaled.jpg?resize=450%2C338&amp;ssl=1 450w, https:\/\/i0.wp.com\/electriccartour.com\/wp-content\/uploads\/2023\/08\/punto-de-carga-viaje-coche-electrico-scaled.jpg?w=1920&amp;ssl=1 1920w\" sizes=\"(max-width: 640px) 100vw, 640px\" \/>\t\t\t\t\t\t\t\t\t\t\t\t\t\t\t<\/div>\n\t\t\t\t<\/div>\n\t\t\t\t\t<\/div>\n\t\t<\/div>\n\t\t\t\t\t<\/div>\n\t\t<\/section>\n\t\t\t\t<section class=\"elementor-section elementor-top-section elementor-element elementor-element-00c9dfc elementor-section-boxed elementor-section-height-default elementor-section-height-default\" data-id=\"00c9dfc\" data-element_type=\"section\" data-e-type=\"section\">\n\t\t\t\t\t\t<div class=\"elementor-container elementor-column-gap-default\">\n\t\t\t\t\t<div class=\"elementor-column elementor-col-100 elementor-top-column elementor-element elementor-element-40e9a42\" data-id=\"40e9a42\" data-element_type=\"column\" data-e-type=\"column\">\n\t\t\t<div class=\"elementor-widget-wrap elementor-element-populated\">\n\t\t\t\t\t\t<div class=\"elementor-element elementor-element-e60dcf4 elementor-widget elementor-widget-text-editor\" data-id=\"e60dcf4\" data-element_type=\"widget\" data-e-type=\"widget\" data-widget_type=\"text-editor.default\">\n\t\t\t\t<div class=\"elementor-widget-container\">\n\t\t\t\t\t\t\t\t\t<p>\u00c0 cette occasion, le v\u00e9hicule dans lequel nous avons <b>voyag\u00e9 est une Citro\u00ebn EC4,<\/b> dont l&rsquo;<b>autonomie homologu\u00e9e est de 360 km<\/b>, mais il faut tenir compte du fait que <b>lorsque vous voyagez sur l&rsquo;autoroute, l&rsquo;autonomie diminue<\/b>. C&rsquo;est pourquoi nous avons d\u00e9cid\u00e9 de nous arr\u00eater \u00e0 mi-chemin pour faire le plein et manger quelque chose avec les petits. Un premier parcours de 200 km et environ 2 heures, et \u00e0 l&rsquo;arriv\u00e9e une batterie \u00e0 30%. Il faut un peu plus d&rsquo;<b>une heure<\/b> <b>pour manger<\/b> et boire un caf\u00e9 pendant que les enfants jouent dans l&rsquo;aire de jeux. Avec une <b>batterie \u00e0 95% dans l&rsquo;heure<\/b>, nous avons continu\u00e9 notre voyage vers Carthag\u00e8ne. L&rsquo;itin\u00e9raire se fait \u00e0 une vitesse moyenne d&rsquo;environ 100 km\/heure, toujours sans d\u00e9passer les limitations de vitesse dans les sections, et en d\u00e9passant \u00e0 120 km\/heure. Le voyage n&rsquo;a \u00e9t\u00e9 ni lent ni rapide, nous avons voyag\u00e9 en profitant de la route et de nos vacances en famille.  <\/p>\n<\/p>\n<p>Apr\u00e8s 220 km et 2 heures de route suppl\u00e9mentaires, nous sommes arriv\u00e9s \u00e0 notre destination, le <b>Camping Capfun <\/b>\u00e0 La Manga del Mar Menor<b> (Murcia<\/b>). Au total et en comptant l&rsquo;arr\u00eat pour la recharge &#8211; d\u00e9jeuner, il<b> nous a fallu 5 heures pour atteindre notre destination,<\/b> le <b>m\u00eame temps qu<\/b> &lsquo;il nous aurait fallu avec notre<b> voiture diesel<\/b> pr\u00e9c\u00e9dente<b>.<\/b> <\/p>\n<p>Aujourd&rsquo;hui, les <b>charges rapides<\/b> de la plupart des voitures \u00e9lectriques prennent environ <b>40 minutes pour passer de 20 % \u00e0 80 %<\/b>, comme dans le cas de notre <b>Citro\u00ebn EC4<\/b> (voire moins pour d&rsquo;autres mod\u00e8les) et si nous devons acc\u00e9l\u00e9rer la charge compl\u00e8te, en 1 heure, ce qui correspond \u00e0 la dur\u00e9e d&rsquo;un d\u00e9jeuner, la voiture est pr\u00eate \u00e0 continuer \u00e0 voyager.  <\/p>\n<\/p>\n<p><b>En r\u00e9sum\u00e9<\/b>, voyager en voiture \u00e9lectrique peut \u00eatre une excellente option pour ceux qui souhaitent contribuer \u00e0 la durabilit\u00e9 environnementale et profiter d&rsquo;une exp\u00e9rience de conduite moderne et efficace. Toutefois, il est important de planifier vos d\u00e9placements en tenant compte de l&rsquo;autonomie, de l&rsquo;infrastructure de recharge et d&rsquo;autres aspects sp\u00e9cifiques aux voitures \u00e9lectriques. Selon les calculs d&rsquo;Iberdrola, le CO2 \u00e9vit\u00e9 pendant le trajet est d&rsquo;environ 400 kg, et l&rsquo;\u00e9conomie de carburant par rapport au diesel est d&rsquo;environ 40 \u20ac.<\/p>\n<p>Il <b>est possible de voyager en voiture \u00e9lectrique, et ce n&rsquo;est pas une odyss\u00e9e <\/b>comme certains le disent, il s&rsquo;agit simplement de r\u00e9fl\u00e9chir et d&rsquo;envisager la vie d&rsquo;une mani\u00e8re diff\u00e9rente, car <b>avoir une voiture \u00e9lectrique est un mode de vie<\/b> que beaucoup d&rsquo;entre nous choisissent aujourd&rsquo;hui pour pouvoir <b>apporter un grain de sable \u00e0 la conservation de notre plan\u00e8te. <\/b> <\/p>\n\t\t\t\t\t\t\t\t<\/div>\n\t\t\t\t<\/div>\n\t\t\t\t\t<\/div>\n\t\t<\/div>\n\t\t\t\t\t<\/div>\n\t\t<\/section>\n\t\t\t\t<section class=\"elementor-section elementor-top-section elementor-element elementor-element-a138aeb elementor-section-boxed elementor-section-height-default elementor-section-height-default\" data-id=\"a138aeb\" data-element_type=\"section\" data-e-type=\"section\">\n\t\t\t\t\t\t<div class=\"elementor-container elementor-column-gap-default\">\n\t\t\t\t\t<div class=\"elementor-column elementor-col-100 elementor-top-column elementor-element elementor-element-97b6048\" data-id=\"97b6048\" data-element_type=\"column\" data-e-type=\"column\">\n\t\t\t<div class=\"elementor-widget-wrap elementor-element-populated\">\n\t\t\t\t\t\t<div class=\"elementor-element elementor-element-944ae92 elementor-align-center elementor-widget elementor-widget-button\" data-id=\"944ae92\" data-element_type=\"widget\" data-e-type=\"widget\" data-widget_type=\"button.default\">\n\t\t\t\t<div class=\"elementor-widget-container\">\n\t\t\t\t\t\t\t\t\t<div class=\"elementor-button-wrapper\">\n\t\t\t\t\t<a class=\"elementor-button elementor-button-link elementor-size-sm\" href=\"https:\/\/electriccartour.com\/fr\/toutes-les-visites\/\">\n\t\t\t\t\t\t<span class=\"elementor-button-content-wrapper\">\n\t\t\t\t\t\t\t\t\t<span class=\"elementor-button-text\">D\u00e9couvrez tous nos circuits \u00e0 Malaga en voiture \u00e9lectrique<\/span>\n\t\t\t\t\t<\/span>\n\t\t\t\t\t<\/a>\n\t\t\t\t<\/div>\n\t\t\t\t\t\t\t\t<\/div>\n\t\t\t\t<\/div>\n\t\t\t\t\t<\/div>\n\t\t<\/div>\n\t\t\t\t\t<\/div>\n\t\t<\/section>\n\t\t\t\t<section class=\"elementor-section elementor-top-section elementor-element elementor-element-a067dc8 elementor-section-boxed elementor-section-height-default elementor-section-height-default\" data-id=\"a067dc8\" data-element_type=\"section\" data-e-type=\"section\">\n\t\t\t\t\t\t<div class=\"elementor-container elementor-column-gap-default\">\n\t\t\t\t\t<div class=\"elementor-column elementor-col-33 elementor-top-column elementor-element elementor-element-48a5dbb\" data-id=\"48a5dbb\" data-element_type=\"column\" data-e-type=\"column\">\n\t\t\t<div class=\"elementor-widget-wrap elementor-element-populated\">\n\t\t\t\t\t\t<div class=\"elementor-element elementor-element-c314d5b elementor-widget elementor-widget-image\" data-id=\"c314d5b\" data-element_type=\"widget\" data-e-type=\"widget\" data-widget_type=\"image.default\">\n\t\t\t\t<div class=\"elementor-widget-container\">\n\t\t\t\t\t\t\t\t\t\t\t\t\t\t\t<img loading=\"lazy\" decoding=\"async\" width=\"640\" height=\"480\" src=\"https:\/\/i0.wp.com\/electriccartour.com\/wp-content\/uploads\/2023\/08\/20230823_105429-scaled.jpg?fit=640%2C480&amp;ssl=1\" class=\"attachment-large size-large wp-image-9652\" alt=\"\" srcset=\"https:\/\/i0.wp.com\/electriccartour.com\/wp-content\/uploads\/2023\/08\/20230823_105429-scaled.jpg?w=2560&amp;ssl=1 2560w, https:\/\/i0.wp.com\/electriccartour.com\/wp-content\/uploads\/2023\/08\/20230823_105429-scaled.jpg?resize=300%2C225&amp;ssl=1 300w, https:\/\/i0.wp.com\/electriccartour.com\/wp-content\/uploads\/2023\/08\/20230823_105429-scaled.jpg?resize=1024%2C768&amp;ssl=1 1024w, https:\/\/i0.wp.com\/electriccartour.com\/wp-content\/uploads\/2023\/08\/20230823_105429-scaled.jpg?resize=768%2C576&amp;ssl=1 768w, https:\/\/i0.wp.com\/electriccartour.com\/wp-content\/uploads\/2023\/08\/20230823_105429-scaled.jpg?resize=1536%2C1152&amp;ssl=1 1536w, https:\/\/i0.wp.com\/electriccartour.com\/wp-content\/uploads\/2023\/08\/20230823_105429-scaled.jpg?resize=2048%2C1536&amp;ssl=1 2048w, https:\/\/i0.wp.com\/electriccartour.com\/wp-content\/uploads\/2023\/08\/20230823_105429-scaled.jpg?resize=1568%2C1176&amp;ssl=1 1568w, https:\/\/i0.wp.com\/electriccartour.com\/wp-content\/uploads\/2023\/08\/20230823_105429-scaled.jpg?resize=1320%2C990&amp;ssl=1 1320w, https:\/\/i0.wp.com\/electriccartour.com\/wp-content\/uploads\/2023\/08\/20230823_105429-scaled.jpg?resize=450%2C338&amp;ssl=1 450w, https:\/\/i0.wp.com\/electriccartour.com\/wp-content\/uploads\/2023\/08\/20230823_105429-scaled.jpg?w=1920&amp;ssl=1 1920w\" sizes=\"(max-width: 640px) 100vw, 640px\" \/>\t\t\t\t\t\t\t\t\t\t\t\t\t\t\t<\/div>\n\t\t\t\t<\/div>\n\t\t\t\t\t<\/div>\n\t\t<\/div>\n\t\t\t\t<div class=\"elementor-column elementor-col-33 elementor-top-column elementor-element elementor-element-3ab175a\" data-id=\"3ab175a\" data-element_type=\"column\" data-e-type=\"column\">\n\t\t\t<div class=\"elementor-widget-wrap elementor-element-populated\">\n\t\t\t\t\t\t<div class=\"elementor-element elementor-element-b31762d elementor-widget elementor-widget-image\" data-id=\"b31762d\" data-element_type=\"widget\" data-e-type=\"widget\" data-widget_type=\"image.default\">\n\t\t\t\t<div class=\"elementor-widget-container\">\n\t\t\t\t\t\t\t\t\t\t\t\t\t\t\t<img loading=\"lazy\" decoding=\"async\" width=\"640\" height=\"640\" src=\"https:\/\/i0.wp.com\/electriccartour.com\/wp-content\/uploads\/2023\/08\/65d3f6221a81049beb29f5eb832c3afec5_720x720.jpeg?fit=640%2C640&amp;ssl=1\" class=\"attachment-large size-large wp-image-9664\" alt=\"\" srcset=\"https:\/\/i0.wp.com\/electriccartour.com\/wp-content\/uploads\/2023\/08\/65d3f6221a81049beb29f5eb832c3afec5_720x720.jpeg?w=720&amp;ssl=1 720w, https:\/\/i0.wp.com\/electriccartour.com\/wp-content\/uploads\/2023\/08\/65d3f6221a81049beb29f5eb832c3afec5_720x720.jpeg?resize=300%2C300&amp;ssl=1 300w, https:\/\/i0.wp.com\/electriccartour.com\/wp-content\/uploads\/2023\/08\/65d3f6221a81049beb29f5eb832c3afec5_720x720.jpeg?resize=150%2C150&amp;ssl=1 150w, https:\/\/i0.wp.com\/electriccartour.com\/wp-content\/uploads\/2023\/08\/65d3f6221a81049beb29f5eb832c3afec5_720x720.jpeg?resize=450%2C450&amp;ssl=1 450w, https:\/\/i0.wp.com\/electriccartour.com\/wp-content\/uploads\/2023\/08\/65d3f6221a81049beb29f5eb832c3afec5_720x720.jpeg?resize=100%2C100&amp;ssl=1 100w\" sizes=\"(max-width: 640px) 100vw, 640px\" \/>\t\t\t\t\t\t\t\t\t\t\t\t\t\t\t<\/div>\n\t\t\t\t<\/div>\n\t\t\t\t\t<\/div>\n\t\t<\/div>\n\t\t\t\t<div class=\"elementor-column elementor-col-33 elementor-top-column elementor-element elementor-element-ee55813\" data-id=\"ee55813\" data-element_type=\"column\" data-e-type=\"column\">\n\t\t\t<div class=\"elementor-widget-wrap elementor-element-populated\">\n\t\t\t\t\t\t<div class=\"elementor-element elementor-element-cc186c4 elementor-widget elementor-widget-image\" data-id=\"cc186c4\" data-element_type=\"widget\" data-e-type=\"widget\" data-widget_type=\"image.default\">\n\t\t\t\t<div class=\"elementor-widget-container\">\n\t\t\t\t\t\t\t\t\t\t\t\t\t\t\t<img decoding=\"async\" width=\"640\" height=\"480\" src=\"https:\/\/i0.wp.com\/electriccartour.com\/wp-content\/uploads\/2023\/08\/punto-de-carga-viaje-coche-electrico-scaled.jpg?fit=640%2C480&amp;ssl=1\" class=\"attachment-large size-large wp-image-9648\" alt=\"punto-de-carga-viaje-coche-electrico\" srcset=\"https:\/\/i0.wp.com\/electriccartour.com\/wp-content\/uploads\/2023\/08\/punto-de-carga-viaje-coche-electrico-scaled.jpg?w=2560&amp;ssl=1 2560w, https:\/\/i0.wp.com\/electriccartour.com\/wp-content\/uploads\/2023\/08\/punto-de-carga-viaje-coche-electrico-scaled.jpg?resize=300%2C225&amp;ssl=1 300w, https:\/\/i0.wp.com\/electriccartour.com\/wp-content\/uploads\/2023\/08\/punto-de-carga-viaje-coche-electrico-scaled.jpg?resize=1024%2C768&amp;ssl=1 1024w, https:\/\/i0.wp.com\/electriccartour.com\/wp-content\/uploads\/2023\/08\/punto-de-carga-viaje-coche-electrico-scaled.jpg?resize=768%2C576&amp;ssl=1 768w, https:\/\/i0.wp.com\/electriccartour.com\/wp-content\/uploads\/2023\/08\/punto-de-carga-viaje-coche-electrico-scaled.jpg?resize=1536%2C1152&amp;ssl=1 1536w, https:\/\/i0.wp.com\/electriccartour.com\/wp-content\/uploads\/2023\/08\/punto-de-carga-viaje-coche-electrico-scaled.jpg?resize=2048%2C1536&amp;ssl=1 2048w, https:\/\/i0.wp.com\/electriccartour.com\/wp-content\/uploads\/2023\/08\/punto-de-carga-viaje-coche-electrico-scaled.jpg?resize=1568%2C1176&amp;ssl=1 1568w, https:\/\/i0.wp.com\/electriccartour.com\/wp-content\/uploads\/2023\/08\/punto-de-carga-viaje-coche-electrico-scaled.jpg?resize=1320%2C990&amp;ssl=1 1320w, https:\/\/i0.wp.com\/electriccartour.com\/wp-content\/uploads\/2023\/08\/punto-de-carga-viaje-coche-electrico-scaled.jpg?resize=450%2C338&amp;ssl=1 450w, https:\/\/i0.wp.com\/electriccartour.com\/wp-content\/uploads\/2023\/08\/punto-de-carga-viaje-coche-electrico-scaled.jpg?w=1920&amp;ssl=1 1920w\" sizes=\"(max-width: 640px) 100vw, 640px\" \/>\t\t\t\t\t\t\t\t\t\t\t\t\t\t\t<\/div>\n\t\t\t\t<\/div>\n\t\t\t\t\t<\/div>\n\t\t<\/div>\n\t\t\t\t\t<\/div>\n\t\t<\/section>\n\t\t\t\t<section class=\"elementor-section elementor-top-section elementor-element elementor-element-5e1f61d elementor-section-boxed elementor-section-height-default elementor-section-height-default\" data-id=\"5e1f61d\" data-element_type=\"section\" data-e-type=\"section\">\n\t\t\t\t\t\t<div class=\"elementor-container elementor-column-gap-default\">\n\t\t\t\t\t<div class=\"elementor-column elementor-col-50 elementor-top-column elementor-element elementor-element-91c5cd4\" data-id=\"91c5cd4\" data-element_type=\"column\" data-e-type=\"column\">\n\t\t\t<div class=\"elementor-widget-wrap elementor-element-populated\">\n\t\t\t\t\t\t<div class=\"elementor-element elementor-element-a28be97 elementor-widget elementor-widget-image\" data-id=\"a28be97\" data-element_type=\"widget\" data-e-type=\"widget\" data-widget_type=\"image.default\">\n\t\t\t\t<div class=\"elementor-widget-container\">\n\t\t\t\t\t\t\t\t\t\t\t\t\t\t\t<img loading=\"lazy\" decoding=\"async\" width=\"640\" height=\"480\" src=\"https:\/\/i0.wp.com\/electriccartour.com\/wp-content\/uploads\/2023\/08\/viajando-en-coche-electrico-scaled.jpg?fit=640%2C480&amp;ssl=1\" class=\"attachment-large size-large wp-image-9639\" alt=\"viajando en coche el\u00e9ctrico\" srcset=\"https:\/\/i0.wp.com\/electriccartour.com\/wp-content\/uploads\/2023\/08\/viajando-en-coche-electrico-scaled.jpg?w=2560&amp;ssl=1 2560w, https:\/\/i0.wp.com\/electriccartour.com\/wp-content\/uploads\/2023\/08\/viajando-en-coche-electrico-scaled.jpg?resize=300%2C225&amp;ssl=1 300w, https:\/\/i0.wp.com\/electriccartour.com\/wp-content\/uploads\/2023\/08\/viajando-en-coche-electrico-scaled.jpg?resize=1024%2C768&amp;ssl=1 1024w, https:\/\/i0.wp.com\/electriccartour.com\/wp-content\/uploads\/2023\/08\/viajando-en-coche-electrico-scaled.jpg?resize=768%2C576&amp;ssl=1 768w, https:\/\/i0.wp.com\/electriccartour.com\/wp-content\/uploads\/2023\/08\/viajando-en-coche-electrico-scaled.jpg?resize=1536%2C1152&amp;ssl=1 1536w, https:\/\/i0.wp.com\/electriccartour.com\/wp-content\/uploads\/2023\/08\/viajando-en-coche-electrico-scaled.jpg?resize=2048%2C1536&amp;ssl=1 2048w, https:\/\/i0.wp.com\/electriccartour.com\/wp-content\/uploads\/2023\/08\/viajando-en-coche-electrico-scaled.jpg?resize=1568%2C1176&amp;ssl=1 1568w, https:\/\/i0.wp.com\/electriccartour.com\/wp-content\/uploads\/2023\/08\/viajando-en-coche-electrico-scaled.jpg?resize=1320%2C990&amp;ssl=1 1320w, https:\/\/i0.wp.com\/electriccartour.com\/wp-content\/uploads\/2023\/08\/viajando-en-coche-electrico-scaled.jpg?resize=450%2C338&amp;ssl=1 450w, https:\/\/i0.wp.com\/electriccartour.com\/wp-content\/uploads\/2023\/08\/viajando-en-coche-electrico-scaled.jpg?w=1920&amp;ssl=1 1920w\" sizes=\"(max-width: 640px) 100vw, 640px\" \/>\t\t\t\t\t\t\t\t\t\t\t\t\t\t\t<\/div>\n\t\t\t\t<\/div>\n\t\t\t\t\t<\/div>\n\t\t<\/div>\n\t\t\t\t<div class=\"elementor-column elementor-col-50 elementor-top-column elementor-element elementor-element-480b710\" data-id=\"480b710\" data-element_type=\"column\" data-e-type=\"column\">\n\t\t\t<div class=\"elementor-widget-wrap elementor-element-populated\">\n\t\t\t\t\t\t<div class=\"elementor-element elementor-element-34785ee elementor-widget elementor-widget-image\" data-id=\"34785ee\" data-element_type=\"widget\" data-e-type=\"widget\" data-widget_type=\"image.default\">\n\t\t\t\t<div class=\"elementor-widget-container\">\n\t\t\t\t\t\t\t\t\t\t\t\t\t\t\t<img loading=\"lazy\" decoding=\"async\" width=\"640\" height=\"480\" src=\"https:\/\/i0.wp.com\/electriccartour.com\/wp-content\/uploads\/2023\/08\/20230824_104306-scaled.jpg?fit=640%2C480&amp;ssl=1\" class=\"attachment-large size-large wp-image-9660\" alt=\"\" srcset=\"https:\/\/i0.wp.com\/electriccartour.com\/wp-content\/uploads\/2023\/08\/20230824_104306-scaled.jpg?w=2560&amp;ssl=1 2560w, https:\/\/i0.wp.com\/electriccartour.com\/wp-content\/uploads\/2023\/08\/20230824_104306-scaled.jpg?resize=300%2C225&amp;ssl=1 300w, https:\/\/i0.wp.com\/electriccartour.com\/wp-content\/uploads\/2023\/08\/20230824_104306-scaled.jpg?resize=1024%2C768&amp;ssl=1 1024w, https:\/\/i0.wp.com\/electriccartour.com\/wp-content\/uploads\/2023\/08\/20230824_104306-scaled.jpg?resize=768%2C576&amp;ssl=1 768w, https:\/\/i0.wp.com\/electriccartour.com\/wp-content\/uploads\/2023\/08\/20230824_104306-scaled.jpg?resize=1536%2C1152&amp;ssl=1 1536w, https:\/\/i0.wp.com\/electriccartour.com\/wp-content\/uploads\/2023\/08\/20230824_104306-scaled.jpg?resize=2048%2C1536&amp;ssl=1 2048w, https:\/\/i0.wp.com\/electriccartour.com\/wp-content\/uploads\/2023\/08\/20230824_104306-scaled.jpg?resize=1568%2C1176&amp;ssl=1 1568w, https:\/\/i0.wp.com\/electriccartour.com\/wp-content\/uploads\/2023\/08\/20230824_104306-scaled.jpg?resize=1320%2C990&amp;ssl=1 1320w, https:\/\/i0.wp.com\/electriccartour.com\/wp-content\/uploads\/2023\/08\/20230824_104306-scaled.jpg?resize=450%2C338&amp;ssl=1 450w, https:\/\/i0.wp.com\/electriccartour.com\/wp-content\/uploads\/2023\/08\/20230824_104306-scaled.jpg?w=1920&amp;ssl=1 1920w\" sizes=\"(max-width: 640px) 100vw, 640px\" \/>\t\t\t\t\t\t\t\t\t\t\t\t\t\t\t<\/div>\n\t\t\t\t<\/div>\n\t\t\t\t\t<\/div>\n\t\t<\/div>\n\t\t\t\t\t<\/div>\n\t\t<\/section>\n\t\t\t\t<section class=\"elementor-section elementor-top-section elementor-element elementor-element-7cc8c4b elementor-section-boxed elementor-section-height-default elementor-section-height-default\" data-id=\"7cc8c4b\" data-element_type=\"section\" data-e-type=\"section\">\n\t\t\t\t\t\t<div class=\"elementor-container elementor-column-gap-default\">\n\t\t\t\t\t<div class=\"elementor-column elementor-col-100 elementor-top-column elementor-element elementor-element-6c116c8\" data-id=\"6c116c8\" data-element_type=\"column\" data-e-type=\"column\">\n\t\t\t<div class=\"elementor-widget-wrap elementor-element-populated\">\n\t\t\t\t\t\t<div class=\"elementor-element elementor-element-f609c65 elementor-widget elementor-widget-text-editor\" data-id=\"f609c65\" data-element_type=\"widget\" data-e-type=\"widget\" data-widget_type=\"text-editor.default\">\n\t\t\t\t<div class=\"elementor-widget-container\">\n\t\t\t\t\t\t\t\t\t<\/p>\n<p>Auteur : Alejandro A.<\/p>\n<\/p>\n<p>Merci \u00e0 nos amis de Citro\u00ebn SAMA-GOAZ pour leur coop\u00e9ration constante avec nous.  <\/p>\n\t\t\t\t\t\t\t\t<\/div>\n\t\t\t\t<\/div>\n\t\t\t\t\t<\/div>\n\t\t<\/div>\n\t\t\t\t\t<\/div>\n\t\t<\/section>\n\t\t\t\t<\/div>\n\t\t","protected":false},"excerpt":{"rendered":"<p>La famille Electric Car Tour voyage en voiture \u00e9lectrique Dans l&rsquo;article d&rsquo;aujourd&rsquo;hui, nous allons vous parler de l&rsquo;exp\u00e9rience de voyager dans une voiture \u00e9lectrique. La famille Electric Car Tour voyage \u00e9galement en voiture \u00e9lectrique pendant ses vacances car, bien que beaucoup de gens ne le croient pas, elle n&rsquo;est pas la seule \u00e0 voyager en &hellip; <\/p>\n<p class=\"link-more\"><a href=\"https:\/\/electriccartour.com\/fr\/voyager-en-voiture-electrique\/\" class=\"more-link\">Continuer la lecture <span class=\"screen-reader-text\"> \u00ab\u00a0Voyager en voiture \u00e9lectrique\u00a0\u00bb<\/span><\/a><\/p>\n","protected":false},"author":1,"featured_media":9639,"comment_status":"closed","ping_status":"closed","sticky":false,"template":"","format":"standard","meta":{"_jetpack_memberships_contains_paid_content":false,"_joinchat":[],"footnotes":""},"categories":[33],"tags":[],"class_list":["post-9682","post","type-post","status-publish","format-standard","has-post-thumbnail","hentry","category-non-classifiee","entry"],"yoast_head":"<!-- This site is optimized with the Yoast SEO plugin v27.4 - https:\/\/yoast.com\/product\/yoast-seo-wordpress\/ -->\n<title>Voyager en voiture \u00e9lectrique - Tours en Coche El\u00e9ctrico en M\u00e1laga \u267b\ufe0f | Electric Car Tour<\/title>\n<meta name=\"description\" content=\"La famille Electric Car Tour voyage en voiture \u00e9lectrique pendant ses vacances et vous montre qu&#039;il est possible de voyager en voiture \u00e9lectrique.\" \/>\n<meta name=\"robots\" content=\"index, follow, max-snippet:-1, max-image-preview:large, max-video-preview:-1\" \/>\n<link rel=\"canonical\" href=\"https:\/\/electriccartour.com\/fr\/voyager-en-voiture-electrique\/\" \/>\n<meta property=\"og:locale\" content=\"fr_FR\" \/>\n<meta property=\"og:type\" content=\"article\" \/>\n<meta property=\"og:title\" content=\"Voyager en voiture \u00e9lectrique - Tours en Coche El\u00e9ctrico en M\u00e1laga \u267b\ufe0f | Electric Car Tour\" \/>\n<meta property=\"og:description\" content=\"La famille Electric Car Tour voyage en voiture \u00e9lectrique pendant ses vacances et vous montre qu&#039;il est possible de voyager en voiture \u00e9lectrique.\" \/>\n<meta property=\"og:url\" content=\"https:\/\/electriccartour.com\/fr\/voyager-en-voiture-electrique\/\" \/>\n<meta property=\"og:site_name\" content=\"Tours en Coche El\u00e9ctrico en M\u00e1laga \u267b\ufe0f | Electric Car Tour\" \/>\n<meta property=\"article:publisher\" content=\"https:\/\/www.facebook.com\/Tourenvechiculoselectricos\/\" \/>\n<meta property=\"article:author\" content=\"https:\/\/www.facebook.com\/Tourenvechiculoselectricos\/\" \/>\n<meta property=\"article:published_time\" content=\"2023-08-30T16:12:22+00:00\" \/>\n<meta property=\"article:modified_time\" content=\"2025-02-16T20:33:25+00:00\" \/>\n<meta property=\"og:image\" content=\"https:\/\/i0.wp.com\/electriccartour.com\/wp-content\/uploads\/2023\/08\/viajando-en-coche-electrico-scaled.jpg?fit=2560%2C1920&ssl=1\" \/>\n\t<meta property=\"og:image:width\" content=\"2560\" \/>\n\t<meta property=\"og:image:height\" content=\"1920\" \/>\n\t<meta property=\"og:image:type\" content=\"image\/jpeg\" \/>\n<meta name=\"author\" content=\"electriccartour\" \/>\n<meta name=\"twitter:card\" content=\"summary_large_image\" \/>\n<meta name=\"twitter:creator\" content=\"@https:\/\/twitter.com\/electric_tour\" \/>\n<meta name=\"twitter:site\" content=\"@electric_tour\" \/>\n<meta name=\"twitter:label1\" content=\"\u00c9crit par\" \/>\n\t<meta name=\"twitter:data1\" content=\"electriccartour\" \/>\n\t<meta name=\"twitter:label2\" content=\"Dur\u00e9e de lecture estim\u00e9e\" \/>\n\t<meta name=\"twitter:data2\" content=\"4 minutes\" \/>\n<script type=\"application\/ld+json\" class=\"yoast-schema-graph\">{\"@context\":\"https:\\\/\\\/schema.org\",\"@graph\":[{\"@type\":\"Article\",\"@id\":\"https:\\\/\\\/electriccartour.com\\\/fr\\\/voyager-en-voiture-electrique\\\/#article\",\"isPartOf\":{\"@id\":\"https:\\\/\\\/electriccartour.com\\\/fr\\\/voyager-en-voiture-electrique\\\/\"},\"author\":{\"name\":\"electriccartour\",\"@id\":\"https:\\\/\\\/electriccartour.com\\\/fr\\\/#\\\/schema\\\/person\\\/14020537da6216f7471b49e5e929cba1\"},\"headline\":\"Voyager en voiture \u00e9lectrique\",\"datePublished\":\"2023-08-30T16:12:22+00:00\",\"dateModified\":\"2025-02-16T20:33:25+00:00\",\"mainEntityOfPage\":{\"@id\":\"https:\\\/\\\/electriccartour.com\\\/fr\\\/voyager-en-voiture-electrique\\\/\"},\"wordCount\":947,\"publisher\":{\"@id\":\"https:\\\/\\\/electriccartour.com\\\/fr\\\/#organization\"},\"image\":{\"@id\":\"https:\\\/\\\/electriccartour.com\\\/fr\\\/voyager-en-voiture-electrique\\\/#primaryimage\"},\"thumbnailUrl\":\"https:\\\/\\\/i0.wp.com\\\/electriccartour.com\\\/wp-content\\\/uploads\\\/2023\\\/08\\\/viajando-en-coche-electrico-scaled.jpg?fit=2560%2C1920&ssl=1\",\"articleSection\":[\"Non classifi\u00e9(e)\"],\"inLanguage\":\"fr-FR\"},{\"@type\":\"WebPage\",\"@id\":\"https:\\\/\\\/electriccartour.com\\\/fr\\\/voyager-en-voiture-electrique\\\/\",\"url\":\"https:\\\/\\\/electriccartour.com\\\/fr\\\/voyager-en-voiture-electrique\\\/\",\"name\":\"Voyager en voiture \u00e9lectrique - Tours en Coche El\u00e9ctrico en M\u00e1laga \u267b\ufe0f | Electric Car Tour\",\"isPartOf\":{\"@id\":\"https:\\\/\\\/electriccartour.com\\\/fr\\\/#website\"},\"primaryImageOfPage\":{\"@id\":\"https:\\\/\\\/electriccartour.com\\\/fr\\\/voyager-en-voiture-electrique\\\/#primaryimage\"},\"image\":{\"@id\":\"https:\\\/\\\/electriccartour.com\\\/fr\\\/voyager-en-voiture-electrique\\\/#primaryimage\"},\"thumbnailUrl\":\"https:\\\/\\\/i0.wp.com\\\/electriccartour.com\\\/wp-content\\\/uploads\\\/2023\\\/08\\\/viajando-en-coche-electrico-scaled.jpg?fit=2560%2C1920&ssl=1\",\"datePublished\":\"2023-08-30T16:12:22+00:00\",\"dateModified\":\"2025-02-16T20:33:25+00:00\",\"description\":\"La famille Electric Car Tour voyage en voiture \u00e9lectrique pendant ses vacances et vous montre qu'il est possible de voyager en voiture \u00e9lectrique.\",\"breadcrumb\":{\"@id\":\"https:\\\/\\\/electriccartour.com\\\/fr\\\/voyager-en-voiture-electrique\\\/#breadcrumb\"},\"inLanguage\":\"fr-FR\",\"potentialAction\":[{\"@type\":\"ReadAction\",\"target\":[\"https:\\\/\\\/electriccartour.com\\\/fr\\\/voyager-en-voiture-electrique\\\/\"]}]},{\"@type\":\"ImageObject\",\"inLanguage\":\"fr-FR\",\"@id\":\"https:\\\/\\\/electriccartour.com\\\/fr\\\/voyager-en-voiture-electrique\\\/#primaryimage\",\"url\":\"https:\\\/\\\/i0.wp.com\\\/electriccartour.com\\\/wp-content\\\/uploads\\\/2023\\\/08\\\/viajando-en-coche-electrico-scaled.jpg?fit=2560%2C1920&ssl=1\",\"contentUrl\":\"https:\\\/\\\/i0.wp.com\\\/electriccartour.com\\\/wp-content\\\/uploads\\\/2023\\\/08\\\/viajando-en-coche-electrico-scaled.jpg?fit=2560%2C1920&ssl=1\",\"width\":2560,\"height\":1920,\"caption\":\"la familia electric car tour viaja en coche el\u00e9ctrico\"},{\"@type\":\"BreadcrumbList\",\"@id\":\"https:\\\/\\\/electriccartour.com\\\/fr\\\/voyager-en-voiture-electrique\\\/#breadcrumb\",\"itemListElement\":[{\"@type\":\"ListItem\",\"position\":1,\"name\":\"Portada\",\"item\":\"https:\\\/\\\/electriccartour.com\\\/fr\\\/\"},{\"@type\":\"ListItem\",\"position\":2,\"name\":\"Voyager en voiture \u00e9lectrique\"}]},{\"@type\":\"WebSite\",\"@id\":\"https:\\\/\\\/electriccartour.com\\\/fr\\\/#website\",\"url\":\"https:\\\/\\\/electriccartour.com\\\/fr\\\/\",\"name\":\"Tours en Coche El\u00e9ctrico en M\u00e1laga \u267b\ufe0f | Electric Car Tour\",\"description\":\"Descubre M\u00e1laga de forma sostenible con Electric Car Tour. Disfruta de tours guiados en coche el\u00e9ctrico y explora los principales atractivos tur\u00edsticos de la ciudad.\",\"publisher\":{\"@id\":\"https:\\\/\\\/electriccartour.com\\\/fr\\\/#organization\"},\"alternateName\":\"Electric Car Tour - M\u00e1laga\",\"potentialAction\":[{\"@type\":\"SearchAction\",\"target\":{\"@type\":\"EntryPoint\",\"urlTemplate\":\"https:\\\/\\\/electriccartour.com\\\/fr\\\/?s={search_term_string}\"},\"query-input\":{\"@type\":\"PropertyValueSpecification\",\"valueRequired\":true,\"valueName\":\"search_term_string\"}}],\"inLanguage\":\"fr-FR\"},{\"@type\":\"Organization\",\"@id\":\"https:\\\/\\\/electriccartour.com\\\/fr\\\/#organization\",\"name\":\"Electric Car Tour\",\"alternateName\":\"electriccartour\",\"url\":\"https:\\\/\\\/electriccartour.com\\\/fr\\\/\",\"logo\":{\"@type\":\"ImageObject\",\"inLanguage\":\"fr-FR\",\"@id\":\"https:\\\/\\\/electriccartour.com\\\/fr\\\/#\\\/schema\\\/logo\\\/image\\\/\",\"url\":\"https:\\\/\\\/i0.wp.com\\\/electriccartour.com\\\/wp-content\\\/uploads\\\/2021\\\/12\\\/181002_ECT_Logo5389f3-1920w.png?fit=1920%2C462&ssl=1\",\"contentUrl\":\"https:\\\/\\\/i0.wp.com\\\/electriccartour.com\\\/wp-content\\\/uploads\\\/2021\\\/12\\\/181002_ECT_Logo5389f3-1920w.png?fit=1920%2C462&ssl=1\",\"width\":1920,\"height\":462,\"caption\":\"Electric Car Tour\"},\"image\":{\"@id\":\"https:\\\/\\\/electriccartour.com\\\/fr\\\/#\\\/schema\\\/logo\\\/image\\\/\"},\"sameAs\":[\"https:\\\/\\\/www.facebook.com\\\/Tourenvechiculoselectricos\\\/\",\"https:\\\/\\\/x.com\\\/electric_tour\",\"https:\\\/\\\/www.youtube.com\\\/channel\\\/UClzjmLNm6Auwdnix5FwnxXw\",\"https:\\\/\\\/www.instagram.com\\\/electriccartour\\\/\",\"https:\\\/\\\/tripadvisor.com\\\/Attraction_Review-g187438-d15198737-Reviews-Electric_Car_Tour-Malaga_Costa_del_Sol_Province_of_Malaga_Andalucia.html\"]},{\"@type\":\"Person\",\"@id\":\"https:\\\/\\\/electriccartour.com\\\/fr\\\/#\\\/schema\\\/person\\\/14020537da6216f7471b49e5e929cba1\",\"name\":\"electriccartour\",\"image\":{\"@type\":\"ImageObject\",\"inLanguage\":\"fr-FR\",\"@id\":\"https:\\\/\\\/secure.gravatar.com\\\/avatar\\\/fe8515b4ef6ae0fb0465b6ace38c4969d9b25f2d9a0c49eee2553face0582368?s=96&d=mm&r=g\",\"url\":\"https:\\\/\\\/secure.gravatar.com\\\/avatar\\\/fe8515b4ef6ae0fb0465b6ace38c4969d9b25f2d9a0c49eee2553face0582368?s=96&d=mm&r=g\",\"contentUrl\":\"https:\\\/\\\/secure.gravatar.com\\\/avatar\\\/fe8515b4ef6ae0fb0465b6ace38c4969d9b25f2d9a0c49eee2553face0582368?s=96&d=mm&r=g\",\"caption\":\"electriccartour\"},\"sameAs\":[\"http:\\\/\\\/electriccartour.com\",\"https:\\\/\\\/www.facebook.com\\\/Tourenvechiculoselectricos\\\/\",\"https:\\\/\\\/www.instagram.com\\\/electriccartour\\\/\",\"https:\\\/\\\/www.linkedin.com\\\/in\\\/gema-martnez-aa8ab2183\",\"https:\\\/\\\/x.com\\\/https:\\\/\\\/twitter.com\\\/electric_tour\",\"https:\\\/\\\/www.youtube.com\\\/channel\\\/UClzjmLNm6Auwdnix5FwnxXw\"],\"url\":\"https:\\\/\\\/electriccartour.com\\\/fr\\\/author\\\/electriccartour\\\/\"}]}<\/script>\n<!-- \/ Yoast SEO plugin. -->","yoast_head_json":{"title":"Voyager en voiture \u00e9lectrique - Tours en Coche El\u00e9ctrico en M\u00e1laga \u267b\ufe0f | Electric Car Tour","description":"La famille Electric Car Tour voyage en voiture \u00e9lectrique pendant ses vacances et vous montre qu'il est possible de voyager en voiture \u00e9lectrique.","robots":{"index":"index","follow":"follow","max-snippet":"max-snippet:-1","max-image-preview":"max-image-preview:large","max-video-preview":"max-video-preview:-1"},"canonical":"https:\/\/electriccartour.com\/fr\/voyager-en-voiture-electrique\/","og_locale":"fr_FR","og_type":"article","og_title":"Voyager en voiture \u00e9lectrique - Tours en Coche El\u00e9ctrico en M\u00e1laga \u267b\ufe0f | Electric Car Tour","og_description":"La famille Electric Car Tour voyage en voiture \u00e9lectrique pendant ses vacances et vous montre qu'il est possible de voyager en voiture \u00e9lectrique.","og_url":"https:\/\/electriccartour.com\/fr\/voyager-en-voiture-electrique\/","og_site_name":"Tours en Coche El\u00e9ctrico en M\u00e1laga \u267b\ufe0f | Electric Car Tour","article_publisher":"https:\/\/www.facebook.com\/Tourenvechiculoselectricos\/","article_author":"https:\/\/www.facebook.com\/Tourenvechiculoselectricos\/","article_published_time":"2023-08-30T16:12:22+00:00","article_modified_time":"2025-02-16T20:33:25+00:00","og_image":[{"width":2560,"height":1920,"url":"https:\/\/i0.wp.com\/electriccartour.com\/wp-content\/uploads\/2023\/08\/viajando-en-coche-electrico-scaled.jpg?fit=2560%2C1920&ssl=1","type":"image\/jpeg"}],"author":"electriccartour","twitter_card":"summary_large_image","twitter_creator":"@https:\/\/twitter.com\/electric_tour","twitter_site":"@electric_tour","twitter_misc":{"\u00c9crit par":"electriccartour","Dur\u00e9e de lecture estim\u00e9e":"4 minutes"},"schema":{"@context":"https:\/\/schema.org","@graph":[{"@type":"Article","@id":"https:\/\/electriccartour.com\/fr\/voyager-en-voiture-electrique\/#article","isPartOf":{"@id":"https:\/\/electriccartour.com\/fr\/voyager-en-voiture-electrique\/"},"author":{"name":"electriccartour","@id":"https:\/\/electriccartour.com\/fr\/#\/schema\/person\/14020537da6216f7471b49e5e929cba1"},"headline":"Voyager en voiture \u00e9lectrique","datePublished":"2023-08-30T16:12:22+00:00","dateModified":"2025-02-16T20:33:25+00:00","mainEntityOfPage":{"@id":"https:\/\/electriccartour.com\/fr\/voyager-en-voiture-electrique\/"},"wordCount":947,"publisher":{"@id":"https:\/\/electriccartour.com\/fr\/#organization"},"image":{"@id":"https:\/\/electriccartour.com\/fr\/voyager-en-voiture-electrique\/#primaryimage"},"thumbnailUrl":"https:\/\/i0.wp.com\/electriccartour.com\/wp-content\/uploads\/2023\/08\/viajando-en-coche-electrico-scaled.jpg?fit=2560%2C1920&ssl=1","articleSection":["Non classifi\u00e9(e)"],"inLanguage":"fr-FR"},{"@type":"WebPage","@id":"https:\/\/electriccartour.com\/fr\/voyager-en-voiture-electrique\/","url":"https:\/\/electriccartour.com\/fr\/voyager-en-voiture-electrique\/","name":"Voyager en voiture \u00e9lectrique - Tours en Coche El\u00e9ctrico en M\u00e1laga \u267b\ufe0f | Electric Car Tour","isPartOf":{"@id":"https:\/\/electriccartour.com\/fr\/#website"},"primaryImageOfPage":{"@id":"https:\/\/electriccartour.com\/fr\/voyager-en-voiture-electrique\/#primaryimage"},"image":{"@id":"https:\/\/electriccartour.com\/fr\/voyager-en-voiture-electrique\/#primaryimage"},"thumbnailUrl":"https:\/\/i0.wp.com\/electriccartour.com\/wp-content\/uploads\/2023\/08\/viajando-en-coche-electrico-scaled.jpg?fit=2560%2C1920&ssl=1","datePublished":"2023-08-30T16:12:22+00:00","dateModified":"2025-02-16T20:33:25+00:00","description":"La famille Electric Car Tour voyage en voiture \u00e9lectrique pendant ses vacances et vous montre qu'il est possible de voyager en voiture \u00e9lectrique.","breadcrumb":{"@id":"https:\/\/electriccartour.com\/fr\/voyager-en-voiture-electrique\/#breadcrumb"},"inLanguage":"fr-FR","potentialAction":[{"@type":"ReadAction","target":["https:\/\/electriccartour.com\/fr\/voyager-en-voiture-electrique\/"]}]},{"@type":"ImageObject","inLanguage":"fr-FR","@id":"https:\/\/electriccartour.com\/fr\/voyager-en-voiture-electrique\/#primaryimage","url":"https:\/\/i0.wp.com\/electriccartour.com\/wp-content\/uploads\/2023\/08\/viajando-en-coche-electrico-scaled.jpg?fit=2560%2C1920&ssl=1","contentUrl":"https:\/\/i0.wp.com\/electriccartour.com\/wp-content\/uploads\/2023\/08\/viajando-en-coche-electrico-scaled.jpg?fit=2560%2C1920&ssl=1","width":2560,"height":1920,"caption":"la familia electric car tour viaja en coche el\u00e9ctrico"},{"@type":"BreadcrumbList","@id":"https:\/\/electriccartour.com\/fr\/voyager-en-voiture-electrique\/#breadcrumb","itemListElement":[{"@type":"ListItem","position":1,"name":"Portada","item":"https:\/\/electriccartour.com\/fr\/"},{"@type":"ListItem","position":2,"name":"Voyager en voiture \u00e9lectrique"}]},{"@type":"WebSite","@id":"https:\/\/electriccartour.com\/fr\/#website","url":"https:\/\/electriccartour.com\/fr\/","name":"Tours en Coche El\u00e9ctrico en M\u00e1laga \u267b\ufe0f | Electric Car Tour","description":"Descubre M\u00e1laga de forma sostenible con Electric Car Tour. Disfruta de tours guiados en coche el\u00e9ctrico y explora los principales atractivos tur\u00edsticos de la ciudad.","publisher":{"@id":"https:\/\/electriccartour.com\/fr\/#organization"},"alternateName":"Electric Car Tour - M\u00e1laga","potentialAction":[{"@type":"SearchAction","target":{"@type":"EntryPoint","urlTemplate":"https:\/\/electriccartour.com\/fr\/?s={search_term_string}"},"query-input":{"@type":"PropertyValueSpecification","valueRequired":true,"valueName":"search_term_string"}}],"inLanguage":"fr-FR"},{"@type":"Organization","@id":"https:\/\/electriccartour.com\/fr\/#organization","name":"Electric Car Tour","alternateName":"electriccartour","url":"https:\/\/electriccartour.com\/fr\/","logo":{"@type":"ImageObject","inLanguage":"fr-FR","@id":"https:\/\/electriccartour.com\/fr\/#\/schema\/logo\/image\/","url":"https:\/\/i0.wp.com\/electriccartour.com\/wp-content\/uploads\/2021\/12\/181002_ECT_Logo5389f3-1920w.png?fit=1920%2C462&ssl=1","contentUrl":"https:\/\/i0.wp.com\/electriccartour.com\/wp-content\/uploads\/2021\/12\/181002_ECT_Logo5389f3-1920w.png?fit=1920%2C462&ssl=1","width":1920,"height":462,"caption":"Electric Car Tour"},"image":{"@id":"https:\/\/electriccartour.com\/fr\/#\/schema\/logo\/image\/"},"sameAs":["https:\/\/www.facebook.com\/Tourenvechiculoselectricos\/","https:\/\/x.com\/electric_tour","https:\/\/www.youtube.com\/channel\/UClzjmLNm6Auwdnix5FwnxXw","https:\/\/www.instagram.com\/electriccartour\/","https:\/\/tripadvisor.com\/Attraction_Review-g187438-d15198737-Reviews-Electric_Car_Tour-Malaga_Costa_del_Sol_Province_of_Malaga_Andalucia.html"]},{"@type":"Person","@id":"https:\/\/electriccartour.com\/fr\/#\/schema\/person\/14020537da6216f7471b49e5e929cba1","name":"electriccartour","image":{"@type":"ImageObject","inLanguage":"fr-FR","@id":"https:\/\/secure.gravatar.com\/avatar\/fe8515b4ef6ae0fb0465b6ace38c4969d9b25f2d9a0c49eee2553face0582368?s=96&d=mm&r=g","url":"https:\/\/secure.gravatar.com\/avatar\/fe8515b4ef6ae0fb0465b6ace38c4969d9b25f2d9a0c49eee2553face0582368?s=96&d=mm&r=g","contentUrl":"https:\/\/secure.gravatar.com\/avatar\/fe8515b4ef6ae0fb0465b6ace38c4969d9b25f2d9a0c49eee2553face0582368?s=96&d=mm&r=g","caption":"electriccartour"},"sameAs":["http:\/\/electriccartour.com","https:\/\/www.facebook.com\/Tourenvechiculoselectricos\/","https:\/\/www.instagram.com\/electriccartour\/","https:\/\/www.linkedin.com\/in\/gema-martnez-aa8ab2183","https:\/\/x.com\/https:\/\/twitter.com\/electric_tour","https:\/\/www.youtube.com\/channel\/UClzjmLNm6Auwdnix5FwnxXw"],"url":"https:\/\/electriccartour.com\/fr\/author\/electriccartour\/"}]}},"jetpack_featured_media_url":"https:\/\/i0.wp.com\/electriccartour.com\/wp-content\/uploads\/2023\/08\/viajando-en-coche-electrico-scaled.jpg?fit=2560%2C1920&ssl=1","jetpack_sharing_enabled":true,"_links":{"self":[{"href":"https:\/\/electriccartour.com\/fr\/wp-json\/wp\/v2\/posts\/9682","targetHints":{"allow":["GET"]}}],"collection":[{"href":"https:\/\/electriccartour.com\/fr\/wp-json\/wp\/v2\/posts"}],"about":[{"href":"https:\/\/electriccartour.com\/fr\/wp-json\/wp\/v2\/types\/post"}],"author":[{"embeddable":true,"href":"https:\/\/electriccartour.com\/fr\/wp-json\/wp\/v2\/users\/1"}],"replies":[{"embeddable":true,"href":"https:\/\/electriccartour.com\/fr\/wp-json\/wp\/v2\/comments?post=9682"}],"version-history":[{"count":0,"href":"https:\/\/electriccartour.com\/fr\/wp-json\/wp\/v2\/posts\/9682\/revisions"}],"wp:featuredmedia":[{"embeddable":true,"href":"https:\/\/electriccartour.com\/fr\/wp-json\/wp\/v2\/media\/9639"}],"wp:attachment":[{"href":"https:\/\/electriccartour.com\/fr\/wp-json\/wp\/v2\/media?parent=9682"}],"wp:term":[{"taxonomy":"category","embeddable":true,"href":"https:\/\/electriccartour.com\/fr\/wp-json\/wp\/v2\/categories?post=9682"},{"taxonomy":"post_tag","embeddable":true,"href":"https:\/\/electriccartour.com\/fr\/wp-json\/wp\/v2\/tags?post=9682"}],"curies":[{"name":"wp","href":"https:\/\/api.w.org\/{rel}","templated":true}]}}